
{"id":9569,"date":"2021-11-25T11:26:58","date_gmt":"2021-11-25T10:26:58","guid":{"rendered":"https:\/\/www.fjardhundraland.se\/?p=9569"},"modified":"2026-02-05T13:42:56","modified_gmt":"2026-02-05T12:42:56","slug":"kerst-in-fjardhundraland-2022","status":"publish","type":"post","link":"https:\/\/www.fjardhundraland.se\/nl\/inlagg\/2021\/jul-i-fjardhundraland-2022\/","title":{"rendered":"Kerstmis in Fj\u00e4rdhundraland 2022"},"content":{"rendered":"","protected":false},"excerpt":{"rendered":"","protected":false},"author":1,"featured_media":7424,"comment_status":"closed","ping_status":"closed","sticky":false,"template":"","format":"standard","meta":{"_acf_changed":false,"_relevanssi_hide_post":"","_relevanssi_hide_content":"","_relevanssi_pin_for_all":"","_relevanssi_pin_keywords":"","_relevanssi_unpin_keywords":"","_relevanssi_related_keywords":"","_relevanssi_related_include_ids":"","_relevanssi_related_exclude_ids":"","_relevanssi_related_no_append":"","_relevanssi_related_not_related":"","_relevanssi_related_posts":"","_relevanssi_noindex_reason":"","_genesis_hide_title":false,"_genesis_hide_breadcrumbs":false,"_genesis_hide_singular_image":false,"_genesis_hide_footer_widgets":false,"_genesis_custom_body_class":"","_genesis_custom_post_class":"","_genesis_layout":"","_jetpack_memberships_contains_paid_content":false,"footnotes":""},"categories":[353,1],"tags":[],"class_list":{"0":"post-9569","1":"post","2":"type-post","3":"status-publish","4":"format-standard","5":"has-post-thumbnail","7":"category-aldre-inlagg","8":"category-inlagg","9":"entry"},"acf":[],"visa":null,"geo_latitude":null,"geo_longitude":null,"jetpack_featured_media_url":"https:\/\/www.fjardhundraland.se\/wp-content\/uploads\/2020\/12\/saffransbrod-1963979.jpg","featured_image_src":"https:\/\/www.fjardhundraland.se\/wp-content\/uploads\/2020\/12\/saffransbrod-1963979.jpg","featured_image_src_square":"https:\/\/www.fjardhundraland.se\/wp-content\/uploads\/2020\/12\/saffransbrod-1963979.jpg","author_info":{"display_name":"Mats Thorburn","author_link":"https:\/\/www.fjardhundraland.se\/nl\/author\/matst\/"},"jetpack-related-posts":[{"id":9741,"url":"https:\/\/www.fjardhundraland.se\/nl\/inlagg\/2022\/fjardhundraland-2022\/","url_meta":{"origin":9569,"position":0},"title":"Fj\u00e4rdhundraland 2022","author":"Mats Thorburn","date":"10 februari 2022","format":false,"excerpt":"Welkom in 2022! We kijken uit naar een geweldig jaar, hopelijk met minder impact van de pandemie, maar nog steeds geweldige ervaringen op het platteland in de buurt van de grote stad. Hier zijn enkele van de dingen die gebeuren tijdens het jaar: Actuele tips worden voortdurend toegevoegd aan de pagina Fj\u00e4rdhundraland nu.De fototentoonstelling L\u00f6vskugga met de internationaal geprezen portretten van John Alinder...","rel":"","context":"In &quot;\u00c4ldre inl\u00e4gg&quot;","block_context":{"text":"\u00c4ldre inl\u00e4gg","link":"https:\/\/www.fjardhundraland.se\/nl\/aldre-inlagg\/"},"img":{"alt_text":"","src":"https:\/\/i0.wp.com\/www.fjardhundraland.se\/wp-content\/uploads\/2022\/02\/vag-raps-fjardhundraland.jpeg?resize=350%2C200&ssl=1","width":350,"height":200,"srcset":"https:\/\/i0.wp.com\/www.fjardhundraland.se\/wp-content\/uploads\/2022\/02\/vag-raps-fjardhundraland.jpeg?resize=350%2C200&ssl=1 1x, https:\/\/i0.wp.com\/www.fjardhundraland.se\/wp-content\/uploads\/2022\/02\/vag-raps-fjardhundraland.jpeg?resize=525%2C300&ssl=1 1.5x, https:\/\/i0.wp.com\/www.fjardhundraland.se\/wp-content\/uploads\/2022\/02\/vag-raps-fjardhundraland.jpeg?resize=700%2C400&ssl=1 2x, https:\/\/i0.wp.com\/www.fjardhundraland.se\/wp-content\/uploads\/2022\/02\/vag-raps-fjardhundraland.jpeg?resize=1050%2C600&ssl=1 3x, https:\/\/i0.wp.com\/www.fjardhundraland.se\/wp-content\/uploads\/2022\/02\/vag-raps-fjardhundraland.jpeg?resize=1400%2C800&ssl=1 4x"},"classes":[]},{"id":7448,"url":"https:\/\/www.fjardhundraland.se\/nl\/inlagg\/2020\/jul-i-fjardhundraland-2020\/","url_meta":{"origin":9569,"position":1},"title":"Kerst in Fj\u00e4rdhundraland 2020","author":"Mats Thorburn","date":"1 december 2020","format":false,"excerpt":"2020 is een jaar zonder kerstmarkten, maar met extra kerst. Ga mee op reis in Fj\u00e4rdhundraland! De afgelopen twee jaar heeft Fj\u00e4rdhundraland het jaar afgesloten met een fanfare! Er waren kerstmarkten op kasteel Salnecke en kasteel Wik, duizenden bezoekers en veel lokaal eten en handwerk - feestelijk en druk,...","rel":"","context":"In &quot;\u00c4ldre inl\u00e4gg&quot;","block_context":{"text":"\u00c4ldre inl\u00e4gg","link":"https:\/\/www.fjardhundraland.se\/nl\/aldre-inlagg\/"},"img":{"alt_text":"Saffransbr\u00f6d jul Fj\u00e4rdhundraland","src":"https:\/\/i0.wp.com\/www.fjardhundraland.se\/wp-content\/uploads\/2020\/12\/saffransbrod-1963979.jpg?resize=350%2C200&ssl=1","width":350,"height":200,"srcset":"https:\/\/i0.wp.com\/www.fjardhundraland.se\/wp-content\/uploads\/2020\/12\/saffransbrod-1963979.jpg?resize=350%2C200&ssl=1 1x, https:\/\/i0.wp.com\/www.fjardhundraland.se\/wp-content\/uploads\/2020\/12\/saffransbrod-1963979.jpg?resize=525%2C300&ssl=1 1.5x, https:\/\/i0.wp.com\/www.fjardhundraland.se\/wp-content\/uploads\/2020\/12\/saffransbrod-1963979.jpg?resize=700%2C400&ssl=1 2x, https:\/\/i0.wp.com\/www.fjardhundraland.se\/wp-content\/uploads\/2020\/12\/saffransbrod-1963979.jpg?resize=1050%2C600&ssl=1 3x, https:\/\/i0.wp.com\/www.fjardhundraland.se\/wp-content\/uploads\/2020\/12\/saffransbrod-1963979.jpg?resize=1400%2C800&ssl=1 4x"},"classes":[]},{"id":10606,"url":"https:\/\/www.fjardhundraland.se\/nl\/inlagg\/2022\/portrattkonst-med-narvaro-nu-visas-john-alinders-fotografier-i-fjardhundraland\/","url_meta":{"origin":9569,"position":2},"title":"Portretten met aanwezigheid - bekijk de foto's van John Alinder","author":"Mats Thorburn","date":"9 juni 2022","format":false,"excerpt":"Deze zomer worden de portretten van fotograaf John Alinder gepresenteerd in een grote tentoonstelling in een samenwerking tussen Fj\u00e4rdhundraland en Upplandsmuseet. Welkom op de opening op zondag 19 juni om 11 uur! Op de openingsdag 19\/6 openen we de tentoonstelling, maar hebben we ook een Cultuurdag, met muziek, kindertheater en ambachtelijke markt. Lees hier meer! Lees meer op Mynewsdesk.","rel":"","context":"In &quot;\u00c4ldre inl\u00e4gg&quot;","block_context":{"text":"\u00c4ldre inl\u00e4gg","link":"https:\/\/www.fjardhundraland.se\/nl\/aldre-inlagg\/"},"img":{"alt_text":"","src":"https:\/\/i0.wp.com\/www.fjardhundraland.se\/wp-content\/uploads\/2022\/05\/alinder-trad.jpg?resize=350%2C200&ssl=1","width":350,"height":200,"srcset":"https:\/\/i0.wp.com\/www.fjardhundraland.se\/wp-content\/uploads\/2022\/05\/alinder-trad.jpg?resize=350%2C200&ssl=1 1x, https:\/\/i0.wp.com\/www.fjardhundraland.se\/wp-content\/uploads\/2022\/05\/alinder-trad.jpg?resize=525%2C300&ssl=1 1.5x, https:\/\/i0.wp.com\/www.fjardhundraland.se\/wp-content\/uploads\/2022\/05\/alinder-trad.jpg?resize=700%2C400&ssl=1 2x, https:\/\/i0.wp.com\/www.fjardhundraland.se\/wp-content\/uploads\/2022\/05\/alinder-trad.jpg?resize=1050%2C600&ssl=1 3x, https:\/\/i0.wp.com\/www.fjardhundraland.se\/wp-content\/uploads\/2022\/05\/alinder-trad.jpg?resize=1400%2C800&ssl=1 4x"},"classes":[]},{"id":10641,"url":"https:\/\/www.fjardhundraland.se\/nl\/inlagg\/2022\/nya-samarbeten-kring-narproducerad-mat-i-uppland-2\/","url_meta":{"origin":9569,"position":3},"title":"Nieuwe samenwerkingen voor lokaal geproduceerd voedsel in Uppland","author":"Mats Thorburn","date":"13 juni 2022","format":false,"excerpt":"Fj\u00e4rdhundraland leidde het project Nieuwe samenwerkingen op het gebied van lokaal geproduceerd voedsel in Uppland. De partners - naast Fj\u00e4rdhundraland - zijn Smaka p\u00e5 V\u00e4stmanland, Bondens mat i Uppland en de REKO ringen in Uppsala en Enk\u00f6ping. Het projectidee was gericht op samenwerking tussen verschillende netwerken van voedselproducenten. In het project organiseerden we een netwerkbijeenkomst voor...","rel":"","context":"In &quot;\u00c4ldre inl\u00e4gg&quot;","block_context":{"text":"\u00c4ldre inl\u00e4gg","link":"https:\/\/www.fjardhundraland.se\/nl\/aldre-inlagg\/"},"img":{"alt_text":"","src":"https:\/\/i0.wp.com\/www.fjardhundraland.se\/wp-content\/uploads\/2022\/06\/img-6445.jpg?resize=350%2C200&ssl=1","width":350,"height":200,"srcset":"https:\/\/i0.wp.com\/www.fjardhundraland.se\/wp-content\/uploads\/2022\/06\/img-6445.jpg?resize=350%2C200&ssl=1 1x, https:\/\/i0.wp.com\/www.fjardhundraland.se\/wp-content\/uploads\/2022\/06\/img-6445.jpg?resize=525%2C300&ssl=1 1.5x, https:\/\/i0.wp.com\/www.fjardhundraland.se\/wp-content\/uploads\/2022\/06\/img-6445.jpg?resize=700%2C400&ssl=1 2x, https:\/\/i0.wp.com\/www.fjardhundraland.se\/wp-content\/uploads\/2022\/06\/img-6445.jpg?resize=1050%2C600&ssl=1 3x, https:\/\/i0.wp.com\/www.fjardhundraland.se\/wp-content\/uploads\/2022\/06\/img-6445.jpg?resize=1400%2C800&ssl=1 4x"},"classes":[]},{"id":10768,"url":"https:\/\/www.fjardhundraland.se\/nl\/inlagg\/2022\/midsommarafton-fjardhundraland-2022\/","url_meta":{"origin":9569,"position":4},"title":"Midzomer in Fj\u00e4rdhundraland 2023","author":"Mats Thorburn","date":"21 juni 2022","format":false,"excerpt":"Hier zijn enkele geweldige traditionele Midzomerfeesten onder Fj\u00e4rdhundraland leden. Dit zijn gegarandeerd landelijke midzomerfeesten, met een paal, zang, gras en bloemen - precies zoals het hoort! Husby-Sjutolftsg\u00e5rden om 13.00 uur Heffen en dansen rond de midzomerpaal, Spelem\u00e4n. Een ritje in een lommerrijke windmolen, visvijver en loterijen. Zelfgemaakte fika te koop. Breng gerust ...","rel":"","context":"In &quot;\u00c4ldre inl\u00e4gg&quot;","block_context":{"text":"\u00c4ldre inl\u00e4gg","link":"https:\/\/www.fjardhundraland.se\/nl\/aldre-inlagg\/"},"img":{"alt_text":"Folkdanslag p\u00e5 H\u00e4rledg\u00e5rden p\u00e5 midsommar","src":"https:\/\/i0.wp.com\/www.fjardhundraland.se\/wp-content\/uploads\/2012\/05\/H%C3%A4rledg%C3%A5rden.jpg?resize=350%2C200&ssl=1","width":350,"height":200,"srcset":"https:\/\/i0.wp.com\/www.fjardhundraland.se\/wp-content\/uploads\/2012\/05\/H%C3%A4rledg%C3%A5rden.jpg?resize=350%2C200&ssl=1 1x, https:\/\/i0.wp.com\/www.fjardhundraland.se\/wp-content\/uploads\/2012\/05\/H%C3%A4rledg%C3%A5rden.jpg?resize=525%2C300&ssl=1 1.5x, https:\/\/i0.wp.com\/www.fjardhundraland.se\/wp-content\/uploads\/2012\/05\/H%C3%A4rledg%C3%A5rden.jpg?resize=700%2C400&ssl=1 2x, https:\/\/i0.wp.com\/www.fjardhundraland.se\/wp-content\/uploads\/2012\/05\/H%C3%A4rledg%C3%A5rden.jpg?resize=1050%2C600&ssl=1 3x, https:\/\/i0.wp.com\/www.fjardhundraland.se\/wp-content\/uploads\/2012\/05\/H%C3%A4rledg%C3%A5rden.jpg?resize=1400%2C800&ssl=1 4x"},"classes":[]},{"id":1482,"url":"https:\/\/www.fjardhundraland.se\/nl\/gardsbutiker\/2013\/oppet-hus-med-ljus\/","url_meta":{"origin":9569,"position":5},"title":"Open huis met licht!","author":"Ylva Fontell","date":"29 oktober 2013","format":false,"excerpt":"Op 1 en 2 november heeft Dunderbo Ljus &amp; Hantverk open huis met verkoop van mooie kerstgroepen en kaarsen in de kleuren van Kerstmis. Ook vind je in de kraam gebreide wanten, manchetten en warme ragg sokken, leuke kerstlopers voor op tafel, sieraden en nog veel meer. Maak van de gelegenheid gebruik om cadeaus voor Kerstmis te bestellen,...","rel":"","context":"In &quot;\u00c4ldre inl\u00e4gg&quot;","block_context":{"text":"\u00c4ldre inl\u00e4gg","link":"https:\/\/www.fjardhundraland.se\/nl\/aldre-inlagg\/"},"img":{"alt_text":"","src":"","width":0,"height":0},"classes":[]}],"jetpack_sharing_enabled":true,"_links":{"self":[{"href":"https:\/\/www.fjardhundraland.se\/nl\/wp-json\/wp\/v2\/posts\/9569","targetHints":{"allow":["GET"]}}],"collection":[{"href":"https:\/\/www.fjardhundraland.se\/nl\/wp-json\/wp\/v2\/posts"}],"about":[{"href":"https:\/\/www.fjardhundraland.se\/nl\/wp-json\/wp\/v2\/types\/post"}],"author":[{"embeddable":true,"href":"https:\/\/www.fjardhundraland.se\/nl\/wp-json\/wp\/v2\/users\/1"}],"replies":[{"embeddable":true,"href":"https:\/\/www.fjardhundraland.se\/nl\/wp-json\/wp\/v2\/comments?post=9569"}],"version-history":[{"count":1,"href":"https:\/\/www.fjardhundraland.se\/nl\/wp-json\/wp\/v2\/posts\/9569\/revisions"}],"predecessor-version":[{"id":19781,"href":"https:\/\/www.fjardhundraland.se\/nl\/wp-json\/wp\/v2\/posts\/9569\/revisions\/19781"}],"wp:featuredmedia":[{"embeddable":true,"href":"https:\/\/www.fjardhundraland.se\/nl\/wp-json\/wp\/v2\/media\/7424"}],"wp:attachment":[{"href":"https:\/\/www.fjardhundraland.se\/nl\/wp-json\/wp\/v2\/media?parent=9569"}],"wp:term":[{"taxonomy":"category","embeddable":true,"href":"https:\/\/www.fjardhundraland.se\/nl\/wp-json\/wp\/v2\/categories?post=9569"},{"taxonomy":"post_tag","embeddable":true,"href":"https:\/\/www.fjardhundraland.se\/nl\/wp-json\/wp\/v2\/tags?post=9569"}],"curies":[{"name":"wp","href":"https:\/\/api.w.org\/{rel}","templated":true}]}}