
{"id":942,"date":"2012-05-19T10:01:09","date_gmt":"2012-05-19T08:01:09","guid":{"rendered":"http:\/\/www.fjardhundraland.se\/?p=942"},"modified":"2026-02-05T13:41:12","modified_gmt":"2026-02-05T12:41:12","slug":"op-oorlogspad-in-fjardhundraland","status":"publish","type":"post","link":"https:\/\/www.fjardhundraland.se\/nl\/inlagg\/2012\/pa-krigsstigen-i-fjardhundraland\/","title":{"rendered":"Op oorlogspad in Fj\u00e4rdhundraland"},"content":{"rendered":"<p><a href=\"https:\/\/www.fjardhundraland.se\/wp-content\/uploads\/2012\/05\/krigsstigen.jpg\"><img loading=\"lazy\" decoding=\"async\" class=\"alignleft size-large wp-image-945\" title=\"Warpath, soldatendorp. Foto: Mats Thorburn.\" src=\"https:\/\/www.fjardhundraland.se\/wp-content\/uploads\/2012\/05\/krigsstigen-1024x682.jpg\" alt=\"Warpath soldatendorp\" width=\"640\" height=\"426\" \/><\/a><\/p>\n<p>Zaterdag en zondag om 11 uur en 13 uur leidt G\u00f6ran Mellstr\u00f6m je door het soldatendorp in <a title=\"Dunderbo kaart\" href=\"https:\/\/maps.google.se\/maps?q=59.74764,16.918774&amp;num=1&amp;t=h&amp;z=15\" target=\"_blank\" rel=\"noopener\">Dunderbo<\/a>. (<a title=\"Routebeschrijving naar het centrum\" href=\"https:\/\/www.ateljedunderbo.com\/v%C3%A4gbeskrivning-728566\" target=\"_blank\" rel=\"noopener\">Routebeschrijving naar het centrum<\/a>.) Bij 10-16 is het ook <a title=\"Voorjaarsmarkt in Dunderbo\" href=\"https:\/\/www.fjardhundraland.se\/nl\/2012\/05\/hete-markt-in-dunderbo\/\">Voorjaarsmarkt in Dunderbo<\/a> - ga dan naar een van de vele bezienswaardigheden in Fj\u00e4rdhundraland. Bekijk de grasmussen in H\u00e5rsb\u00e4cksdalen, op zaterdag misschien gecombineerd met een bezoek aan <a title=\"Tijdschrift Lagerl\u00f6fska\" href=\"https:\/\/lagerlofska.se\/\" target=\"_blank\" rel=\"noopener\">Tijdschrift Lagerl\u00f6fska<\/a>. Je kunt bijvoorbeeld koffie drinken bij <a title=\"Forsby molen caf\u00e9\" href=\"https:\/\/www.forsbykvarnkafe.se\" target=\"_blank\" rel=\"noopener\">Forsby molen caf\u00e9<\/a>.<\/p>","protected":false},"excerpt":{"rendered":"<p>L\u00f6rdag och s\u00f6ndag kl 11 och 13 guidar G\u00f6ran Mellstr\u00f6m bland soldattorpen i Dunderbo. (V\u00e4gbeskrivning.) Kl\u00a010\u201316 \u00e4r det ocks\u00e5 v\u00e5rmarknad i Dunderbo \u2013 \u00e5k sedan vidare till n\u00e5got av allt som finns att se i Fj\u00e4rdhundraland. Titta till vitsipporna i H\u00e5rsb\u00e4cksdalen, p\u00e5 l\u00f6rdagen kanske kombinerat med ett bes\u00f6k hos Lagerl\u00f6fska magasinet. Fika kan du till [&hellip;]<\/p>\n","protected":false},"author":1,"featured_media":0,"comment_status":"open","ping_status":"open","sticky":false,"template":"","format":"standard","meta":{"_acf_changed":false,"_relevanssi_hide_post":"","_relevanssi_hide_content":"","_relevanssi_pin_for_all":"","_relevanssi_pin_keywords":"","_relevanssi_unpin_keywords":"","_relevanssi_related_keywords":"","_relevanssi_related_include_ids":"","_relevanssi_related_exclude_ids":"","_relevanssi_related_no_append":"","_relevanssi_related_not_related":"","_relevanssi_related_posts":"","_relevanssi_noindex_reason":"Rank Math Uteslut fr\u00e5n Relevanssi index","_genesis_hide_title":false,"_genesis_hide_breadcrumbs":false,"_genesis_hide_singular_image":false,"_genesis_hide_footer_widgets":false,"_genesis_custom_body_class":"","_genesis_custom_post_class":"","_genesis_layout":"","_jetpack_newsletter_access":"","_jetpack_dont_email_post_to_subs":false,"_jetpack_newsletter_tier_id":0,"_jetpack_memberships_contains_paywalled_content":false,"_jetpack_memberships_contains_paid_content":false,"footnotes":"","jetpack_post_was_ever_published":false},"categories":[353,1],"tags":[352],"class_list":["post-942","post","type-post","status-publish","format-standard","category-aldre-inlagg","category-inlagg","tag-aldre-inlagg","entry"],"acf":[],"featured_image_src":null,"featured_image_src_square":null,"author_info":{"display_name":"Mats Thorburn","author_link":"https:\/\/www.fjardhundraland.se\/nl\/author\/matst\/"},"jetpack-related-posts":[{"id":31,"url":"https:\/\/www.fjardhundraland.se\/nl\/externt\/2010\/welcome-to-fjardhundraland\/","url_meta":{"origin":942,"position":0},"title":"Welkom bij Fj\u00e4rdhundraland","author":"Mats Thorburn","date":"12 oktober 2010","format":false,"excerpt":"De middeleeuwse provincie Fj\u00e4drundaland maakt tegenwoordig deel uit van Uppland, Zweden. Vandaag werken we met een moderne aanpassing; Fj\u00e4rdhundraland. Het platteland rondom de gemeente Fj\u00e4rdhundra biedt je een bezoek aan een van de oudste en meest interessante historische regio's van Zweden - en een bloeiende ondernemersgemeenschap die op je wacht...","rel":"","context":"In &quot;\u00c4ldre inl\u00e4gg&quot;","block_context":{"text":"\u00c4ldre inl\u00e4gg","link":"https:\/\/www.fjardhundraland.se\/nl\/aldre-inlagg\/"},"img":{"alt_text":"","src":"","width":0,"height":0},"classes":[]}],"jetpack_sharing_enabled":true,"jetpack_featured_media_url":"","_links":{"self":[{"href":"https:\/\/www.fjardhundraland.se\/nl\/wp-json\/wp\/v2\/posts\/942","targetHints":{"allow":["GET"]}}],"collection":[{"href":"https:\/\/www.fjardhundraland.se\/nl\/wp-json\/wp\/v2\/posts"}],"about":[{"href":"https:\/\/www.fjardhundraland.se\/nl\/wp-json\/wp\/v2\/types\/post"}],"author":[{"embeddable":true,"href":"https:\/\/www.fjardhundraland.se\/nl\/wp-json\/wp\/v2\/users\/1"}],"replies":[{"embeddable":true,"href":"https:\/\/www.fjardhundraland.se\/nl\/wp-json\/wp\/v2\/comments?post=942"}],"version-history":[{"count":1,"href":"https:\/\/www.fjardhundraland.se\/nl\/wp-json\/wp\/v2\/posts\/942\/revisions"}],"predecessor-version":[{"id":19720,"href":"https:\/\/www.fjardhundraland.se\/nl\/wp-json\/wp\/v2\/posts\/942\/revisions\/19720"}],"wp:attachment":[{"href":"https:\/\/www.fjardhundraland.se\/nl\/wp-json\/wp\/v2\/media?parent=942"}],"wp:term":[{"taxonomy":"category","embeddable":true,"href":"https:\/\/www.fjardhundraland.se\/nl\/wp-json\/wp\/v2\/categories?post=942"},{"taxonomy":"post_tag","embeddable":true,"href":"https:\/\/www.fjardhundraland.se\/nl\/wp-json\/wp\/v2\/tags?post=942"}],"curies":[{"name":"wp","href":"https:\/\/api.w.org\/{rel}","templated":true}]}}