
{"id":925,"date":"2012-05-04T22:10:30","date_gmt":"2012-05-04T20:10:30","guid":{"rendered":"http:\/\/www.fjardhundraland.se\/?p=925"},"modified":"2026-02-05T13:41:12","modified_gmt":"2026-02-05T12:41:12","slug":"925","status":"publish","type":"post","link":"https:\/\/www.fjardhundraland.se\/nl\/externt\/2012\/925\/","title":{"rendered":"De buzz deze zomer"},"content":{"rendered":"<p>Het is tijd om je kaartjes te kopen voor de theaterervaring van deze zomer, in Fj\u00e4rdhundra ten noorden van Enk\u00f6ping. Tachtig acteurs, muzikanten en dansers van zes tot zeventig jaar heten je welkom voor een onvergetelijke zomerervaring. De jaren vijftig, auto's en drie jonge meisjes met dromen over het runnen van een rally, het starten van een caf\u00e9 en een werkplaats.\u00a0<em><a title=\"Er is een geroezemoes\" href=\"https:\/\/www.paddebo.se\/det-susar\/\" target=\"_blank\" rel=\"noopener\">Het gonst!<\/a><\/em><\/p>\n<p><img decoding=\"async\" class=\"alignnone\" title=\"Er is een geroezemoes\" src=\"https:\/\/www.paddebo.se\/wp-content\/uploads\/2012\/01\/Det.jpg\" alt=\"Er is een geroezemoes\" width=\"480\" height=\"320\" \/><\/p>","protected":false},"excerpt":{"rendered":"<p>Tijd om je kaartjes te kopen voor de theaterervaring van deze zomer, in Fj\u00e4rdhundra ten noorden van Enk\u00f6ping. Tachtig acteurs, muzikanten en dansers van zes tot zeventig jaar heten je welkom voor een onvergetelijke zomerervaring. De jaren vijftig, auto's en drie jonge meisjes met dromen over het runnen van een rally, het starten van een caf\u00e9 en een werkplaats. Het bruist!<\/p>","protected":false},"author":1,"featured_media":0,"comment_status":"open","ping_status":"open","sticky":false,"template":"","format":"standard","meta":{"_acf_changed":false,"_relevanssi_hide_post":"","_relevanssi_hide_content":"","_relevanssi_pin_for_all":"","_relevanssi_pin_keywords":"","_relevanssi_unpin_keywords":"","_relevanssi_related_keywords":"","_relevanssi_related_include_ids":"","_relevanssi_related_exclude_ids":"","_relevanssi_related_no_append":"","_relevanssi_related_not_related":"","_relevanssi_related_posts":"","_relevanssi_noindex_reason":"Rank Math Uteslut fr\u00e5n Relevanssi index","_genesis_hide_title":false,"_genesis_hide_breadcrumbs":false,"_genesis_hide_singular_image":false,"_genesis_hide_footer_widgets":false,"_genesis_custom_body_class":"","_genesis_custom_post_class":"","_genesis_layout":"","_jetpack_memberships_contains_paid_content":false,"footnotes":""},"categories":[353,18,50,25],"tags":[352],"class_list":{"0":"post-925","1":"post","2":"type-post","3":"status-publish","4":"format-standard","6":"category-aldre-inlagg","7":"category-externt","8":"category-teater","9":"category-upplevelser","10":"tag-aldre-inlagg","11":"entry"},"acf":[],"visa":null,"geo_latitude":null,"geo_longitude":null,"jetpack_featured_media_url":"","featured_image_src":null,"featured_image_src_square":null,"author_info":{"display_name":"Mats Thorburn","author_link":"https:\/\/www.fjardhundraland.se\/nl\/author\/matst\/"},"jetpack-related-posts":[{"id":1191,"url":"https:\/\/www.fjardhundraland.se\/nl\/inlagg\/2012\/oppet-hus-i-fjardhundraland-18-november\/","url_meta":{"origin":925,"position":0},"title":"Open huis in Fj\u00e4rdhundraland 18 november","author":"Mats Thorburn","date":"2 oktober 2012","format":false,"excerpt":"Op zondag 18 november om 16-19.30 ben je welkom om Fj\u00e4rdhundraland te spreken in het Kerkhuis in Fj\u00e4rdhundra! We vertonen een fragment uit de film van het theatersucces \u201dDet susar\u201d van deze zomer om 17-18. Minimarkt met kleine bedrijfjes uit het dorp. Maak van de gelegenheid gebruik om lokaal geproduceerd voedsel en koffie te kopen. Leer meer over ondernemerschap met het project Ondernemerschap in...","rel":"","context":"In &quot;\u00c4ldre inl\u00e4gg&quot;","block_context":{"text":"\u00c4ldre inl\u00e4gg","link":"https:\/\/www.fjardhundraland.se\/nl\/aldre-inlagg\/"},"img":{"alt_text":"Det susar","src":"https:\/\/i0.wp.com\/www.fjardhundraland.se\/wp-content\/uploads\/2012\/10\/detsusar-630x403.jpg?resize=350%2C200&ssl=1","width":350,"height":200,"srcset":"https:\/\/i0.wp.com\/www.fjardhundraland.se\/wp-content\/uploads\/2012\/10\/detsusar-630x403.jpg?resize=350%2C200&ssl=1 1x, https:\/\/i0.wp.com\/www.fjardhundraland.se\/wp-content\/uploads\/2012\/10\/detsusar-630x403.jpg?resize=525%2C300&ssl=1 1.5x"},"classes":[]},{"id":889,"url":"https:\/\/www.fjardhundraland.se\/nl\/externt\/2012\/fjardhundraland-pa-foretagsmassa\/","url_meta":{"origin":925,"position":1},"title":"Fj\u00e4rdhundraland op een zakelijke beurs","author":"Mats Thorburn","date":"19 april 2012","format":false,"excerpt":"Morgen en zaterdag kun je Fj\u00e4rdhundraland met ons bespreken op de Business Fair Enk\u00f6ping2012! Fj\u00e4rdhundraland economische vereniging is op de beurs en presenteert haar activiteiten en het project \u201dOndernemerschap in Fj\u00e4rdhundaland\u201d. In de stand is ook Vallgarn's boerderij zuivel, Skogsbacken's kaas, Lagerl\u00f6fska magasinet, Paddebo culturele vereniging en H\u00e4stkraft Fj\u00e4rdhundra. Kom langs en praat met ons, koop lekkere kazen ...","rel":"","context":"In &quot;\u00c4ldre inl\u00e4gg&quot;","block_context":{"text":"\u00c4ldre inl\u00e4gg","link":"https:\/\/www.fjardhundraland.se\/nl\/aldre-inlagg\/"},"img":{"alt_text":"","src":"","width":0,"height":0},"classes":[]},{"id":1025,"url":"https:\/\/www.fjardhundraland.se\/nl\/externt\/2012\/en-biljett-till-femtiotalet\/","url_meta":{"origin":925,"position":2},"title":"Een ticket naar de jaren vijftig","author":"Mats Thorburn","date":"26 juni 2012","format":false,"excerpt":"Op vrijdag 29\/6 is het tijd voor de premi\u00e8re van Det susar, het grote theaterproject van Paddebo kulturf\u00f6reningen in Fj\u00e4rdhundra, waarin we drie meisjes mogen volgen in hun dromen, verlangen en werkelijkheid, over moed, vriendschap en auto's. Het verhaal speelt zich af in de jaren '40 en '50, ergens in Zweden. Reserveer je tickets - het wordt een belevenis!","rel":"","context":"In &quot;\u00c4ldre inl\u00e4gg&quot;","block_context":{"text":"\u00c4ldre inl\u00e4gg","link":"https:\/\/www.fjardhundraland.se\/nl\/aldre-inlagg\/"},"img":{"alt_text":"Damk\u00f6ren \u00f6var","src":"https:\/\/i0.wp.com\/fbcdn-sphotos-a.akamaihd.net\/hphotos-ak-ash3\/600747_10151028904635325_1111507348_n.jpg?resize=350%2C200&ssl=1","width":350,"height":200,"srcset":"https:\/\/i0.wp.com\/fbcdn-sphotos-a.akamaihd.net\/hphotos-ak-ash3\/600747_10151028904635325_1111507348_n.jpg?resize=350%2C200&ssl=1 1x, https:\/\/i0.wp.com\/fbcdn-sphotos-a.akamaihd.net\/hphotos-ak-ash3\/600747_10151028904635325_1111507348_n.jpg?resize=525%2C300&ssl=1 1.5x"},"classes":[]},{"id":1206,"url":"https:\/\/www.fjardhundraland.se\/nl\/hantverk\/2012\/oppet-hus-18-november\/","url_meta":{"origin":925,"position":3},"title":"Open Huis 18 november","author":"Ylva Fontell","date":"4 november 2012","format":false,"excerpt":"Op zondag 18 november krijg je een kijkje in de keuken van Fj\u00e4rdhundraland. De vereniging stelt zich voor, veel leden vertellen over hun activiteiten\/verkopen hun producten, je kunt lokaal geproduceerde koffie eten en drinken en films of kindertheater kijken. Welkom op een spannende avond in de herfstduisternis! Kinderdagverblijf H\u00e4rnevi is ter plaatse ...","rel":"","context":"In &quot;\u00c4ldre inl\u00e4gg&quot;","block_context":{"text":"\u00c4ldre inl\u00e4gg","link":"https:\/\/www.fjardhundraland.se\/nl\/aldre-inlagg\/"},"img":{"alt_text":"","src":"","width":0,"height":0},"classes":[]},{"id":1020,"url":"https:\/\/www.fjardhundraland.se\/nl\/externt\/2012\/nationaldag-i-fjardhundraland\/","url_meta":{"origin":925,"position":4},"title":"Nationale feestdag in Fj\u00e4rdhundraland","author":"Mats Thorburn","date":"6 juni 2012","format":false,"excerpt":"Vandaag is Fj\u00e4rdhundraland in het Schoolpark, Enk\u00f6ping 11 - 15.30 uur. De voedselproducenten Skogsbackens Ost, Kr\u00e5kvilan en Lagerl\u00f6fska Magasinet serveren lekkers. Je bent welkom om je kaart op te halen en tips te krijgen voor zomerexcursies! Je kunt de nationale feestdag ook vieren in Altuna hembygdsg\u00e5rd om 17 uur en H\u00e4rledg\u00e5rden om 9-12 uur.","rel":"","context":"In &quot;\u00c4ldre inl\u00e4gg&quot;","block_context":{"text":"\u00c4ldre inl\u00e4gg","link":"https:\/\/www.fjardhundraland.se\/nl\/aldre-inlagg\/"},"img":{"alt_text":"","src":"","width":0,"height":0},"classes":[]},{"id":6999,"url":"https:\/\/www.fjardhundraland.se\/nl\/inlagg\/2020\/midsommar-i-fjardhundraland-2020\/","url_meta":{"origin":925,"position":5},"title":"Midzomer in Fj\u00e4rdhundraland 2020","author":"Mats Thorburn","date":"17 juni 2020","format":false,"excerpt":"Wil je Midzomer vieren op het platteland, in de buurt van Stockholm, Uppsala, V\u00e4ster\u00e5s en Enk\u00f6ping? Dit jaar zal het anders zijn. De grote Midzomerfeesten gaan niet door, maar de kleine feesten regel je zelf. Boek een van onze leuke accommodaties en vier midzomer dicht bij de natuur! Hier vind je tips voor accommodatie. En hier...","rel":"","context":"In &quot;\u00c4ldre inl\u00e4gg&quot;","block_context":{"text":"\u00c4ldre inl\u00e4gg","link":"https:\/\/www.fjardhundraland.se\/nl\/aldre-inlagg\/"},"img":{"alt_text":"A\u0308ng med pra\u0308stkragar midsommar","src":"https:\/\/i0.wp.com\/www.fjardhundraland.se\/wp-content\/uploads\/2020\/06\/acc88ng-pracc88stkragar-midsommar-fjacc88rdhundraland.jpg?resize=350%2C200&ssl=1","width":350,"height":200,"srcset":"https:\/\/i0.wp.com\/www.fjardhundraland.se\/wp-content\/uploads\/2020\/06\/acc88ng-pracc88stkragar-midsommar-fjacc88rdhundraland.jpg?resize=350%2C200&ssl=1 1x, https:\/\/i0.wp.com\/www.fjardhundraland.se\/wp-content\/uploads\/2020\/06\/acc88ng-pracc88stkragar-midsommar-fjacc88rdhundraland.jpg?resize=525%2C300&ssl=1 1.5x, https:\/\/i0.wp.com\/www.fjardhundraland.se\/wp-content\/uploads\/2020\/06\/acc88ng-pracc88stkragar-midsommar-fjacc88rdhundraland.jpg?resize=700%2C400&ssl=1 2x, https:\/\/i0.wp.com\/www.fjardhundraland.se\/wp-content\/uploads\/2020\/06\/acc88ng-pracc88stkragar-midsommar-fjacc88rdhundraland.jpg?resize=1050%2C600&ssl=1 3x, https:\/\/i0.wp.com\/www.fjardhundraland.se\/wp-content\/uploads\/2020\/06\/acc88ng-pracc88stkragar-midsommar-fjacc88rdhundraland.jpg?resize=1400%2C800&ssl=1 4x"},"classes":[]}],"jetpack_sharing_enabled":true,"_links":{"self":[{"href":"https:\/\/www.fjardhundraland.se\/nl\/wp-json\/wp\/v2\/posts\/925","targetHints":{"allow":["GET"]}}],"collection":[{"href":"https:\/\/www.fjardhundraland.se\/nl\/wp-json\/wp\/v2\/posts"}],"about":[{"href":"https:\/\/www.fjardhundraland.se\/nl\/wp-json\/wp\/v2\/types\/post"}],"author":[{"embeddable":true,"href":"https:\/\/www.fjardhundraland.se\/nl\/wp-json\/wp\/v2\/users\/1"}],"replies":[{"embeddable":true,"href":"https:\/\/www.fjardhundraland.se\/nl\/wp-json\/wp\/v2\/comments?post=925"}],"version-history":[{"count":1,"href":"https:\/\/www.fjardhundraland.se\/nl\/wp-json\/wp\/v2\/posts\/925\/revisions"}],"predecessor-version":[{"id":19722,"href":"https:\/\/www.fjardhundraland.se\/nl\/wp-json\/wp\/v2\/posts\/925\/revisions\/19722"}],"wp:attachment":[{"href":"https:\/\/www.fjardhundraland.se\/nl\/wp-json\/wp\/v2\/media?parent=925"}],"wp:term":[{"taxonomy":"category","embeddable":true,"href":"https:\/\/www.fjardhundraland.se\/nl\/wp-json\/wp\/v2\/categories?post=925"},{"taxonomy":"post_tag","embeddable":true,"href":"https:\/\/www.fjardhundraland.se\/nl\/wp-json\/wp\/v2\/tags?post=925"}],"curies":[{"name":"wp","href":"https:\/\/api.w.org\/{rel}","templated":true}]}}