
{"id":85,"date":"2011-05-05T20:05:48","date_gmt":"2011-05-05T18:05:48","guid":{"rendered":"http:\/\/www.fjardhundraland.se\/?p=85"},"modified":"2026-02-05T13:40:42","modified_gmt":"2026-02-05T12:40:42","slug":"geschiedenis-en-vijanden-op-zich","status":"publish","type":"post","link":"https:\/\/www.fjardhundraland.se\/nl\/externt\/2011\/historia-och-fjarilar-i-eget-talt\/","title":{"rendered":"Geschiedenis en vlinders in je eigen tent"},"content":{"rendered":"<p>Tijdens de twee zaterdagen in mei waarop Fj\u00e4rdhundraland in Enk\u00f6ping op het plein staat, is de Verteltent een gegeven om in te gaan zitten. Het zal onder andere gaan over runenstenen, Albertus Pictor en vlinders.<\/p>\n<p>Tussen de lezingen door wordt de film over de bezienswaardigheden van Fj\u00e4rdhundraland vertoond.<\/p>\n<p>Houd deze pagina in de gaten voor andere tips voor evenementen en een gedetailleerder programma.<\/p>","protected":false},"excerpt":{"rendered":"<p>Under de tv\u00e5 l\u00f6rdagarna i maj n\u00e4r Fj\u00e4rdhundraland visar upp sig p\u00e5 torget i Enk\u00f6ping \u00a0\u00e4r Ber\u00e4ttart\u00e4ltet en given plats att sl\u00e5 sig ned i. D\u00e4r kommer det bland annat att handla om runstenar, Albertus Pictor och fj\u00e4rilar. Mellan f\u00f6redragen rullar filmen om Fj\u00e4rdhundralands sev\u00e4rdheter. H\u00e5ll utkik h\u00e4r p\u00e5 sidan efter andra evenemangstips och ett [&hellip;]<\/p>\n","protected":false},"author":4,"featured_media":0,"comment_status":"open","ping_status":"open","sticky":false,"template":"","format":"standard","meta":{"_acf_changed":false,"_relevanssi_hide_post":"","_relevanssi_hide_content":"","_relevanssi_pin_for_all":"","_relevanssi_pin_keywords":"","_relevanssi_unpin_keywords":"","_relevanssi_related_keywords":"","_relevanssi_related_include_ids":"","_relevanssi_related_exclude_ids":"","_relevanssi_related_no_append":"","_relevanssi_related_not_related":"","_relevanssi_related_posts":"","_relevanssi_noindex_reason":"Rank Math Uteslut fr\u00e5n Relevanssi index","_genesis_hide_title":false,"_genesis_hide_breadcrumbs":false,"_genesis_hide_singular_image":false,"_genesis_hide_footer_widgets":false,"_genesis_custom_body_class":"","_genesis_custom_post_class":"","_genesis_layout":"","_jetpack_memberships_contains_paid_content":false,"footnotes":""},"categories":[353,18,19],"tags":[352],"class_list":{"0":"post-85","1":"post","2":"type-post","3":"status-publish","4":"format-standard","6":"category-aldre-inlagg","7":"category-externt","8":"category-forsmak-2","9":"tag-aldre-inlagg","10":"entry"},"acf":[],"visa":null,"geo_latitude":null,"geo_longitude":null,"jetpack_featured_media_url":"","featured_image_src":null,"featured_image_src_square":null,"author_info":{"display_name":"Ylva Fontell","author_link":"https:\/\/www.fjardhundraland.se\/nl\/author\/ylva\/"},"jetpack-related-posts":[{"id":1024,"url":"https:\/\/www.fjardhundraland.se\/nl\/tradgard\/2012\/kom-nara-fjarilarna\/","url_meta":{"origin":85,"position":0},"title":"Kom dicht bij de vlinders","author":"Mats Thorburn","date":"25 juni 2012","format":false,"excerpt":"Op dinsdag 26 juni gaat de vlindertuin van V\u00e5nsj\u00f6 open voor het nieuwe seizoen. Hier kun je vlinders en andere insecten van dichtbij bekijken, in een prachtige tuin met bloeiende planten die zijn uitgekozen als sm\u00f6rg\u00e5sbord voor de bestuivende insecten. Je kunt ook proeven van de lekkernijen uit de Domta boerderijwinkel, die dit jaar het caf\u00e9 runt. Lees meer op...","rel":"","context":"In &quot;\u00c4ldre inl\u00e4gg&quot;","block_context":{"text":"\u00c4ldre inl\u00e4gg","link":"https:\/\/www.fjardhundraland.se\/nl\/aldre-inlagg\/"},"img":{"alt_text":"","src":"https:\/\/i0.wp.com\/vansjofjarilstradgard.se\/files\/2011\/10\/UN-v31-fj1.jpg1-1024x682.jpg?resize=350%2C200&ssl=1","width":350,"height":200,"srcset":"https:\/\/i0.wp.com\/vansjofjarilstradgard.se\/files\/2011\/10\/UN-v31-fj1.jpg1-1024x682.jpg?resize=350%2C200&ssl=1 1x, https:\/\/i0.wp.com\/vansjofjarilstradgard.se\/files\/2011\/10\/UN-v31-fj1.jpg1-1024x682.jpg?resize=525%2C300&ssl=1 1.5x"},"classes":[]},{"id":2799,"url":"https:\/\/www.fjardhundraland.se\/nl\/utflykt\/2015\/vinster-pa-rebusrundan-2015\/","url_meta":{"origin":85,"position":1},"title":"Winnaars van de Rebusronde 2015","author":"Mats Thorburn","date":"1 augustus 2015","format":false,"excerpt":"Wist je dat je prijzen kunt winnen die geschonken zijn door de deelnemers aan de Rebusronde? Je kunt de prijzen hier kiezen op het inschrijfformulier. Hier is de lijst: Twee kaartjes voor een taartenbuffet, voor een van de drie gelegenheden gedurende het jaar (Altuna bygdeg\u00e5rdsf\u00f6rening) 2 kaartjes voor de gezellige avond met ouderwets eten op 16 augustus, alternatieve cadeaubon (Altuna hembygdsf\u00f6rening)...","rel":"","context":"In &quot;\u00c4ldre inl\u00e4gg&quot;","block_context":{"text":"\u00c4ldre inl\u00e4gg","link":"https:\/\/www.fjardhundraland.se\/nl\/aldre-inlagg\/"},"img":{"alt_text":"Rebusrundan","src":"https:\/\/i0.wp.com\/www.fjardhundraland.se\/wp-content\/uploads\/2015\/08\/biskopskulla-rebusbild.jpg?resize=350%2C200&ssl=1","width":350,"height":200,"srcset":"https:\/\/i0.wp.com\/www.fjardhundraland.se\/wp-content\/uploads\/2015\/08\/biskopskulla-rebusbild.jpg?resize=350%2C200&ssl=1 1x, https:\/\/i0.wp.com\/www.fjardhundraland.se\/wp-content\/uploads\/2015\/08\/biskopskulla-rebusbild.jpg?resize=525%2C300&ssl=1 1.5x, https:\/\/i0.wp.com\/www.fjardhundraland.se\/wp-content\/uploads\/2015\/08\/biskopskulla-rebusbild.jpg?resize=700%2C400&ssl=1 2x, https:\/\/i0.wp.com\/www.fjardhundraland.se\/wp-content\/uploads\/2015\/08\/biskopskulla-rebusbild.jpg?resize=1050%2C600&ssl=1 3x, https:\/\/i0.wp.com\/www.fjardhundraland.se\/wp-content\/uploads\/2015\/08\/biskopskulla-rebusbild.jpg?resize=1400%2C800&ssl=1 4x"},"classes":[]},{"id":2950,"url":"https:\/\/www.fjardhundraland.se\/nl\/inlagg\/2015\/sekelskiftesmarknad-pa-hostglod-i-fjardhundraland\/","url_meta":{"origin":85,"position":2},"title":"Sekelskiftes markt in H\u00f6stgl\u00f6d in Fj\u00e4rdhundraland","author":"Mats Thorburn","date":"28 september 2015","format":false,"excerpt":"Op 10 en 11 oktober nodigt Fj\u00e4rdhundraland je uit voor een ouderwetse markt in het dorp Altuna. Je ontmoet leden van Fj\u00e4rdhundraland en een aantal uitgenodigde standhouders, luistert naar muziek en nog veel meer. Lees hier meer.","rel":"","context":"In &quot;\u00c4ldre inl\u00e4gg&quot;","block_context":{"text":"\u00c4ldre inl\u00e4gg","link":"https:\/\/www.fjardhundraland.se\/nl\/aldre-inlagg\/"},"img":{"alt_text":"","src":"","width":0,"height":0},"classes":[]},{"id":4654,"url":"https:\/\/www.fjardhundraland.se\/nl\/rebusrunda\/2017\/ratta-svaren-pa-alla-rebusar\/","url_meta":{"origin":85,"position":3},"title":"Corrigeer de antwoorden op alle rebussen","author":"Ylva Fontell","date":"17 augustus 2017","format":false,"excerpt":"Zit je al sinds de Rebusronde slapeloos te puzzelen over rebussen? Je vindt alle oplossingen hier. De winnaars worden zondag bekendgemaakt! 1. Alsta Tr\u00e4dg\u00e5rdar: Hier vind je schroot en graan van T\u00e4xas. 2. Altuna Bygdeg\u00e5rd: Het jaarlijkse Walpurgisnachtvuur is in de hele buurt te zien. 3. Altuna Hembygdsf\u00f6rening: Lezen en niet begrijpen is als...","rel":"","context":"In &quot;Rebusrunda&quot;","block_context":{"text":"Rebusrunda","link":"https:\/\/www.fjardhundraland.se\/nl\/rebusrunda\/"},"img":{"alt_text":"Rebusrundan - bild p\u00e5 rebus","src":"https:\/\/i0.wp.com\/www.fjardhundraland.se\/wp-content\/uploads\/2014\/07\/2012-08-12-at-16-06-46.jpg?resize=350%2C200&ssl=1","width":350,"height":200,"srcset":"https:\/\/i0.wp.com\/www.fjardhundraland.se\/wp-content\/uploads\/2014\/07\/2012-08-12-at-16-06-46.jpg?resize=350%2C200&ssl=1 1x, https:\/\/i0.wp.com\/www.fjardhundraland.se\/wp-content\/uploads\/2014\/07\/2012-08-12-at-16-06-46.jpg?resize=525%2C300&ssl=1 1.5x, https:\/\/i0.wp.com\/www.fjardhundraland.se\/wp-content\/uploads\/2014\/07\/2012-08-12-at-16-06-46.jpg?resize=700%2C400&ssl=1 2x, https:\/\/i0.wp.com\/www.fjardhundraland.se\/wp-content\/uploads\/2014\/07\/2012-08-12-at-16-06-46.jpg?resize=1050%2C600&ssl=1 3x, https:\/\/i0.wp.com\/www.fjardhundraland.se\/wp-content\/uploads\/2014\/07\/2012-08-12-at-16-06-46.jpg?resize=1400%2C800&ssl=1 4x"},"classes":[]},{"id":3526,"url":"https:\/\/www.fjardhundraland.se\/nl\/rebusrunda\/2016\/losningar-till-alla-rebusar\/","url_meta":{"origin":85,"position":4},"title":"Oplossingen voor alle rebussen","author":"Ylva Fontell","date":"18 augustus 2016","format":false,"excerpt":"Was er een rebus waar je niet uitkwam? Of waren ze een fluitje van een cent? Hier zie je de oplossingen van alle Rebus Ronde 2016 raadsels. De winnaars worden over een paar dagen bekendgemaakt. Alsta Tr\u00e4dg\u00e5rdar: Tentoonstellingen en koffiepauzes tussen de bloemen en bladeren in de kassen. Altuna Bygdeg\u00e5rdsf\u00f6rening: Hier vind je attracties: kerstboom plunderen, taartbuffet,...","rel":"","context":"In &quot;Rebusrunda&quot;","block_context":{"text":"Rebusrunda","link":"https:\/\/www.fjardhundraland.se\/nl\/rebusrunda\/"},"img":{"alt_text":"","src":"https:\/\/i0.wp.com\/www.fjardhundraland.se\/wp-content\/uploads\/2016\/07\/startkortrebus16_webb.jpg?resize=350%2C200&ssl=1","width":350,"height":200,"srcset":"https:\/\/i0.wp.com\/www.fjardhundraland.se\/wp-content\/uploads\/2016\/07\/startkortrebus16_webb.jpg?resize=350%2C200&ssl=1 1x, https:\/\/i0.wp.com\/www.fjardhundraland.se\/wp-content\/uploads\/2016\/07\/startkortrebus16_webb.jpg?resize=525%2C300&ssl=1 1.5x, https:\/\/i0.wp.com\/www.fjardhundraland.se\/wp-content\/uploads\/2016\/07\/startkortrebus16_webb.jpg?resize=700%2C400&ssl=1 2x, https:\/\/i0.wp.com\/www.fjardhundraland.se\/wp-content\/uploads\/2016\/07\/startkortrebus16_webb.jpg?resize=1050%2C600&ssl=1 3x, https:\/\/i0.wp.com\/www.fjardhundraland.se\/wp-content\/uploads\/2016\/07\/startkortrebus16_webb.jpg?resize=1400%2C800&ssl=1 4x"},"classes":[]},{"id":942,"url":"https:\/\/www.fjardhundraland.se\/nl\/inlagg\/2012\/pa-krigsstigen-i-fjardhundraland\/","url_meta":{"origin":85,"position":5},"title":"Op oorlogspad in Fj\u00e4rdhundraland","author":"Mats Thorburn","date":"19 mei 2012","format":false,"excerpt":"Op zaterdag en zondag om 11.00 en 13.00 uur leidt G\u00f6ran Mellstr\u00f6m je door het soldatendorp in Dunderbo (routebeschrijving). Er is ook een voorjaarsmarkt in Dunderbo van 10.00 tot 16.00 uur - ga daarna naar een van de vele bezienswaardigheden in Fj\u00e4rdhundraland. Bekijk de witte anemonen in H\u00e5rsb\u00e4cksdalen, op zaterdag misschien gecombineerd met een bezoek aan Lagerl\u00f6fska...","rel":"","context":"In &quot;\u00c4ldre inl\u00e4gg&quot;","block_context":{"text":"\u00c4ldre inl\u00e4gg","link":"https:\/\/www.fjardhundraland.se\/nl\/aldre-inlagg\/"},"img":{"alt_text":"Krigsstigen soldattorp","src":"https:\/\/i0.wp.com\/www.fjardhundraland.se\/wp-content\/uploads\/2012\/05\/krigsstigen-1024x682.jpg?resize=350%2C200&ssl=1","width":350,"height":200,"srcset":"https:\/\/i0.wp.com\/www.fjardhundraland.se\/wp-content\/uploads\/2012\/05\/krigsstigen-1024x682.jpg?resize=350%2C200&ssl=1 1x, https:\/\/i0.wp.com\/www.fjardhundraland.se\/wp-content\/uploads\/2012\/05\/krigsstigen-1024x682.jpg?resize=525%2C300&ssl=1 1.5x"},"classes":[]}],"jetpack_sharing_enabled":true,"_links":{"self":[{"href":"https:\/\/www.fjardhundraland.se\/nl\/wp-json\/wp\/v2\/posts\/85","targetHints":{"allow":["GET"]}}],"collection":[{"href":"https:\/\/www.fjardhundraland.se\/nl\/wp-json\/wp\/v2\/posts"}],"about":[{"href":"https:\/\/www.fjardhundraland.se\/nl\/wp-json\/wp\/v2\/types\/post"}],"author":[{"embeddable":true,"href":"https:\/\/www.fjardhundraland.se\/nl\/wp-json\/wp\/v2\/users\/4"}],"replies":[{"embeddable":true,"href":"https:\/\/www.fjardhundraland.se\/nl\/wp-json\/wp\/v2\/comments?post=85"}],"version-history":[{"count":1,"href":"https:\/\/www.fjardhundraland.se\/nl\/wp-json\/wp\/v2\/posts\/85\/revisions"}],"predecessor-version":[{"id":19772,"href":"https:\/\/www.fjardhundraland.se\/nl\/wp-json\/wp\/v2\/posts\/85\/revisions\/19772"}],"wp:attachment":[{"href":"https:\/\/www.fjardhundraland.se\/nl\/wp-json\/wp\/v2\/media?parent=85"}],"wp:term":[{"taxonomy":"category","embeddable":true,"href":"https:\/\/www.fjardhundraland.se\/nl\/wp-json\/wp\/v2\/categories?post=85"},{"taxonomy":"post_tag","embeddable":true,"href":"https:\/\/www.fjardhundraland.se\/nl\/wp-json\/wp\/v2\/tags?post=85"}],"curies":[{"name":"wp","href":"https:\/\/api.w.org\/{rel}","templated":true}]}}