
{"id":699,"date":"2011-09-16T08:32:07","date_gmt":"2011-09-16T06:32:07","guid":{"rendered":"http:\/\/www.fjardhundraland.se\/?p=699"},"modified":"2026-02-05T13:40:40","modified_gmt":"2026-02-05T12:40:40","slug":"flamenco-fusion","status":"publish","type":"post","link":"https:\/\/www.fjardhundraland.se\/nl\/externt\/2011\/flamenco-fusion\/","title":{"rendered":"Flamenco Fusion"},"content":{"rendered":"<p>Klaar voor een avondje Flamenco op het platteland? Morgen, 17 september, vindt in het dorpshuis van \u00d6sterunda een avond plaats met\u00a0<em>Erik Steen Flamenco Fusion. <\/em>Er wordt spannende flamencomuziek en flamencodans beloofd. <a title=\"\u00d6sterundag\u00e5rden - Erik Steen Flamenco Fusion\" href=\"https:\/\/www.osterunda.se\/2011\/09\/erik-steen-flamenco-fusion\/\" target=\"_blank\" rel=\"noopener\">Lees meer op \u00d6sterundag\u00e5rden.<\/a><\/p>","protected":false},"excerpt":{"rendered":"<p>Klaar voor een avondje Flamenco op het platteland? Morgen, 17 september, vindt in het dorpshuis van \u00d6sterunda een avond plaats met Erik Steen Flamenco Fusion.<\/p>","protected":false},"author":1,"featured_media":0,"comment_status":"open","ping_status":"open","sticky":false,"template":"","format":"standard","meta":{"_acf_changed":false,"_relevanssi_hide_post":"","_relevanssi_hide_content":"","_relevanssi_pin_for_all":"","_relevanssi_pin_keywords":"","_relevanssi_unpin_keywords":"","_relevanssi_related_keywords":"","_relevanssi_related_include_ids":"","_relevanssi_related_exclude_ids":"","_relevanssi_related_no_append":"","_relevanssi_related_not_related":"","_relevanssi_related_posts":"","_relevanssi_noindex_reason":"Rank Math Uteslut fr\u00e5n Relevanssi index","_genesis_hide_title":false,"_genesis_hide_breadcrumbs":false,"_genesis_hide_singular_image":false,"_genesis_hide_footer_widgets":false,"_genesis_custom_body_class":"","_genesis_custom_post_class":"","_genesis_layout":"","_jetpack_memberships_contains_paid_content":false,"footnotes":""},"categories":[353,18],"tags":[352],"class_list":{"0":"post-699","1":"post","2":"type-post","3":"status-publish","4":"format-standard","6":"category-aldre-inlagg","7":"category-externt","8":"tag-aldre-inlagg","9":"entry"},"acf":[],"visa":null,"geo_latitude":null,"geo_longitude":null,"jetpack_featured_media_url":"","featured_image_src":null,"featured_image_src_square":null,"author_info":{"display_name":"Mats Thorburn","author_link":"https:\/\/www.fjardhundraland.se\/nl\/author\/matst\/"},"jetpack-related-posts":[{"id":674,"url":"https:\/\/www.fjardhundraland.se\/nl\/externt\/2011\/musik-och-fornfynd-fran-osterunda\/","url_meta":{"origin":699,"position":0},"title":"Muziek en kunstvoorwerpen uit \u00d6sterunda","author":"Mats Thorburn","date":"31 augustus 2011","format":false,"excerpt":"Morgen, donderdag 1 september om 19:00 uur, vertellen Berndt Andersson en Sture Eriksson over oude vondsten en spelen ze muziek geschreven in \u00d6sterunda.","rel":"","context":"In &quot;\u00c4ldre inl\u00e4gg&quot;","block_context":{"text":"\u00c4ldre inl\u00e4gg","link":"https:\/\/www.fjardhundraland.se\/nl\/aldre-inlagg\/"},"img":{"alt_text":"","src":"https:\/\/i0.wp.com\/www.fjardhundraland.se\/wp-content\/uploads\/2011\/08\/Osterunda_kyrka-630x419.jpg?resize=350%2C200&ssl=1","width":350,"height":200,"srcset":"https:\/\/i0.wp.com\/www.fjardhundraland.se\/wp-content\/uploads\/2011\/08\/Osterunda_kyrka-630x419.jpg?resize=350%2C200&ssl=1 1x, https:\/\/i0.wp.com\/www.fjardhundraland.se\/wp-content\/uploads\/2011\/08\/Osterunda_kyrka-630x419.jpg?resize=525%2C300&ssl=1 1.5x"},"classes":[]},{"id":417,"url":"https:\/\/www.fjardhundraland.se\/nl\/gardsbutiker\/2011\/bed-breakfast-brod-hantverk\/","url_meta":{"origin":699,"position":1},"title":"Bed &amp; breakfast, brood &amp; handwerk","author":"Mats Thorburn","date":"21 juli 2011","format":false,"excerpt":"Elke zondag kun je koffie drinken en winkelen in de bakkerij van Kr\u00e5kvilan in Hammarby. Er worden koekjes, kn\u00e4ckebr\u00f6d, fijne schapenvachten en vilten ambachten verkocht. Kr\u00e5kvilan heeft nu een bed &amp; breakfast geopend! In de bakkerij kun je overnachten in een van de twee gezellige kamers.","rel":"","context":"In &quot;\u00c4ldre inl\u00e4gg&quot;","block_context":{"text":"\u00c4ldre inl\u00e4gg","link":"https:\/\/www.fjardhundraland.se\/nl\/aldre-inlagg\/"},"img":{"alt_text":"","src":"","width":0,"height":0},"classes":[]},{"id":9741,"url":"https:\/\/www.fjardhundraland.se\/nl\/inlagg\/2022\/fjardhundraland-2022\/","url_meta":{"origin":699,"position":2},"title":"Fj\u00e4rdhundraland 2022","author":"Mats Thorburn","date":"10 februari 2022","format":false,"excerpt":"Welkom in 2022! We kijken uit naar een geweldig jaar, hopelijk met minder impact van de pandemie, maar nog steeds geweldige ervaringen op het platteland in de buurt van de grote stad. Hier zijn enkele van de dingen die gebeuren tijdens het jaar: Actuele tips worden voortdurend toegevoegd aan de pagina Fj\u00e4rdhundraland nu.De fototentoonstelling L\u00f6vskugga met de internationaal geprezen portretten van John Alinder...","rel":"","context":"In &quot;\u00c4ldre inl\u00e4gg&quot;","block_context":{"text":"\u00c4ldre inl\u00e4gg","link":"https:\/\/www.fjardhundraland.se\/nl\/aldre-inlagg\/"},"img":{"alt_text":"","src":"https:\/\/i0.wp.com\/www.fjardhundraland.se\/wp-content\/uploads\/2022\/02\/vag-raps-fjardhundraland.jpeg?resize=350%2C200&ssl=1","width":350,"height":200,"srcset":"https:\/\/i0.wp.com\/www.fjardhundraland.se\/wp-content\/uploads\/2022\/02\/vag-raps-fjardhundraland.jpeg?resize=350%2C200&ssl=1 1x, https:\/\/i0.wp.com\/www.fjardhundraland.se\/wp-content\/uploads\/2022\/02\/vag-raps-fjardhundraland.jpeg?resize=525%2C300&ssl=1 1.5x, https:\/\/i0.wp.com\/www.fjardhundraland.se\/wp-content\/uploads\/2022\/02\/vag-raps-fjardhundraland.jpeg?resize=700%2C400&ssl=1 2x, https:\/\/i0.wp.com\/www.fjardhundraland.se\/wp-content\/uploads\/2022\/02\/vag-raps-fjardhundraland.jpeg?resize=1050%2C600&ssl=1 3x, https:\/\/i0.wp.com\/www.fjardhundraland.se\/wp-content\/uploads\/2022\/02\/vag-raps-fjardhundraland.jpeg?resize=1400%2C800&ssl=1 4x"},"classes":[]},{"id":10768,"url":"https:\/\/www.fjardhundraland.se\/nl\/inlagg\/2022\/midsommarafton-fjardhundraland-2022\/","url_meta":{"origin":699,"position":3},"title":"Midzomer in Fj\u00e4rdhundraland 2023","author":"Mats Thorburn","date":"21 juni 2022","format":false,"excerpt":"Hier zijn enkele geweldige traditionele Midzomerfeesten onder Fj\u00e4rdhundraland leden. Dit zijn gegarandeerd landelijke midzomerfeesten, met een paal, zang, gras en bloemen - precies zoals het hoort! Husby-Sjutolftsg\u00e5rden om 13.00 uur Heffen en dansen rond de midzomerpaal, Spelem\u00e4n. Een ritje in een lommerrijke windmolen, visvijver en loterijen. Zelfgemaakte fika te koop. Breng gerust ...","rel":"","context":"In &quot;\u00c4ldre inl\u00e4gg&quot;","block_context":{"text":"\u00c4ldre inl\u00e4gg","link":"https:\/\/www.fjardhundraland.se\/nl\/aldre-inlagg\/"},"img":{"alt_text":"Folkdanslag p\u00e5 H\u00e4rledg\u00e5rden p\u00e5 midsommar","src":"https:\/\/i0.wp.com\/www.fjardhundraland.se\/wp-content\/uploads\/2012\/05\/H%C3%A4rledg%C3%A5rden.jpg?resize=350%2C200&ssl=1","width":350,"height":200,"srcset":"https:\/\/i0.wp.com\/www.fjardhundraland.se\/wp-content\/uploads\/2012\/05\/H%C3%A4rledg%C3%A5rden.jpg?resize=350%2C200&ssl=1 1x, https:\/\/i0.wp.com\/www.fjardhundraland.se\/wp-content\/uploads\/2012\/05\/H%C3%A4rledg%C3%A5rden.jpg?resize=525%2C300&ssl=1 1.5x, https:\/\/i0.wp.com\/www.fjardhundraland.se\/wp-content\/uploads\/2012\/05\/H%C3%A4rledg%C3%A5rden.jpg?resize=700%2C400&ssl=1 2x, https:\/\/i0.wp.com\/www.fjardhundraland.se\/wp-content\/uploads\/2012\/05\/H%C3%A4rledg%C3%A5rden.jpg?resize=1050%2C600&ssl=1 3x, https:\/\/i0.wp.com\/www.fjardhundraland.se\/wp-content\/uploads\/2012\/05\/H%C3%A4rledg%C3%A5rden.jpg?resize=1400%2C800&ssl=1 4x"},"classes":[]},{"id":3363,"url":"https:\/\/www.fjardhundraland.se\/nl\/inlagg\/2016\/midsommar-fjardhundraland-2016\/","url_meta":{"origin":699,"position":4},"title":"Midzomer in Fj\u00e4rdhundraland 2016","author":"Ylva Fontell","date":"21 juni 2016","format":false,"excerpt":"Midzomer moet gevierd worden op het platteland! En dan past het goed bij het platteland dat dicht bij zowel Enk\u00f6ping als V\u00e4ster\u00e5s, Sala, Uppsala en Stockholm ligt. Welkom bij een midzomeruitje! Midzomerfeest bij H\u00e4rledg\u00e5rden in Torstuna. Dansen rond de paal bij H\u00e4rledg\u00e5rden. Amusement. Volksdansen. Koffieservice. Gratis toegang. 13.30 Midzomerpaal wordt binnengedragen en opgericht meer info Midzomerfeest...","rel":"","context":"In &quot;\u00c4ldre inl\u00e4gg&quot;","block_context":{"text":"\u00c4ldre inl\u00e4gg","link":"https:\/\/www.fjardhundraland.se\/nl\/aldre-inlagg\/"},"img":{"alt_text":"Folkdanslag p\u00e5 H\u00e4rledg\u00e5rden p\u00e5 midsommar","src":"https:\/\/i0.wp.com\/www.fjardhundraland.se\/wp-content\/uploads\/2012\/05\/H%C3%A4rledg%C3%A5rden.jpg?resize=350%2C200&ssl=1","width":350,"height":200,"srcset":"https:\/\/i0.wp.com\/www.fjardhundraland.se\/wp-content\/uploads\/2012\/05\/H%C3%A4rledg%C3%A5rden.jpg?resize=350%2C200&ssl=1 1x, https:\/\/i0.wp.com\/www.fjardhundraland.se\/wp-content\/uploads\/2012\/05\/H%C3%A4rledg%C3%A5rden.jpg?resize=525%2C300&ssl=1 1.5x, https:\/\/i0.wp.com\/www.fjardhundraland.se\/wp-content\/uploads\/2012\/05\/H%C3%A4rledg%C3%A5rden.jpg?resize=700%2C400&ssl=1 2x, https:\/\/i0.wp.com\/www.fjardhundraland.se\/wp-content\/uploads\/2012\/05\/H%C3%A4rledg%C3%A5rden.jpg?resize=1050%2C600&ssl=1 3x, https:\/\/i0.wp.com\/www.fjardhundraland.se\/wp-content\/uploads\/2012\/05\/H%C3%A4rledg%C3%A5rden.jpg?resize=1400%2C800&ssl=1 4x"},"classes":[]},{"id":2677,"url":"https:\/\/www.fjardhundraland.se\/nl\/inlagg\/2015\/midsommar-i-fjardhundraland-2015\/","url_meta":{"origin":699,"position":5},"title":"Midzomer in Fj\u00e4rdhundraland 2015","author":"","date":"10 juni 2015","format":false,"excerpt":"Natuurlijk vinden wij dat Midzomer op het platteland gevierd moet worden. En dan past het goed bij het platteland dat zo dicht bij zowel Enk\u00f6ping als V\u00e4ster\u00e5s, Sala, Uppsala en Stockholm ligt. Welkom bij een midzomerexcursie! Hier kunt u zien wat midzomer feesten zijn in 2015 in Fj\u00e4rdhundraland: Midzomerfeest bij H\u00e4rledg\u00e5rden in Torstuna. Dansen rond de paal bij...","rel":"","context":"In &quot;\u00c4ldre inl\u00e4gg&quot;","block_context":{"text":"\u00c4ldre inl\u00e4gg","link":"https:\/\/www.fjardhundraland.se\/nl\/aldre-inlagg\/"},"img":{"alt_text":"Folkdanslag p\u00e5 H\u00e4rledg\u00e5rden p\u00e5 midsommar","src":"https:\/\/i0.wp.com\/www.fjardhundraland.se\/wp-content\/uploads\/2012\/05\/H%C3%A4rledg%C3%A5rden.jpg?resize=350%2C200&ssl=1","width":350,"height":200,"srcset":"https:\/\/i0.wp.com\/www.fjardhundraland.se\/wp-content\/uploads\/2012\/05\/H%C3%A4rledg%C3%A5rden.jpg?resize=350%2C200&ssl=1 1x, https:\/\/i0.wp.com\/www.fjardhundraland.se\/wp-content\/uploads\/2012\/05\/H%C3%A4rledg%C3%A5rden.jpg?resize=525%2C300&ssl=1 1.5x, https:\/\/i0.wp.com\/www.fjardhundraland.se\/wp-content\/uploads\/2012\/05\/H%C3%A4rledg%C3%A5rden.jpg?resize=700%2C400&ssl=1 2x, https:\/\/i0.wp.com\/www.fjardhundraland.se\/wp-content\/uploads\/2012\/05\/H%C3%A4rledg%C3%A5rden.jpg?resize=1050%2C600&ssl=1 3x, https:\/\/i0.wp.com\/www.fjardhundraland.se\/wp-content\/uploads\/2012\/05\/H%C3%A4rledg%C3%A5rden.jpg?resize=1400%2C800&ssl=1 4x"},"classes":[]}],"jetpack_sharing_enabled":true,"_links":{"self":[{"href":"https:\/\/www.fjardhundraland.se\/nl\/wp-json\/wp\/v2\/posts\/699","targetHints":{"allow":["GET"]}}],"collection":[{"href":"https:\/\/www.fjardhundraland.se\/nl\/wp-json\/wp\/v2\/posts"}],"about":[{"href":"https:\/\/www.fjardhundraland.se\/nl\/wp-json\/wp\/v2\/types\/post"}],"author":[{"embeddable":true,"href":"https:\/\/www.fjardhundraland.se\/nl\/wp-json\/wp\/v2\/users\/1"}],"replies":[{"embeddable":true,"href":"https:\/\/www.fjardhundraland.se\/nl\/wp-json\/wp\/v2\/comments?post=699"}],"version-history":[{"count":1,"href":"https:\/\/www.fjardhundraland.se\/nl\/wp-json\/wp\/v2\/posts\/699\/revisions"}],"predecessor-version":[{"id":19734,"href":"https:\/\/www.fjardhundraland.se\/nl\/wp-json\/wp\/v2\/posts\/699\/revisions\/19734"}],"wp:attachment":[{"href":"https:\/\/www.fjardhundraland.se\/nl\/wp-json\/wp\/v2\/media?parent=699"}],"wp:term":[{"taxonomy":"category","embeddable":true,"href":"https:\/\/www.fjardhundraland.se\/nl\/wp-json\/wp\/v2\/categories?post=699"},{"taxonomy":"post_tag","embeddable":true,"href":"https:\/\/www.fjardhundraland.se\/nl\/wp-json\/wp\/v2\/tags?post=699"}],"curies":[{"name":"wp","href":"https:\/\/api.w.org\/{rel}","templated":true}]}}