
{"id":671,"date":"2011-08-26T16:42:42","date_gmt":"2011-08-26T14:42:42","guid":{"rendered":"http:\/\/www.fjardhundraland.se\/blog\/2011\/08\/26\/aventyrslajv-och-medeltidsby-i-skattmanso\/"},"modified":"2026-02-05T13:40:40","modified_gmt":"2026-02-05T12:40:40","slug":"avontuurlijke-slaven-en-een-middeleeuws-dorp","status":"publish","type":"post","link":"https:\/\/www.fjardhundraland.se\/nl\/externt\/2011\/aventyrslajv-och-medeltidsby-i-skattmanso\/","title":{"rendered":"Avonturenkamp en middeleeuws dorp in Skattmans\u00f6"},"content":{"rendered":"<p>Morgen, zaterdag 27 augustus, kun je een fantastisch middeleeuws dorp en markt bezoeken in Skattmans\u00f6\u00e5dalen. Er wordt goed weer beloofd! Er is eten en verkoop van groenten, brood, aardewerk, kruidenzalven, ervaringen en andere lekkernijen. Het dorp bruist van leven en activiteit...<br \/>\nVoor degenen die 7-14 jaar oud zijn, is het Avonturenkamp. Je kunt het LARP-gebied in Skattmans\u00f6 betreden via het portaal, je kunt je verkleden en een rol krijgen, opdrachten oplossen en wie je ontmoet is alleen geheim voor jou, je groep en de spelleider. Kosten 80 SEK. Je kunt je aanmelden via hannah@rydstedt.info of bel\/sms 070-2525518.<br \/>\n<img decoding=\"async\" class=\"alignnone\" title=\"Van de Slag om Gestilren, Culturele Vereniging Paddebo\" src=\"https:\/\/a5.sphotos.ak.fbcdn.net\/hphotos-ak-ash2\/45432_419186919233_624654233_4834790_8326518_n.jpg\" alt=\"Van de Slag om Gestilren\" width=\"604\" height=\"403\" \/><\/p>\n<p><img decoding=\"async\" class=\"alignnone\" title=\"Van de Slag om Gestilren\" src=\"https:\/\/a2.sphotos.ak.fbcdn.net\/hphotos-ak-snc4\/40788_419186044233_624654233_4834768_7922618_n.jpg\" alt=\"Van de Slag om Gestilren\" width=\"604\" height=\"403\" \/><\/p>","protected":false},"excerpt":{"rendered":"<p>I morgon l\u00f6rdag 27 augusti kan du bes\u00f6ka en sagolik medeltidsby och marknad i Skattmans\u00f6\u00e5dalen. Fint v\u00e4der \u00e4r utlovat! D\u00e4r v\u00e4ntar matservering och f\u00f6rs\u00e4ljning av gr\u00f6nsaker, br\u00f6d, keramik, \u00f6rtsalvor, upplevelser och annat sm\u00e5tt och gott. Det sjuder av liv och r\u00f6relse i byn&#8230; F\u00f6r dig som \u00e4r \u00e4r 7-14 \u00e5r det \u00c4ventyrslajv. Du f\u00e5r genom [&hellip;]<\/p>\n","protected":false},"author":1,"featured_media":0,"comment_status":"open","ping_status":"open","sticky":false,"template":"","format":"standard","meta":{"_acf_changed":false,"_relevanssi_hide_post":"","_relevanssi_hide_content":"","_relevanssi_pin_for_all":"","_relevanssi_pin_keywords":"","_relevanssi_unpin_keywords":"","_relevanssi_related_keywords":"","_relevanssi_related_include_ids":"","_relevanssi_related_exclude_ids":"","_relevanssi_related_no_append":"","_relevanssi_related_not_related":"","_relevanssi_related_posts":"","_relevanssi_noindex_reason":"Rank Math Uteslut fr\u00e5n Relevanssi index","_genesis_hide_title":false,"_genesis_hide_breadcrumbs":false,"_genesis_hide_singular_image":false,"_genesis_hide_footer_widgets":false,"_genesis_custom_body_class":"","_genesis_custom_post_class":"","_genesis_layout":"","_jetpack_memberships_contains_paid_content":false,"footnotes":""},"categories":[353,48,18,45,22,51,50,25],"tags":[352,49,74,75],"class_list":{"0":"post-671","1":"post","2":"type-post","3":"status-publish","4":"format-standard","6":"category-aldre-inlagg","7":"category-barn","8":"category-externt","9":"category-kultur","10":"category-mat","11":"category-natur","12":"category-teater","13":"category-upplevelser","14":"tag-aldre-inlagg","15":"tag-lajv","16":"tag-medeltid","17":"tag-skattmanso","18":"entry"},"acf":[],"visa":null,"geo_latitude":"59.768286","geo_longitude":"17.396302","jetpack_featured_media_url":"","featured_image_src":null,"featured_image_src_square":null,"author_info":{"display_name":"Mats Thorburn","author_link":"https:\/\/www.fjardhundraland.se\/nl\/author\/matst\/"},"jetpack-related-posts":[{"id":425,"url":"https:\/\/www.fjardhundraland.se\/nl\/externt\/2011\/valkommen-pa-medeltida-lajvaventyr\/","url_meta":{"origin":671,"position":0},"title":"Welkom bij een middeleeuws LARP-avontuur!","author":"Mats Thorburn","date":"28 juli 2011","format":false,"excerpt":"Ben je 7-14 jaar en hou je van avontuur? Kom dan op 27 augustus om 11-16 uur naar Skattmans\u00f6 en stap in een middeleeuwse wereld ...","rel":"","context":"In &quot;\u00c4ldre inl\u00e4gg&quot;","block_context":{"text":"\u00c4ldre inl\u00e4gg","link":"https:\/\/www.fjardhundraland.se\/nl\/aldre-inlagg\/"},"img":{"alt_text":"Fr\u00e5n Slaget vid Gestilren","src":"https:\/\/a5.sphotos.ak.fbcdn.net\/hphotos-ak-ash2\/45432_419186919233_624654233_4834790_8326518_n.jpg","width":350,"height":200,"srcset":"https:\/\/a5.sphotos.ak.fbcdn.net\/hphotos-ak-ash2\/45432_419186919233_624654233_4834790_8326518_n.jpg 1x, https:\/\/a5.sphotos.ak.fbcdn.net\/hphotos-ak-ash2\/45432_419186919233_624654233_4834790_8326518_n.jpg 1.5x"},"classes":[]},{"id":5226,"url":"https:\/\/www.fjardhundraland.se\/nl\/upplevelser\/2018\/filmsommar-pa-gamla-bion\/","url_meta":{"origin":671,"position":1},"title":"Filmzomer bij Gamla Bion","author":"Ylva Fontell","date":"27 juni 2018","format":false,"excerpt":"Wow, wat een zomer vol films staat je te wachten! The Old Cinema in \u00d6rsundsbro heeft een uitgebreid programma samengesteld met gloednieuwe kwaliteitsfilms, aangevuld met de nieuwe toevoeging van dit jaar, Classics Week. In de evenementenkalender vind je alle films in meer detail, maar hier alvast een voorproefje: 3\/7 Aquarius, 10\/7 Three Billboards outside Ebbing, Missouri, 17\/7 Loving Vincent, 24\/7 Amateurs, 31\/7...","rel":"","context":"In &quot;\u00c4ldre inl\u00e4gg&quot;","block_context":{"text":"\u00c4ldre inl\u00e4gg","link":"https:\/\/www.fjardhundraland.se\/nl\/aldre-inlagg\/"},"img":{"alt_text":"Gamla bion i \u00d6rsundsbro","src":"https:\/\/i0.wp.com\/www.fjardhundraland.se\/wp-content\/uploads\/2017\/02\/gamla-bion.jpg?resize=350%2C200&ssl=1","width":350,"height":200,"srcset":"https:\/\/i0.wp.com\/www.fjardhundraland.se\/wp-content\/uploads\/2017\/02\/gamla-bion.jpg?resize=350%2C200&ssl=1 1x, https:\/\/i0.wp.com\/www.fjardhundraland.se\/wp-content\/uploads\/2017\/02\/gamla-bion.jpg?resize=525%2C300&ssl=1 1.5x, https:\/\/i0.wp.com\/www.fjardhundraland.se\/wp-content\/uploads\/2017\/02\/gamla-bion.jpg?resize=700%2C400&ssl=1 2x, https:\/\/i0.wp.com\/www.fjardhundraland.se\/wp-content\/uploads\/2017\/02\/gamla-bion.jpg?resize=1050%2C600&ssl=1 3x, https:\/\/i0.wp.com\/www.fjardhundraland.se\/wp-content\/uploads\/2017\/02\/gamla-bion.jpg?resize=1400%2C800&ssl=1 4x"},"classes":[]},{"id":5295,"url":"https:\/\/www.fjardhundraland.se\/nl\/upplevelser\/2018\/tva-sommarjubileer\/","url_meta":{"origin":671,"position":2},"title":"Twee zomerjubilea","author":"Ylva Fontell","date":"10 juli 2018","format":false,"excerpt":"Felicitaties voor Salnecke Slottscaf\u00e9 en Dunderbo Ljus &amp; Hantverk die in juli hun jubileum vieren! Het zijn twee prachtige plekken die het leven op het platteland aangenamer maken. Een jaar geleden begon Kasteelcaf\u00e9 Salnecke, Cheese &amp; Deli. Het eenjarig bestaan moet natuurlijk gevierd worden! Op zaterdag 14 juli is er...","rel":"","context":"In &quot;\u00c4ldre inl\u00e4gg&quot;","block_context":{"text":"\u00c4ldre inl\u00e4gg","link":"https:\/\/www.fjardhundraland.se\/nl\/aldre-inlagg\/"},"img":{"alt_text":"","src":"https:\/\/i0.wp.com\/www.fjardhundraland.se\/wp-content\/uploads\/2018\/07\/pr_stkragar-2017-juni-28-20-57-09-59_4852_-n-17_632_-e-1.jpg?resize=350%2C200&ssl=1","width":350,"height":200,"srcset":"https:\/\/i0.wp.com\/www.fjardhundraland.se\/wp-content\/uploads\/2018\/07\/pr_stkragar-2017-juni-28-20-57-09-59_4852_-n-17_632_-e-1.jpg?resize=350%2C200&ssl=1 1x, https:\/\/i0.wp.com\/www.fjardhundraland.se\/wp-content\/uploads\/2018\/07\/pr_stkragar-2017-juni-28-20-57-09-59_4852_-n-17_632_-e-1.jpg?resize=525%2C300&ssl=1 1.5x, https:\/\/i0.wp.com\/www.fjardhundraland.se\/wp-content\/uploads\/2018\/07\/pr_stkragar-2017-juni-28-20-57-09-59_4852_-n-17_632_-e-1.jpg?resize=700%2C400&ssl=1 2x, https:\/\/i0.wp.com\/www.fjardhundraland.se\/wp-content\/uploads\/2018\/07\/pr_stkragar-2017-juni-28-20-57-09-59_4852_-n-17_632_-e-1.jpg?resize=1050%2C600&ssl=1 3x, https:\/\/i0.wp.com\/www.fjardhundraland.se\/wp-content\/uploads\/2018\/07\/pr_stkragar-2017-juni-28-20-57-09-59_4852_-n-17_632_-e-1.jpg?resize=1400%2C800&ssl=1 4x"},"classes":[]},{"id":4872,"url":"https:\/\/www.fjardhundraland.se\/nl\/djur\/2018\/algen-olivia-fjardhundraland\/","url_meta":{"origin":671,"position":3},"title":"Olivia de eland in Fj\u00e4rdhundraland","author":"Ylva Fontell","date":"9 februari 2018","format":false,"excerpt":"Olivia de eland uit G\u00e5rdsj\u00f6 Moose Park als tulpendief is een megasucces geworden dat zich wereldwijd verspreidt. In G\u00e5rdsj\u00f6 Moose Park kom je dicht bij de elanden en ontmoet je ze in hun natuurlijke omgeving (nee, dat is niet in de keuken van Leffe en Ilona, maar buiten in het verblijf). Het is krachtig en wordt...","rel":"","context":"In &quot;Djur&quot;","block_context":{"text":"Djur","link":"https:\/\/www.fjardhundraland.se\/nl\/djur\/"},"img":{"alt_text":"M\u00f6t \u00e4lgar i G\u00e5rdsj\u00f6 \u00e4lgpark","src":"https:\/\/i0.wp.com\/www.fjardhundraland.se\/wp-content\/uploads\/2018\/02\/algsafari3.jpg?resize=350%2C200&ssl=1","width":350,"height":200,"srcset":"https:\/\/i0.wp.com\/www.fjardhundraland.se\/wp-content\/uploads\/2018\/02\/algsafari3.jpg?resize=350%2C200&ssl=1 1x, https:\/\/i0.wp.com\/www.fjardhundraland.se\/wp-content\/uploads\/2018\/02\/algsafari3.jpg?resize=525%2C300&ssl=1 1.5x, https:\/\/i0.wp.com\/www.fjardhundraland.se\/wp-content\/uploads\/2018\/02\/algsafari3.jpg?resize=700%2C400&ssl=1 2x, https:\/\/i0.wp.com\/www.fjardhundraland.se\/wp-content\/uploads\/2018\/02\/algsafari3.jpg?resize=1050%2C600&ssl=1 3x, https:\/\/i0.wp.com\/www.fjardhundraland.se\/wp-content\/uploads\/2018\/02\/algsafari3.jpg?resize=1400%2C800&ssl=1 4x"},"classes":[]},{"id":4945,"url":"https:\/\/www.fjardhundraland.se\/nl\/inlagg\/2018\/jag-vantar-vid-min-mila\/","url_meta":{"origin":671,"position":4},"title":"Ik wacht op mijn mila...","author":"Ylva Fontell","date":"8 maart 2018","format":false,"excerpt":"Dan Andersson heeft als geen ander het beeld van de eenzame houtskoolbewaarder in het bos gecre\u00eberd. Vroeger smeulde overal in de bossen houtskool, maar tegenwoordig komen we meestal in aanraking met houtskool in een zak. In Messkog, langs het kerkpad tussen Skekarsbo en Nora, zijn veel milas opgericht en de houtskoolhut staat er...","rel":"","context":"In &quot;\u00c4ldre inl\u00e4gg&quot;","block_context":{"text":"\u00c4ldre inl\u00e4gg","link":"https:\/\/www.fjardhundraland.se\/nl\/aldre-inlagg\/"},"img":{"alt_text":"Kolmila","src":"https:\/\/i0.wp.com\/www.fjardhundraland.se\/wp-content\/uploads\/2018\/03\/kolmilan-2017-1-2.jpg?resize=350%2C200&ssl=1","width":350,"height":200,"srcset":"https:\/\/i0.wp.com\/www.fjardhundraland.se\/wp-content\/uploads\/2018\/03\/kolmilan-2017-1-2.jpg?resize=350%2C200&ssl=1 1x, https:\/\/i0.wp.com\/www.fjardhundraland.se\/wp-content\/uploads\/2018\/03\/kolmilan-2017-1-2.jpg?resize=525%2C300&ssl=1 1.5x, https:\/\/i0.wp.com\/www.fjardhundraland.se\/wp-content\/uploads\/2018\/03\/kolmilan-2017-1-2.jpg?resize=700%2C400&ssl=1 2x, https:\/\/i0.wp.com\/www.fjardhundraland.se\/wp-content\/uploads\/2018\/03\/kolmilan-2017-1-2.jpg?resize=1050%2C600&ssl=1 3x, https:\/\/i0.wp.com\/www.fjardhundraland.se\/wp-content\/uploads\/2018\/03\/kolmilan-2017-1-2.jpg?resize=1400%2C800&ssl=1 4x"},"classes":[]},{"id":3905,"url":"https:\/\/www.fjardhundraland.se\/nl\/turismutveckling\/2017\/augmented-export\/","url_meta":{"origin":671,"position":5},"title":"Augmented Export - over eten, natuur en cultuur","author":"Mats Thorburn","date":"11 februari 2017","format":false,"excerpt":"Wat voor soort eten willen bezoekers als ze Scandinavi\u00eb bezoeken? Hoe kunnen we de kwaliteit die we hebben gebruiken om bezoekers te vinden die een kleinschalig, gepersonaliseerd verblijf in Zweden willen? Om deze vragen te beantwoorden, voeren we nu een project uit over eten in combinatie met natuur...","rel":"","context":"In &quot;Turismutveckling&quot;","block_context":{"text":"Turismutveckling","link":"https:\/\/www.fjardhundraland.se\/nl\/turismutveckling\/"},"img":{"alt_text":"","src":"","width":0,"height":0},"classes":[]}],"jetpack_sharing_enabled":true,"_links":{"self":[{"href":"https:\/\/www.fjardhundraland.se\/nl\/wp-json\/wp\/v2\/posts\/671","targetHints":{"allow":["GET"]}}],"collection":[{"href":"https:\/\/www.fjardhundraland.se\/nl\/wp-json\/wp\/v2\/posts"}],"about":[{"href":"https:\/\/www.fjardhundraland.se\/nl\/wp-json\/wp\/v2\/types\/post"}],"author":[{"embeddable":true,"href":"https:\/\/www.fjardhundraland.se\/nl\/wp-json\/wp\/v2\/users\/1"}],"replies":[{"embeddable":true,"href":"https:\/\/www.fjardhundraland.se\/nl\/wp-json\/wp\/v2\/comments?post=671"}],"version-history":[{"count":1,"href":"https:\/\/www.fjardhundraland.se\/nl\/wp-json\/wp\/v2\/posts\/671\/revisions"}],"predecessor-version":[{"id":19737,"href":"https:\/\/www.fjardhundraland.se\/nl\/wp-json\/wp\/v2\/posts\/671\/revisions\/19737"}],"wp:attachment":[{"href":"https:\/\/www.fjardhundraland.se\/nl\/wp-json\/wp\/v2\/media?parent=671"}],"wp:term":[{"taxonomy":"category","embeddable":true,"href":"https:\/\/www.fjardhundraland.se\/nl\/wp-json\/wp\/v2\/categories?post=671"},{"taxonomy":"post_tag","embeddable":true,"href":"https:\/\/www.fjardhundraland.se\/nl\/wp-json\/wp\/v2\/tags?post=671"}],"curies":[{"name":"wp","href":"https:\/\/api.w.org\/{rel}","templated":true}]}}