
{"id":5762,"date":"2019-06-04T10:18:21","date_gmt":"2019-06-04T08:18:21","guid":{"rendered":"https:\/\/www.fjardhundraland.se\/?p=5762"},"modified":"2026-02-05T13:42:58","modified_gmt":"2026-02-05T12:42:58","slug":"tuva-tappa-2019","status":"publish","type":"post","link":"https:\/\/www.fjardhundraland.se\/nl\/tuva-tappa\/2019\/tuva-tappa-2019\/","title":{"rendered":"Tuva &amp; quilt 2019"},"content":{"rendered":"<p>Het is groene tijd! We vieren dit met een zomertour langs priv\u00e9tuinen en kwekerijen die open zijn en ervaringen en kennis aanbieden.<\/p>\n<p>Je kunt deze plaatsen bezoeken op zaterdag 29 juni van 11-17. <a href=\"https:\/\/www.fjardhundraland.se\/wp-content\/uploads\/2019\/06\/TuvaKarta2019.pdf\">(Printbare kaart hier beschikbaar).<\/a><\/p>\n<p><iframe src=\"https:\/\/www.google.com\/maps\/d\/u\/3\/embed?mid=1uMTnFqaflprgiKIgWee4M_6CADsbMn4H\" width=\"100%\" height=\"580\"><\/iframe><\/p>\n<h2>Deelnemers<\/h2>\n<h3><a href=\"https:\/\/www.fjardhundraland.se\/nl\/gerechten\/galerie-lundellska\/\">Lundellska Galerij<\/a><\/h3>\n<p><em>Simtuna Kokkola 8 74971 Fj\u00e4rdhundra<\/em><\/p>\n<p>Vernissage met KreaLera, tuin-gerelateerd steengoed en aquarellen van Gunilla Lundell. De tuin is opgebouwd uit verschillende kleine kamertjes, waar achter de hoekjes verrassingen wachten. Serveert zelfgebakken brood en broodjes.<\/p>\n<hr>\n<h3>Mevrouw Pia Hansson<\/h3>\n<p><em>H\u00e4rnevi Rotbrunna 11 74596 Enk\u00f6ping<\/em><\/p>\n<p>Een weelderige tuin met een hoge gezelligheidsfactor. Koffieservice.<\/p>\n<hr>\n<h3>Tuin L\u00f6v\u00e5sa<\/h3>\n<p><em>Lisa Melberg, H\u00e4rnevi Rotbrunna 12, 745 96 Enk\u00f6ping.<\/em><\/p>\n<p>De tuin is strak gestructureerd met planten die qua kleur en vorm bij elkaar passen. Koffieservice.<\/p>\n<hr>\n<h3><a href=\"https:\/\/www.fjardhundraland.se\/nl\/gerechten\/tonijn-tradgard\/\">Tonijntuin<\/a><\/h3>\n<p><em>Hj\u00e4lsta Tuna 38, 749 62 \u00d6rsundsbro.<\/em><\/p>\n<p>Commerci\u00eble tuin met zomerbloemen, kruiden, groenteplanten en vaste planten. Birgitta J\u00e4rpdal vertelt over alle vaste planten in de parken van Enk\u00f6ping.<br \/>\nKoffieservice.<\/p>\n<hr>\n<h3>Mari Magnusson<\/h3>\n<p><em>Vallby 8, 745 98 Enk\u00f6ping.<\/em><\/p>\n<p>Toont zijn rozentuin met ongeveer honderd verschillende rozensoorten. Een Engelse cottagetuin met zeer oude vaste planten, moestuin. Koffieservice.<\/p>\n<hr>\n<h3><a href=\"https:\/\/www.fjardhundraland.se\/nl\/gerechten\/boerderij-sunnansjo\/\">Boerderij Sunnansj\u00f6<\/a><\/h3>\n<p><em>\u00d6sterunda-K\u00e4lsta 7, 744 96 J\u00e4rl\u00e5sa.<\/em><\/p>\n<p>Tuinrondleiding om 11.00, 14.00, appelboomgaardrondleiding om 15.00.<br \/>\nVerkoop van planten, koffieservice.<\/p>\n<hr>\n<h3><a href=\"https:\/\/www.fjardhundraland.se\/nl\/gerechten\/blackbackens-tradgard\/\">De tuin van Svartb\u00e4ck<\/a><\/h3>\n<p><em>Nys\u00e4tra Svartb\u00e4cken 1, 74963 \u00d6rsundsbro.<\/em><\/p>\n<p>Een tuin die zich richt op eetbare en bijzondere bomen - prachtig gelegen in \u00c5loppe. Begeleide wandeling in de boomgaard 12.00, 15.00<\/p>\n<hr>\n<h3>Tante Greta's in Grinda<\/h3>\n<p><em>Torstuna Grinda 11, 749 72 Fj\u00e4rdhundra<\/em><\/p>\n<p>Tant Gretas in Grinda, Torstuna is een kleine tuin op een omheinde boerderij met houten gebouwen.<br \/>\nDe tuin was sinds de jaren 1960 verlaten en overwoekerd door struiken. In 2012 werd begonnen met de restauratie. Het doel is om te verduidelijken hoe een boerenperceel vroeger werd gebruikt en hoe dit gebruik wordt weerspiegeld in de vegetatie.<\/p>\n<hr>\n<h3><a href=\"https:\/\/www.fjardhundraland.se\/nl\/gerechten\/kwekerij-harnevi\/\">Kwekerij H\u00e4rnevi<\/a><\/h3>\n<p><em>Lilla H\u00e4rnevi 22, 745 96 Enk\u00f6ping.<\/em><\/p>\n<p>Commerci\u00eble tuin met zomerbloemen, tomatenplanten, potplanten, vaste planten, heesters, bomen, rozen, klimplanten, buitenpotten, grondproducten van Hasselfors, tuinaccessoires, cadeau-artikelen, eetbaar, klein en goed van kleinschalige productie, honing, eieren.<\/p>\n<hr>\n<h3><a href=\"https:\/\/www.fjardhundraland.se\/nl\/gerechten\/haast-en-de-groenteboer\/\">Paarden- en groenteboer<\/a><\/h3>\n<p><em>M\u00e5lhammar 3, 72598 V\u00e4ster\u00e5s.<\/em><\/p>\n<p>Groenteboerderij gerund met behulp van werkpaarden. Kom kijken op de groenteboerderij!<\/p>\n<hr>\n<p>&nbsp;<\/p>","protected":false},"excerpt":{"rendered":"<p>Nu gr\u00f6nskar det! Det firar vi med en sommarrunda till privattr\u00e4dg\u00e5rdar och plantskolor som h\u00e5ller \u00f6ppet och bjuder p\u00e5 upplevelser och kunskap. De h\u00e4r platserna kan du bes\u00f6ka l\u00f6rdagen den 29 juni kl 11\u201317. (H\u00e4r finns utskriftskarta.) Deltagare Lundellska Galleriet Simtuna Karleby 8 74971 Fj\u00e4rdhundra Vernissage med KreaLera, tr\u00e4dg\u00e5rdsrelaterade stengodsalster och akvareller av Gunilla Lundell. [&hellip;]<\/p>\n","protected":false},"author":1,"featured_media":5789,"comment_status":"closed","ping_status":"closed","sticky":false,"template":"","format":"standard","meta":{"_acf_changed":false,"_relevanssi_hide_post":"","_relevanssi_hide_content":"","_relevanssi_pin_for_all":"","_relevanssi_pin_keywords":"","_relevanssi_unpin_keywords":"","_relevanssi_related_keywords":"","_relevanssi_related_include_ids":"","_relevanssi_related_exclude_ids":"","_relevanssi_related_no_append":"","_relevanssi_related_not_related":"","_relevanssi_related_posts":"","_relevanssi_noindex_reason":"","_genesis_hide_title":false,"_genesis_hide_breadcrumbs":false,"_genesis_hide_singular_image":false,"_genesis_hide_footer_widgets":false,"_genesis_custom_body_class":"","_genesis_custom_post_class":"","_genesis_layout":"","_jetpack_memberships_contains_paid_content":false,"footnotes":""},"categories":[250,353,51,25,87],"tags":[],"class_list":{"0":"post-5762","1":"post","2":"type-post","3":"status-publish","4":"format-standard","5":"has-post-thumbnail","7":"category-tuva-tappa","8":"category-aldre-inlagg","9":"category-natur","10":"category-upplevelser","11":"category-utflykt","12":"entry"},"acf":[],"visa":null,"geo_latitude":null,"geo_longitude":null,"jetpack_featured_media_url":"https:\/\/www.fjardhundraland.se\/wp-content\/uploads\/2019\/06\/tuva-tacc88ppa-tracc88dgacc8ardsrunda.jpg","featured_image_src":"https:\/\/www.fjardhundraland.se\/wp-content\/uploads\/2019\/06\/tuva-tacc88ppa-tracc88dgacc8ardsrunda.jpg","featured_image_src_square":"https:\/\/www.fjardhundraland.se\/wp-content\/uploads\/2019\/06\/tuva-tacc88ppa-tracc88dgacc8ardsrunda.jpg","author_info":{"display_name":"Mats Thorburn","author_link":"https:\/\/www.fjardhundraland.se\/nl\/author\/matst\/"},"jetpack-related-posts":[{"id":5318,"url":"https:\/\/www.fjardhundraland.se\/nl\/tuva-tappa\/2018\/tuva-tappa-tradgardsrunda-2018\/","url_meta":{"origin":5762,"position":0},"title":"Tuva &amp; T\u00e4ppa 2018","author":"Mats Thorburn","date":"15 juli 2018","format":false,"excerpt":"Tuva &amp; T\u00e4ppa - Fj\u00e4rdhundraland's tuinrondleiding Bezoek de showtuinen en plantages op zaterdag 28 juli van 11.00 tot 17.00 uur. Praat over tuinieren en kweken met de enthousiastelingen en professionele kwekers. Doe inspiratie op en krijg tips over wat je thuis in je eigen tuin kunt doen. Deelnemers Lisa Frisk Melberg H\u00e4rnevi Rotbrunna 12 75696 Enk\u00f6ping Pia Hansson H\u00e4rnevi Rotbrunna...","rel":"","context":"In &quot;Tuva &amp; T\u00e4ppa&quot;","block_context":{"text":"Tuva &amp; T\u00e4ppa","link":"https:\/\/www.fjardhundraland.se\/nl\/tuva-tappa\/"},"img":{"alt_text":"Tuva & T\u00e4ppa - bild p\u00e5 blommor i rabatt","src":"https:\/\/i0.wp.com\/www.fjardhundraland.se\/wp-content\/uploads\/2018\/07\/tuva-tappa.jpg?resize=350%2C200&ssl=1","width":350,"height":200,"srcset":"https:\/\/i0.wp.com\/www.fjardhundraland.se\/wp-content\/uploads\/2018\/07\/tuva-tappa.jpg?resize=350%2C200&ssl=1 1x, https:\/\/i0.wp.com\/www.fjardhundraland.se\/wp-content\/uploads\/2018\/07\/tuva-tappa.jpg?resize=525%2C300&ssl=1 1.5x, https:\/\/i0.wp.com\/www.fjardhundraland.se\/wp-content\/uploads\/2018\/07\/tuva-tappa.jpg?resize=700%2C400&ssl=1 2x, https:\/\/i0.wp.com\/www.fjardhundraland.se\/wp-content\/uploads\/2018\/07\/tuva-tappa.jpg?resize=1050%2C600&ssl=1 3x, https:\/\/i0.wp.com\/www.fjardhundraland.se\/wp-content\/uploads\/2018\/07\/tuva-tappa.jpg?resize=1400%2C800&ssl=1 4x"},"classes":[]},{"id":8656,"url":"https:\/\/www.fjardhundraland.se\/nl\/tradgard\/2021\/tuva-tappa-2021\/","url_meta":{"origin":5762,"position":1},"title":"Tuva &amp; t\u00e4ppa 2021","author":"Carl-Erik Ekblom","date":"26 mei 2021","format":false,"excerpt":"Welkom bij Tuva &amp; T\u00e4ppa 2021 Zondag 4 juli om 11-17 uur Tuva &amp; T\u00e4ppa is een tuinwandeling op het platteland tussen Stockholm, Uppsala, V\u00e4ster\u00e5s, Sala en Enk\u00f6ping. 16 deelnemers - kwekerijen, telers en priv\u00e9tuinen - nemen dit jaar deel aan Tuva &amp; T\u00e4ppa.  Bij kwekerijen en telers krijg je zowel inspiratie als de mogelijkheid om...","rel":"","context":"In &quot;\u00c4ldre inl\u00e4gg&quot;","block_context":{"text":"\u00c4ldre inl\u00e4gg","link":"https:\/\/www.fjardhundraland.se\/nl\/aldre-inlagg\/"},"img":{"alt_text":"Tuva & t\u00e4ppa","src":"https:\/\/i0.wp.com\/www.fjardhundraland.se\/wp-content\/uploads\/2021\/05\/tuva.jpg?resize=350%2C200&ssl=1","width":350,"height":200,"srcset":"https:\/\/i0.wp.com\/www.fjardhundraland.se\/wp-content\/uploads\/2021\/05\/tuva.jpg?resize=350%2C200&ssl=1 1x, https:\/\/i0.wp.com\/www.fjardhundraland.se\/wp-content\/uploads\/2021\/05\/tuva.jpg?resize=525%2C300&ssl=1 1.5x, https:\/\/i0.wp.com\/www.fjardhundraland.se\/wp-content\/uploads\/2021\/05\/tuva.jpg?resize=700%2C400&ssl=1 2x, https:\/\/i0.wp.com\/www.fjardhundraland.se\/wp-content\/uploads\/2021\/05\/tuva.jpg?resize=1050%2C600&ssl=1 3x, https:\/\/i0.wp.com\/www.fjardhundraland.se\/wp-content\/uploads\/2021\/05\/tuva.jpg?resize=1400%2C800&ssl=1 4x"},"classes":[]},{"id":10896,"url":"https:\/\/www.fjardhundraland.se\/nl\/tradgard\/2022\/tuva-tappa-2022\/","url_meta":{"origin":5762,"position":2},"title":"Tuva &amp; T\u00e4ppa 2022","author":"Carl-Erik Ekblom","date":"1 juli 2022","format":false,"excerpt":"Welkom bij Tuva &amp; T\u00e4ppa 2022 Zondag 31 juli om 11-17 uur Tuva &amp; T\u00e4ppa is een tuintocht op het platteland tussen Stockholm, Uppsala, V\u00e4ster\u00e5s, Sala en Enk\u00f6ping. Aan Tuva &amp; T\u00e4ppa doen dit jaar 14 deelnemers mee - kwekerijen, telers en priv\u00e9tuinen.  Bij kwekerijen en telers krijg je zowel inspiratie als de mogelijkheid om...","rel":"","context":"In &quot;Tr\u00e4dg\u00e5rd&quot;","block_context":{"text":"Tr\u00e4dg\u00e5rd","link":"https:\/\/www.fjardhundraland.se\/nl\/tradgard\/"},"img":{"alt_text":"Tuva & Ta\u0308ppa 2022","src":"https:\/\/i0.wp.com\/www.fjardhundraland.se\/wp-content\/uploads\/2022\/07\/tuva-tappa-2022.jpg?resize=350%2C200&ssl=1","width":350,"height":200,"srcset":"https:\/\/i0.wp.com\/www.fjardhundraland.se\/wp-content\/uploads\/2022\/07\/tuva-tappa-2022.jpg?resize=350%2C200&ssl=1 1x, https:\/\/i0.wp.com\/www.fjardhundraland.se\/wp-content\/uploads\/2022\/07\/tuva-tappa-2022.jpg?resize=525%2C300&ssl=1 1.5x, https:\/\/i0.wp.com\/www.fjardhundraland.se\/wp-content\/uploads\/2022\/07\/tuva-tappa-2022.jpg?resize=700%2C400&ssl=1 2x, https:\/\/i0.wp.com\/www.fjardhundraland.se\/wp-content\/uploads\/2022\/07\/tuva-tappa-2022.jpg?resize=1050%2C600&ssl=1 3x, https:\/\/i0.wp.com\/www.fjardhundraland.se\/wp-content\/uploads\/2022\/07\/tuva-tappa-2022.jpg?resize=1400%2C800&ssl=1 4x"},"classes":[]},{"id":12584,"url":"https:\/\/www.fjardhundraland.se\/nl\/inlagg\/2023\/tuva-tappa-2023\/","url_meta":{"origin":5762,"position":3},"title":"Tuva &amp; T\u00e4ppa 2023","author":"Carl-Erik Ekblom","date":"27 april 2023","format":false,"excerpt":"Zaterdag 17 juni, 11-17 Welkom bij Fj\u00e4rdhundraland in midzomerpracht! Wanneer de natuur op zijn mooist is, nodigen we je uit in Tuva en T\u00e4ppa, de tocht voor wie ge\u00efnteresseerd is in verbouwen en tuinieren, of gewoon wil genieten van de natuur onder het genot van een kopje koffie. Maak een wandeling over de kronkelende...","rel":"","context":"In &quot;Inl\u00e4gg&quot;","block_context":{"text":"Inl\u00e4gg","link":"https:\/\/www.fjardhundraland.se\/nl\/inlagg\/"},"img":{"alt_text":"Tuva & t\u00e4ppa - bild p\u00e5 v\u00e4xthus fr\u00e5n Lundellska galleriet","src":"https:\/\/i0.wp.com\/www.fjardhundraland.se\/wp-content\/uploads\/2023\/04\/img-20190629-121643-effects.jpg?resize=350%2C200&ssl=1","width":350,"height":200,"srcset":"https:\/\/i0.wp.com\/www.fjardhundraland.se\/wp-content\/uploads\/2023\/04\/img-20190629-121643-effects.jpg?resize=350%2C200&ssl=1 1x, https:\/\/i0.wp.com\/www.fjardhundraland.se\/wp-content\/uploads\/2023\/04\/img-20190629-121643-effects.jpg?resize=525%2C300&ssl=1 1.5x, https:\/\/i0.wp.com\/www.fjardhundraland.se\/wp-content\/uploads\/2023\/04\/img-20190629-121643-effects.jpg?resize=700%2C400&ssl=1 2x, https:\/\/i0.wp.com\/www.fjardhundraland.se\/wp-content\/uploads\/2023\/04\/img-20190629-121643-effects.jpg?resize=1050%2C600&ssl=1 3x, https:\/\/i0.wp.com\/www.fjardhundraland.se\/wp-content\/uploads\/2023\/04\/img-20190629-121643-effects.jpg?resize=1400%2C800&ssl=1 4x"},"classes":[]},{"id":17361,"url":"https:\/\/www.fjardhundraland.se\/nl\/vandring\/2025\/erbjudanden-i-fjardhundraland-nara-upplandsleden\/","url_meta":{"origin":5762,"position":4},"title":"Aanbiedingen in Fj\u00e4rdhundraland bij Upplandsleden","author":"Mats Thorburn","date":"10 februari 2025","format":false,"excerpt":"Accommodatie: Gyllene brunnen: Geniet van luxe glamping in een schilderachtige omgeving. Huur een kano en peddel over de \u00d6rsunda\u00e5n rivier naar de Forsby molen (noord), waar je in het weekend koffie kunt drinken, of naar het zuiden naar de H\u00e4rnevi molen en wandel de Torslunda lus. 1,4 km van Upplandsleden. J\u00e4dra g\u00e5rdshotell: Ervaar de charme van het plattelandsleven in dit boerderijhotel op een paardenboerderij net ten noorden van...","rel":"","context":"In &quot;Vandring&quot;","block_context":{"text":"Vandring","link":"https:\/\/www.fjardhundraland.se\/nl\/vandring\/"},"img":{"alt_text":"Upplandsleden mot Torstuna kyrka","src":"https:\/\/i0.wp.com\/www.fjardhundraland.se\/wp-content\/uploads\/2025\/02\/upplandsleden.jpeg?resize=350%2C200&ssl=1","width":350,"height":200,"srcset":"https:\/\/i0.wp.com\/www.fjardhundraland.se\/wp-content\/uploads\/2025\/02\/upplandsleden.jpeg?resize=350%2C200&ssl=1 1x, https:\/\/i0.wp.com\/www.fjardhundraland.se\/wp-content\/uploads\/2025\/02\/upplandsleden.jpeg?resize=525%2C300&ssl=1 1.5x, https:\/\/i0.wp.com\/www.fjardhundraland.se\/wp-content\/uploads\/2025\/02\/upplandsleden.jpeg?resize=700%2C400&ssl=1 2x, https:\/\/i0.wp.com\/www.fjardhundraland.se\/wp-content\/uploads\/2025\/02\/upplandsleden.jpeg?resize=1050%2C600&ssl=1 3x, https:\/\/i0.wp.com\/www.fjardhundraland.se\/wp-content\/uploads\/2025\/02\/upplandsleden.jpeg?resize=1400%2C800&ssl=1 4x"},"classes":[]},{"id":1379,"url":"https:\/\/www.fjardhundraland.se\/nl\/gardsbutiker\/2013\/rebusrundan-2013\/","url_meta":{"origin":5762,"position":5},"title":"De wijngaardroute 2013","author":"Ylva Fontell","date":"27 juli 2013","format":false,"excerpt":"Neem je familie of vrienden mee op een uitje in Fj\u00e4rdhundraland. Op de zondagen 4 en 11 augustus zijn er extra openingen bij attracties en bedrijven in de hele wijk. Bezoek en winkel, drink koffie, beleef - en doe tegelijkertijd mee aan een leuke en makkelijke rebuswedstrijd! Hier zijn startkaarten en...","rel":"","context":"In &quot;\u00c4ldre inl\u00e4gg&quot;","block_context":{"text":"\u00c4ldre inl\u00e4gg","link":"https:\/\/www.fjardhundraland.se\/nl\/aldre-inlagg\/"},"img":{"alt_text":"","src":"","width":0,"height":0},"classes":[]}],"jetpack_sharing_enabled":true,"_links":{"self":[{"href":"https:\/\/www.fjardhundraland.se\/nl\/wp-json\/wp\/v2\/posts\/5762","targetHints":{"allow":["GET"]}}],"collection":[{"href":"https:\/\/www.fjardhundraland.se\/nl\/wp-json\/wp\/v2\/posts"}],"about":[{"href":"https:\/\/www.fjardhundraland.se\/nl\/wp-json\/wp\/v2\/types\/post"}],"author":[{"embeddable":true,"href":"https:\/\/www.fjardhundraland.se\/nl\/wp-json\/wp\/v2\/users\/1"}],"replies":[{"embeddable":true,"href":"https:\/\/www.fjardhundraland.se\/nl\/wp-json\/wp\/v2\/comments?post=5762"}],"version-history":[{"count":1,"href":"https:\/\/www.fjardhundraland.se\/nl\/wp-json\/wp\/v2\/posts\/5762\/revisions"}],"predecessor-version":[{"id":19798,"href":"https:\/\/www.fjardhundraland.se\/nl\/wp-json\/wp\/v2\/posts\/5762\/revisions\/19798"}],"wp:featuredmedia":[{"embeddable":true,"href":"https:\/\/www.fjardhundraland.se\/nl\/wp-json\/wp\/v2\/media\/5789"}],"wp:attachment":[{"href":"https:\/\/www.fjardhundraland.se\/nl\/wp-json\/wp\/v2\/media?parent=5762"}],"wp:term":[{"taxonomy":"category","embeddable":true,"href":"https:\/\/www.fjardhundraland.se\/nl\/wp-json\/wp\/v2\/categories?post=5762"},{"taxonomy":"post_tag","embeddable":true,"href":"https:\/\/www.fjardhundraland.se\/nl\/wp-json\/wp\/v2\/tags?post=5762"}],"curies":[{"name":"wp","href":"https:\/\/api.w.org\/{rel}","templated":true}]}}