
{"id":5638,"date":"2019-03-25T13:37:48","date_gmt":"2019-03-25T12:37:48","guid":{"rendered":"http:\/\/www.fjardhundraland.se\/?p=5638"},"modified":"2021-03-27T21:52:26","modified_gmt":"2021-03-27T20:52:26","slug":"gidsen-voor-verhalen-in-fjardhundraland","status":"publish","type":"post","link":"https:\/\/www.fjardhundraland.se\/nl\/utflykt\/2019\/storyspot-guidar-i-fjardhundraland\/","title":{"rendered":"Storyspot gidsen in Fj\u00e4rdhundraland"},"content":{"rendered":"<p class=\"p1\"><strong>Storyspot is een app waar je verhalen kunt delen met je eigen stem. Fj\u00e4rdhundraland's eerste Storyspots zijn nu beschikbaar in de app - audiogidsen naar plaatsen langs <a href=\"https:\/\/www.fjardhundraland.se\/nl\/cyclus\/fjardhundralandsleden\/\">Fj\u00e4rdhundralands<\/a>. <\/strong><\/p>\n\n\n\n<p class=\"p1\">We hebben allemaal begeleiding nodig. We reizen door het open platteland op een mooie lentedag, de kleine kerken staan langs de weg - waarom staan ze zo dicht op elkaar? - de runenstenen vertellen verhalen in een taal die we niet begrijpen, net als de vogels ...<\/p>\n\n\n\n<p class=\"p1\">We hebben hulp nodig om te begrijpen wat we zien! Met een gids wordt reizen zinvol.<\/p>\n\n\n\n<h2 class=\"wp-block-heading\">Verhalen onderweg<\/h2>\n\n\n\n<p class=\"p1\"><strong><a href=\"https:\/\/www.storyspot.se\/sv\/\" target=\"_blank\" rel=\"noopener\">Storyspot<\/a> <\/strong>is een app waarmee je onderweg naar verhalen kunt luisteren. In Fj\u00e4rdhundraland zijn een aantal storyspots, die in een paar minuten het verhaal van de plek vertellen, kort en spannend!<\/p>\n\n\n\n<p class=\"p1\">De verteller is \u00c5sa Lansfors Lindblom en de teksten zijn geschreven door Ylva Fontell, met input van Ir\u00e9ne Flygare, G\u00f6ran Ulv\u00e4ng en Gunnar Larsson.<\/p>\n\n\n\n<p class=\"p1\"><a href=\"https:\/\/www.storyspot.se\/sv\/\" target=\"_blank\" rel=\"noopener\">Download de Storyspot<\/a> en doe met ons mee als het landschap begint te spreken!<\/p>\n\n\n\n<p>Het Fj\u00e4rdhundraland fietsteam heeft gewerkt aan nieuwe fietsroutes en nieuwe verhalenplekken. Ze staan nu in de app, <a href=\"https:\/\/www.fjardhundraland.se\/nl\/de-locaties\/gora\/audiogidsen\/\">maar ook op het web<\/a>.<\/p>\n\n\n\n<p><em>Het werk met Fj\u00e4rdhundralandsleden en Storyspot is ondersteund door Leader M\u00e4lardalen.<\/em><\/p>\n\n\n\n<figure class=\"wp-block-image\"><img decoding=\"async\" data-attachment-id=\"5257\" data-permalink=\"https:\/\/www.fjardhundraland.se\/nl\/cykla\/fjardhundralandsleden\/attachment\/logo-leader_malardalen\/\" data-orig-file=\"https:\/\/www.fjardhundraland.se\/wp-content\/uploads\/2018\/06\/logo-leader_malardalen.jpg\" data-orig-size=\"2330,696\" data-comments-opened=\"0\" data-image-meta=\"{&quot;aperture&quot;:&quot;0&quot;,&quot;credit&quot;:&quot;&quot;,&quot;camera&quot;:&quot;&quot;,&quot;caption&quot;:&quot;&quot;,&quot;created_timestamp&quot;:&quot;0&quot;,&quot;copyright&quot;:&quot;&quot;,&quot;focal_length&quot;:&quot;0&quot;,&quot;iso&quot;:&quot;0&quot;,&quot;shutter_speed&quot;:&quot;0&quot;,&quot;title&quot;:&quot;&quot;,&quot;orientation&quot;:&quot;0&quot;}\" data-image-title=\"Logo LEADER_MALARDALEN\" data-image-description=\"\" data-image-caption=\"\" data-large-file=\"https:\/\/www.fjardhundraland.se\/wp-content\/uploads\/2018\/06\/logo-leader_malardalen.jpg\" src=\"https:\/\/www.fjardhundraland.se\/wp-content\/uploads\/2018\/06\/logo-leader_malardalen-300x90.jpg\" alt=\"\" class=\"wp-image-5257\" title=\"\"><\/figure>\n\n\n\n<figure class=\"wp-block-image\"><img decoding=\"async\" data-attachment-id=\"5258\" data-permalink=\"https:\/\/www.fjardhundraland.se\/nl\/cykla\/fjardhundralandsleden\/attachment\/eu-flagga\/\" data-orig-file=\"https:\/\/www.fjardhundraland.se\/wp-content\/uploads\/2018\/06\/eu-flagga.jpg\" data-orig-size=\"278,271\" data-comments-opened=\"0\" data-image-meta=\"{&quot;aperture&quot;:&quot;0&quot;,&quot;credit&quot;:&quot;&quot;,&quot;camera&quot;:&quot;&quot;,&quot;caption&quot;:&quot;&quot;,&quot;created_timestamp&quot;:&quot;0&quot;,&quot;copyright&quot;:&quot;&quot;,&quot;focal_length&quot;:&quot;0&quot;,&quot;iso&quot;:&quot;0&quot;,&quot;shutter_speed&quot;:&quot;0&quot;,&quot;title&quot;:&quot;&quot;,&quot;orientation&quot;:&quot;0&quot;}\" data-image-title=\"EU-flagga\" data-image-description=\"\" data-image-caption=\"\" data-large-file=\"https:\/\/www.fjardhundraland.se\/wp-content\/uploads\/2018\/06\/eu-flagga.jpg\" src=\"https:\/\/www.fjardhundraland.se\/wp-content\/uploads\/2018\/06\/eu-flagga-150x150.jpg\" alt=\"\" class=\"wp-image-5258\" title=\"\"><\/figure>\n\n\n\n<figure class=\"wp-block-image\"><img decoding=\"async\" data-attachment-id=\"5259\" data-permalink=\"https:\/\/www.fjardhundraland.se\/nl\/cykla\/fjardhundralandsleden\/attachment\/leader\/\" data-orig-file=\"https:\/\/www.fjardhundraland.se\/wp-content\/uploads\/2018\/06\/leader.jpg\" data-orig-size=\"763,764\" data-comments-opened=\"0\" data-image-meta=\"{&quot;aperture&quot;:&quot;0&quot;,&quot;credit&quot;:&quot;&quot;,&quot;camera&quot;:&quot;&quot;,&quot;caption&quot;:&quot;&quot;,&quot;created_timestamp&quot;:&quot;0&quot;,&quot;copyright&quot;:&quot;&quot;,&quot;focal_length&quot;:&quot;0&quot;,&quot;iso&quot;:&quot;0&quot;,&quot;shutter_speed&quot;:&quot;0&quot;,&quot;title&quot;:&quot;&quot;,&quot;orientation&quot;:&quot;0&quot;}\" data-image-title=\"Leader\" data-image-description=\"\" data-image-caption=\"\" data-large-file=\"https:\/\/www.fjardhundraland.se\/wp-content\/uploads\/2018\/06\/leader.jpg\" src=\"https:\/\/www.fjardhundraland.se\/wp-content\/uploads\/2018\/06\/leader-150x150.jpg\" alt=\"\" class=\"wp-image-5259\" title=\"\"><\/figure>","protected":false},"excerpt":{"rendered":"<p>Storyspot \u00e4r en app d\u00e4r du kan dela ber\u00e4ttelser med din egen r\u00f6st. Nu finns Fj\u00e4rdhundralands f\u00f6rsta storyspots i appen \u2013 audioguider till platser l\u00e4ngs Fj\u00e4rdhundralandsleden. Vi beh\u00f6ver alla v\u00e4gledning. Vi \u00e5ker genom det \u00f6ppna landskapet en vacker v\u00e5rdag, de sm\u00e5 kyrkorna avl\u00f6ser varandra l\u00e4ngs v\u00e4gen \u2013 varf\u00f6r ligger de s\u00e5 t\u00e4tt? \u2013 runstenarna ber\u00e4ttar [&hellip;]<\/p>\n","protected":false},"author":1,"featured_media":5645,"comment_status":"closed","ping_status":"closed","sticky":false,"template":"","format":"standard","meta":{"_acf_changed":false,"_relevanssi_hide_post":"","_relevanssi_hide_content":"","_relevanssi_pin_for_all":"","_relevanssi_pin_keywords":"","_relevanssi_unpin_keywords":"","_relevanssi_related_keywords":"","_relevanssi_related_include_ids":"","_relevanssi_related_exclude_ids":"","_relevanssi_related_no_append":"","_relevanssi_related_not_related":"","_relevanssi_related_posts":"","_relevanssi_noindex_reason":"","_genesis_hide_title":false,"_genesis_hide_breadcrumbs":false,"_genesis_hide_singular_image":false,"_genesis_hide_footer_widgets":false,"_genesis_custom_body_class":"","_genesis_custom_post_class":"","_genesis_layout":"","_jetpack_memberships_contains_paid_content":false,"footnotes":""},"categories":[87,263,280,89,25],"tags":[],"class_list":{"0":"post-5638","1":"post","2":"type-post","3":"status-publish","4":"format-standard","5":"has-post-thumbnail","7":"category-utflykt","8":"category-cykling","9":"category-svensk-landsbygd","10":"category-turistinformation","11":"category-upplevelser","12":"entry"},"acf":[],"visa":null,"geo_latitude":null,"geo_longitude":null,"jetpack_featured_media_url":"https:\/\/www.fjardhundraland.se\/wp-content\/uploads\/2019\/03\/storyspot-acc88s-puss-1.jpg","featured_image_src":"https:\/\/www.fjardhundraland.se\/wp-content\/uploads\/2019\/03\/storyspot-acc88s-puss-1.jpg","featured_image_src_square":"https:\/\/www.fjardhundraland.se\/wp-content\/uploads\/2019\/03\/storyspot-acc88s-puss-1.jpg","author_info":{"display_name":"Mats Thorburn","author_link":"https:\/\/www.fjardhundraland.se\/nl\/author\/matst\/"},"jetpack-related-posts":[{"id":6130,"url":"https:\/\/www.fjardhundraland.se\/nl\/inlagg\/2019\/nya-ljudguider-i-storyspot\/","url_meta":{"origin":5638,"position":0},"title":"Nieuwe audiogidsen in Storyspot","author":"Mats Thorburn","date":"20 juli 2019","format":false,"excerpt":"Er zijn nu nieuwe audiogidsen beschikbaar, in de Storyspot app, maar ook hier op de website. Er zijn een aantal verschillende verhalen gerelateerd aan de nieuwe fietsroutes. Download Storyspot en luister!","rel":"","context":"In &quot;Inl\u00e4gg&quot;","block_context":{"text":"Inl\u00e4gg","link":"https:\/\/www.fjardhundraland.se\/nl\/inlagg\/"},"img":{"alt_text":"Storyspot A\u0308s puss","src":"https:\/\/i0.wp.com\/www.fjardhundraland.se\/wp-content\/uploads\/2019\/03\/storyspot-acc88s-puss-1.jpg?resize=350%2C200&ssl=1","width":350,"height":200,"srcset":"https:\/\/i0.wp.com\/www.fjardhundraland.se\/wp-content\/uploads\/2019\/03\/storyspot-acc88s-puss-1.jpg?resize=350%2C200&ssl=1 1x, https:\/\/i0.wp.com\/www.fjardhundraland.se\/wp-content\/uploads\/2019\/03\/storyspot-acc88s-puss-1.jpg?resize=525%2C300&ssl=1 1.5x, https:\/\/i0.wp.com\/www.fjardhundraland.se\/wp-content\/uploads\/2019\/03\/storyspot-acc88s-puss-1.jpg?resize=700%2C400&ssl=1 2x, https:\/\/i0.wp.com\/www.fjardhundraland.se\/wp-content\/uploads\/2019\/03\/storyspot-acc88s-puss-1.jpg?resize=1050%2C600&ssl=1 3x, https:\/\/i0.wp.com\/www.fjardhundraland.se\/wp-content\/uploads\/2019\/03\/storyspot-acc88s-puss-1.jpg?resize=1400%2C800&ssl=1 4x"},"classes":[]},{"id":5262,"url":"https:\/\/www.fjardhundraland.se\/nl\/utflykt\/2018\/cykla-i-fjardhundraland\/","url_meta":{"origin":5638,"position":1},"title":"Fietsen in Fj\u00e4rdhundraland","author":"Mats Thorburn","date":"30 juni 2018","format":false,"excerpt":"Fj\u00e4rdhundraland's kronkelende binnenwegen zijn een droom voor fietsers, met veel keuzes, prachtige uitzichten en veel te zien en te doen. We werken eraan om het bezoekers gemakkelijker te maken hun weg te vinden, eten en accommodatie te vinden en begeleiding te krijgen als ze die nodig hebben. Fj\u00e4rdhundralandsleden Om het makkelijk te maken, hebben we...","rel":"","context":"In &quot;Utflykt&quot;","block_context":{"text":"Utflykt","link":"https:\/\/www.fjardhundraland.se\/nl\/utflykt\/"},"img":{"alt_text":"Cyklar parkerade framf\u00f6r Nys\u00e4tra kyrka","src":"https:\/\/i0.wp.com\/www.fjardhundraland.se\/wp-content\/uploads\/2018\/06\/cykling.jpg?resize=350%2C200&ssl=1","width":350,"height":200,"srcset":"https:\/\/i0.wp.com\/www.fjardhundraland.se\/wp-content\/uploads\/2018\/06\/cykling.jpg?resize=350%2C200&ssl=1 1x, https:\/\/i0.wp.com\/www.fjardhundraland.se\/wp-content\/uploads\/2018\/06\/cykling.jpg?resize=525%2C300&ssl=1 1.5x, https:\/\/i0.wp.com\/www.fjardhundraland.se\/wp-content\/uploads\/2018\/06\/cykling.jpg?resize=700%2C400&ssl=1 2x, https:\/\/i0.wp.com\/www.fjardhundraland.se\/wp-content\/uploads\/2018\/06\/cykling.jpg?resize=1050%2C600&ssl=1 3x, https:\/\/i0.wp.com\/www.fjardhundraland.se\/wp-content\/uploads\/2018\/06\/cykling.jpg?resize=1400%2C800&ssl=1 4x"},"classes":[]},{"id":4235,"url":"https:\/\/www.fjardhundraland.se\/nl\/utflykt\/2017\/ak-pa-rallyloppis-1-och-2-juli\/","url_meta":{"origin":5638,"position":2},"title":"Ga naar de Rallyloppis op 1 en 2 juli!","author":"Mats Thorburn","date":"24 mei 2017","format":false,"excerpt":"Het is nu tijd! Het weekend van 1 en 2 juli is de Rallyloppis - een ronde van 80 verkopers op 14 locaties daar! Waar: zie kaart. Wanneer: 1 en 2 juli 2017 om 11-16. Deelnemers Butiken i L\u00f6th - Zeven verkopers + Butiken i L\u00f6th's eigen rommelmarkt. Fika beschikbaar! Altuna Bygdeg\u00e5rd - 12 standhouders met alles ertussen...","rel":"","context":"In &quot;Utflykt&quot;","block_context":{"text":"Utflykt","link":"https:\/\/www.fjardhundraland.se\/nl\/utflykt\/"},"img":{"alt_text":"","src":"https:\/\/i0.wp.com\/www.fjardhundraland.se\/wp-content\/uploads\/2017\/05\/raps-vag-rallyloppis.jpg?resize=350%2C200&ssl=1","width":350,"height":200,"srcset":"https:\/\/i0.wp.com\/www.fjardhundraland.se\/wp-content\/uploads\/2017\/05\/raps-vag-rallyloppis.jpg?resize=350%2C200&ssl=1 1x, https:\/\/i0.wp.com\/www.fjardhundraland.se\/wp-content\/uploads\/2017\/05\/raps-vag-rallyloppis.jpg?resize=525%2C300&ssl=1 1.5x, https:\/\/i0.wp.com\/www.fjardhundraland.se\/wp-content\/uploads\/2017\/05\/raps-vag-rallyloppis.jpg?resize=700%2C400&ssl=1 2x, https:\/\/i0.wp.com\/www.fjardhundraland.se\/wp-content\/uploads\/2017\/05\/raps-vag-rallyloppis.jpg?resize=1050%2C600&ssl=1 3x, https:\/\/i0.wp.com\/www.fjardhundraland.se\/wp-content\/uploads\/2017\/05\/raps-vag-rallyloppis.jpg?resize=1400%2C800&ssl=1 4x"},"classes":[]},{"id":5379,"url":"https:\/\/www.fjardhundraland.se\/nl\/mat\/2018\/smaker-pa-kvek\/","url_meta":{"origin":5638,"position":3},"title":"Smaken van Kvek","author":"Mats Thorburn","date":"11 augustus 2018","format":false,"excerpt":"19e-eeuwse Kvekg\u00e5rden ontmoet Fj\u00e4rdhundraland van 2018 Op zondag 19\/8 nodigt het project Historisch eten in Fj\u00e4rdhundraland je uit voor een dag vol kleinschalig eten en geschiedenis in Kvekg\u00e5rden, de goed bewaarde oude boerderij net buiten \u00d6rsundsbro. Het evenement biedt een andere smaakervaring uit de tijd dat de boerderij in gebruik was, maar je ontmoet ook drie van de huidige...","rel":"","context":"In &quot;\u00c4ldre inl\u00e4gg&quot;","block_context":{"text":"\u00c4ldre inl\u00e4gg","link":"https:\/\/www.fjardhundraland.se\/nl\/aldre-inlagg\/"},"img":{"alt_text":"Kvekga\u030arden","src":"https:\/\/i0.wp.com\/www.fjardhundraland.se\/wp-content\/uploads\/2018\/08\/kvekgacc8arden.jpg?resize=350%2C200&ssl=1","width":350,"height":200,"srcset":"https:\/\/i0.wp.com\/www.fjardhundraland.se\/wp-content\/uploads\/2018\/08\/kvekgacc8arden.jpg?resize=350%2C200&ssl=1 1x, https:\/\/i0.wp.com\/www.fjardhundraland.se\/wp-content\/uploads\/2018\/08\/kvekgacc8arden.jpg?resize=525%2C300&ssl=1 1.5x, https:\/\/i0.wp.com\/www.fjardhundraland.se\/wp-content\/uploads\/2018\/08\/kvekgacc8arden.jpg?resize=700%2C400&ssl=1 2x, https:\/\/i0.wp.com\/www.fjardhundraland.se\/wp-content\/uploads\/2018\/08\/kvekgacc8arden.jpg?resize=1050%2C600&ssl=1 3x, https:\/\/i0.wp.com\/www.fjardhundraland.se\/wp-content\/uploads\/2018\/08\/kvekgacc8arden.jpg?resize=1400%2C800&ssl=1 4x"},"classes":[]},{"id":10896,"url":"https:\/\/www.fjardhundraland.se\/nl\/tradgard\/2022\/tuva-tappa-2022\/","url_meta":{"origin":5638,"position":4},"title":"Tuva &amp; T\u00e4ppa 2022","author":"Carl-Erik Ekblom","date":"1 juli 2022","format":false,"excerpt":"Welkom bij Tuva &amp; T\u00e4ppa 2022 Zondag 31 juli om 11-17 uur Tuva &amp; T\u00e4ppa is een tuintocht op het platteland tussen Stockholm, Uppsala, V\u00e4ster\u00e5s, Sala en Enk\u00f6ping. Aan Tuva &amp; T\u00e4ppa doen dit jaar 14 deelnemers mee - kwekerijen, telers en priv\u00e9tuinen.  Bij kwekerijen en telers krijg je zowel inspiratie als de mogelijkheid om...","rel":"","context":"In &quot;Tr\u00e4dg\u00e5rd&quot;","block_context":{"text":"Tr\u00e4dg\u00e5rd","link":"https:\/\/www.fjardhundraland.se\/nl\/tradgard\/"},"img":{"alt_text":"Tuva & Ta\u0308ppa 2022","src":"https:\/\/i0.wp.com\/www.fjardhundraland.se\/wp-content\/uploads\/2022\/07\/tuva-tappa-2022.jpg?resize=350%2C200&ssl=1","width":350,"height":200,"srcset":"https:\/\/i0.wp.com\/www.fjardhundraland.se\/wp-content\/uploads\/2022\/07\/tuva-tappa-2022.jpg?resize=350%2C200&ssl=1 1x, https:\/\/i0.wp.com\/www.fjardhundraland.se\/wp-content\/uploads\/2022\/07\/tuva-tappa-2022.jpg?resize=525%2C300&ssl=1 1.5x, https:\/\/i0.wp.com\/www.fjardhundraland.se\/wp-content\/uploads\/2022\/07\/tuva-tappa-2022.jpg?resize=700%2C400&ssl=1 2x, https:\/\/i0.wp.com\/www.fjardhundraland.se\/wp-content\/uploads\/2022\/07\/tuva-tappa-2022.jpg?resize=1050%2C600&ssl=1 3x, https:\/\/i0.wp.com\/www.fjardhundraland.se\/wp-content\/uploads\/2022\/07\/tuva-tappa-2022.jpg?resize=1400%2C800&ssl=1 4x"},"classes":[]},{"id":3293,"url":"https:\/\/www.fjardhundraland.se\/nl\/press\/2016\/tre-kafeer-fran-fjardhundraland-nya-white-guide\/","url_meta":{"origin":5638,"position":5},"title":"Drie Fj\u00e4rdhundraland-caf\u00e9s in de nieuwe Witte Gids","author":"Mats Thorburn","date":"13 mei 2016","format":false,"excerpt":"Het is nu bekend welke caf\u00e9s dit jaar in de editie van Witte Gids Caf\u00e9 worden opgenomen. Tot nu toe zijn negen caf\u00e9s uit Uppland door het oog van de naald gekropen - en dit jaar komen daar maar liefst drie caf\u00e9s uit Fj\u00e4rdhundraland bij. Het zijn Forsby kvarn caf\u00e9, Kr\u00e5kvilan bakkerij en Resta boerderij die...","rel":"","context":"In &quot;Press&quot;","block_context":{"text":"Press","link":"https:\/\/www.fjardhundraland.se\/nl\/press\/"},"img":{"alt_text":"Kr\u00e5kvilan Marianne","src":"https:\/\/i0.wp.com\/www.fjardhundraland.se\/wp-content\/uploads\/2014\/02\/Krakvilan_Marianne.jpg?resize=350%2C200&ssl=1","width":350,"height":200,"srcset":"https:\/\/i0.wp.com\/www.fjardhundraland.se\/wp-content\/uploads\/2014\/02\/Krakvilan_Marianne.jpg?resize=350%2C200&ssl=1 1x, https:\/\/i0.wp.com\/www.fjardhundraland.se\/wp-content\/uploads\/2014\/02\/Krakvilan_Marianne.jpg?resize=525%2C300&ssl=1 1.5x, https:\/\/i0.wp.com\/www.fjardhundraland.se\/wp-content\/uploads\/2014\/02\/Krakvilan_Marianne.jpg?resize=700%2C400&ssl=1 2x, https:\/\/i0.wp.com\/www.fjardhundraland.se\/wp-content\/uploads\/2014\/02\/Krakvilan_Marianne.jpg?resize=1050%2C600&ssl=1 3x, https:\/\/i0.wp.com\/www.fjardhundraland.se\/wp-content\/uploads\/2014\/02\/Krakvilan_Marianne.jpg?resize=1400%2C800&ssl=1 4x"},"classes":[]}],"jetpack_sharing_enabled":true,"_links":{"self":[{"href":"https:\/\/www.fjardhundraland.se\/nl\/wp-json\/wp\/v2\/posts\/5638","targetHints":{"allow":["GET"]}}],"collection":[{"href":"https:\/\/www.fjardhundraland.se\/nl\/wp-json\/wp\/v2\/posts"}],"about":[{"href":"https:\/\/www.fjardhundraland.se\/nl\/wp-json\/wp\/v2\/types\/post"}],"author":[{"embeddable":true,"href":"https:\/\/www.fjardhundraland.se\/nl\/wp-json\/wp\/v2\/users\/1"}],"replies":[{"embeddable":true,"href":"https:\/\/www.fjardhundraland.se\/nl\/wp-json\/wp\/v2\/comments?post=5638"}],"version-history":[{"count":0,"href":"https:\/\/www.fjardhundraland.se\/nl\/wp-json\/wp\/v2\/posts\/5638\/revisions"}],"wp:featuredmedia":[{"embeddable":true,"href":"https:\/\/www.fjardhundraland.se\/nl\/wp-json\/wp\/v2\/media\/5645"}],"wp:attachment":[{"href":"https:\/\/www.fjardhundraland.se\/nl\/wp-json\/wp\/v2\/media?parent=5638"}],"wp:term":[{"taxonomy":"category","embeddable":true,"href":"https:\/\/www.fjardhundraland.se\/nl\/wp-json\/wp\/v2\/categories?post=5638"},{"taxonomy":"post_tag","embeddable":true,"href":"https:\/\/www.fjardhundraland.se\/nl\/wp-json\/wp\/v2\/tags?post=5638"}],"curies":[{"name":"wp","href":"https:\/\/api.w.org\/{rel}","templated":true}]}}