
{"id":5318,"date":"2018-07-15T11:43:07","date_gmt":"2018-07-15T09:43:07","guid":{"rendered":"http:\/\/www.fjardhundraland.se\/?p=5318"},"modified":"2026-02-05T13:42:59","modified_gmt":"2026-02-05T12:42:59","slug":"tuva-tappa-tradgards-ronde-2018","status":"publish","type":"post","link":"https:\/\/www.fjardhundraland.se\/nl\/tuva-tappa\/2018\/tuva-tappa-tradgardsrunda-2018\/","title":{"rendered":"Tuva &amp; T\u00e4ppa 2018"},"content":{"rendered":"<h2>Tuva &amp; T\u00e4ppa - de tuinrondleiding van Fj\u00e4rdhundraland<\/h2>\n<p>Bezoek tentoongestelde tuinen en boerderijen\u00a0<strong>Zaterdag 28 juli<\/strong> op <strong>11-17<\/strong>. Praat over tuinieren en kweken met enthousiastelingen en professionele kwekers. Doe inspiratie op en krijg tips over wat je thuis in je eigen tuin kunt doen.<\/p>\n<h3>Deelnemers<\/h3>\n<p><strong>Lisa Frisk Melberg<\/strong> H\u00e4rnevi Rotbrunna 12 75696 Enk\u00f6ping<br \/>\n<strong>Mevrouw Pia Hansson<\/strong> H\u00e4rnevi Rotbrunna 11 75696 Enk\u00f6ping<br \/>\nTwee buren die een interesse in tuinieren delen - twee totaal verschillende tuinen zowel in kleur als vorm. Koffie beschikbaar.<\/p>\n<p><strong>Boerderij Sunnansj\u00f6<\/strong> \u00d6sterunda K\u00e4lsta 7, 74496 J\u00e4rl\u00e5sa<br \/>\nGroentetuin, kwekerij, hazelnoot- en appelbomen en een grote siertuin met vaste planten en een nieuw aangeplante rozentuin. Fika.<br \/>\nGeorganiseerde rondleidingen om 12:00 en 14:00 uur.<\/p>\n<p><strong>Jultorpet tuin<\/strong> Julmyra239 Jultorpet 74491 Heby<br \/>\nEen interessante mix van ambachten, jam en het verbouwen van verschillende groenten en bloemen.<\/p>\n<p><strong>Tonijntuin<\/strong> 74962 \u00d6rsundsbro<br \/>\nTijdens de tuinierdag zal Tuna een grote collectie verschillende rozen te koop hebben, waar je feiten kunt krijgen over de specifieke roos waar je benieuwd naar bent. Planten\/<wbr \/>zorgadvies. Koffie<\/p>\n<p><strong>Lundellska Galerij<\/strong> Simtuna Kokkola 8 74971 Fj\u00e4rdhundra<br \/>\nIn de galerie wordt een expositie gehouden met de tuin als inspiratiebron. 7 dames hebben met klei gewerkt en tonen hun werk in de galerie. Aquarel door Gunilla Lundell. Mooie tuin met verschillende kamers en veel bijzondere planten en beelden. Hier is koffie met zelfgemaakte..... ook sandwich.<\/p>\n<p><strong>Marianne Sj\u00f6din\u00a0<\/strong>Kr\u00e5kvilan Nys\u00e4tra Hammarby 21 74963 \u00d6rsundsbro.<br \/>\nEr is ook koffie met zelfgebakken brood en een prachtige tuin waar verschillende bloemperken elkaar opvolgen in een harmonieus en duidelijk patroon, hier vind je het net iets anders en interessant in vele planten.<\/p>\n<p><strong>De tuin van Svartb\u00e4ckens<\/strong>, Nys\u00e4tra Svartb\u00e4cken 74963 \u00d6rsundsbro<br \/>\nGroenteteelt maar ook fruitbomen en bloemen waar je de iets andere boom kunt vinden om te kopen.<\/p>\n<p><iframe src=\"https:\/\/www.google.com\/maps\/d\/u\/3\/embed?mid=1v2KOG05HjNCW7DqPm97eWMsjWQraaz0c\" width=\"100%\" height=\"680\"><\/iframe><\/p>","protected":false},"excerpt":{"rendered":"<p>Tuva &amp; T\u00e4ppa \u2013 Fj\u00e4rdhundralands tr\u00e4dg\u00e5rdsrunda Bes\u00f6k visningstr\u00e4dg\u00e5rdar och odlingar\u00a0l\u00f6rdagen den 28 juli kl 11\u201317. Prata tr\u00e4dg\u00e5rd och odling med entusiasterna och yrkesodlarna. F\u00e5 inspiration och tips om hur du kan g\u00f6ra hemma i din egen t\u00e4ppa. Medverkande Lisa Frisk Melberg H\u00e4rnevi Rotbrunna 12 75696 Enk\u00f6ping Pia Hansson H\u00e4rnevi Rotbrunna 11 75696 Enk\u00f6ping Tv\u00e5 grannar [&hellip;]<\/p>\n","protected":false},"author":1,"featured_media":5348,"comment_status":"closed","ping_status":"closed","sticky":false,"template":"","format":"standard","meta":{"_acf_changed":false,"_relevanssi_hide_post":"","_relevanssi_hide_content":"","_relevanssi_pin_for_all":"","_relevanssi_pin_keywords":"","_relevanssi_unpin_keywords":"","_relevanssi_related_keywords":"","_relevanssi_related_include_ids":"","_relevanssi_related_exclude_ids":"","_relevanssi_related_no_append":"","_relevanssi_related_not_related":"","_relevanssi_related_posts":"","_relevanssi_noindex_reason":"Rank Math Uteslut fr\u00e5n Relevanssi index","_genesis_hide_title":false,"_genesis_hide_breadcrumbs":false,"_genesis_hide_singular_image":false,"_genesis_hide_footer_widgets":false,"_genesis_custom_body_class":"","_genesis_custom_post_class":"","_genesis_layout":"","_jetpack_memberships_contains_paid_content":false,"footnotes":""},"categories":[250,353,24,25,87],"tags":[352],"class_list":{"0":"post-5318","1":"post","2":"type-post","3":"status-publish","4":"format-standard","5":"has-post-thumbnail","7":"category-tuva-tappa","8":"category-aldre-inlagg","9":"category-tradgard","10":"category-upplevelser","11":"category-utflykt","12":"tag-aldre-inlagg","13":"entry"},"acf":[],"visa":null,"geo_latitude":null,"geo_longitude":null,"jetpack_featured_media_url":"https:\/\/www.fjardhundraland.se\/wp-content\/uploads\/2018\/07\/tuva-tappa.jpg","featured_image_src":"https:\/\/www.fjardhundraland.se\/wp-content\/uploads\/2018\/07\/tuva-tappa.jpg","featured_image_src_square":"https:\/\/www.fjardhundraland.se\/wp-content\/uploads\/2018\/07\/tuva-tappa.jpg","author_info":{"display_name":"Mats Thorburn","author_link":"https:\/\/www.fjardhundraland.se\/nl\/author\/matst\/"},"jetpack-related-posts":[{"id":5762,"url":"https:\/\/www.fjardhundraland.se\/nl\/tuva-tappa\/2019\/tuva-tappa-2019\/","url_meta":{"origin":5318,"position":0},"title":"Tuva &amp; quilt 2019","author":"Mats Thorburn","date":"4 juni 2019","format":false,"excerpt":"Het is groene tijd! Dat vieren we met een zomertour langs priv\u00e9tuinen en kwekerijen die open zijn en waar je ervaringen en kennis kunt opdoen. Je kunt deze plekken bezoeken op zaterdag 29 juni om 11-17. (Hier is een afdrukbare kaart.) Deelnemers Lundellska Galleriet Simtuna Karleby 8 74971 Fj\u00e4rdhundra Vernissage met KreaLera, tuin-gerelateerd steengoed...","rel":"","context":"In &quot;Tuva &amp; T\u00e4ppa&quot;","block_context":{"text":"Tuva &amp; T\u00e4ppa","link":"https:\/\/www.fjardhundraland.se\/nl\/tuva-tappa\/"},"img":{"alt_text":"Bild p\u00e5 blomsterrabatt under tr\u00e4dg\u00e5rdsrundan Tuva & T\u00e4ppa","src":"https:\/\/i0.wp.com\/www.fjardhundraland.se\/wp-content\/uploads\/2019\/06\/tuva-tacc88ppa-tracc88dgacc8ardsrunda.jpg?resize=350%2C200&ssl=1","width":350,"height":200,"srcset":"https:\/\/i0.wp.com\/www.fjardhundraland.se\/wp-content\/uploads\/2019\/06\/tuva-tacc88ppa-tracc88dgacc8ardsrunda.jpg?resize=350%2C200&ssl=1 1x, https:\/\/i0.wp.com\/www.fjardhundraland.se\/wp-content\/uploads\/2019\/06\/tuva-tacc88ppa-tracc88dgacc8ardsrunda.jpg?resize=525%2C300&ssl=1 1.5x, https:\/\/i0.wp.com\/www.fjardhundraland.se\/wp-content\/uploads\/2019\/06\/tuva-tacc88ppa-tracc88dgacc8ardsrunda.jpg?resize=700%2C400&ssl=1 2x, https:\/\/i0.wp.com\/www.fjardhundraland.se\/wp-content\/uploads\/2019\/06\/tuva-tacc88ppa-tracc88dgacc8ardsrunda.jpg?resize=1050%2C600&ssl=1 3x, https:\/\/i0.wp.com\/www.fjardhundraland.se\/wp-content\/uploads\/2019\/06\/tuva-tacc88ppa-tracc88dgacc8ardsrunda.jpg?resize=1400%2C800&ssl=1 4x"},"classes":[]},{"id":8656,"url":"https:\/\/www.fjardhundraland.se\/nl\/tradgard\/2021\/tuva-tappa-2021\/","url_meta":{"origin":5318,"position":1},"title":"Tuva &amp; t\u00e4ppa 2021","author":"Carl-Erik Ekblom","date":"26 mei 2021","format":false,"excerpt":"Welkom bij Tuva &amp; T\u00e4ppa 2021 Zondag 4 juli om 11-17 uur Tuva &amp; T\u00e4ppa is een tuinwandeling op het platteland tussen Stockholm, Uppsala, V\u00e4ster\u00e5s, Sala en Enk\u00f6ping. 16 deelnemers - kwekerijen, telers en priv\u00e9tuinen - nemen dit jaar deel aan Tuva &amp; T\u00e4ppa.  Bij kwekerijen en telers krijg je zowel inspiratie als de mogelijkheid om...","rel":"","context":"In &quot;\u00c4ldre inl\u00e4gg&quot;","block_context":{"text":"\u00c4ldre inl\u00e4gg","link":"https:\/\/www.fjardhundraland.se\/nl\/aldre-inlagg\/"},"img":{"alt_text":"Tuva & t\u00e4ppa","src":"https:\/\/i0.wp.com\/www.fjardhundraland.se\/wp-content\/uploads\/2021\/05\/tuva.jpg?resize=350%2C200&ssl=1","width":350,"height":200,"srcset":"https:\/\/i0.wp.com\/www.fjardhundraland.se\/wp-content\/uploads\/2021\/05\/tuva.jpg?resize=350%2C200&ssl=1 1x, https:\/\/i0.wp.com\/www.fjardhundraland.se\/wp-content\/uploads\/2021\/05\/tuva.jpg?resize=525%2C300&ssl=1 1.5x, https:\/\/i0.wp.com\/www.fjardhundraland.se\/wp-content\/uploads\/2021\/05\/tuva.jpg?resize=700%2C400&ssl=1 2x, https:\/\/i0.wp.com\/www.fjardhundraland.se\/wp-content\/uploads\/2021\/05\/tuva.jpg?resize=1050%2C600&ssl=1 3x, https:\/\/i0.wp.com\/www.fjardhundraland.se\/wp-content\/uploads\/2021\/05\/tuva.jpg?resize=1400%2C800&ssl=1 4x"},"classes":[]},{"id":10896,"url":"https:\/\/www.fjardhundraland.se\/nl\/tradgard\/2022\/tuva-tappa-2022\/","url_meta":{"origin":5318,"position":2},"title":"Tuva &amp; T\u00e4ppa 2022","author":"Carl-Erik Ekblom","date":"1 juli 2022","format":false,"excerpt":"Welkom bij Tuva &amp; T\u00e4ppa 2022 Zondag 31 juli om 11-17 uur Tuva &amp; T\u00e4ppa is een tuintocht op het platteland tussen Stockholm, Uppsala, V\u00e4ster\u00e5s, Sala en Enk\u00f6ping. Aan Tuva &amp; T\u00e4ppa doen dit jaar 14 deelnemers mee - kwekerijen, telers en priv\u00e9tuinen.  Bij kwekerijen en telers krijg je zowel inspiratie als de mogelijkheid om...","rel":"","context":"In &quot;Tr\u00e4dg\u00e5rd&quot;","block_context":{"text":"Tr\u00e4dg\u00e5rd","link":"https:\/\/www.fjardhundraland.se\/nl\/tradgard\/"},"img":{"alt_text":"Tuva & Ta\u0308ppa 2022","src":"https:\/\/i0.wp.com\/www.fjardhundraland.se\/wp-content\/uploads\/2022\/07\/tuva-tappa-2022.jpg?resize=350%2C200&ssl=1","width":350,"height":200,"srcset":"https:\/\/i0.wp.com\/www.fjardhundraland.se\/wp-content\/uploads\/2022\/07\/tuva-tappa-2022.jpg?resize=350%2C200&ssl=1 1x, https:\/\/i0.wp.com\/www.fjardhundraland.se\/wp-content\/uploads\/2022\/07\/tuva-tappa-2022.jpg?resize=525%2C300&ssl=1 1.5x, https:\/\/i0.wp.com\/www.fjardhundraland.se\/wp-content\/uploads\/2022\/07\/tuva-tappa-2022.jpg?resize=700%2C400&ssl=1 2x, https:\/\/i0.wp.com\/www.fjardhundraland.se\/wp-content\/uploads\/2022\/07\/tuva-tappa-2022.jpg?resize=1050%2C600&ssl=1 3x, https:\/\/i0.wp.com\/www.fjardhundraland.se\/wp-content\/uploads\/2022\/07\/tuva-tappa-2022.jpg?resize=1400%2C800&ssl=1 4x"},"classes":[]},{"id":12584,"url":"https:\/\/www.fjardhundraland.se\/nl\/inlagg\/2023\/tuva-tappa-2023\/","url_meta":{"origin":5318,"position":3},"title":"Tuva &amp; T\u00e4ppa 2023","author":"Carl-Erik Ekblom","date":"27 april 2023","format":false,"excerpt":"Zaterdag 17 juni, 11-17 Welkom bij Fj\u00e4rdhundraland in midzomerpracht! Wanneer de natuur op zijn mooist is, nodigen we je uit in Tuva en T\u00e4ppa, de tocht voor wie ge\u00efnteresseerd is in verbouwen en tuinieren, of gewoon wil genieten van de natuur onder het genot van een kopje koffie. Maak een wandeling over de kronkelende...","rel":"","context":"In &quot;Inl\u00e4gg&quot;","block_context":{"text":"Inl\u00e4gg","link":"https:\/\/www.fjardhundraland.se\/nl\/inlagg\/"},"img":{"alt_text":"Tuva & t\u00e4ppa - bild p\u00e5 v\u00e4xthus fr\u00e5n Lundellska galleriet","src":"https:\/\/i0.wp.com\/www.fjardhundraland.se\/wp-content\/uploads\/2023\/04\/img-20190629-121643-effects.jpg?resize=350%2C200&ssl=1","width":350,"height":200,"srcset":"https:\/\/i0.wp.com\/www.fjardhundraland.se\/wp-content\/uploads\/2023\/04\/img-20190629-121643-effects.jpg?resize=350%2C200&ssl=1 1x, https:\/\/i0.wp.com\/www.fjardhundraland.se\/wp-content\/uploads\/2023\/04\/img-20190629-121643-effects.jpg?resize=525%2C300&ssl=1 1.5x, https:\/\/i0.wp.com\/www.fjardhundraland.se\/wp-content\/uploads\/2023\/04\/img-20190629-121643-effects.jpg?resize=700%2C400&ssl=1 2x, https:\/\/i0.wp.com\/www.fjardhundraland.se\/wp-content\/uploads\/2023\/04\/img-20190629-121643-effects.jpg?resize=1050%2C600&ssl=1 3x, https:\/\/i0.wp.com\/www.fjardhundraland.se\/wp-content\/uploads\/2023\/04\/img-20190629-121643-effects.jpg?resize=1400%2C800&ssl=1 4x"},"classes":[]},{"id":623,"url":"https:\/\/www.fjardhundraland.se\/nl\/gardsbutiker\/2011\/skordetid-i-harnevi\/","url_meta":{"origin":5318,"position":4},"title":"Oogsttijd in H\u00e4rnevi","author":"Mats Thorburn","date":"20 augustus 2011","format":false,"excerpt":"Kwekerij H\u00e4rnevi staat in de omgeving bekend om zijn mooie bloeiende planten uit eigen kweek. Maar deze tijd van het jaar hebben ze ook een mooie selectie van hun eigen en lokaal geteelde groenten.","rel":"","context":"In &quot;\u00c4ldre inl\u00e4gg&quot;","block_context":{"text":"\u00c4ldre inl\u00e4gg","link":"https:\/\/www.fjardhundraland.se\/nl\/aldre-inlagg\/"},"img":{"alt_text":"Gr\u00f6nsaker fr\u00e5n H\u00e4rnevi plantskola","src":"https:\/\/i0.wp.com\/www.fjardhundraland.se\/wp-content\/uploads\/2011\/08\/harnevi-1-630x420.jpg?resize=350%2C200&ssl=1","width":350,"height":200,"srcset":"https:\/\/i0.wp.com\/www.fjardhundraland.se\/wp-content\/uploads\/2011\/08\/harnevi-1-630x420.jpg?resize=350%2C200&ssl=1 1x, https:\/\/i0.wp.com\/www.fjardhundraland.se\/wp-content\/uploads\/2011\/08\/harnevi-1-630x420.jpg?resize=525%2C300&ssl=1 1.5x"},"classes":[]},{"id":4395,"url":"https:\/\/www.fjardhundraland.se\/nl\/tuva-tappa\/2017\/tyck-till-om-tuva-tappa\/","url_meta":{"origin":5318,"position":5},"title":"Geef je mening over Tuva &amp; T\u00e4ppa!","author":"Mats Thorburn","date":"9 juli 2017","format":false,"excerpt":"Bedankt aan alle tuinliefhebbers die naar Tuva &amp; T\u00e4ppa zijn gekomen! Wat vond je ervan? Help ons Tuva &amp; t\u00e4ppa volgend jaar nog beter te maken door een paar vragen te beantwoorden. Hartelijk dank! Klik hier om de enqu\u00eate te openen.","rel":"","context":"In &quot;Tuva &amp; T\u00e4ppa&quot;","block_context":{"text":"Tuva &amp; T\u00e4ppa","link":"https:\/\/www.fjardhundraland.se\/nl\/tuva-tappa\/"},"img":{"alt_text":"Gr\u00f6nsaker p\u00e5 tr\u00e4dg\u00e5rdsrunda Tuva & T\u00e4ppa","src":"https:\/\/i0.wp.com\/www.fjardhundraland.se\/wp-content\/uploads\/2017\/07\/tuva-tacc88ppa-resta-gacc8ard.jpg?resize=350%2C200&ssl=1","width":350,"height":200,"srcset":"https:\/\/i0.wp.com\/www.fjardhundraland.se\/wp-content\/uploads\/2017\/07\/tuva-tacc88ppa-resta-gacc8ard.jpg?resize=350%2C200&ssl=1 1x, https:\/\/i0.wp.com\/www.fjardhundraland.se\/wp-content\/uploads\/2017\/07\/tuva-tacc88ppa-resta-gacc8ard.jpg?resize=525%2C300&ssl=1 1.5x, https:\/\/i0.wp.com\/www.fjardhundraland.se\/wp-content\/uploads\/2017\/07\/tuva-tacc88ppa-resta-gacc8ard.jpg?resize=700%2C400&ssl=1 2x, https:\/\/i0.wp.com\/www.fjardhundraland.se\/wp-content\/uploads\/2017\/07\/tuva-tacc88ppa-resta-gacc8ard.jpg?resize=1050%2C600&ssl=1 3x, https:\/\/i0.wp.com\/www.fjardhundraland.se\/wp-content\/uploads\/2017\/07\/tuva-tacc88ppa-resta-gacc8ard.jpg?resize=1400%2C800&ssl=1 4x"},"classes":[]}],"jetpack_sharing_enabled":true,"_links":{"self":[{"href":"https:\/\/www.fjardhundraland.se\/nl\/wp-json\/wp\/v2\/posts\/5318","targetHints":{"allow":["GET"]}}],"collection":[{"href":"https:\/\/www.fjardhundraland.se\/nl\/wp-json\/wp\/v2\/posts"}],"about":[{"href":"https:\/\/www.fjardhundraland.se\/nl\/wp-json\/wp\/v2\/types\/post"}],"author":[{"embeddable":true,"href":"https:\/\/www.fjardhundraland.se\/nl\/wp-json\/wp\/v2\/users\/1"}],"replies":[{"embeddable":true,"href":"https:\/\/www.fjardhundraland.se\/nl\/wp-json\/wp\/v2\/comments?post=5318"}],"version-history":[{"count":1,"href":"https:\/\/www.fjardhundraland.se\/nl\/wp-json\/wp\/v2\/posts\/5318\/revisions"}],"predecessor-version":[{"id":19601,"href":"https:\/\/www.fjardhundraland.se\/nl\/wp-json\/wp\/v2\/posts\/5318\/revisions\/19601"}],"wp:featuredmedia":[{"embeddable":true,"href":"https:\/\/www.fjardhundraland.se\/nl\/wp-json\/wp\/v2\/media\/5348"}],"wp:attachment":[{"href":"https:\/\/www.fjardhundraland.se\/nl\/wp-json\/wp\/v2\/media?parent=5318"}],"wp:term":[{"taxonomy":"category","embeddable":true,"href":"https:\/\/www.fjardhundraland.se\/nl\/wp-json\/wp\/v2\/categories?post=5318"},{"taxonomy":"post_tag","embeddable":true,"href":"https:\/\/www.fjardhundraland.se\/nl\/wp-json\/wp\/v2\/tags?post=5318"}],"curies":[{"name":"wp","href":"https:\/\/api.w.org\/{rel}","templated":true}]}}