
{"id":5295,"date":"2018-07-10T15:45:43","date_gmt":"2018-07-10T13:45:43","guid":{"rendered":"http:\/\/www.fjardhundraland.se\/?p=5295"},"modified":"2026-02-05T13:42:59","modified_gmt":"2026-02-05T12:42:59","slug":"twee-zomerjubilea","status":"publish","type":"post","link":"https:\/\/www.fjardhundraland.se\/nl\/upplevelser\/2018\/tva-sommarjubileer\/","title":{"rendered":"Twee zomerjubilea"},"content":{"rendered":"<p>Gefeliciteerd\u00a0\u00a0<a href=\"https:\/\/www.fjardhundraland.se\/nl\/gerechten\/kasteel-cafe-salnecke\/\">Kasteelcaf\u00e9 Salnecke<\/a> en <a href=\"https:\/\/www.fjardhundraland.se\/nl\/gerechten\/dunderbo-kaarsen-en-ambachten\/\">Dunderbo Licht &amp; Ambacht <\/a>\u00a0dat in juli zijn verjaardag viert! Dit zijn twee prachtige plaatsen die het plattelandsleven aangenamer maken.<\/p>\n<p>Een jaar geleden begonnen we met <a href=\"https:\/\/www.fjardhundraland.se\/nl\/gerechten\/kasteel-cafe-salnecke\/\">Kasteelcaf\u00e9 Salnecke, Kaas &amp; Deli<\/a> haar activiteiten. Het eenjarig bestaan moet natuurlijk gevierd worden! Op zaterdag 14 juli is er buiten het caf\u00e9 een markt met lokale producten. Binnen kun je zoals gewoonlijk de goede kazen van Skogsbacken kopen en lunchen of koffiedrinken met zelfgebakken lekkernijen. Misschien wil je je eerste verjaardag vieren met iets sterkers in een glas? Dat kan, Salnecke Slottscaf\u00e9 heeft nu alle rechten.<\/p>\n<p>Het weekend daarop, 21-22 juli, is er weer een jubileum. Dan vieren we het volgende <a href=\"https:\/\/www.fjardhundraland.se\/nl\/gerechten\/dunderbo-kaarsen-en-ambachten\/\">Dunderbo Licht &amp; Ambacht<\/a> dat het tien jaar geleden is dat de gezellige handwerkkraam voor het eerst zijn deuren opende. Ter ere van het jubileum hebben Annika en B\u00f6rje een traditionele voedseltentoonstelling samengesteld.<\/p>\n<p>In de tuin is een caf\u00e9 met zelfgebakken broodjes en cake.<\/p>\n<div class=\"tiled-gallery type-rectangular tiled-gallery-unresized\" data-original-width=\"500\" data-carousel-extra='{&quot;blog_id&quot;:1,&quot;permalink&quot;:&quot;https:\\\/\\\/www.fjardhundraland.se\\\/nl\\\/upplevelser\\\/2018\\\/tva-sommarjubileer\\\/&quot;,&quot;likes_blog_id&quot;:66652000}' itemscope itemtype=\"http:\/\/schema.org\/ImageGallery\" > <div class=\"gallery-row\" style=\"width: 500px; height: 250px;\" data-original-width=\"500\" data-original-height=\"250\" > <div class=\"gallery-group images-1\" style=\"width: 332px; height: 250px;\" data-original-width=\"332\" data-original-height=\"250\" > <div class=\"tiled-gallery-item tiled-gallery-item-large\" itemprop=\"associatedMedia\" itemscope itemtype=\"http:\/\/schema.org\/ImageObject\"> <a href=\"https:\/\/www.fjardhundraland.se\/nl\/upplevelser\/2018\/tva-sommarjubileer\/attachment\/dunderbo-ljus-hantverk\/\" border=\"0\" itemprop=\"url\"> <meta itemprop=\"width\" content=\"328\"> <meta itemprop=\"height\" content=\"246\"> <img decoding=\"async\" class=\"\" data-attachment-id=\"5297\" data-orig-file=\"https:\/\/www.fjardhundraland.se\/wp-content\/uploads\/2018\/07\/dunderbo-ljus-hantverk-fjardhundraland-loppisrundan-loppisrundan2018-200518-47.jpg\" data-orig-size=\"2500,1877\" data-comments-opened=\"\" data-image-meta=\"{&quot;aperture&quot;:&quot;3.5&quot;,&quot;credit&quot;:&quot;&quot;,&quot;camera&quot;:&quot;DMC-G80&quot;,&quot;caption&quot;:&quot;&quot;,&quot;created_timestamp&quot;:&quot;1526816687&quot;,&quot;copyright&quot;:&quot;&quot;,&quot;focal_length&quot;:&quot;12&quot;,&quot;iso&quot;:&quot;200&quot;,&quot;shutter_speed&quot;:&quot;0.01&quot;,&quot;title&quot;:&quot;Dunderbo Ljus \\u0026amp; hantverk&quot;,&quot;orientation&quot;:&quot;1&quot;}\" data-image-title=\"Dunderbo Ljus &amp;#038; hantverk-Fj\u00e4rdhundraland, Loppisrundan, Loppisrundan2018-200518-47\" data-image-description=\"\" data-medium-file=\"https:\/\/www.fjardhundraland.se\/wp-content\/uploads\/2018\/07\/dunderbo-ljus-hantverk-fjardhundraland-loppisrundan-loppisrundan2018-200518-47.jpg\" data-large-file=\"https:\/\/www.fjardhundraland.se\/wp-content\/uploads\/2018\/07\/dunderbo-ljus-hantverk-fjardhundraland-loppisrundan-loppisrundan2018-200518-47.jpg\" src=\"https:\/\/i0.wp.com\/www.fjardhundraland.se\/wp-content\/uploads\/2018\/07\/dunderbo-ljus-hantverk-fjardhundraland-loppisrundan-loppisrundan2018-200518-47.jpg?w=328&#038;h=246&#038;ssl=1\" width=\"328\" height=\"246\" loading=\"lazy\" data-original-width=\"328\" data-original-height=\"246\" itemprop=\"http:\/\/schema.org\/image\" title=\"Dunderbo Kaarsen &amp; Ambachten-Fj\u00e4rdhundraland, Loppisrundan, Loppisrundan2018-200518-47\" alt=\"Dunderbo Kaarsen &amp; Ambachten-Fj\u00e4rdhundraland, Loppisrundan, Loppisrundan2018-200518-47\" style=\"width: 328px; height: 246px;\" \/> <\/a> <\/div> <\/div> <!-- close group --> <div class=\"gallery-group images-1\" style=\"width: 168px; height: 250px;\" data-original-width=\"168\" data-original-height=\"250\" > <div class=\"tiled-gallery-item tiled-gallery-item-small\" itemprop=\"associatedMedia\" itemscope itemtype=\"http:\/\/schema.org\/ImageObject\"> <a href=\"https:\/\/www.fjardhundraland.se\/nl\/upplevelser\/2018\/tva-sommarjubileer\/attachment\/salnecke-slottscafe-6\/\" border=\"0\" itemprop=\"url\"> <meta itemprop=\"width\" content=\"164\"> <meta itemprop=\"height\" content=\"246\"> <img decoding=\"async\" class=\"\" data-attachment-id=\"5298\" data-orig-file=\"https:\/\/www.fjardhundraland.se\/wp-content\/uploads\/2018\/07\/salnecke-slottscafe-2017-juli-14-15-25-02-594422_-n-172014_-e.jpg\" data-orig-size=\"1667,2500\" data-comments-opened=\"\" data-image-meta=\"{&quot;aperture&quot;:&quot;5.6&quot;,&quot;credit&quot;:&quot;&quot;,&quot;camera&quot;:&quot;Canon EOS 50D&quot;,&quot;caption&quot;:&quot;&quot;,&quot;created_timestamp&quot;:&quot;1500045902&quot;,&quot;copyright&quot;:&quot;&quot;,&quot;focal_length&quot;:&quot;30&quot;,&quot;iso&quot;:&quot;100&quot;,&quot;shutter_speed&quot;:&quot;0.016666666666667&quot;,&quot;title&quot;:&quot;Salnecke slottscaf\\u00e9&quot;,&quot;orientation&quot;:&quot;1&quot;}\" data-image-title=\"Salnecke slottscaf\u00e9&amp;#8211;2017.juli.14-15.25.02 &amp;#8211; 59\u00b044&amp;#8217;22_ N 17\u00b020&amp;#8217;14_ E\" data-image-description=\"\" data-medium-file=\"https:\/\/www.fjardhundraland.se\/wp-content\/uploads\/2018\/07\/salnecke-slottscafe-2017-juli-14-15-25-02-594422_-n-172014_-e.jpg\" data-large-file=\"https:\/\/www.fjardhundraland.se\/wp-content\/uploads\/2018\/07\/salnecke-slottscafe-2017-juli-14-15-25-02-594422_-n-172014_-e.jpg\" src=\"https:\/\/i0.wp.com\/www.fjardhundraland.se\/wp-content\/uploads\/2018\/07\/salnecke-slottscafe-2017-juli-14-15-25-02-594422_-n-172014_-e.jpg?w=164&#038;h=246&#038;ssl=1\" width=\"164\" height=\"246\" loading=\"lazy\" data-original-width=\"164\" data-original-height=\"246\" itemprop=\"http:\/\/schema.org\/image\" title=\"Kasteelcaf\u00e9 Salnecke--2017.juli.14-15.25.02 - 59\u00b044&#039;22_ N 17\u00b020&#039;14_ E\" alt=\"Kasteelcaf\u00e9 Salnecke--2017.juli.14-15.25.02 - 59\u00b044&#039;22_ N 17\u00b020&#039;14_ E\" style=\"width: 164px; height: 246px;\" \/> <\/a> <\/div> <\/div> <!-- close group --> <\/div> <!-- close row --> <div class=\"gallery-row\" style=\"width: 500px; height: 345px;\" data-original-width=\"500\" data-original-height=\"345\" > <div class=\"gallery-group images-2\" style=\"width: 240px; height: 345px;\" data-original-width=\"240\" data-original-height=\"345\" > <div class=\"tiled-gallery-item tiled-gallery-item-small\" itemprop=\"associatedMedia\" itemscope itemtype=\"http:\/\/schema.org\/ImageObject\"> <a href=\"https:\/\/www.fjardhundraland.se\/nl\/upplevelser\/2018\/tva-sommarjubileer\/attachment\/img_20180427_120725\/\" border=\"0\" itemprop=\"url\"> <meta itemprop=\"width\" content=\"236\"> <meta itemprop=\"height\" content=\"160\"> <img decoding=\"async\" class=\"\" data-attachment-id=\"5299\" data-orig-file=\"https:\/\/www.fjardhundraland.se\/wp-content\/uploads\/2018\/07\/img_20180427_120725.jpg\" data-orig-size=\"2500,1700\" data-comments-opened=\"\" data-image-meta=\"{&quot;aperture&quot;:&quot;1.7&quot;,&quot;credit&quot;:&quot;&quot;,&quot;camera&quot;:&quot;ONEPLUS A5010&quot;,&quot;caption&quot;:&quot;&quot;,&quot;created_timestamp&quot;:&quot;1524830845&quot;,&quot;copyright&quot;:&quot;&quot;,&quot;focal_length&quot;:&quot;4.103&quot;,&quot;iso&quot;:&quot;1000&quot;,&quot;shutter_speed&quot;:&quot;0.02&quot;,&quot;title&quot;:&quot;&quot;,&quot;orientation&quot;:&quot;1&quot;}\" data-image-title=\"IMG_20180427_120725\" data-image-description=\"\" data-medium-file=\"https:\/\/www.fjardhundraland.se\/wp-content\/uploads\/2018\/07\/img_20180427_120725.jpg\" data-large-file=\"https:\/\/www.fjardhundraland.se\/wp-content\/uploads\/2018\/07\/img_20180427_120725.jpg\" src=\"https:\/\/i0.wp.com\/www.fjardhundraland.se\/wp-content\/uploads\/2018\/07\/img_20180427_120725.jpg?w=236&#038;h=160&#038;ssl=1\" width=\"236\" height=\"160\" loading=\"lazy\" data-original-width=\"236\" data-original-height=\"160\" itemprop=\"http:\/\/schema.org\/image\" title=\"AFBEELDING_20180427_120725\" alt=\"AFBEELDING_20180427_120725\" style=\"width: 236px; height: 160px;\" \/> <\/a> <\/div> <div class=\"tiled-gallery-item tiled-gallery-item-small\" itemprop=\"associatedMedia\" itemscope itemtype=\"http:\/\/schema.org\/ImageObject\"> <a href=\"https:\/\/www.fjardhundraland.se\/nl\/upplevelser\/2018\/tva-sommarjubileer\/attachment\/dunderbo-ljus-hantverk-2\/\" border=\"0\" itemprop=\"url\"> <meta itemprop=\"width\" content=\"236\"> <meta itemprop=\"height\" content=\"177\"> <img decoding=\"async\" class=\"\" data-attachment-id=\"5301\" data-orig-file=\"https:\/\/www.fjardhundraland.se\/wp-content\/uploads\/2018\/07\/dunderbo-ljus-hantverk-fjardhundraland-loppisrundan-loppisrundan2018-200518-42.jpg\" data-orig-size=\"2500,1877\" data-comments-opened=\"\" data-image-meta=\"{&quot;aperture&quot;:&quot;3.5&quot;,&quot;credit&quot;:&quot;&quot;,&quot;camera&quot;:&quot;DMC-G80&quot;,&quot;caption&quot;:&quot;&quot;,&quot;created_timestamp&quot;:&quot;1526816636&quot;,&quot;copyright&quot;:&quot;&quot;,&quot;focal_length&quot;:&quot;12&quot;,&quot;iso&quot;:&quot;200&quot;,&quot;shutter_speed&quot;:&quot;0.008&quot;,&quot;title&quot;:&quot;Dunderbo Ljus \\u0026amp; hantverk&quot;,&quot;orientation&quot;:&quot;1&quot;}\" data-image-title=\"Dunderbo Ljus &amp;#038; hantverk-Fj\u00e4rdhundraland, Loppisrundan, Loppisrundan2018-200518-42\" data-image-description=\"\" data-medium-file=\"https:\/\/www.fjardhundraland.se\/wp-content\/uploads\/2018\/07\/dunderbo-ljus-hantverk-fjardhundraland-loppisrundan-loppisrundan2018-200518-42.jpg\" data-large-file=\"https:\/\/www.fjardhundraland.se\/wp-content\/uploads\/2018\/07\/dunderbo-ljus-hantverk-fjardhundraland-loppisrundan-loppisrundan2018-200518-42.jpg\" src=\"https:\/\/i0.wp.com\/www.fjardhundraland.se\/wp-content\/uploads\/2018\/07\/dunderbo-ljus-hantverk-fjardhundraland-loppisrundan-loppisrundan2018-200518-42.jpg?w=236&#038;h=177&#038;ssl=1\" width=\"236\" height=\"177\" loading=\"lazy\" data-original-width=\"236\" data-original-height=\"177\" itemprop=\"http:\/\/schema.org\/image\" title=\"Dunderbo Kaarsen &amp; Ambachten-Fj\u00e4rdhundraland, Loppisrundan, Loppisrundan2018-200518-42\" alt=\"Dunderbo Kaarsen &amp; Ambachten-Fj\u00e4rdhundraland, Loppisrundan, Loppisrundan2018-200518-42\" style=\"width: 236px; height: 177px;\" \/> <\/a> <\/div> <\/div> <!-- close group --> <div class=\"gallery-group images-1\" style=\"width: 260px; height: 345px;\" data-original-width=\"260\" data-original-height=\"345\" > <div class=\"tiled-gallery-item tiled-gallery-item-large\" itemprop=\"associatedMedia\" itemscope itemtype=\"http:\/\/schema.org\/ImageObject\"> <a href=\"https:\/\/www.fjardhundraland.se\/nl\/upplevelser\/2018\/tva-sommarjubileer\/attachment\/img_20180427_120704\/\" border=\"0\" itemprop=\"url\"> <meta itemprop=\"width\" content=\"256\"> <meta itemprop=\"height\" content=\"341\"> <img decoding=\"async\" class=\"\" data-attachment-id=\"5303\" data-orig-file=\"https:\/\/www.fjardhundraland.se\/wp-content\/uploads\/2018\/07\/img_20180427_120704.jpg\" data-orig-size=\"1875,2500\" data-comments-opened=\"\" data-image-meta=\"{&quot;aperture&quot;:&quot;1.7&quot;,&quot;credit&quot;:&quot;&quot;,&quot;camera&quot;:&quot;ONEPLUS A5010&quot;,&quot;caption&quot;:&quot;&quot;,&quot;created_timestamp&quot;:&quot;1524830825&quot;,&quot;copyright&quot;:&quot;&quot;,&quot;focal_length&quot;:&quot;4.103&quot;,&quot;iso&quot;:&quot;320&quot;,&quot;shutter_speed&quot;:&quot;0.02&quot;,&quot;title&quot;:&quot;&quot;,&quot;orientation&quot;:&quot;1&quot;}\" data-image-title=\"IMG_20180427_120704\" data-image-description=\"\" data-medium-file=\"https:\/\/www.fjardhundraland.se\/wp-content\/uploads\/2018\/07\/img_20180427_120704.jpg\" data-large-file=\"https:\/\/www.fjardhundraland.se\/wp-content\/uploads\/2018\/07\/img_20180427_120704.jpg\" src=\"https:\/\/i0.wp.com\/www.fjardhundraland.se\/wp-content\/uploads\/2018\/07\/img_20180427_120704.jpg?w=256&#038;h=341&#038;ssl=1\" width=\"256\" height=\"341\" loading=\"lazy\" data-original-width=\"256\" data-original-height=\"341\" itemprop=\"http:\/\/schema.org\/image\" title=\"AFBEELDING_20180427_120704\" alt=\"AFBEELDING_20180427_120704\" style=\"width: 256px; height: 341px;\" \/> <\/a> <\/div> <\/div> <!-- close group --> <\/div> <!-- close row --> <\/div>","protected":false},"excerpt":{"rendered":"<p>Stort grattis till\u00a0\u00a0Salnecke slottscaf\u00e9 och Dunderbo Ljus &amp; Hantverk \u00a0som jubileumsfirar i juli! Det \u00e4r tv\u00e5 h\u00e4rliga st\u00e4llen som g\u00f6r livet p\u00e5 landet till en sk\u00f6nare upplevelse. F\u00f6r ett \u00e5r sedan startade Salnecke slottscaf\u00e9, ost &amp; deli sin verksamhet. Ett\u00e5rsjubil\u00e9et ska sj\u00e4lvklart firas! P\u00e5 l\u00f6rdag den 14 juli blir det marknad med lokalproducerat utanf\u00f6r caf\u00e9et. [&hellip;]<\/p>\n","protected":false},"author":4,"featured_media":5306,"comment_status":"closed","ping_status":"closed","sticky":false,"template":"","format":"standard","meta":{"_acf_changed":false,"_relevanssi_hide_post":"","_relevanssi_hide_content":"","_relevanssi_pin_for_all":"","_relevanssi_pin_keywords":"","_relevanssi_unpin_keywords":"","_relevanssi_related_keywords":"","_relevanssi_related_include_ids":"","_relevanssi_related_exclude_ids":"","_relevanssi_related_no_append":"","_relevanssi_related_not_related":"","_relevanssi_related_posts":"","_relevanssi_noindex_reason":"Rank Math Uteslut fr\u00e5n Relevanssi index","_genesis_hide_title":false,"_genesis_hide_breadcrumbs":false,"_genesis_hide_singular_image":false,"_genesis_hide_footer_widgets":false,"_genesis_custom_body_class":"","_genesis_custom_post_class":"","_genesis_layout":"","_jetpack_memberships_contains_paid_content":false,"footnotes":""},"categories":[353,25,87],"tags":[352],"class_list":{"0":"post-5295","1":"post","2":"type-post","3":"status-publish","4":"format-standard","5":"has-post-thumbnail","7":"category-aldre-inlagg","8":"category-upplevelser","9":"category-utflykt","10":"tag-aldre-inlagg","11":"entry"},"acf":[],"visa":null,"geo_latitude":null,"geo_longitude":null,"jetpack_featured_media_url":"https:\/\/www.fjardhundraland.se\/wp-content\/uploads\/2018\/07\/pr_stkragar-2017-juni-28-20-57-09-59_4852_-n-17_632_-e-1.jpg","featured_image_src":"https:\/\/www.fjardhundraland.se\/wp-content\/uploads\/2018\/07\/pr_stkragar-2017-juni-28-20-57-09-59_4852_-n-17_632_-e-1.jpg","featured_image_src_square":"https:\/\/www.fjardhundraland.se\/wp-content\/uploads\/2018\/07\/pr_stkragar-2017-juni-28-20-57-09-59_4852_-n-17_632_-e-1.jpg","author_info":{"display_name":"Ylva Fontell","author_link":"https:\/\/www.fjardhundraland.se\/nl\/author\/ylva\/"},"jetpack-related-posts":[{"id":4259,"url":"https:\/\/www.fjardhundraland.se\/nl\/rebusrunda\/2017\/medverkande-rebusrundan-2017\/","url_meta":{"origin":5295,"position":0},"title":"Deelnemers aan de Rebus-ronde 2017","author":"Ylva Fontell","date":"5 juni 2017","format":false,"excerpt":"Dit jaar kun je tijdens de Rebus Tour maar liefst 40 verschillende organisaties bezoeken! Hier is de volledige lijst. Klik op de links om meer te lezen over elke plaats. Alsta tr\u00e4dg\u00e5rdar - Tuincaf\u00e9, galerie en inspiratietuin. Eten &amp; koffiebrood uit eigen keuken. Leuke en fantasierijke tentoonstelling! Altuna bygdeg\u00e5rdsf\u00f6rening - Catering met koffie...","rel":"","context":"In &quot;Rebusrunda&quot;","block_context":{"text":"Rebusrunda","link":"https:\/\/www.fjardhundraland.se\/nl\/rebusrunda\/"},"img":{"alt_text":"Startkort Rebusrundan","src":"https:\/\/i0.wp.com\/www.fjardhundraland.se\/wp-content\/uploads\/2017\/07\/startkort.jpg?resize=350%2C200&ssl=1","width":350,"height":200,"srcset":"https:\/\/i0.wp.com\/www.fjardhundraland.se\/wp-content\/uploads\/2017\/07\/startkort.jpg?resize=350%2C200&ssl=1 1x, https:\/\/i0.wp.com\/www.fjardhundraland.se\/wp-content\/uploads\/2017\/07\/startkort.jpg?resize=525%2C300&ssl=1 1.5x, https:\/\/i0.wp.com\/www.fjardhundraland.se\/wp-content\/uploads\/2017\/07\/startkort.jpg?resize=700%2C400&ssl=1 2x, https:\/\/i0.wp.com\/www.fjardhundraland.se\/wp-content\/uploads\/2017\/07\/startkort.jpg?resize=1050%2C600&ssl=1 3x, https:\/\/i0.wp.com\/www.fjardhundraland.se\/wp-content\/uploads\/2017\/07\/startkort.jpg?resize=1400%2C800&ssl=1 4x"},"classes":[]},{"id":5439,"url":"https:\/\/www.fjardhundraland.se\/nl\/marknad-2\/2018\/julmarknad-salnecke-slott-2018\/","url_meta":{"origin":5295,"position":1},"title":"Kerstmarkt op kasteel Salnecke","author":"Mats Thorburn","date":"7 november 2018","format":false,"excerpt":"Op 16 december om 11-16 uur is de premi\u00e8re van de nieuwe kerstmarkt op kasteel Salnecke, \u00d6rsundsbro! In de grote serre onder het kasteel worden historische en moderne gerechten geserveerd voor de kersttafel - kaas, worst, brood, Upplandskubb. Daarnaast vullen we aan met hoogwaardige, lokale ambachten en activiteiten rond het kasteel. Een 17e eeuws kasteel in een...","rel":"","context":"In &quot;Marknad&quot;","block_context":{"text":"Marknad","link":"https:\/\/www.fjardhundraland.se\/nl\/marknad-2\/"},"img":{"alt_text":"Salnecke julmarknad","src":"https:\/\/i0.wp.com\/www.fjardhundraland.se\/wp-content\/uploads\/2018\/11\/salnecke-julmarknad.jpg?resize=350%2C200&ssl=1","width":350,"height":200,"srcset":"https:\/\/i0.wp.com\/www.fjardhundraland.se\/wp-content\/uploads\/2018\/11\/salnecke-julmarknad.jpg?resize=350%2C200&ssl=1 1x, https:\/\/i0.wp.com\/www.fjardhundraland.se\/wp-content\/uploads\/2018\/11\/salnecke-julmarknad.jpg?resize=525%2C300&ssl=1 1.5x, https:\/\/i0.wp.com\/www.fjardhundraland.se\/wp-content\/uploads\/2018\/11\/salnecke-julmarknad.jpg?resize=700%2C400&ssl=1 2x, https:\/\/i0.wp.com\/www.fjardhundraland.se\/wp-content\/uploads\/2018\/11\/salnecke-julmarknad.jpg?resize=1050%2C600&ssl=1 3x, https:\/\/i0.wp.com\/www.fjardhundraland.se\/wp-content\/uploads\/2018\/11\/salnecke-julmarknad.jpg?resize=1400%2C800&ssl=1 4x"},"classes":[]},{"id":4723,"url":"https:\/\/www.fjardhundraland.se\/nl\/mat-manniskor\/2017\/det-hander-pa-mat-manniskor\/","url_meta":{"origin":5295,"position":2},"title":"Wat gebeurt er bij Food &amp; People","author":"Mats Thorburn","date":"23 september 2017","format":false,"excerpt":"Hier kun je lunchen Kromsta lantbod Grills eigen hamburgers met brood. Zuivel- en glutenvrij. Kasteelcaf\u00e9 Salnecke Kaaspastei, Kaas- en hampastei en Uiensoep met kaas en ham, kaas-\/delibord. Allemaal gemaakt met onze eigen Skogsbacken kaas en lokaal geproduceerde ingredi\u00ebnten. S\u00f6rg\u00e5rden groene Tomatensoep van onze eigen tomaten met toebehoren. Resta boerderij Texas chili gemaakt van de beste...","rel":"","context":"In &quot;Mat &amp; m\u00e4nniskor&quot;","block_context":{"text":"Mat &amp; m\u00e4nniskor","link":"https:\/\/www.fjardhundraland.se\/nl\/mat-manniskor\/"},"img":{"alt_text":"Smakprover p\u00e5 Mat & m\u00e4nniskor","src":"https:\/\/i0.wp.com\/www.fjardhundraland.se\/wp-content\/uploads\/2017\/09\/img_20160925_111803.jpg?resize=350%2C200&ssl=1","width":350,"height":200,"srcset":"https:\/\/i0.wp.com\/www.fjardhundraland.se\/wp-content\/uploads\/2017\/09\/img_20160925_111803.jpg?resize=350%2C200&ssl=1 1x, https:\/\/i0.wp.com\/www.fjardhundraland.se\/wp-content\/uploads\/2017\/09\/img_20160925_111803.jpg?resize=525%2C300&ssl=1 1.5x, https:\/\/i0.wp.com\/www.fjardhundraland.se\/wp-content\/uploads\/2017\/09\/img_20160925_111803.jpg?resize=700%2C400&ssl=1 2x, https:\/\/i0.wp.com\/www.fjardhundraland.se\/wp-content\/uploads\/2017\/09\/img_20160925_111803.jpg?resize=1050%2C600&ssl=1 3x, https:\/\/i0.wp.com\/www.fjardhundraland.se\/wp-content\/uploads\/2017\/09\/img_20160925_111803.jpg?resize=1400%2C800&ssl=1 4x"},"classes":[]},{"id":4687,"url":"https:\/\/www.fjardhundraland.se\/nl\/mat-manniskor\/2017\/mat-manniskor-2017\/","url_meta":{"origin":5295,"position":3},"title":"Voeding &amp; Mensen 2017","author":"Mats Thorburn","date":"21 augustus 2017","format":false,"excerpt":"De Food &amp; People food tour was de eerste twee jaar een groot succes, met duizenden bezoekers op zoek naar food experiences. Op zondag 24 september 2017 van 11.00 tot 17.00 uur is het tijd voor de derde editie. Bezoek telers en foodies op het hoogtepunt van de oogsttijd! Je kiest uit vijftien verschillende locaties. Op sommige plekken zijn er meerdere...","rel":"","context":"In &quot;Mat &amp; m\u00e4nniskor&quot;","block_context":{"text":"Mat &amp; m\u00e4nniskor","link":"https:\/\/www.fjardhundraland.se\/nl\/mat-manniskor\/"},"img":{"alt_text":"S\u00f6rg\u00e5rden gr\u00f6nt Chili","src":"https:\/\/i0.wp.com\/www.fjardhundraland.se\/wp-content\/uploads\/2017\/08\/socc88rgacc8arden-grocc88nt-chili.jpg?resize=350%2C200&ssl=1","width":350,"height":200,"srcset":"https:\/\/i0.wp.com\/www.fjardhundraland.se\/wp-content\/uploads\/2017\/08\/socc88rgacc8arden-grocc88nt-chili.jpg?resize=350%2C200&ssl=1 1x, https:\/\/i0.wp.com\/www.fjardhundraland.se\/wp-content\/uploads\/2017\/08\/socc88rgacc8arden-grocc88nt-chili.jpg?resize=525%2C300&ssl=1 1.5x, https:\/\/i0.wp.com\/www.fjardhundraland.se\/wp-content\/uploads\/2017\/08\/socc88rgacc8arden-grocc88nt-chili.jpg?resize=700%2C400&ssl=1 2x, https:\/\/i0.wp.com\/www.fjardhundraland.se\/wp-content\/uploads\/2017\/08\/socc88rgacc8arden-grocc88nt-chili.jpg?resize=1050%2C600&ssl=1 3x, https:\/\/i0.wp.com\/www.fjardhundraland.se\/wp-content\/uploads\/2017\/08\/socc88rgacc8arden-grocc88nt-chili.jpg?resize=1400%2C800&ssl=1 4x"},"classes":[]},{"id":4981,"url":"https:\/\/www.fjardhundraland.se\/nl\/upplevelser\/2018\/pask-i-fjardhundraland-2018\/","url_meta":{"origin":5295,"position":4},"title":"Paasinkopen in Fj\u00e4rdhundraland","author":"Mats Thorburn","date":"28 maart 2018","format":false,"excerpt":"Met Pasen begint het seizoen echt in Fj\u00e4rdhundraland. Hier zijn een aantal plaatsen die dit weekend open zijn. Geniet van de lentezon op het platteland! Klik op de kop om meer te lezen over elke plek! Kvarnnibble winkel en verzamelplaats Open de boerderijwinkel vol met vlees, eieren, kazen en ander lekkers ....","rel":"","context":"In &quot;\u00c4ldre inl\u00e4gg&quot;","block_context":{"text":"\u00c4ldre inl\u00e4gg","link":"https:\/\/www.fjardhundraland.se\/nl\/aldre-inlagg\/"},"img":{"alt_text":"Tupp Ho\u0308ns Ha\u0308rnevi plantskola","src":"https:\/\/i0.wp.com\/www.fjardhundraland.se\/wp-content\/uploads\/2018\/03\/tupp-hocc88ns-hacc88rnevi-plantskola-2017-april-15-12-00-45-_.jpg?resize=350%2C200&ssl=1","width":350,"height":200,"srcset":"https:\/\/i0.wp.com\/www.fjardhundraland.se\/wp-content\/uploads\/2018\/03\/tupp-hocc88ns-hacc88rnevi-plantskola-2017-april-15-12-00-45-_.jpg?resize=350%2C200&ssl=1 1x, https:\/\/i0.wp.com\/www.fjardhundraland.se\/wp-content\/uploads\/2018\/03\/tupp-hocc88ns-hacc88rnevi-plantskola-2017-april-15-12-00-45-_.jpg?resize=525%2C300&ssl=1 1.5x, https:\/\/i0.wp.com\/www.fjardhundraland.se\/wp-content\/uploads\/2018\/03\/tupp-hocc88ns-hacc88rnevi-plantskola-2017-april-15-12-00-45-_.jpg?resize=700%2C400&ssl=1 2x, https:\/\/i0.wp.com\/www.fjardhundraland.se\/wp-content\/uploads\/2018\/03\/tupp-hocc88ns-hacc88rnevi-plantskola-2017-april-15-12-00-45-_.jpg?resize=1050%2C600&ssl=1 3x, https:\/\/i0.wp.com\/www.fjardhundraland.se\/wp-content\/uploads\/2018\/03\/tupp-hocc88ns-hacc88rnevi-plantskola-2017-april-15-12-00-45-_.jpg?resize=1400%2C800&ssl=1 4x"},"classes":[]},{"id":19177,"url":"https:\/\/www.fjardhundraland.se\/nl\/inlagg\/2025\/jul-i-fjardhundraland-2025\/","url_meta":{"origin":5295,"position":5},"title":"Kerstmis in Fj\u00e4rdhundraland 2025","author":"Mats Thorburn","date":"20 november 2025","format":false,"excerpt":"Kerstmarkten, kersttafels, gezellige caf\u00e9s en prachtige winterwandelingen - in Fj\u00e4rdhundraland zijn er veel manieren om in de kerststemming te komen. Hier vindt u eersteklas, lokaal geproduceerde gerechten om uw kersttafel op te fleuren, vindt u speciale kerstcadeaus en ervaart u de smaken van Advent. Kerstsfeer op het platteland Veel leden van Fj\u00e4rdhundraland zijn open in december,...","rel":"","context":"In &quot;Inl\u00e4gg&quot;","block_context":{"text":"Inl\u00e4gg","link":"https:\/\/www.fjardhundraland.se\/nl\/inlagg\/"},"img":{"alt_text":"","src":"https:\/\/i0.wp.com\/www.fjardhundraland.se\/wp-content\/uploads\/2025\/11\/image0-edited.jpeg?resize=350%2C200&ssl=1","width":350,"height":200,"srcset":"https:\/\/i0.wp.com\/www.fjardhundraland.se\/wp-content\/uploads\/2025\/11\/image0-edited.jpeg?resize=350%2C200&ssl=1 1x, https:\/\/i0.wp.com\/www.fjardhundraland.se\/wp-content\/uploads\/2025\/11\/image0-edited.jpeg?resize=525%2C300&ssl=1 1.5x, https:\/\/i0.wp.com\/www.fjardhundraland.se\/wp-content\/uploads\/2025\/11\/image0-edited.jpeg?resize=700%2C400&ssl=1 2x, https:\/\/i0.wp.com\/www.fjardhundraland.se\/wp-content\/uploads\/2025\/11\/image0-edited.jpeg?resize=1050%2C600&ssl=1 3x"},"classes":[]}],"jetpack_sharing_enabled":true,"_links":{"self":[{"href":"https:\/\/www.fjardhundraland.se\/nl\/wp-json\/wp\/v2\/posts\/5295","targetHints":{"allow":["GET"]}}],"collection":[{"href":"https:\/\/www.fjardhundraland.se\/nl\/wp-json\/wp\/v2\/posts"}],"about":[{"href":"https:\/\/www.fjardhundraland.se\/nl\/wp-json\/wp\/v2\/types\/post"}],"author":[{"embeddable":true,"href":"https:\/\/www.fjardhundraland.se\/nl\/wp-json\/wp\/v2\/users\/4"}],"replies":[{"embeddable":true,"href":"https:\/\/www.fjardhundraland.se\/nl\/wp-json\/wp\/v2\/comments?post=5295"}],"version-history":[{"count":1,"href":"https:\/\/www.fjardhundraland.se\/nl\/wp-json\/wp\/v2\/posts\/5295\/revisions"}],"predecessor-version":[{"id":19603,"href":"https:\/\/www.fjardhundraland.se\/nl\/wp-json\/wp\/v2\/posts\/5295\/revisions\/19603"}],"wp:featuredmedia":[{"embeddable":true,"href":"https:\/\/www.fjardhundraland.se\/nl\/wp-json\/wp\/v2\/media\/5306"}],"wp:attachment":[{"href":"https:\/\/www.fjardhundraland.se\/nl\/wp-json\/wp\/v2\/media?parent=5295"}],"wp:term":[{"taxonomy":"category","embeddable":true,"href":"https:\/\/www.fjardhundraland.se\/nl\/wp-json\/wp\/v2\/categories?post=5295"},{"taxonomy":"post_tag","embeddable":true,"href":"https:\/\/www.fjardhundraland.se\/nl\/wp-json\/wp\/v2\/tags?post=5295"}],"curies":[{"name":"wp","href":"https:\/\/api.w.org\/{rel}","templated":true}]}}