
{"id":4872,"date":"2018-02-09T09:40:16","date_gmt":"2018-02-09T08:40:16","guid":{"rendered":"http:\/\/www.fjardhundraland.se\/?p=4872"},"modified":"2026-02-05T13:43:00","modified_gmt":"2026-02-05T12:43:00","slug":"algen-olivia-fjardhundraland","status":"publish","type":"post","link":"https:\/\/www.fjardhundraland.se\/nl\/djur\/2018\/algen-olivia-fjardhundraland\/","title":{"rendered":"Olivia de eland in Fj\u00e4rdhundraland"},"content":{"rendered":"<p>Olivia de eland van <a href=\"https:\/\/www.fjardhundraland.se\/nl\/gerechten\/algenpark-gardsjo\/\">Elandenpark G\u00e5rdsj\u00f6<\/a> als een tulpendief is geworden <a href=\"https:\/\/www.facebook.com\/gardsjoalgpark\/videos\/957495431074227\/\" target=\"_blank\" rel=\"noopener\">een megasucces dat zich wereldwijd verspreidt<\/a>. Op <a href=\"https:\/\/www.fjardhundraland.se\/nl\/gerechten\/algenpark-gardsjo\/\">Elandenpark G\u00e5rdsj\u00f6<\/a> kom je dicht bij de elanden en ontmoet je ze in hun natuurlijke omgeving (nee, niet in de keuken van Leffe en Ilona, maar buiten in het verblijf). Het is krachtig en een geweldige ervaring om mee te nemen! De eerste elandsafari van het jaar is begin mei en daarna zijn er in de zomer veel mogelijkheden om de elanden te ontmoeten.<\/p>\n<p>Combineer je bezoek aan Olivia met andere ervaringen in Fj\u00e4rdhundraland. De pareltjes zijn schaars!<\/p>\n<p>Bekijk de film hier!<\/p>\n<p><iframe style=\"border: none; overflow: hidden;\" src=\"https:\/\/www.facebook.com\/plugins\/video.php?href=https%3A%2F%2Fwww.facebook.com%2Fgardsjoalgpark%2Fvideos%2F957495431074227%2F&amp;show_text=0&amp;width=267\" width=\"267\" height=\"476\" frameborder=\"0\" scrolling=\"no\" allowfullscreen=\"allowfullscreen\"><\/iframe><\/p>","protected":false},"excerpt":{"rendered":"<p>\u00c4lgen Olivia fr\u00e5n G\u00e5rdsj\u00f6 \u00e4lgpark som tulpantjuv har blivit en megasucc\u00e9 som sprider sig v\u00e4rlden \u00f6ver. P\u00e5 G\u00e5rdsj\u00f6 \u00e4lgpark kommer du n\u00e4ra \u00e4lgarna och m\u00f6ter dem i deras naturliga milj\u00f6 (nej, det \u00e4r inte inne i Leffe och Ilonas k\u00f6k, utan ute i h\u00e4gnet). Det \u00e4r m\u00e4ktigt och blir en fin upplevelse att ta med [&hellip;]<\/p>\n","protected":false},"author":4,"featured_media":4877,"comment_status":"closed","ping_status":"closed","sticky":false,"template":"","format":"standard","meta":{"_acf_changed":false,"_relevanssi_hide_post":"","_relevanssi_hide_content":"","_relevanssi_pin_for_all":"","_relevanssi_pin_keywords":"","_relevanssi_unpin_keywords":"","_relevanssi_related_keywords":"","_relevanssi_related_include_ids":"","_relevanssi_related_exclude_ids":"","_relevanssi_related_no_append":"","_relevanssi_related_not_related":"","_relevanssi_related_posts":"","_relevanssi_noindex_reason":"Rank Math Uteslut fr\u00e5n Relevanssi index","_genesis_hide_title":false,"_genesis_hide_breadcrumbs":false,"_genesis_hide_singular_image":false,"_genesis_hide_footer_widgets":false,"_genesis_custom_body_class":"","_genesis_custom_post_class":"","_genesis_layout":"","_jetpack_memberships_contains_paid_content":false,"footnotes":""},"categories":[43,353,51,25,87],"tags":[352],"class_list":{"0":"post-4872","1":"post","2":"type-post","3":"status-publish","4":"format-standard","5":"has-post-thumbnail","7":"category-djur","8":"category-aldre-inlagg","9":"category-natur","10":"category-upplevelser","11":"category-utflykt","12":"tag-aldre-inlagg","13":"entry"},"acf":[],"visa":null,"geo_latitude":null,"geo_longitude":null,"jetpack_featured_media_url":"https:\/\/www.fjardhundraland.se\/wp-content\/uploads\/2018\/02\/algsafari3.jpg","featured_image_src":"https:\/\/www.fjardhundraland.se\/wp-content\/uploads\/2018\/02\/algsafari3.jpg","featured_image_src_square":"https:\/\/www.fjardhundraland.se\/wp-content\/uploads\/2018\/02\/algsafari3.jpg","author_info":{"display_name":"Ylva Fontell","author_link":"https:\/\/www.fjardhundraland.se\/nl\/author\/ylva\/"},"jetpack-related-posts":[{"id":4590,"url":"https:\/\/www.fjardhundraland.se\/nl\/rebusrunda\/2017\/startkort-kartor-till-rebusrundan-2017\/","url_meta":{"origin":4872,"position":0},"title":"Startkaarten en kaarten voor Rebusrundan 2017","author":"Mats Thorburn","date":"31 juli 2017","format":false,"excerpt":"Dags att \u00e5ka p\u00e5 Rebusrundan! Hur hittar du till alla 40 st\u00e4llena? Startkort med karta\u00a0att skriva ut [pdf] \u2022\u00a0Alternativ version om du har problem med utskriften\u00a0[pdf] Karta med alla medverkande\u00a0[Google Maps] \u2013 h\u00e4r kan du f\u00e5 v\u00e4gvisning i telefonen.\u00a0Har du inte navigerat med hj\u00e4lp av Google Maps tidigare?\u00a0S\u00e5 h\u00e4r g\u00f6r\u2026","rel":"","context":"In &quot;Rebusrunda&quot;","block_context":{"text":"Rebusrunda","link":"https:\/\/www.fjardhundraland.se\/nl\/rebusrunda\/"},"img":{"alt_text":"Startkort rebusrundan","src":"https:\/\/i0.wp.com\/www.fjardhundraland.se\/wp-content\/uploads\/2017\/07\/startkortrebus17-tryck.jpg?resize=350%2C200&ssl=1","width":350,"height":200,"srcset":"https:\/\/i0.wp.com\/www.fjardhundraland.se\/wp-content\/uploads\/2017\/07\/startkortrebus17-tryck.jpg?resize=350%2C200&ssl=1 1x, https:\/\/i0.wp.com\/www.fjardhundraland.se\/wp-content\/uploads\/2017\/07\/startkortrebus17-tryck.jpg?resize=525%2C300&ssl=1 1.5x, https:\/\/i0.wp.com\/www.fjardhundraland.se\/wp-content\/uploads\/2017\/07\/startkortrebus17-tryck.jpg?resize=700%2C400&ssl=1 2x, https:\/\/i0.wp.com\/www.fjardhundraland.se\/wp-content\/uploads\/2017\/07\/startkortrebus17-tryck.jpg?resize=1050%2C600&ssl=1 3x, https:\/\/i0.wp.com\/www.fjardhundraland.se\/wp-content\/uploads\/2017\/07\/startkortrebus17-tryck.jpg?resize=1400%2C800&ssl=1 4x"},"classes":[]},{"id":4259,"url":"https:\/\/www.fjardhundraland.se\/nl\/rebusrunda\/2017\/medverkande-rebusrundan-2017\/","url_meta":{"origin":4872,"position":1},"title":"Deelnemers aan de Rebus-ronde 2017","author":"Ylva Fontell","date":"5 juni 2017","format":false,"excerpt":"Dit jaar kun je tijdens de Rebus Tour maar liefst 40 verschillende organisaties bezoeken! Hier is de volledige lijst. Klik op de links om meer te lezen over elke plaats. Alsta tr\u00e4dg\u00e5rdar - Tuincaf\u00e9, galerie en inspiratietuin. Eten &amp; koffiebrood uit eigen keuken. Leuke en fantasierijke tentoonstelling! Altuna bygdeg\u00e5rdsf\u00f6rening - Catering met koffie...","rel":"","context":"In &quot;Rebusrunda&quot;","block_context":{"text":"Rebusrunda","link":"https:\/\/www.fjardhundraland.se\/nl\/rebusrunda\/"},"img":{"alt_text":"Startkort Rebusrundan","src":"https:\/\/i0.wp.com\/www.fjardhundraland.se\/wp-content\/uploads\/2017\/07\/startkort.jpg?resize=350%2C200&ssl=1","width":350,"height":200,"srcset":"https:\/\/i0.wp.com\/www.fjardhundraland.se\/wp-content\/uploads\/2017\/07\/startkort.jpg?resize=350%2C200&ssl=1 1x, https:\/\/i0.wp.com\/www.fjardhundraland.se\/wp-content\/uploads\/2017\/07\/startkort.jpg?resize=525%2C300&ssl=1 1.5x, https:\/\/i0.wp.com\/www.fjardhundraland.se\/wp-content\/uploads\/2017\/07\/startkort.jpg?resize=700%2C400&ssl=1 2x, https:\/\/i0.wp.com\/www.fjardhundraland.se\/wp-content\/uploads\/2017\/07\/startkort.jpg?resize=1050%2C600&ssl=1 3x, https:\/\/i0.wp.com\/www.fjardhundraland.se\/wp-content\/uploads\/2017\/07\/startkort.jpg?resize=1400%2C800&ssl=1 4x"},"classes":[]},{"id":3905,"url":"https:\/\/www.fjardhundraland.se\/nl\/turismutveckling\/2017\/augmented-export\/","url_meta":{"origin":4872,"position":2},"title":"Augmented Export - over eten, natuur en cultuur","author":"Mats Thorburn","date":"11 februari 2017","format":false,"excerpt":"Wat voor soort eten willen bezoekers als ze Scandinavi\u00eb bezoeken? Hoe kunnen we de kwaliteit die we hebben gebruiken om bezoekers te vinden die een kleinschalig, gepersonaliseerd verblijf in Zweden willen? Om deze vragen te beantwoorden, voeren we nu een project uit over eten in combinatie met natuur...","rel":"","context":"In &quot;Turismutveckling&quot;","block_context":{"text":"Turismutveckling","link":"https:\/\/www.fjardhundraland.se\/nl\/turismutveckling\/"},"img":{"alt_text":"","src":"","width":0,"height":0},"classes":[]},{"id":4654,"url":"https:\/\/www.fjardhundraland.se\/nl\/rebusrunda\/2017\/ratta-svaren-pa-alla-rebusar\/","url_meta":{"origin":4872,"position":3},"title":"Corrigeer de antwoorden op alle rebussen","author":"Ylva Fontell","date":"17 augustus 2017","format":false,"excerpt":"Zit je al sinds de Rebusronde slapeloos te puzzelen over rebussen? Je vindt alle oplossingen hier. De winnaars worden zondag bekendgemaakt! 1. Alsta Tr\u00e4dg\u00e5rdar: Hier vind je schroot en graan van T\u00e4xas. 2. Altuna Bygdeg\u00e5rd: Het jaarlijkse Walpurgisnachtvuur is in de hele buurt te zien. 3. Altuna Hembygdsf\u00f6rening: Lezen en niet begrijpen is als...","rel":"","context":"In &quot;Rebusrunda&quot;","block_context":{"text":"Rebusrunda","link":"https:\/\/www.fjardhundraland.se\/nl\/rebusrunda\/"},"img":{"alt_text":"Rebusrundan - bild p\u00e5 rebus","src":"https:\/\/i0.wp.com\/www.fjardhundraland.se\/wp-content\/uploads\/2014\/07\/2012-08-12-at-16-06-46.jpg?resize=350%2C200&ssl=1","width":350,"height":200,"srcset":"https:\/\/i0.wp.com\/www.fjardhundraland.se\/wp-content\/uploads\/2014\/07\/2012-08-12-at-16-06-46.jpg?resize=350%2C200&ssl=1 1x, https:\/\/i0.wp.com\/www.fjardhundraland.se\/wp-content\/uploads\/2014\/07\/2012-08-12-at-16-06-46.jpg?resize=525%2C300&ssl=1 1.5x, https:\/\/i0.wp.com\/www.fjardhundraland.se\/wp-content\/uploads\/2014\/07\/2012-08-12-at-16-06-46.jpg?resize=700%2C400&ssl=1 2x, https:\/\/i0.wp.com\/www.fjardhundraland.se\/wp-content\/uploads\/2014\/07\/2012-08-12-at-16-06-46.jpg?resize=1050%2C600&ssl=1 3x, https:\/\/i0.wp.com\/www.fjardhundraland.se\/wp-content\/uploads\/2014\/07\/2012-08-12-at-16-06-46.jpg?resize=1400%2C800&ssl=1 4x"},"classes":[]},{"id":671,"url":"https:\/\/www.fjardhundraland.se\/nl\/externt\/2011\/aventyrslajv-och-medeltidsby-i-skattmanso\/","url_meta":{"origin":4872,"position":4},"title":"Avonturenkamp en middeleeuws dorp in Skattmans\u00f6","author":"Mats Thorburn","date":"26 augustus 2011","format":false,"excerpt":"Morgen, zaterdag 27 augustus, kun je een fantastisch middeleeuws dorp en markt bezoeken in Skattmans\u00f6\u00e5dalen. Er wordt goed weer beloofd! Er is eten en verkoop van groenten, brood, aardewerk, kruidenzalven, ervaringen en andere lekkernijen. Het dorp bruist van leven en activiteit... Voor kinderen van 7-14 jaar...","rel":"","context":"In &quot;\u00c4ldre inl\u00e4gg&quot;","block_context":{"text":"\u00c4ldre inl\u00e4gg","link":"https:\/\/www.fjardhundraland.se\/nl\/aldre-inlagg\/"},"img":{"alt_text":"Fr\u00e5n Slaget vid Gestilren","src":"https:\/\/a5.sphotos.ak.fbcdn.net\/hphotos-ak-ash2\/45432_419186919233_624654233_4834790_8326518_n.jpg","width":350,"height":200,"srcset":"https:\/\/a5.sphotos.ak.fbcdn.net\/hphotos-ak-ash2\/45432_419186919233_624654233_4834790_8326518_n.jpg 1x, https:\/\/a5.sphotos.ak.fbcdn.net\/hphotos-ak-ash2\/45432_419186919233_624654233_4834790_8326518_n.jpg 1.5x"},"classes":[]},{"id":4945,"url":"https:\/\/www.fjardhundraland.se\/nl\/inlagg\/2018\/jag-vantar-vid-min-mila\/","url_meta":{"origin":4872,"position":5},"title":"Ik wacht op mijn mila...","author":"Ylva Fontell","date":"8 maart 2018","format":false,"excerpt":"Dan Andersson heeft als geen ander het beeld van de eenzame houtskoolbewaarder in het bos gecre\u00eberd. Vroeger smeulde overal in de bossen houtskool, maar tegenwoordig komen we meestal in aanraking met houtskool in een zak. In Messkog, langs het kerkpad tussen Skekarsbo en Nora, zijn veel milas opgericht en de houtskoolhut staat er...","rel":"","context":"In &quot;\u00c4ldre inl\u00e4gg&quot;","block_context":{"text":"\u00c4ldre inl\u00e4gg","link":"https:\/\/www.fjardhundraland.se\/nl\/aldre-inlagg\/"},"img":{"alt_text":"Kolmila","src":"https:\/\/i0.wp.com\/www.fjardhundraland.se\/wp-content\/uploads\/2018\/03\/kolmilan-2017-1-2.jpg?resize=350%2C200&ssl=1","width":350,"height":200,"srcset":"https:\/\/i0.wp.com\/www.fjardhundraland.se\/wp-content\/uploads\/2018\/03\/kolmilan-2017-1-2.jpg?resize=350%2C200&ssl=1 1x, https:\/\/i0.wp.com\/www.fjardhundraland.se\/wp-content\/uploads\/2018\/03\/kolmilan-2017-1-2.jpg?resize=525%2C300&ssl=1 1.5x, https:\/\/i0.wp.com\/www.fjardhundraland.se\/wp-content\/uploads\/2018\/03\/kolmilan-2017-1-2.jpg?resize=700%2C400&ssl=1 2x, https:\/\/i0.wp.com\/www.fjardhundraland.se\/wp-content\/uploads\/2018\/03\/kolmilan-2017-1-2.jpg?resize=1050%2C600&ssl=1 3x, https:\/\/i0.wp.com\/www.fjardhundraland.se\/wp-content\/uploads\/2018\/03\/kolmilan-2017-1-2.jpg?resize=1400%2C800&ssl=1 4x"},"classes":[]}],"jetpack_sharing_enabled":true,"_links":{"self":[{"href":"https:\/\/www.fjardhundraland.se\/nl\/wp-json\/wp\/v2\/posts\/4872","targetHints":{"allow":["GET"]}}],"collection":[{"href":"https:\/\/www.fjardhundraland.se\/nl\/wp-json\/wp\/v2\/posts"}],"about":[{"href":"https:\/\/www.fjardhundraland.se\/nl\/wp-json\/wp\/v2\/types\/post"}],"author":[{"embeddable":true,"href":"https:\/\/www.fjardhundraland.se\/nl\/wp-json\/wp\/v2\/users\/4"}],"replies":[{"embeddable":true,"href":"https:\/\/www.fjardhundraland.se\/nl\/wp-json\/wp\/v2\/comments?post=4872"}],"version-history":[{"count":1,"href":"https:\/\/www.fjardhundraland.se\/nl\/wp-json\/wp\/v2\/posts\/4872\/revisions"}],"predecessor-version":[{"id":19610,"href":"https:\/\/www.fjardhundraland.se\/nl\/wp-json\/wp\/v2\/posts\/4872\/revisions\/19610"}],"wp:featuredmedia":[{"embeddable":true,"href":"https:\/\/www.fjardhundraland.se\/nl\/wp-json\/wp\/v2\/media\/4877"}],"wp:attachment":[{"href":"https:\/\/www.fjardhundraland.se\/nl\/wp-json\/wp\/v2\/media?parent=4872"}],"wp:term":[{"taxonomy":"category","embeddable":true,"href":"https:\/\/www.fjardhundraland.se\/nl\/wp-json\/wp\/v2\/categories?post=4872"},{"taxonomy":"post_tag","embeddable":true,"href":"https:\/\/www.fjardhundraland.se\/nl\/wp-json\/wp\/v2\/tags?post=4872"}],"curies":[{"name":"wp","href":"https:\/\/api.w.org\/{rel}","templated":true}]}}