
{"id":483,"date":"2011-07-19T07:12:03","date_gmt":"2011-07-19T05:12:03","guid":{"rendered":"http:\/\/www.fjardhundraland.se\/?p=483"},"modified":"2026-02-05T13:40:41","modified_gmt":"2026-02-05T12:40:41","slug":"muziek-over-geheugen-en-vergeetachtigheid","status":"publish","type":"post","link":"https:\/\/www.fjardhundraland.se\/nl\/externt\/2011\/musik-om-minne-och-glomska\/","title":{"rendered":"Muziekervaringen in Forsby molen"},"content":{"rendered":"<p>Forsby Mill, net buiten Fj\u00e4rdhundra, organiseert voor het zesde jaar concerten van topklasse - altijd goed bezocht en een geweldige ervaring! Dit jaar is het thema \"Herinnering en vergeten\".<\/p>\n<p>Het eerste concert, \u201dThe Memory\u201d, is op 30 juli en bevat muziek van de Zweeds-Duitse componist Josef Martin Kraus en zijn biograaf Fredrik Samuel Silverstolpe. Er zijn ook teksten van en met Magnus Florin en theater van C.J.L Almqvist met Turteatern.<\/p>\n<p>Dit alles op \u00e9\u00e9n avond, op het geluid van de stroomversnellingen in een oude molen! Mis het niet - reserveer je tickets op <a title=\"Forsby molen\" href=\"https:\/\/www.forsbykvarn.se\/\" target=\"_blank\" rel=\"noopener\">www.forsbykvarn.se<\/a>. Er wordt een spannende avond beloofd!<\/p>\n<p><a href=\"https:\/\/www.fjardhundraland.se\/wp-content\/uploads\/2011\/07\/forsby1.jpg\"><img decoding=\"async\" class=\"alignnone size-full wp-image-502\" title=\"Concert in Forsby molen binnenkort\" src=\"https:\/\/www.fjardhundraland.se\/wp-content\/uploads\/2011\/07\/forsby1.jpg\" alt=\"Concert in Forsby molen binnenkort\" width=\"600\" height=\"400\" \/><\/a><\/p>\n<p><a href=\"https:\/\/www.fjardhundraland.se\/wp-content\/uploads\/2011\/07\/forsby-ljus.jpg\"><img decoding=\"async\" class=\"alignnone size-full wp-image-503\" title=\"forsby kaarsen\" src=\"https:\/\/www.fjardhundraland.se\/wp-content\/uploads\/2011\/07\/forsby-ljus.jpg\" alt=\"\" width=\"600\" height=\"815\"><\/a><\/p>","protected":false},"excerpt":{"rendered":"<p>Forsby Mill, net buiten Fj\u00e4rdhundra, organiseert voor het zesde jaar concerten van topklasse - altijd goed bezocht en een geweldige ervaring! Dit jaar is het thema \"Herinnering en vergeten\".<\/p>","protected":false},"author":1,"featured_media":503,"comment_status":"open","ping_status":"open","sticky":false,"template":"","format":"standard","meta":{"_acf_changed":false,"_relevanssi_hide_post":"","_relevanssi_hide_content":"","_relevanssi_pin_for_all":"","_relevanssi_pin_keywords":"","_relevanssi_unpin_keywords":"","_relevanssi_related_keywords":"","_relevanssi_related_include_ids":"","_relevanssi_related_exclude_ids":"","_relevanssi_related_no_append":"","_relevanssi_related_not_related":"","_relevanssi_related_posts":"","_relevanssi_noindex_reason":"Rank Math Uteslut fr\u00e5n Relevanssi index","_genesis_hide_title":false,"_genesis_hide_breadcrumbs":false,"_genesis_hide_singular_image":false,"_genesis_hide_footer_widgets":false,"_genesis_custom_body_class":"","_genesis_custom_post_class":"","_genesis_layout":"","_jetpack_memberships_contains_paid_content":false,"footnotes":""},"categories":[353,18,45,23,50],"tags":[352,38,57,58,204],"class_list":{"0":"post-483","1":"post","2":"type-post","3":"status-publish","4":"format-standard","5":"has-post-thumbnail","7":"category-aldre-inlagg","8":"category-externt","9":"category-kultur","10":"category-musik","11":"category-teater","12":"tag-aldre-inlagg","13":"tag-forsby-kvarn","14":"tag-klassisk-musik","15":"tag-kraus","16":"tag-teater","17":"entry"},"acf":[],"visa":null,"geo_latitude":null,"geo_longitude":null,"jetpack_featured_media_url":"","featured_image_src":null,"featured_image_src_square":null,"author_info":{"display_name":"Mats Thorburn","author_link":"https:\/\/www.fjardhundraland.se\/nl\/author\/matst\/"},"jetpack-related-posts":[{"id":600,"url":"https:\/\/www.fjardhundraland.se\/nl\/externt\/2011\/musik-du-aldrig-mer-kommer-att-fa-hora\/","url_meta":{"origin":483,"position":0},"title":"Muziek voor het moment in Forsby Mill","author":"Mats Thorburn","date":"16 augustus 2011","format":false,"excerpt":"Forsby Mill, de concertlocatie in Forsby net buiten Fj\u00e4rdhundra, nodigt je uit voor het tweede concert van het jaar op zaterdag 20 augustus. Deze avond hoort u ge\u00efmproviseerde muziek - muziek die gespeeld wordt om nooit meer herhaald te worden!","rel":"","context":"In &quot;\u00c4ldre inl\u00e4gg&quot;","block_context":{"text":"\u00c4ldre inl\u00e4gg","link":"https:\/\/www.fjardhundraland.se\/nl\/aldre-inlagg\/"},"img":{"alt_text":"Torbj\u00f6rn Lillieqvist, Forsby kvarn","src":"https:\/\/i0.wp.com\/www.fjardhundraland.se\/wp-content\/uploads\/2011\/08\/forsby-1-630x289.jpg?resize=350%2C200&ssl=1","width":350,"height":200,"srcset":"https:\/\/i0.wp.com\/www.fjardhundraland.se\/wp-content\/uploads\/2011\/08\/forsby-1-630x289.jpg?resize=350%2C200&ssl=1 1x, https:\/\/i0.wp.com\/www.fjardhundraland.se\/wp-content\/uploads\/2011\/08\/forsby-1-630x289.jpg?resize=525%2C300&ssl=1 1.5x"},"classes":[]},{"id":1155,"url":"https:\/\/www.fjardhundraland.se\/nl\/musik\/2012\/varoffer-i-sommarkvallen\/","url_meta":{"origin":483,"position":1},"title":"Lente offers in de zomeravond","author":"Mats Thorburn","date":"7 augustus 2012","format":false,"excerpt":"Op zaterdag 11 augustus is het tijd voor het tweede concert van het jaar in Forsby kvarn musikscen. Een vierhandige versie van Igor Stravinsky's Rite of Spring met Kristine Scholz en Mats Persson wordt gevolgd door jazz met Monica Dominique en Palle Danielsson.","rel":"","context":"In &quot;\u00c4ldre inl\u00e4gg&quot;","block_context":{"text":"\u00c4ldre inl\u00e4gg","link":"https:\/\/www.fjardhundraland.se\/nl\/aldre-inlagg\/"},"img":{"alt_text":"Forsby kvarn. Foto: Mats Thorburn.","src":"https:\/\/i0.wp.com\/www.fjardhundraland.se\/wp-content\/uploads\/2012\/08\/IMG_7095-630x403.jpg?resize=350%2C200&ssl=1","width":350,"height":200,"srcset":"https:\/\/i0.wp.com\/www.fjardhundraland.se\/wp-content\/uploads\/2012\/08\/IMG_7095-630x403.jpg?resize=350%2C200&ssl=1 1x, https:\/\/i0.wp.com\/www.fjardhundraland.se\/wp-content\/uploads\/2012\/08\/IMG_7095-630x403.jpg?resize=525%2C300&ssl=1 1.5x"},"classes":[]},{"id":2490,"url":"https:\/\/www.fjardhundraland.se\/nl\/rebusrunda\/2014\/medverkande-pa-rebusrundan-2014\/","url_meta":{"origin":483,"position":2},"title":"Deelnemers aan de Rebus-ronde 2014","author":"Mats Thorburn","date":"10 augustus 2014","format":false,"excerpt":"Alsta Gardens - Tuincaf\u00e9 en galerie. Lopende tentoonstellingen: aquarellist\/boekillustrator Maj Fagerberg bloemfoto's, kunstenaar Lars Wallin, vogelfoto's. Franz\u00e9n's charcuterie - Biologische worsten en vleeswaren van wereldklasse van onze eigen Linder\u00f6d varkens. Gula Stallets Butik &amp; Kaf\u00e9 - Caf\u00e9 met huisgemaakte en lichte lunch en boerderijwinkel met lokaal geproduceerde en biologische lekkernijen. Eenden, kippen, konijnen, schapen, paarden, honden &amp; katten. Overdekt ...","rel":"","context":"In &quot;\u00c4ldre inl\u00e4gg&quot;","block_context":{"text":"\u00c4ldre inl\u00e4gg","link":"https:\/\/www.fjardhundraland.se\/nl\/aldre-inlagg\/"},"img":{"alt_text":"","src":"","width":0,"height":0},"classes":[]},{"id":1206,"url":"https:\/\/www.fjardhundraland.se\/nl\/hantverk\/2012\/oppet-hus-18-november\/","url_meta":{"origin":483,"position":3},"title":"Open Huis 18 november","author":"Ylva Fontell","date":"4 november 2012","format":false,"excerpt":"Op zondag 18 november krijg je een kijkje in de keuken van Fj\u00e4rdhundraland. De vereniging stelt zich voor, veel leden vertellen over hun activiteiten\/verkopen hun producten, je kunt lokaal geproduceerde koffie eten en drinken en films of kindertheater kijken. Welkom op een spannende avond in de herfstduisternis! Kinderdagverblijf H\u00e4rnevi is ter plaatse ...","rel":"","context":"In &quot;\u00c4ldre inl\u00e4gg&quot;","block_context":{"text":"\u00c4ldre inl\u00e4gg","link":"https:\/\/www.fjardhundraland.se\/nl\/aldre-inlagg\/"},"img":{"alt_text":"","src":"","width":0,"height":0},"classes":[]},{"id":3293,"url":"https:\/\/www.fjardhundraland.se\/nl\/press\/2016\/tre-kafeer-fran-fjardhundraland-nya-white-guide\/","url_meta":{"origin":483,"position":4},"title":"Drie Fj\u00e4rdhundraland-caf\u00e9s in de nieuwe Witte Gids","author":"Mats Thorburn","date":"13 mei 2016","format":false,"excerpt":"Het is nu bekend welke caf\u00e9s dit jaar in de editie van Witte Gids Caf\u00e9 worden opgenomen. Tot nu toe zijn negen caf\u00e9s uit Uppland door het oog van de naald gekropen - en dit jaar komen daar maar liefst drie caf\u00e9s uit Fj\u00e4rdhundraland bij. Het zijn Forsby kvarn caf\u00e9, Kr\u00e5kvilan bakkerij en Resta boerderij die...","rel":"","context":"In &quot;Press&quot;","block_context":{"text":"Press","link":"https:\/\/www.fjardhundraland.se\/nl\/press\/"},"img":{"alt_text":"Kr\u00e5kvilan Marianne","src":"https:\/\/i0.wp.com\/www.fjardhundraland.se\/wp-content\/uploads\/2014\/02\/Krakvilan_Marianne.jpg?resize=350%2C200&ssl=1","width":350,"height":200,"srcset":"https:\/\/i0.wp.com\/www.fjardhundraland.se\/wp-content\/uploads\/2014\/02\/Krakvilan_Marianne.jpg?resize=350%2C200&ssl=1 1x, https:\/\/i0.wp.com\/www.fjardhundraland.se\/wp-content\/uploads\/2014\/02\/Krakvilan_Marianne.jpg?resize=525%2C300&ssl=1 1.5x, https:\/\/i0.wp.com\/www.fjardhundraland.se\/wp-content\/uploads\/2014\/02\/Krakvilan_Marianne.jpg?resize=700%2C400&ssl=1 2x, https:\/\/i0.wp.com\/www.fjardhundraland.se\/wp-content\/uploads\/2014\/02\/Krakvilan_Marianne.jpg?resize=1050%2C600&ssl=1 3x, https:\/\/i0.wp.com\/www.fjardhundraland.se\/wp-content\/uploads\/2014\/02\/Krakvilan_Marianne.jpg?resize=1400%2C800&ssl=1 4x"},"classes":[]},{"id":914,"url":"https:\/\/www.fjardhundraland.se\/nl\/mat\/2012\/nu-oppnar-forsby-kvarn-kafe\/","url_meta":{"origin":483,"position":5},"title":"Forsby Mill caf\u00e9 nu open","author":"Mats Thorburn","date":"26 april 2012","format":false,"excerpt":"Zaterdag opent het langverwachte caf\u00e9 in Forsby Mill. Waar de locomotief ooit de molen en houtzagerij aandreef, wordt nu Ibba's gebak geserveerd. Er wordt lekkers beloofd, en ook nuttig voedsel. Lees meer op de nieuwe website!","rel":"","context":"In &quot;\u00c4ldre inl\u00e4gg&quot;","block_context":{"text":"\u00c4ldre inl\u00e4gg","link":"https:\/\/www.fjardhundraland.se\/nl\/aldre-inlagg\/"},"img":{"alt_text":"","src":"https:\/\/i0.wp.com\/forsbykvarn.se\/wp-content\/uploads\/2011\/08\/Forsbybageriets-gamla-monter.jpg?resize=350%2C200&ssl=1","width":350,"height":200},"classes":[]}],"jetpack_sharing_enabled":true,"_links":{"self":[{"href":"https:\/\/www.fjardhundraland.se\/nl\/wp-json\/wp\/v2\/posts\/483","targetHints":{"allow":["GET"]}}],"collection":[{"href":"https:\/\/www.fjardhundraland.se\/nl\/wp-json\/wp\/v2\/posts"}],"about":[{"href":"https:\/\/www.fjardhundraland.se\/nl\/wp-json\/wp\/v2\/types\/post"}],"author":[{"embeddable":true,"href":"https:\/\/www.fjardhundraland.se\/nl\/wp-json\/wp\/v2\/users\/1"}],"replies":[{"embeddable":true,"href":"https:\/\/www.fjardhundraland.se\/nl\/wp-json\/wp\/v2\/comments?post=483"}],"version-history":[{"count":1,"href":"https:\/\/www.fjardhundraland.se\/nl\/wp-json\/wp\/v2\/posts\/483\/revisions"}],"predecessor-version":[{"id":19749,"href":"https:\/\/www.fjardhundraland.se\/nl\/wp-json\/wp\/v2\/posts\/483\/revisions\/19749"}],"wp:featuredmedia":[{"embeddable":true,"href":"https:\/\/www.fjardhundraland.se\/nl\/wp-json\/"}],"wp:attachment":[{"href":"https:\/\/www.fjardhundraland.se\/nl\/wp-json\/wp\/v2\/media?parent=483"}],"wp:term":[{"taxonomy":"category","embeddable":true,"href":"https:\/\/www.fjardhundraland.se\/nl\/wp-json\/wp\/v2\/categories?post=483"},{"taxonomy":"post_tag","embeddable":true,"href":"https:\/\/www.fjardhundraland.se\/nl\/wp-json\/wp\/v2\/tags?post=483"}],"curies":[{"name":"wp","href":"https:\/\/api.w.org\/{rel}","templated":true}]}}