
{"id":4723,"date":"2017-09-23T19:20:24","date_gmt":"2017-09-23T17:20:24","guid":{"rendered":"http:\/\/www.fjardhundraland.se\/?p=4723"},"modified":"2026-02-05T13:43:00","modified_gmt":"2026-02-05T12:43:00","slug":"het-gaat-over-eten-en-mensen","status":"publish","type":"post","link":"https:\/\/www.fjardhundraland.se\/nl\/mat-manniskor\/2017\/det-hander-pa-mat-manniskor\/","title":{"rendered":"Wat gebeurt er bij Food &amp; People"},"content":{"rendered":"<h2>Lunch is hier verkrijgbaar<\/h2>\n<h3>Kromsta boerderij<\/h3>\n<p>Zelf hamburgers grillen met brood. Zuivel- en glutenvrij.<\/p>\n<h3>Kasteelcaf\u00e9 Salnecke<\/h3>\n<p>Kaaspastei, Kaas- en hampastei en Uiensoep met kaas en ham, kaas\/delibord. Allemaal gemaakt met onze eigen Skogsbacken kaas en lokaal geproduceerde ingredi\u00ebnten.<\/p>\n<h3>S\u00f6rg\u00e5rden groen<\/h3>\n<p>Tomatensoep gemaakt van je eigen tomaten met bijgerechten.<\/p>\n<h3>Resta boerderij<\/h3>\n<p>Texas chili gemaakt met de beste 1TP9Noten en klassieke kruiden zoals koolsla, koriander, zure room.<\/p>\n<h3>Gele stal<\/h3>\n<p>Op houtskool gegrilde pizza met gerookt lamsvlees, Bredsj\u00f6 blauw, munt &amp; honing. (Vegetarisch verkrijgbaar.) Lactosevrij als je de schapenkaas verwijdert. Gegrilde kolenbroodjes.<\/p>\n<h3>Alsta tuinen<\/h3>\n<h3><\/h3>\n<p>&nbsp;<\/p>\n<h2>Menu en activiteiten<\/h2>\n<p class=\"p2\"><span class=\"s1\">\uf0f5<\/span> <i class=\"fa fa-coffee\" aria-hidden=\"true\"><\/i><span class=\"s1\">\uf07a<\/span> <b>Gula Stallet Winkel &amp; Caf\u00e9<\/b><\/p>\n<p class=\"p1\"><i>Lam van de boerderij met lokale producten.<\/i><\/p>\n<p class=\"p2\"><span class=\"s1\">\uf0f5 <\/span><i class=\"fa fa-coffee\" aria-hidden=\"true\"><\/i><span class=\"s1\">\uf07a <\/span><b>Kasteelcaf\u00e9 Salnecke Kaas &amp; Deli<br \/>\nBergets G\u00e5rds Pasta &amp; Brood<br \/>\nTijdschrift Lagerl\u00f6fska<\/b><\/p>\n<p><i>Skogsbacken kazen met brood van Bergets g\u00e5rd pasta en brood, marmelade van Lagerl\u00f6fska magasinet.<\/i><\/p>\n<ul>\n<li>Verkoop van brood van Bergets g\u00e5rds pasta en brood, kazen van Skogsbacken kaas. Marmelades van Lagerl\u00f6fska magasinet<\/li>\n<li>Zelfgemaakte koffie en een winkel met lokale producten.<\/li>\n<li>Breng herinneringen op smaak met historische recepten.<\/li>\n<li>Kruidenwandeling met de smaakspecialisten.<\/li>\n<li>De Gryta kerk is open voor bezichtiging.<\/li>\n<\/ul>\n<p class=\"p3\"><span class=\"s4\"><b>De smaakspecialisten<br \/>\n<\/b><\/span>(in Kasteelcaf\u00e9 Salnecke)<\/p>\n<p class=\"p1\"><i>Mini kruidenwandeling 15 min + een wild shot.<\/i><\/p>\n<p class=\"p2\"><span class=\"s1\">\uf0f5<\/span> <i class=\"fa fa-coffee\" aria-hidden=\"true\"><\/i><span class=\"s1\">\uf07a<\/span> <b>Resta boerderij<\/b><\/p>\n<p class=\"p1\"><i>Een selectie van het smakelijke vlees en de worsten van de boerderij met bijgerechten uit de moestuinen van Resta.<\/i><\/p>\n<p class=\"p2\"><i class=\"fa fa-coffee\" aria-hidden=\"true\"><\/i><span class=\"s1\">\uf0f5 \uf07a <\/span><b>Frambozenpark<\/b><\/p>\n<p class=\"p1\"><i>Donkere brownie met frambozensalade en slagroom (glutenvrij, suikervrij) en koffie\/thee.<\/i><\/p>\n<div>Er zijn opties voor mensen met melk- en ei-allergie\u00ebn. Voor de hongerigen zijn er gegrilde worsten van boerderij Resta (varkens- en lamsvlees) en vegetarisch. We hebben ook biologisch ijs van S\u00e4nkdalens ijs en softijs. Je kunt op ons terras zitten met uitzicht op het M\u00e4larmeer en eten en koffie drinken!<\/div>\n<div><\/div>\n<div>Zelf plukken van herfstframbozen kan de hele dag...<\/div>\n<p class=\"p2\"><span class=\"s1\">\uf07a <\/span><b>Franz\u00e9ns Charkuterier<\/b><\/p>\n<p class=\"p1\"><i>Een selectie luchtgedroogde producten van jaarrond Linder\u00f6d varkens.<\/i><\/p>\n<p>Hier kun je de varkens en kippen bekijken en in de winkel worsten, vlees en luchtgedroogde producten kopen, en drinken voor de kinderen.<\/p>\n<p class=\"p2\"><span class=\"s1\">\uf07a <\/span><b>Boerderij Sunnansj\u00f6<\/b><\/p>\n<p class=\"p1\"><i>Gegrilde suikerma\u00efs met verschillende oli\u00ebn.<\/i><\/p>\n<ul>\n<li>Leer meer over appels telen<\/li>\n<li>Proeven van Spaanse peper<\/li>\n<li>Copromotie<\/li>\n<li>Tuinwandeling<\/li>\n<li>Verkoop van groenten, kruidenzout, chilisaus, basilicum in olie, boeken en zaailingen.<\/li>\n<li>Fototentoonstelling van vogels, vlinders en natuur<\/li>\n<li>Biologische koffie en thee met huisgebak.<\/li>\n<\/ul>\n<p><a href=\"https:\/\/sunnansjo.blogspot.se\/2017\/09\/mat-manniskor-24-september-11-17.html\" target=\"_blank\" rel=\"noopener\">Programma's zijn hier beschikbaar<\/a>.<\/p>\n<p class=\"p2\"><i class=\"fa fa-coffee\" aria-hidden=\"true\"><\/i><span class=\"s1\">\uf07a<\/span> <b>Dunderbo Licht &amp; Ambacht<\/b><\/p>\n<p class=\"p1\"><i>Koffie en een bord koekjes met honing.<\/i><\/p>\n<p>Imker Anders Karlsson zal er zijn om te laten zien en te vertellen over bijenteelt en honing. ambachtelijke kraam en<\/p>\n<p class=\"p2\"><span class=\"s1\">\uf0f5<\/span> <i class=\"fa fa-coffee\" aria-hidden=\"true\"><\/i><span class=\"s1\">\uf07a <\/span><b>Alsta tuinen<\/b><\/p>\n<p class=\"p1\"><i>Engelse scones met room &amp; duindoornjam van onze eigen duindoornstruiken, geraniumcake met de smaak van onze geurende geraniums en mini-rabarbergrot van onze eigen rabarber.<\/i><\/p>\n<p class=\"p2\"><i class=\"fa fa-coffee\" aria-hidden=\"true\"><\/i><span class=\"s1\">\uf07a <\/span><b>Sussi's boerderij bakkerij<br \/>\nZuivelboerderij Vallgarn<\/b><\/p>\n<p><i>Roggebrood en kn\u00e4ckebr\u00f6d met kazen uit Vallgarn en zelfgemaakte jam.<\/i><\/p>\n<p>Sussi's boerderij bakkerij - vandaag ook met een bezoek van Vallgarn's boerderij zuivelfabriek die verschillende soorten kaas en cheesecake verkoopt.<\/p>\n<p class=\"p2\"><span class=\"s1\">\uf07a <\/span><b>Pekoe biologische thee<\/b><\/p>\n<p class=\"p1\"><i>Drie theesoorten met bijpassende smaken.<\/i><\/p>\n<p>Proeverij en verkoop van biologische thee.<\/p>\n<p class=\"p2\"><span class=\"s1\">\uf0f5 \uf07a <\/span><b>S\u00f6rg\u00e5rden groen<\/b><\/p>\n<p class=\"p1\"><i>Proeven van verschillende soorten tomaten.<\/i><\/p>\n<p>Tomatensoep met bijgerechten wordt geserveerd<\/p>\n<p class=\"p2\"><span class=\"s1\">\uf07a <\/span><b>Paarden- en groenteboer<\/b><\/p>\n<p class=\"p1\"><i>Rode bietensoep met een lepel Griekse yoghurt.<\/i><\/p>\n<p class=\"p2\"><span class=\"s1\">\uf0f5 \uf07a <\/span><b>Kromsta Lantbod<\/b><\/p>\n<p><i>Sussies zuurdesembrood B\u00e4lsunda met aardappelsalade op lokaal geteelde amandine aardappelen en rundergehakt op eigen gehakt<\/i><\/p>\n<p class=\"p3\"><span class=\"s1\">\uf07a <\/span><span class=\"s4\"><b>\u00c4nga boerderij<br \/>\n<\/b><\/span>(bij het Happy Sheep)<\/p>\n<p class=\"p1\"><i>Een selectie van onze biologische kruidenmengsels samengesteld in een smakelijk dipsausje.<\/i><\/p>\n<p class=\"p2\"><i class=\"fa fa-coffee\" aria-hidden=\"true\"><\/i><span class=\"s1\">\uf07a <\/span><b>Het gelukkige schaap<\/b><\/p>\n<p><i>Kn\u00e4ckebr\u00f6d met huisgemaakte kruidenmayonaise en op de boerderij gerookte schapenvlaai<\/i><\/p>\n<p>Het schapencaf\u00e9 gaat open en biedt onder andere versgebakken appeldonuts met appelmoes van de appelbomen van de boerderij.\u00a0<u><\/u><u><\/u>Het hele \u201dwollige\u201d assortiment wordt tentoongesteld: lamsvacht, garen, wat vers geknipte wol, tuinwol, enz.<\/p>\n<p>\u00c4nga Farm verkoopt specerijen en thee.<\/p>\n<p><u><\/u><u><\/u>Ga even zitten en kijk hoe de schapen grazen.<\/p>\n<p class=\"p2\"><span class=\"s1\">\uf07a <\/span><b>Boerderij Landsberga<\/b><\/p>\n<p class=\"p1\"><i>Ei sandwich op eieren gekookt in de ochtend met een drankje<\/i><\/p>\n<p>Verkoop van verse eieren.<\/p>","protected":false},"excerpt":{"rendered":"<p>H\u00e4r finns det lunch Kromsta lantbod Grillar egna hamburgare med br\u00f6d. Mj\u00f6lk- och glutenfritt. Salnecke slottscaf\u00e9 Ostpaj,\u00a0Ost o skinkpaj och L\u00f6ksoppa med ost och skinka, ost\/delitallrik. Allt p\u00e5 egna Skogsbackens ost och med lokalproducerade ingredienser. S\u00f6rg\u00e5rden gr\u00f6nt Tomatsoppa av egna tomater med tillbeh\u00f6r. Resta g\u00e5rd Texas chili gjord p\u00e5 b\u00e4sta Restan\u00f6t och klassiska tillbeh\u00f6r som [&hellip;]<\/p>\n","protected":false},"author":1,"featured_media":4742,"comment_status":"closed","ping_status":"closed","sticky":false,"template":"","format":"standard","meta":{"_acf_changed":false,"_relevanssi_hide_post":"","_relevanssi_hide_content":"","_relevanssi_pin_for_all":"","_relevanssi_pin_keywords":"","_relevanssi_unpin_keywords":"","_relevanssi_related_keywords":"","_relevanssi_related_include_ids":"","_relevanssi_related_exclude_ids":"","_relevanssi_related_no_append":"","_relevanssi_related_not_related":"","_relevanssi_related_posts":"16405,16533,12584,7284,8656,5416","_relevanssi_noindex_reason":"Rank Math Uteslut fr\u00e5n Relevanssi index","_genesis_hide_title":false,"_genesis_hide_breadcrumbs":false,"_genesis_hide_singular_image":false,"_genesis_hide_footer_widgets":false,"_genesis_custom_body_class":"","_genesis_custom_post_class":"","_genesis_layout":"","_jetpack_memberships_contains_paid_content":false,"footnotes":""},"categories":[253,353,22],"tags":[352],"class_list":{"0":"post-4723","1":"post","2":"type-post","3":"status-publish","4":"format-standard","5":"has-post-thumbnail","7":"category-mat-manniskor","8":"category-aldre-inlagg","9":"category-mat","10":"tag-aldre-inlagg","11":"entry"},"acf":[],"visa":null,"geo_latitude":null,"geo_longitude":null,"jetpack_featured_media_url":"https:\/\/www.fjardhundraland.se\/wp-content\/uploads\/2017\/09\/img_20160925_111803.jpg","featured_image_src":"https:\/\/www.fjardhundraland.se\/wp-content\/uploads\/2017\/09\/img_20160925_111803.jpg","featured_image_src_square":"https:\/\/www.fjardhundraland.se\/wp-content\/uploads\/2017\/09\/img_20160925_111803.jpg","author_info":{"display_name":"Mats Thorburn","author_link":"https:\/\/www.fjardhundraland.se\/nl\/author\/matst\/"},"jetpack-related-posts":[{"id":4981,"url":"https:\/\/www.fjardhundraland.se\/nl\/upplevelser\/2018\/pask-i-fjardhundraland-2018\/","url_meta":{"origin":4723,"position":0},"title":"Paasinkopen in Fj\u00e4rdhundraland","author":"Mats Thorburn","date":"28 maart 2018","format":false,"excerpt":"Met Pasen begint het seizoen echt in Fj\u00e4rdhundraland. Hier zijn een aantal plaatsen die dit weekend open zijn. Geniet van de lentezon op het platteland! Klik op de kop om meer te lezen over elke plek! Kvarnnibble winkel en verzamelplaats Open de boerderijwinkel vol met vlees, eieren, kazen en ander lekkers ....","rel":"","context":"In &quot;\u00c4ldre inl\u00e4gg&quot;","block_context":{"text":"\u00c4ldre inl\u00e4gg","link":"https:\/\/www.fjardhundraland.se\/nl\/aldre-inlagg\/"},"img":{"alt_text":"Tupp Ho\u0308ns Ha\u0308rnevi plantskola","src":"https:\/\/i0.wp.com\/www.fjardhundraland.se\/wp-content\/uploads\/2018\/03\/tupp-hocc88ns-hacc88rnevi-plantskola-2017-april-15-12-00-45-_.jpg?resize=350%2C200&ssl=1","width":350,"height":200,"srcset":"https:\/\/i0.wp.com\/www.fjardhundraland.se\/wp-content\/uploads\/2018\/03\/tupp-hocc88ns-hacc88rnevi-plantskola-2017-april-15-12-00-45-_.jpg?resize=350%2C200&ssl=1 1x, https:\/\/i0.wp.com\/www.fjardhundraland.se\/wp-content\/uploads\/2018\/03\/tupp-hocc88ns-hacc88rnevi-plantskola-2017-april-15-12-00-45-_.jpg?resize=525%2C300&ssl=1 1.5x, https:\/\/i0.wp.com\/www.fjardhundraland.se\/wp-content\/uploads\/2018\/03\/tupp-hocc88ns-hacc88rnevi-plantskola-2017-april-15-12-00-45-_.jpg?resize=700%2C400&ssl=1 2x, https:\/\/i0.wp.com\/www.fjardhundraland.se\/wp-content\/uploads\/2018\/03\/tupp-hocc88ns-hacc88rnevi-plantskola-2017-april-15-12-00-45-_.jpg?resize=1050%2C600&ssl=1 3x, https:\/\/i0.wp.com\/www.fjardhundraland.se\/wp-content\/uploads\/2018\/03\/tupp-hocc88ns-hacc88rnevi-plantskola-2017-april-15-12-00-45-_.jpg?resize=1400%2C800&ssl=1 4x"},"classes":[]},{"id":4259,"url":"https:\/\/www.fjardhundraland.se\/nl\/rebusrunda\/2017\/medverkande-rebusrundan-2017\/","url_meta":{"origin":4723,"position":1},"title":"Deelnemers aan de Rebus-ronde 2017","author":"Ylva Fontell","date":"5 juni 2017","format":false,"excerpt":"Dit jaar kun je tijdens de Rebus Tour maar liefst 40 verschillende organisaties bezoeken! Hier is de volledige lijst. Klik op de links om meer te lezen over elke plaats. Alsta tr\u00e4dg\u00e5rdar - Tuincaf\u00e9, galerie en inspiratietuin. Eten &amp; koffiebrood uit eigen keuken. Leuke en fantasierijke tentoonstelling! Altuna bygdeg\u00e5rdsf\u00f6rening - Catering met koffie...","rel":"","context":"In &quot;Rebusrunda&quot;","block_context":{"text":"Rebusrunda","link":"https:\/\/www.fjardhundraland.se\/nl\/rebusrunda\/"},"img":{"alt_text":"Startkort Rebusrundan","src":"https:\/\/i0.wp.com\/www.fjardhundraland.se\/wp-content\/uploads\/2017\/07\/startkort.jpg?resize=350%2C200&ssl=1","width":350,"height":200,"srcset":"https:\/\/i0.wp.com\/www.fjardhundraland.se\/wp-content\/uploads\/2017\/07\/startkort.jpg?resize=350%2C200&ssl=1 1x, https:\/\/i0.wp.com\/www.fjardhundraland.se\/wp-content\/uploads\/2017\/07\/startkort.jpg?resize=525%2C300&ssl=1 1.5x, https:\/\/i0.wp.com\/www.fjardhundraland.se\/wp-content\/uploads\/2017\/07\/startkort.jpg?resize=700%2C400&ssl=1 2x, https:\/\/i0.wp.com\/www.fjardhundraland.se\/wp-content\/uploads\/2017\/07\/startkort.jpg?resize=1050%2C600&ssl=1 3x, https:\/\/i0.wp.com\/www.fjardhundraland.se\/wp-content\/uploads\/2017\/07\/startkort.jpg?resize=1400%2C800&ssl=1 4x"},"classes":[]},{"id":4687,"url":"https:\/\/www.fjardhundraland.se\/nl\/mat-manniskor\/2017\/mat-manniskor-2017\/","url_meta":{"origin":4723,"position":2},"title":"Voeding &amp; Mensen 2017","author":"Mats Thorburn","date":"21 augustus 2017","format":false,"excerpt":"De Food &amp; People food tour was de eerste twee jaar een groot succes, met duizenden bezoekers op zoek naar food experiences. Op zondag 24 september 2017 van 11.00 tot 17.00 uur is het tijd voor de derde editie. Bezoek telers en foodies op het hoogtepunt van de oogsttijd! Je kiest uit vijftien verschillende locaties. Op sommige plekken zijn er meerdere...","rel":"","context":"In &quot;Mat &amp; m\u00e4nniskor&quot;","block_context":{"text":"Mat &amp; m\u00e4nniskor","link":"https:\/\/www.fjardhundraland.se\/nl\/mat-manniskor\/"},"img":{"alt_text":"S\u00f6rg\u00e5rden gr\u00f6nt Chili","src":"https:\/\/i0.wp.com\/www.fjardhundraland.se\/wp-content\/uploads\/2017\/08\/socc88rgacc8arden-grocc88nt-chili.jpg?resize=350%2C200&ssl=1","width":350,"height":200,"srcset":"https:\/\/i0.wp.com\/www.fjardhundraland.se\/wp-content\/uploads\/2017\/08\/socc88rgacc8arden-grocc88nt-chili.jpg?resize=350%2C200&ssl=1 1x, https:\/\/i0.wp.com\/www.fjardhundraland.se\/wp-content\/uploads\/2017\/08\/socc88rgacc8arden-grocc88nt-chili.jpg?resize=525%2C300&ssl=1 1.5x, https:\/\/i0.wp.com\/www.fjardhundraland.se\/wp-content\/uploads\/2017\/08\/socc88rgacc8arden-grocc88nt-chili.jpg?resize=700%2C400&ssl=1 2x, https:\/\/i0.wp.com\/www.fjardhundraland.se\/wp-content\/uploads\/2017\/08\/socc88rgacc8arden-grocc88nt-chili.jpg?resize=1050%2C600&ssl=1 3x, https:\/\/i0.wp.com\/www.fjardhundraland.se\/wp-content\/uploads\/2017\/08\/socc88rgacc8arden-grocc88nt-chili.jpg?resize=1400%2C800&ssl=1 4x"},"classes":[]},{"id":5295,"url":"https:\/\/www.fjardhundraland.se\/nl\/upplevelser\/2018\/tva-sommarjubileer\/","url_meta":{"origin":4723,"position":3},"title":"Twee zomerjubilea","author":"Ylva Fontell","date":"10 juli 2018","format":false,"excerpt":"Felicitaties voor Salnecke Slottscaf\u00e9 en Dunderbo Ljus &amp; Hantverk die in juli hun jubileum vieren! Het zijn twee prachtige plekken die het leven op het platteland aangenamer maken. Een jaar geleden begon Kasteelcaf\u00e9 Salnecke, Cheese &amp; Deli. Het eenjarig bestaan moet natuurlijk gevierd worden! Op zaterdag 14 juli is er...","rel":"","context":"In &quot;\u00c4ldre inl\u00e4gg&quot;","block_context":{"text":"\u00c4ldre inl\u00e4gg","link":"https:\/\/www.fjardhundraland.se\/nl\/aldre-inlagg\/"},"img":{"alt_text":"","src":"https:\/\/i0.wp.com\/www.fjardhundraland.se\/wp-content\/uploads\/2018\/07\/pr_stkragar-2017-juni-28-20-57-09-59_4852_-n-17_632_-e-1.jpg?resize=350%2C200&ssl=1","width":350,"height":200,"srcset":"https:\/\/i0.wp.com\/www.fjardhundraland.se\/wp-content\/uploads\/2018\/07\/pr_stkragar-2017-juni-28-20-57-09-59_4852_-n-17_632_-e-1.jpg?resize=350%2C200&ssl=1 1x, https:\/\/i0.wp.com\/www.fjardhundraland.se\/wp-content\/uploads\/2018\/07\/pr_stkragar-2017-juni-28-20-57-09-59_4852_-n-17_632_-e-1.jpg?resize=525%2C300&ssl=1 1.5x, https:\/\/i0.wp.com\/www.fjardhundraland.se\/wp-content\/uploads\/2018\/07\/pr_stkragar-2017-juni-28-20-57-09-59_4852_-n-17_632_-e-1.jpg?resize=700%2C400&ssl=1 2x, https:\/\/i0.wp.com\/www.fjardhundraland.se\/wp-content\/uploads\/2018\/07\/pr_stkragar-2017-juni-28-20-57-09-59_4852_-n-17_632_-e-1.jpg?resize=1050%2C600&ssl=1 3x, https:\/\/i0.wp.com\/www.fjardhundraland.se\/wp-content\/uploads\/2018\/07\/pr_stkragar-2017-juni-28-20-57-09-59_4852_-n-17_632_-e-1.jpg?resize=1400%2C800&ssl=1 4x"},"classes":[]},{"id":3794,"url":"https:\/\/www.fjardhundraland.se\/nl\/utflykt\/2016\/julhelg-fjardhundraland\/","url_meta":{"origin":4723,"position":4},"title":"Kerstvakantie in Fj\u00e4rdhundraland","author":"Mats Thorburn","date":"14 december 2016","format":false,"excerpt":"Zelfgebakken brood. Handgemaakte worstjes. Echte kaas. Echte ambachten. Wol, kaarsen. Een handgesneden kerstboom. Is dat niet waar Kerstmis om draait? Hier is een suggestie: sla de drukte in de winkelcentra over en doe je kerstinkopen ter plaatse. Dit weekend is Fj\u00e4rdhundraland geopend voor iedereen die op zoek is naar echte kerstproducten en kerstcadeaus van hoge kwaliteit. De winkel in L\u00f6th zaterdag...","rel":"","context":"In &quot;Utflykt&quot;","block_context":{"text":"Utflykt","link":"https:\/\/www.fjardhundraland.se\/nl\/utflykt\/"},"img":{"alt_text":"Sn\u00f6 och sol, motljus i Fj\u00e4rdhundraland","src":"https:\/\/i0.wp.com\/www.fjardhundraland.se\/wp-content\/uploads\/2016\/12\/snocc88-och-sol.jpg?resize=350%2C200&ssl=1","width":350,"height":200,"srcset":"https:\/\/i0.wp.com\/www.fjardhundraland.se\/wp-content\/uploads\/2016\/12\/snocc88-och-sol.jpg?resize=350%2C200&ssl=1 1x, https:\/\/i0.wp.com\/www.fjardhundraland.se\/wp-content\/uploads\/2016\/12\/snocc88-och-sol.jpg?resize=525%2C300&ssl=1 1.5x, https:\/\/i0.wp.com\/www.fjardhundraland.se\/wp-content\/uploads\/2016\/12\/snocc88-och-sol.jpg?resize=700%2C400&ssl=1 2x, https:\/\/i0.wp.com\/www.fjardhundraland.se\/wp-content\/uploads\/2016\/12\/snocc88-och-sol.jpg?resize=1050%2C600&ssl=1 3x, https:\/\/i0.wp.com\/www.fjardhundraland.se\/wp-content\/uploads\/2016\/12\/snocc88-och-sol.jpg?resize=1400%2C800&ssl=1 4x"},"classes":[]},{"id":5439,"url":"https:\/\/www.fjardhundraland.se\/nl\/marknad-2\/2018\/julmarknad-salnecke-slott-2018\/","url_meta":{"origin":4723,"position":5},"title":"Kerstmarkt op kasteel Salnecke","author":"Mats Thorburn","date":"7 november 2018","format":false,"excerpt":"Op 16 december om 11-16 uur is de premi\u00e8re van de nieuwe kerstmarkt op kasteel Salnecke, \u00d6rsundsbro! In de grote serre onder het kasteel worden historische en moderne gerechten geserveerd voor de kersttafel - kaas, worst, brood, Upplandskubb. Daarnaast vullen we aan met hoogwaardige, lokale ambachten en activiteiten rond het kasteel. Een 17e eeuws kasteel in een...","rel":"","context":"In &quot;Marknad&quot;","block_context":{"text":"Marknad","link":"https:\/\/www.fjardhundraland.se\/nl\/marknad-2\/"},"img":{"alt_text":"Salnecke julmarknad","src":"https:\/\/i0.wp.com\/www.fjardhundraland.se\/wp-content\/uploads\/2018\/11\/salnecke-julmarknad.jpg?resize=350%2C200&ssl=1","width":350,"height":200,"srcset":"https:\/\/i0.wp.com\/www.fjardhundraland.se\/wp-content\/uploads\/2018\/11\/salnecke-julmarknad.jpg?resize=350%2C200&ssl=1 1x, https:\/\/i0.wp.com\/www.fjardhundraland.se\/wp-content\/uploads\/2018\/11\/salnecke-julmarknad.jpg?resize=525%2C300&ssl=1 1.5x, https:\/\/i0.wp.com\/www.fjardhundraland.se\/wp-content\/uploads\/2018\/11\/salnecke-julmarknad.jpg?resize=700%2C400&ssl=1 2x, https:\/\/i0.wp.com\/www.fjardhundraland.se\/wp-content\/uploads\/2018\/11\/salnecke-julmarknad.jpg?resize=1050%2C600&ssl=1 3x, https:\/\/i0.wp.com\/www.fjardhundraland.se\/wp-content\/uploads\/2018\/11\/salnecke-julmarknad.jpg?resize=1400%2C800&ssl=1 4x"},"classes":[]}],"jetpack_sharing_enabled":true,"_links":{"self":[{"href":"https:\/\/www.fjardhundraland.se\/nl\/wp-json\/wp\/v2\/posts\/4723","targetHints":{"allow":["GET"]}}],"collection":[{"href":"https:\/\/www.fjardhundraland.se\/nl\/wp-json\/wp\/v2\/posts"}],"about":[{"href":"https:\/\/www.fjardhundraland.se\/nl\/wp-json\/wp\/v2\/types\/post"}],"author":[{"embeddable":true,"href":"https:\/\/www.fjardhundraland.se\/nl\/wp-json\/wp\/v2\/users\/1"}],"replies":[{"embeddable":true,"href":"https:\/\/www.fjardhundraland.se\/nl\/wp-json\/wp\/v2\/comments?post=4723"}],"version-history":[{"count":1,"href":"https:\/\/www.fjardhundraland.se\/nl\/wp-json\/wp\/v2\/posts\/4723\/revisions"}],"predecessor-version":[{"id":19615,"href":"https:\/\/www.fjardhundraland.se\/nl\/wp-json\/wp\/v2\/posts\/4723\/revisions\/19615"}],"wp:featuredmedia":[{"embeddable":true,"href":"https:\/\/www.fjardhundraland.se\/nl\/wp-json\/wp\/v2\/media\/4742"}],"wp:attachment":[{"href":"https:\/\/www.fjardhundraland.se\/nl\/wp-json\/wp\/v2\/media?parent=4723"}],"wp:term":[{"taxonomy":"category","embeddable":true,"href":"https:\/\/www.fjardhundraland.se\/nl\/wp-json\/wp\/v2\/categories?post=4723"},{"taxonomy":"post_tag","embeddable":true,"href":"https:\/\/www.fjardhundraland.se\/nl\/wp-json\/wp\/v2\/tags?post=4723"}],"curies":[{"name":"wp","href":"https:\/\/api.w.org\/{rel}","templated":true}]}}