
{"id":41,"date":"2011-02-02T10:20:08","date_gmt":"2011-02-02T09:20:08","guid":{"rendered":"http:\/\/www.fjardhundraland.se\/?p=41"},"modified":"2026-02-05T13:40:42","modified_gmt":"2026-02-05T12:40:42","slug":"fjardhundraland-economische-associatie-nu-van-start","status":"publish","type":"post","link":"https:\/\/www.fjardhundraland.se\/nl\/externt\/2011\/nu-startar-fjardhundraland-ekonomisk-forening\/","title":{"rendered":"Nu begint Fj\u00e4rdhundraland economische associatie"},"content":{"rendered":"<p>Fj\u00e4rdhundraland ek. voor. wordt een platform voor toerisme, handel en gemeenschapsontwikkeling. <a title=\"Ledenregistratie Fj\u00e4rdhundraland\" href=\"https:\/\/www.fjardhundrabygden.se\/fjardhundraland\/medlemsanmalan.html\" target=\"_blank\" rel=\"noopener\">Lid worden<\/a> om deel uit te maken van een spannend ontwikkelingsproject - voor nieuwe contacten en toekomstige kansen.<\/p>","protected":false},"excerpt":{"rendered":"<p>Fj\u00e4rdhundraland ek. for. wordt een platform voor toerisme, business en gemeenschapsontwikkeling. Word lid om deel uit te maken van een spannend ontwikkelingsproject - voor nieuwe contacten en toekomstige kansen.<\/p>","protected":false},"author":1,"featured_media":0,"comment_status":"open","ping_status":"open","sticky":false,"template":"","format":"standard","meta":{"_acf_changed":false,"_relevanssi_hide_post":"","_relevanssi_hide_content":"","_relevanssi_pin_for_all":"","_relevanssi_pin_keywords":"","_relevanssi_unpin_keywords":"","_relevanssi_related_keywords":"","_relevanssi_related_include_ids":"","_relevanssi_related_exclude_ids":"","_relevanssi_related_no_append":"","_relevanssi_related_not_related":"","_relevanssi_related_posts":"","_relevanssi_noindex_reason":"Rank Math Uteslut fr\u00e5n Relevanssi index","_genesis_hide_title":false,"_genesis_hide_breadcrumbs":false,"_genesis_hide_singular_image":false,"_genesis_hide_footer_widgets":false,"_genesis_custom_body_class":"","_genesis_custom_post_class":"","_genesis_layout":"","_jetpack_memberships_contains_paid_content":false,"footnotes":""},"categories":[353,18],"tags":[352],"class_list":{"0":"post-41","1":"post","2":"type-post","3":"status-publish","4":"format-standard","6":"category-aldre-inlagg","7":"category-externt","8":"tag-aldre-inlagg","9":"entry"},"acf":[],"visa":null,"geo_latitude":null,"geo_longitude":null,"jetpack_featured_media_url":"","featured_image_src":null,"featured_image_src_square":null,"author_info":{"display_name":"Mats Thorburn","author_link":"https:\/\/www.fjardhundraland.se\/nl\/author\/matst\/"},"jetpack-related-posts":[{"id":3604,"url":"https:\/\/www.fjardhundraland.se\/nl\/inlagg\/2016\/vad-tyckte-du-om-mat-manniskor\/","url_meta":{"origin":41,"position":0},"title":"Wat vond je van Eten &amp; Mensen?","author":"Mats Thorburn","date":"25 september 2016","format":false,"excerpt":"Heb jij een leuke dag gehad in Fj\u00e4rdhundraland? Vertel ons hier wat je ervan vond. Drie winnaars ontvangen lokaal geproduceerd eten - het is nu te laat om mee te doen, maar je kunt ons nog steeds laten weten wat je ervan vindt! De winnaars hebben inmiddels hun prijs ontvangen. Gefeliciteerd aan de winnaars!","rel":"","context":"In &quot;\u00c4ldre inl\u00e4gg&quot;","block_context":{"text":"\u00c4ldre inl\u00e4gg","link":"https:\/\/www.fjardhundraland.se\/nl\/aldre-inlagg\/"},"img":{"alt_text":"","src":"https:\/\/i0.wp.com\/www.fjardhundraland.se\/wp-content\/uploads\/2016\/09\/mmfb.jpg?resize=350%2C200&ssl=1","width":350,"height":200,"srcset":"https:\/\/i0.wp.com\/www.fjardhundraland.se\/wp-content\/uploads\/2016\/09\/mmfb.jpg?resize=350%2C200&ssl=1 1x, https:\/\/i0.wp.com\/www.fjardhundraland.se\/wp-content\/uploads\/2016\/09\/mmfb.jpg?resize=525%2C300&ssl=1 1.5x, https:\/\/i0.wp.com\/www.fjardhundraland.se\/wp-content\/uploads\/2016\/09\/mmfb.jpg?resize=700%2C400&ssl=1 2x, https:\/\/i0.wp.com\/www.fjardhundraland.se\/wp-content\/uploads\/2016\/09\/mmfb.jpg?resize=1050%2C600&ssl=1 3x"},"classes":[]},{"id":1191,"url":"https:\/\/www.fjardhundraland.se\/nl\/inlagg\/2012\/oppet-hus-i-fjardhundraland-18-november\/","url_meta":{"origin":41,"position":1},"title":"Open huis in Fj\u00e4rdhundraland 18 november","author":"Mats Thorburn","date":"2 oktober 2012","format":false,"excerpt":"Op zondag 18 november om 16-19.30 ben je welkom om Fj\u00e4rdhundraland te spreken in het Kerkhuis in Fj\u00e4rdhundra! We vertonen een fragment uit de film van het theatersucces \u201dDet susar\u201d van deze zomer om 17-18. Minimarkt met kleine bedrijfjes uit het dorp. Maak van de gelegenheid gebruik om lokaal geproduceerd voedsel en koffie te kopen. Leer meer over ondernemerschap met het project Ondernemerschap in...","rel":"","context":"In &quot;\u00c4ldre inl\u00e4gg&quot;","block_context":{"text":"\u00c4ldre inl\u00e4gg","link":"https:\/\/www.fjardhundraland.se\/nl\/aldre-inlagg\/"},"img":{"alt_text":"Det susar","src":"https:\/\/i0.wp.com\/www.fjardhundraland.se\/wp-content\/uploads\/2012\/10\/detsusar-630x403.jpg?resize=350%2C200&ssl=1","width":350,"height":200,"srcset":"https:\/\/i0.wp.com\/www.fjardhundraland.se\/wp-content\/uploads\/2012\/10\/detsusar-630x403.jpg?resize=350%2C200&ssl=1 1x, https:\/\/i0.wp.com\/www.fjardhundraland.se\/wp-content\/uploads\/2012\/10\/detsusar-630x403.jpg?resize=525%2C300&ssl=1 1.5x"},"classes":[]},{"id":264,"url":"https:\/\/www.fjardhundraland.se\/nl\/externt\/2011\/premiartur-i-fjardhundraland\/","url_meta":{"origin":41,"position":2},"title":"Premi\u00e8re in Fj\u00e4rdhundraland","author":"Ylva Fontell","date":"19 mei 2011","format":false,"excerpt":"Woensdag 18 mei was de premi\u00e8re van de pakketreizen in het dorp. De eerste groep beleefde een zonnige dag met lokaal geproduceerde lekkernijen, knuffelige babylammetjes en Fj\u00e4rdhundraland in lentekleuren. Nu hopen we op nieuwe tevreden bezoekers voor de resterende reizen. Meer info onder Pakketreizen.","rel":"","context":"In &quot;\u00c4ldre inl\u00e4gg&quot;","block_context":{"text":"\u00c4ldre inl\u00e4gg","link":"https:\/\/www.fjardhundraland.se\/nl\/aldre-inlagg\/"},"img":{"alt_text":"","src":"","width":0,"height":0},"classes":[]},{"id":13,"url":"https:\/\/www.fjardhundraland.se\/nl\/externt\/2010\/fjardhundraland\/","url_meta":{"origin":41,"position":3},"title":"Fj\u00e4rdhundraland","author":"Mats Thorburn","date":"12 oktober 2010","format":false,"excerpt":"Fj\u00e4rdhundraland is de moderne interpretatie van het middeleeuwse volksland Fj\u00e4drundaland. Hier, in het gebied rond Fj\u00e4rdhundra ten noorden van Enk\u00f6ping, vind je een levendig platteland met geschiedenis, maar ook ontluikende kleine bedrijven: caf\u00e9s, accommodatie en boerderijwinkels. Geweldige ervaringen voor bezoekers in een oud dorp. Welkom hier! Wie weet...","rel":"","context":"In &quot;\u00c4ldre inl\u00e4gg&quot;","block_context":{"text":"\u00c4ldre inl\u00e4gg","link":"https:\/\/www.fjardhundraland.se\/nl\/aldre-inlagg\/"},"img":{"alt_text":"","src":"","width":0,"height":0},"classes":[]},{"id":2950,"url":"https:\/\/www.fjardhundraland.se\/nl\/inlagg\/2015\/sekelskiftesmarknad-pa-hostglod-i-fjardhundraland\/","url_meta":{"origin":41,"position":4},"title":"Sekelskiftes markt in H\u00f6stgl\u00f6d in Fj\u00e4rdhundraland","author":"Mats Thorburn","date":"28 september 2015","format":false,"excerpt":"Op 10 en 11 oktober nodigt Fj\u00e4rdhundraland je uit voor een ouderwetse markt in het dorp Altuna. Je ontmoet leden van Fj\u00e4rdhundraland en een aantal uitgenodigde standhouders, luistert naar muziek en nog veel meer. Lees hier meer.","rel":"","context":"In &quot;\u00c4ldre inl\u00e4gg&quot;","block_context":{"text":"\u00c4ldre inl\u00e4gg","link":"https:\/\/www.fjardhundraland.se\/nl\/aldre-inlagg\/"},"img":{"alt_text":"","src":"","width":0,"height":0},"classes":[]},{"id":124,"url":"https:\/\/www.fjardhundraland.se\/nl\/externt\/2011\/programmet-ar-har\/","url_meta":{"origin":41,"position":5},"title":"Het programma is hier","author":"Mats Thorburn","date":"11 mei 2011","format":false,"excerpt":"Fj\u00e4rdhundraland biedt zaterdag een rijk programma op het plein in Enk\u00f6ping. Het programma voor het podium en de verteltent is nu klaar. Lees hier meer.","rel":"","context":"In &quot;\u00c4ldre inl\u00e4gg&quot;","block_context":{"text":"\u00c4ldre inl\u00e4gg","link":"https:\/\/www.fjardhundraland.se\/nl\/aldre-inlagg\/"},"img":{"alt_text":"","src":"","width":0,"height":0},"classes":[]}],"jetpack_sharing_enabled":true,"_links":{"self":[{"href":"https:\/\/www.fjardhundraland.se\/nl\/wp-json\/wp\/v2\/posts\/41","targetHints":{"allow":["GET"]}}],"collection":[{"href":"https:\/\/www.fjardhundraland.se\/nl\/wp-json\/wp\/v2\/posts"}],"about":[{"href":"https:\/\/www.fjardhundraland.se\/nl\/wp-json\/wp\/v2\/types\/post"}],"author":[{"embeddable":true,"href":"https:\/\/www.fjardhundraland.se\/nl\/wp-json\/wp\/v2\/users\/1"}],"replies":[{"embeddable":true,"href":"https:\/\/www.fjardhundraland.se\/nl\/wp-json\/wp\/v2\/comments?post=41"}],"version-history":[{"count":1,"href":"https:\/\/www.fjardhundraland.se\/nl\/wp-json\/wp\/v2\/posts\/41\/revisions"}],"predecessor-version":[{"id":19775,"href":"https:\/\/www.fjardhundraland.se\/nl\/wp-json\/wp\/v2\/posts\/41\/revisions\/19775"}],"wp:attachment":[{"href":"https:\/\/www.fjardhundraland.se\/nl\/wp-json\/wp\/v2\/media?parent=41"}],"wp:term":[{"taxonomy":"category","embeddable":true,"href":"https:\/\/www.fjardhundraland.se\/nl\/wp-json\/wp\/v2\/categories?post=41"},{"taxonomy":"post_tag","embeddable":true,"href":"https:\/\/www.fjardhundraland.se\/nl\/wp-json\/wp\/v2\/tags?post=41"}],"curies":[{"name":"wp","href":"https:\/\/api.w.org\/{rel}","templated":true}]}}