
{"id":3568,"date":"2016-09-06T10:33:55","date_gmt":"2016-09-06T08:33:55","guid":{"rendered":"http:\/\/www.fjardhundraland.se\/?p=3568"},"modified":"2026-02-05T13:41:05","modified_gmt":"2026-02-05T12:41:05","slug":"eten-en-drinken-2016","status":"publish","type":"post","link":"https:\/\/www.fjardhundraland.se\/nl\/mat\/2016\/mat-manniskor-2016\/","title":{"rendered":"Voeding &amp; Mensen 2016"},"content":{"rendered":"<p><strong>Zondag 25 september 2016<\/strong>\u00a011.00 - 17.00 uur is de tijd voor\u00a0<strong>Eten &amp; mensen<\/strong>! Je reist over de prachtige binnenwegen van Fj\u00e4rdhundraland van plaats naar plaats, eet en snackt, proeft het eten - en ontmoet de mensen erachter.<\/p>\n<p><a href=\"https:\/\/www.fjardhundraland.se\/nl\/2016\/09\/wat-is-het-voedselmenu-voor-2016\/\">Hier is het menu en de kaart<\/a>!<br \/>\nMoeilijk te vinden? <a href=\"https:\/\/www.fjardhundraland.se\/nl\/achterstag\/voedsel-mensen\/\">Hier zijn adressen, co\u00f6rdinaten en routebeschrijvingen.<\/a><\/p>\n<p>Zo doe je dat:<\/p>\n<ul>\n<li>Menu en kaart afdrukken<\/li>\n<li>Jij kiest de plaatsen waar je naartoe wilt.<\/li>\n<li>Je kiest het soort eten dat je lekker vindt uit <a href=\"https:\/\/www.fjardhundraland.se\/nl\/2016\/09\/wat-is-het-voedselmenu-voor-2016\/\">menu<\/a>.<\/li>\n<li>Op elke locatie kun je een klein gerecht kopen voor SEK 30.<\/li>\n<li>Je kunt lunchen op de plekken op het menu die het symbool mes\/vork hebben.<\/li>\n<li>De plaatsen op het menu met een symbolisch koffiekopje kunnen worden gebruikt voor verfrissingen.<\/li>\n<\/ul>\n<h3>Deelnemers 2016<\/h3>\n<p><a href=\"https:\/\/www.fjardhundraland.se\/nl\/gerechten\/gula-stallet-butik-kafe\/\">Gula Stallet Winkel &amp; Caf\u00e9<\/a><br \/>\n<a href=\"https:\/\/www.fjardhundraland.se\/nl\/gerechten\/skogsbacken-kaas\/\">Skogsbacken kaas<br \/>\nBergets G\u00e5rds Pasta &amp; Brood<br \/>\n<\/a>Tijdschrift Lagerl\u00f6fska<br \/>\n<a href=\"https:\/\/www.fjardhundraland.se\/nl\/gerechten\/aloppe-ekomat\/\">Eco-voedsel openen<\/a><br \/>\n<a href=\"https:\/\/www.fjardhundraland.se\/nl\/gerechten\/overblijvende-wacht\/\">Resta boerderij<\/a><br \/>\n<a href=\"https:\/\/hallonparken.se\/\" target=\"_blank\" rel=\"noopener\">Frambozenpark<\/a><br \/>\n<a href=\"https:\/\/www.fjardhundraland.se\/nl\/gerechten\/de-smaakspecialisten\/\">De smaakspecialisten<\/a><br \/>\n<a href=\"https:\/\/www.fjardhundraland.se\/nl\/gerechten\/franzens-vleeswaren\/\">Franz\u00e9ns Charkuterier<\/a><br \/>\n<a href=\"https:\/\/www.fjardhundraland.se\/nl\/gerechten\/boerderij-sunnansjo\/\">Boerderij Sunnansj\u00f6<\/a><br \/>\n<a href=\"https:\/\/www.fjardhundraland.se\/nl\/gerechten\/cafe-samt\/\">Caf\u00e9 Fluweel<\/a><br \/>\n<a href=\"https:\/\/www.fjardhundraland.se\/nl\/gerechten\/malby-tradgard\/\">Tuin M\u00e4lby<\/a><br \/>\n<a href=\"https:\/\/www.fjardhundraland.se\/nl\/gerechten\/alsta-tradgardar\/\">Alsta tuinen<\/a><br \/>\n<a href=\"https:\/\/www.fjardhundraland.se\/nl\/gerechten\/sussis-gardsbageri\/\">Sussi's boerderij bakkerij<\/a><br \/>\n<a href=\"https:\/\/www.fjardhundraland.se\/nl\/gerechten\/krakvilan-bageri\/\">Wil van de kraai<\/a><br \/>\n<a href=\"https:\/\/www.fjardhundraland.se\/nl\/gerechten\/biologische-pekoe-thee\/\">Pekoe biologische thee<\/a><br \/>\n<a href=\"https:\/\/www.fjardhundraland.se\/nl\/gerechten\/froslunda-ecogard\/\">Ecologische boerderij Fr\u00f6slunda<\/a><br \/>\n<a href=\"https:\/\/www.fjardhundraland.se\/nl\/gerechten\/rouwgors\/\">S\u00f6rg\u00e5rden groen<\/a><br \/>\n<a href=\"https:\/\/www.gronsaksbonden.se\/\" target=\"_blank\" rel=\"noopener\">Paarden- en groenteboer<\/a><br \/>\n<a href=\"https:\/\/www.fjardhundraland.se\/nl\/gerechten\/kromsta-boerderij\/\">Kromsta Lantbod<\/a><\/p>\n<p><a href=\"https:\/\/www.fjardhundraland.se\/wp-content\/uploads\/2016\/09\/mmkartan.jpg\"><img decoding=\"async\" data-attachment-id=\"3601\" data-permalink=\"https:\/\/www.fjardhundraland.se\/nl\/mat\/2016\/har-ar-menyn-pa-mat-manniskor-2016\/attachment\/mmkartan\/\" data-orig-file=\"https:\/\/www.fjardhundraland.se\/wp-content\/uploads\/2016\/09\/mmkartan.jpg\" data-orig-size=\"1754,1240\" data-comments-opened=\"0\" data-image-meta=\"{&quot;aperture&quot;:&quot;0&quot;,&quot;credit&quot;:&quot;&quot;,&quot;camera&quot;:&quot;&quot;,&quot;caption&quot;:&quot;&quot;,&quot;created_timestamp&quot;:&quot;0&quot;,&quot;copyright&quot;:&quot;&quot;,&quot;focal_length&quot;:&quot;0&quot;,&quot;iso&quot;:&quot;0&quot;,&quot;shutter_speed&quot;:&quot;0&quot;,&quot;title&quot;:&quot;&quot;,&quot;orientation&quot;:&quot;0&quot;}\" data-image-title=\"mmkartan\" data-image-description=\"\" data-image-caption=\"\" data-large-file=\"https:\/\/www.fjardhundraland.se\/wp-content\/uploads\/2016\/09\/mmkartan.jpg\" class=\"alignnone wp-image-3601 size-large\" src=\"https:\/\/www.fjardhundraland.se\/wp-content\/uploads\/2016\/09\/mmkartan-1024x724.jpg\" width=\"900\" height=\"636\" alt=\"\" title=\"\"><\/a><\/p>\n<p><a href=\"https:\/\/www.fjardhundraland.se\/wp-content\/uploads\/2016\/09\/mm-meny.jpg\"><img decoding=\"async\" data-attachment-id=\"3589\" data-permalink=\"https:\/\/www.fjardhundraland.se\/nl\/mat\/2016\/mat-manniskor-2016\/attachment\/mm-meny\/\" data-orig-file=\"https:\/\/www.fjardhundraland.se\/wp-content\/uploads\/2016\/09\/mm-meny.jpg\" data-orig-size=\"1448,2048\" data-comments-opened=\"0\" data-image-meta=\"{&quot;aperture&quot;:&quot;0&quot;,&quot;credit&quot;:&quot;&quot;,&quot;camera&quot;:&quot;&quot;,&quot;caption&quot;:&quot;&quot;,&quot;created_timestamp&quot;:&quot;0&quot;,&quot;copyright&quot;:&quot;&quot;,&quot;focal_length&quot;:&quot;0&quot;,&quot;iso&quot;:&quot;0&quot;,&quot;shutter_speed&quot;:&quot;0&quot;,&quot;title&quot;:&quot;&quot;,&quot;orientation&quot;:&quot;0&quot;}\" data-image-title=\"Mat &amp;#038; m\u00e4nniskor meny\" data-image-description=\"\" data-image-caption=\"\" data-large-file=\"https:\/\/www.fjardhundraland.se\/wp-content\/uploads\/2016\/09\/mm-meny.jpg\" class=\"alignnone size-large wp-image-3589\" src=\"https:\/\/www.fjardhundraland.se\/wp-content\/uploads\/2016\/09\/mm-meny-724x1024.jpg\" alt=\"Eten &amp; mensen menu\" width=\"724\" height=\"1024\" title=\"\"><\/a><\/p>\n<p>&nbsp;<\/p>","protected":false},"excerpt":{"rendered":"<p>S\u00f6ndag 25 september 2016\u00a0kl 11\u201317 \u00e4r det dags f\u00f6r\u00a0Mat &amp; m\u00e4nniskor! Du \u00e5ker de vackra sm\u00e5v\u00e4garna i Fj\u00e4rdhundraland fr\u00e5n plats till plats, \u00e4ter och fikar, smakar\u00a0maten\u00a0\u2013\u00a0och m\u00f6ter m\u00e4nniskorna bakom den. H\u00e4r \u00e4r Meny och karta! Sv\u00e5rt att hitta? H\u00e4r \u00e4r adresser, koordinater och v\u00e4gbeskrivningar. S\u00e5 h\u00e4r g\u00f6r du: Skriv ut meny och karta Du v\u00e4ljer [&hellip;]<\/p>\n","protected":false},"author":1,"featured_media":3593,"comment_status":"closed","ping_status":"closed","sticky":false,"template":"","format":"standard","meta":{"_acf_changed":false,"_relevanssi_hide_post":"","_relevanssi_hide_content":"","_relevanssi_pin_for_all":"","_relevanssi_pin_keywords":"","_relevanssi_unpin_keywords":"","_relevanssi_related_keywords":"","_relevanssi_related_include_ids":"","_relevanssi_related_exclude_ids":"","_relevanssi_related_no_append":"","_relevanssi_related_not_related":"","_relevanssi_related_posts":"","_relevanssi_noindex_reason":"Rank Math Uteslut fr\u00e5n Relevanssi index","_genesis_hide_title":false,"_genesis_hide_breadcrumbs":false,"_genesis_hide_singular_image":false,"_genesis_hide_footer_widgets":false,"_genesis_custom_body_class":"","_genesis_custom_post_class":"","_genesis_layout":"","_jetpack_memberships_contains_paid_content":false,"footnotes":""},"categories":[22,353,87],"tags":[352,235,197,189],"class_list":{"0":"post-3568","1":"post","2":"type-post","3":"status-publish","4":"format-standard","5":"has-post-thumbnail","7":"category-mat","8":"category-aldre-inlagg","9":"category-utflykt","10":"tag-aldre-inlagg","11":"tag-gastronomi","12":"tag-mat","13":"tag-matmanniskor","14":"entry"},"acf":[],"visa":null,"geo_latitude":null,"geo_longitude":null,"jetpack_featured_media_url":"https:\/\/www.fjardhundraland.se\/wp-content\/uploads\/2016\/09\/mmfb.jpg","featured_image_src":"https:\/\/www.fjardhundraland.se\/wp-content\/uploads\/2016\/09\/mmfb.jpg","featured_image_src_square":"https:\/\/www.fjardhundraland.se\/wp-content\/uploads\/2016\/09\/mmfb.jpg","author_info":{"display_name":"Mats Thorburn","author_link":"https:\/\/www.fjardhundraland.se\/nl\/author\/matst\/"},"jetpack-related-posts":[{"id":4687,"url":"https:\/\/www.fjardhundraland.se\/nl\/mat-manniskor\/2017\/mat-manniskor-2017\/","url_meta":{"origin":3568,"position":0},"title":"Voeding &amp; Mensen 2017","author":"Mats Thorburn","date":"21 augustus 2017","format":false,"excerpt":"De Food &amp; People food tour was de eerste twee jaar een groot succes, met duizenden bezoekers op zoek naar food experiences. Op zondag 24 september 2017 van 11.00 tot 17.00 uur is het tijd voor de derde editie. Bezoek telers en foodies op het hoogtepunt van de oogsttijd! Je kiest uit vijftien verschillende locaties. Op sommige plekken zijn er meerdere...","rel":"","context":"In &quot;Mat &amp; m\u00e4nniskor&quot;","block_context":{"text":"Mat &amp; m\u00e4nniskor","link":"https:\/\/www.fjardhundraland.se\/nl\/mat-manniskor\/"},"img":{"alt_text":"S\u00f6rg\u00e5rden gr\u00f6nt Chili","src":"https:\/\/i0.wp.com\/www.fjardhundraland.se\/wp-content\/uploads\/2017\/08\/socc88rgacc8arden-grocc88nt-chili.jpg?resize=350%2C200&ssl=1","width":350,"height":200,"srcset":"https:\/\/i0.wp.com\/www.fjardhundraland.se\/wp-content\/uploads\/2017\/08\/socc88rgacc8arden-grocc88nt-chili.jpg?resize=350%2C200&ssl=1 1x, https:\/\/i0.wp.com\/www.fjardhundraland.se\/wp-content\/uploads\/2017\/08\/socc88rgacc8arden-grocc88nt-chili.jpg?resize=525%2C300&ssl=1 1.5x, https:\/\/i0.wp.com\/www.fjardhundraland.se\/wp-content\/uploads\/2017\/08\/socc88rgacc8arden-grocc88nt-chili.jpg?resize=700%2C400&ssl=1 2x, https:\/\/i0.wp.com\/www.fjardhundraland.se\/wp-content\/uploads\/2017\/08\/socc88rgacc8arden-grocc88nt-chili.jpg?resize=1050%2C600&ssl=1 3x, https:\/\/i0.wp.com\/www.fjardhundraland.se\/wp-content\/uploads\/2017\/08\/socc88rgacc8arden-grocc88nt-chili.jpg?resize=1400%2C800&ssl=1 4x"},"classes":[]},{"id":3563,"url":"https:\/\/www.fjardhundraland.se\/nl\/mat\/2016\/har-ar-menyn-pa-mat-manniskor-2016\/","url_meta":{"origin":3568,"position":1},"title":"Hier is het menu voor Food &amp; People 2016","author":"Mats Thorburn","date":"3 september 2016","format":false,"excerpt":"Wat als je melkveehouders, telers en bakkers de opdracht zou geven om iets bijzonders te maken; een klein gerechtje waarbij de gebruikelijke grondstof wordt gecombineerd met nieuwe ingredi\u00ebnten, een ster van een collega of gewoon een persoonlijke favoriet? Dat is wat we hier testen. Proef je een weg door Fj\u00e4rdhundraland bij Food &amp; People! Welkom op 25 september. Alstublieft...","rel":"","context":"In &quot;Mat&quot;","block_context":{"text":"Mat","link":"https:\/\/www.fjardhundraland.se\/nl\/mat\/"},"img":{"alt_text":"","src":"https:\/\/i0.wp.com\/www.fjardhundraland.se\/wp-content\/uploads\/2016\/09\/mmkartan.jpg?resize=350%2C200&ssl=1","width":350,"height":200,"srcset":"https:\/\/i0.wp.com\/www.fjardhundraland.se\/wp-content\/uploads\/2016\/09\/mmkartan.jpg?resize=350%2C200&ssl=1 1x, https:\/\/i0.wp.com\/www.fjardhundraland.se\/wp-content\/uploads\/2016\/09\/mmkartan.jpg?resize=525%2C300&ssl=1 1.5x, https:\/\/i0.wp.com\/www.fjardhundraland.se\/wp-content\/uploads\/2016\/09\/mmkartan.jpg?resize=700%2C400&ssl=1 2x, https:\/\/i0.wp.com\/www.fjardhundraland.se\/wp-content\/uploads\/2016\/09\/mmkartan.jpg?resize=1050%2C600&ssl=1 3x, https:\/\/i0.wp.com\/www.fjardhundraland.se\/wp-content\/uploads\/2016\/09\/mmkartan.jpg?resize=1400%2C800&ssl=1 4x"},"classes":[]},{"id":16405,"url":"https:\/\/www.fjardhundraland.se\/nl\/magasin-fjardhundraland\/2024\/maten-som-ar-vard-en-resa\/","url_meta":{"origin":3568,"position":2},"title":"Eten dat het waard is om voor te reizen","author":"Mats Thorburn","date":"31 augustus 2024","format":false,"excerpt":"Reizen en eten! Eind september is het tijd voor Food &amp; People - het grote oogstfeest. Er is volop gelegenheid om Fj\u00e4rdhundraland te proeven en de mensen achter het eten te ontmoeten. Tekst &amp; foto: Ann-Helen Meyer von Bremen We gaan terug naar Food &amp; People 2023. Pulled lamb...","rel":"","context":"In &quot;Magasin Fj\u00e4rdhundraland&quot;","block_context":{"text":"Magasin Fj\u00e4rdhundraland","link":"https:\/\/www.fjardhundraland.se\/nl\/magasin-fjardhundraland\/"},"img":{"alt_text":"","src":"https:\/\/i0.wp.com\/www.fjardhundraland.se\/wp-content\/uploads\/2024\/08\/matomanniskor.jpg?resize=350%2C200&ssl=1","width":350,"height":200,"srcset":"https:\/\/i0.wp.com\/www.fjardhundraland.se\/wp-content\/uploads\/2024\/08\/matomanniskor.jpg?resize=350%2C200&ssl=1 1x, https:\/\/i0.wp.com\/www.fjardhundraland.se\/wp-content\/uploads\/2024\/08\/matomanniskor.jpg?resize=525%2C300&ssl=1 1.5x, https:\/\/i0.wp.com\/www.fjardhundraland.se\/wp-content\/uploads\/2024\/08\/matomanniskor.jpg?resize=700%2C400&ssl=1 2x, https:\/\/i0.wp.com\/www.fjardhundraland.se\/wp-content\/uploads\/2024\/08\/matomanniskor.jpg?resize=1050%2C600&ssl=1 3x, https:\/\/i0.wp.com\/www.fjardhundraland.se\/wp-content\/uploads\/2024\/08\/matomanniskor.jpg?resize=1400%2C800&ssl=1 4x"},"classes":[]},{"id":3458,"url":"https:\/\/www.fjardhundraland.se\/nl\/rebusrunda\/2016\/rebusrundan-uppsala-2016\/","url_meta":{"origin":3568,"position":3},"title":"Rebus rond Uppsala","author":"Mats Thorburn","date":"1 augustus 2016","format":false,"excerpt":"Kommer du fr\u00e5n Uppsalah\u00e5llet? Det h\u00e4r \u00e4r v\u00e5rt f\u00f6rslag p\u00e5 en runda d\u00e4r du bes\u00f6ker tolv\u00a0sp\u00e4nnande st\u00e4llen, av de 40 som \u00e4r med i 2016 \u00e5rs Rebusrunda i Fj\u00e4rdhundraland. Ladda ner kartan h\u00e4r [pdf]. Rundan slingrar sig fram p\u00e5 sm\u00e5v\u00e4gar, genom sl\u00e4ttlandskap blandat med skog samt vackra dalg\u00e5ngar. Detta ger\u2026","rel":"","context":"In &quot;Rebusrunda&quot;","block_context":{"text":"Rebusrunda","link":"https:\/\/www.fjardhundraland.se\/nl\/rebusrunda\/"},"img":{"alt_text":"Karta Rebusrundan Uppsala","src":"https:\/\/i0.wp.com\/www.fjardhundraland.se\/wp-content\/uploads\/2016\/08\/rebusrundan_uppsala_webb-1024x724.jpg?resize=350%2C200&ssl=1","width":350,"height":200,"srcset":"https:\/\/i0.wp.com\/www.fjardhundraland.se\/wp-content\/uploads\/2016\/08\/rebusrundan_uppsala_webb-1024x724.jpg?resize=350%2C200&ssl=1 1x, https:\/\/i0.wp.com\/www.fjardhundraland.se\/wp-content\/uploads\/2016\/08\/rebusrundan_uppsala_webb-1024x724.jpg?resize=525%2C300&ssl=1 1.5x, https:\/\/i0.wp.com\/www.fjardhundraland.se\/wp-content\/uploads\/2016\/08\/rebusrundan_uppsala_webb-1024x724.jpg?resize=700%2C400&ssl=1 2x"},"classes":[]},{"id":3470,"url":"https:\/\/www.fjardhundraland.se\/nl\/utflykt\/2016\/rebusrundan-salaheby-2016\/","url_meta":{"origin":3568,"position":4},"title":"Rebus rotonde Sala\/Heby","author":"Mats Thorburn","date":"1 augustus 2016","format":false,"excerpt":"Det h\u00e4r \u00e4r v\u00e5rt f\u00f6rslag p\u00e5 en runda fr\u00e5n Sala eller Heby d\u00e4r du bes\u00f6ker femton\u00a0sp\u00e4nnande platser\u00a0av de 40 som \u00e4r med i 2016 \u00e5rs Rebusrunda i Fj\u00e4rdhundraland. Ladda ner kartan h\u00e4r\u00a0[pdf]. Rundan slingrar sig fram p\u00e5 sm\u00e5v\u00e4gar, genom sl\u00e4ttlandskap blandat med skog samt vackra dalg\u00e5ngar. Detta ger dig m\u00e5nga\u2026","rel":"","context":"In &quot;Utflykt&quot;","block_context":{"text":"Utflykt","link":"https:\/\/www.fjardhundraland.se\/nl\/utflykt\/"},"img":{"alt_text":"Karta Rebusrundan Sala Heby","src":"https:\/\/i0.wp.com\/www.fjardhundraland.se\/wp-content\/uploads\/2016\/08\/rebusrundan_salaheby_webb-1024x724.jpg?resize=350%2C200&ssl=1","width":350,"height":200,"srcset":"https:\/\/i0.wp.com\/www.fjardhundraland.se\/wp-content\/uploads\/2016\/08\/rebusrundan_salaheby_webb-1024x724.jpg?resize=350%2C200&ssl=1 1x, https:\/\/i0.wp.com\/www.fjardhundraland.se\/wp-content\/uploads\/2016\/08\/rebusrundan_salaheby_webb-1024x724.jpg?resize=525%2C300&ssl=1 1.5x, https:\/\/i0.wp.com\/www.fjardhundraland.se\/wp-content\/uploads\/2016\/08\/rebusrundan_salaheby_webb-1024x724.jpg?resize=700%2C400&ssl=1 2x"},"classes":[]},{"id":3443,"url":"https:\/\/www.fjardhundraland.se\/nl\/rebusrunda\/2016\/rebusrundan-vasteras-2016\/","url_meta":{"origin":3568,"position":5},"title":"Rebus rond V\u00e4ster\u00e5s","author":"Mats Thorburn","date":"1 augustus 2016","format":false,"excerpt":"\u00a0 H\u00e4r \u00e4r v\u00e5rt\u00a0f\u00f6rslag p\u00e5 en runda fr\u00e5n V\u00e4ster\u00e5s, d\u00e4r du bes\u00f6ker sexton av de 40 platser som \u00e4r med p\u00e5 Rebusrundan i Fj\u00e4rdhundraland. Ladda ner kartan h\u00e4r [pdf]. Rundan str\u00e4cker sig genom Fj\u00e4rdhundralands sl\u00e4ttlandskap blandat med skog samt vackra dalg\u00e5ngar. Detta ger dig m\u00e5nga fina naturupplevelser. F\u00f6retagen vid stoppen\u2026","rel":"","context":"In &quot;Rebusrunda&quot;","block_context":{"text":"Rebusrunda","link":"https:\/\/www.fjardhundraland.se\/nl\/rebusrunda\/"},"img":{"alt_text":"Karta Rebusrundan V\u00e4ster\u00e5s","src":"https:\/\/i0.wp.com\/www.fjardhundraland.se\/wp-content\/uploads\/2016\/08\/rebusrundan_vasteras_webb-1024x724.jpg?resize=350%2C200&ssl=1","width":350,"height":200,"srcset":"https:\/\/i0.wp.com\/www.fjardhundraland.se\/wp-content\/uploads\/2016\/08\/rebusrundan_vasteras_webb-1024x724.jpg?resize=350%2C200&ssl=1 1x, https:\/\/i0.wp.com\/www.fjardhundraland.se\/wp-content\/uploads\/2016\/08\/rebusrundan_vasteras_webb-1024x724.jpg?resize=525%2C300&ssl=1 1.5x, https:\/\/i0.wp.com\/www.fjardhundraland.se\/wp-content\/uploads\/2016\/08\/rebusrundan_vasteras_webb-1024x724.jpg?resize=700%2C400&ssl=1 2x"},"classes":[]}],"jetpack_sharing_enabled":true,"_links":{"self":[{"href":"https:\/\/www.fjardhundraland.se\/nl\/wp-json\/wp\/v2\/posts\/3568","targetHints":{"allow":["GET"]}}],"collection":[{"href":"https:\/\/www.fjardhundraland.se\/nl\/wp-json\/wp\/v2\/posts"}],"about":[{"href":"https:\/\/www.fjardhundraland.se\/nl\/wp-json\/wp\/v2\/types\/post"}],"author":[{"embeddable":true,"href":"https:\/\/www.fjardhundraland.se\/nl\/wp-json\/wp\/v2\/users\/1"}],"replies":[{"embeddable":true,"href":"https:\/\/www.fjardhundraland.se\/nl\/wp-json\/wp\/v2\/comments?post=3568"}],"version-history":[{"count":1,"href":"https:\/\/www.fjardhundraland.se\/nl\/wp-json\/wp\/v2\/posts\/3568\/revisions"}],"predecessor-version":[{"id":19631,"href":"https:\/\/www.fjardhundraland.se\/nl\/wp-json\/wp\/v2\/posts\/3568\/revisions\/19631"}],"wp:featuredmedia":[{"embeddable":true,"href":"https:\/\/www.fjardhundraland.se\/nl\/wp-json\/wp\/v2\/media\/3593"}],"wp:attachment":[{"href":"https:\/\/www.fjardhundraland.se\/nl\/wp-json\/wp\/v2\/media?parent=3568"}],"wp:term":[{"taxonomy":"category","embeddable":true,"href":"https:\/\/www.fjardhundraland.se\/nl\/wp-json\/wp\/v2\/categories?post=3568"},{"taxonomy":"post_tag","embeddable":true,"href":"https:\/\/www.fjardhundraland.se\/nl\/wp-json\/wp\/v2\/tags?post=3568"}],"curies":[{"name":"wp","href":"https:\/\/api.w.org\/{rel}","templated":true}]}}