
{"id":3363,"date":"2016-06-21T16:46:38","date_gmt":"2016-06-21T14:46:38","guid":{"rendered":"http:\/\/www.fjardhundraland.se\/?p=3363"},"modified":"2026-02-05T13:41:06","modified_gmt":"2026-02-05T12:41:06","slug":"midzomer-fjardhundraland-2016","status":"publish","type":"post","link":"https:\/\/www.fjardhundraland.se\/nl\/inlagg\/2016\/midsommar-fjardhundraland-2016\/","title":{"rendered":"Midzomer in Fj\u00e4rdhundraland 2016"},"content":{"rendered":"<p><strong>Midzomer moet gevierd worden op het platteland! En dan past het goed bij het platteland dat dicht bij zowel Enk\u00f6ping als V\u00e4ster\u00e5s, Sala, Uppsala en Stockholm ligt. Welkom bij een midzomerexcursie!<\/strong><\/p>\n<h2 class=\"p1\"><span class=\"s1\">Midzomerfeest\u00a0<\/span>bij H\u00e4rledg\u00e5rden in Torstuna.<\/h2>\n<p class=\"p1\"><span class=\"s1\">Dansen rond de paal bij <a href=\"https:\/\/www.fjardhundraland.se\/nl\/gerechten\/hrledgrden\/\">H\u00e4rledg\u00e5rden<\/a>. Amusement. Volksdansen. Koffieservice. Gratis toegang.<\/span><\/p>\n<p class=\"p1\"><span class=\"s1\">13.30 Midzomermast binnengebracht en geplaatst<br \/>\n<a href=\"https:\/\/www.hembygd.se\/torstuna\" target=\"_blank\" rel=\"noopener\">meer info<\/a><br \/>\n<\/span><\/p>\n<h2 class=\"p1\">Midzomerfeest in Altuna.<\/h2>\n<p class=\"p1\">Midzomerfeest bij <a title=\"Altuna hoeve\" href=\"https:\/\/www.fjardhundraland.se\/nl\/gerechten\/altuna-hembygdsgrd\/\">Altuna hoeve<\/a> met onder andere rotondes en tips. Koffieservice.<\/p>\n<p class=\"p1\">13.30 uur.<br \/>\n<a href=\"https:\/\/www.hembygd.se\/altuna-hembygdsforening\" target=\"_blank\" rel=\"noopener\">meer info<\/a><\/p>\n<h2 class=\"p1\"><span class=\"s1\">Traditioneel midzomerfeest in het dorpshuis van Fr\u00f6sthult.\u00a0<\/span><\/h2>\n<p class=\"p1\"><span class=\"s1\">Breng bloemen en bladeren mee voor de midzomerstok, vrienden om mee te kletsen en een koffiekorf om van te genieten op het groene gras. Dansen rond de midzomerpaal, quizwandeling, verloting.<br \/>\n<\/span><\/p>\n<p><span class=\"s1\">13.30 uur.<br \/>\n<\/span><a href=\"https:\/\/www.frosthult.se\/kommande_aktiviteter.html\" target=\"_blank\" rel=\"noopener\">meer info<\/a><\/p>\n<h2 class=\"p1\">Midzomerfeesten in H\u00e4rkeberga.<\/h2>\n<p>Donderdag 23\/6 om 18.30 wordt de midzomerpaal aangekleed. Breng bloemen mee.<\/p>\n<p>Vrijdag 24\/6 om 13 uur Volksdansers, dansen rond de midzomerpaal. Tipronde. Worstjes, ijs, koffie en cake buffet.<br \/>\n<a href=\"https:\/\/www.hembygd.se\/harkeberga\/\" target=\"_blank\" rel=\"noopener\">meer info<\/a><\/p>\n<h2>Dag van het bisschopsambt<\/h2>\n<p>Begin de midzomer al een dag eerder! In Biskopskulla wordt Midzomer gevierd met Biskopskulla-dag, donderdag 23 juni. De Midzomermast wordt opgericht, er is muziek, spelletjes en dans.<\/p>\n<p>17:30, donderdag 23 juni.<\/p>\n<h2>Midzomerfeesten in Grillby<\/h2>\n<p>Midzomerfeest in het dorpshuis van Karlsro. Dansen rond de midzomerpaal, loterijen, quizwandeling, visvijver. Koffie<\/p>\n<p>om 13.00<br \/>\n<a href=\"https:\/\/www.hembygd.se\/villberga\" target=\"_blank\" rel=\"noopener\">meer info<\/a><\/p>\n<h2>Traditioneel midzomerfeest in het dorpshuis van T\u00e4rna<\/h2>\n<p>Stokkenheffen, spelletjes &amp; muzikaal entertainment. Koffieservice &amp; loterij<\/p>\n<p>14 uur<br \/>\n<a href=\"https:\/\/www.bygdegardarna.se\/tarna\/evenemang\/traditionellt-midsommarfirande\/\" target=\"_blank\" rel=\"noopener\">meer info<\/a><\/p>\n<h2>Midzomerfeest in H\u00e4rnevi, op het balspeelveld<\/h2>\n<p>Om 14:00 wordt de midzomerpaal opgericht<br \/>\n<a href=\"https:\/\/www.h\u00e4rnevi.se\/program\/\" target=\"_blank\" rel=\"noopener\">meer info<\/a><\/p>","protected":false},"excerpt":{"rendered":"<p>Midsommar ska firas p\u00e5 landet! Och d\u00e5 passar det ju bra med landsbygd som ligger n\u00e4ra s\u00e5v\u00e4l Enk\u00f6ping som V\u00e4ster\u00e5s, Sala, Uppsala och Stockholm. V\u00e4lkomna p\u00e5 midsommarutflykt! Midsommarfest\u00a0p\u00e5 H\u00e4rledg\u00e5rden\u00a0i Torstuna. Dans kring st\u00e5ngen vid H\u00e4rledg\u00e5rden. Underh\u00e5llning. Folkdans. Kaffeservering. Fri entr\u00e9. Kl. 13.30 Midsommarst\u00e5ngen b\u00e4rs in och reses mer info Midsommarfest i Altuna. Midsommarfest vid Altuna [&hellip;]<\/p>\n","protected":false},"author":4,"featured_media":1585,"comment_status":"closed","ping_status":"closed","sticky":false,"template":"","format":"standard","meta":{"_acf_changed":false,"_relevanssi_hide_post":"","_relevanssi_hide_content":"","_relevanssi_pin_for_all":"","_relevanssi_pin_keywords":"","_relevanssi_unpin_keywords":"","_relevanssi_related_keywords":"","_relevanssi_related_include_ids":"","_relevanssi_related_exclude_ids":"","_relevanssi_related_no_append":"","_relevanssi_related_not_related":"","_relevanssi_related_posts":"","_relevanssi_noindex_reason":"Rank Math Uteslut fr\u00e5n Relevanssi index","_genesis_hide_title":false,"_genesis_hide_breadcrumbs":false,"_genesis_hide_singular_image":false,"_genesis_hide_footer_widgets":false,"_genesis_custom_body_class":"","_genesis_custom_post_class":"","_genesis_layout":"","_jetpack_newsletter_access":"","_jetpack_dont_email_post_to_subs":false,"_jetpack_newsletter_tier_id":0,"_jetpack_memberships_contains_paywalled_content":false,"_jetpack_memberships_contains_paid_content":false,"footnotes":"","jetpack_post_was_ever_published":false},"categories":[353,1],"tags":[352,29,151,30,228,31,32,27,33,229],"class_list":["post-3363","post","type-post","status-publish","format-standard","has-post-thumbnail","category-aldre-inlagg","category-inlagg","tag-aldre-inlagg","tag-altuna","tag-biskopskulla","tag-frosthults-bygdegard","tag-grillby","tag-harkeberga","tag-harledgarden","tag-harnevi","tag-midsommar","tag-tarna-bygdegard","entry"],"acf":[],"featured_image_src":"https:\/\/www.fjardhundraland.se\/wp-content\/uploads\/2012\/05\/H\u00e4rledg\u00e5rden.jpg","featured_image_src_square":"https:\/\/www.fjardhundraland.se\/wp-content\/uploads\/2012\/05\/H\u00e4rledg\u00e5rden.jpg","author_info":{"display_name":"Ylva Fontell","author_link":"https:\/\/www.fjardhundraland.se\/nl\/author\/ylva\/"},"jetpack-related-posts":[{"id":31,"url":"https:\/\/www.fjardhundraland.se\/nl\/externt\/2010\/welcome-to-fjardhundraland\/","url_meta":{"origin":3363,"position":0},"title":"Welkom bij Fj\u00e4rdhundraland","author":"Mats Thorburn","date":"12 oktober 2010","format":false,"excerpt":"De middeleeuwse provincie Fj\u00e4drundaland maakt tegenwoordig deel uit van Uppland, Zweden. Vandaag werken we met een moderne aanpassing; Fj\u00e4rdhundraland. Het platteland rondom de gemeente Fj\u00e4rdhundra biedt je een bezoek aan een van de oudste en meest interessante historische regio's van Zweden - en een bloeiende ondernemersgemeenschap die op je wacht...","rel":"","context":"In &quot;\u00c4ldre inl\u00e4gg&quot;","block_context":{"text":"\u00c4ldre inl\u00e4gg","link":"https:\/\/www.fjardhundraland.se\/nl\/aldre-inlagg\/"},"img":{"alt_text":"","src":"","width":0,"height":0},"classes":[]}],"jetpack_sharing_enabled":true,"jetpack_featured_media_url":"https:\/\/www.fjardhundraland.se\/wp-content\/uploads\/2012\/05\/H\u00e4rledg\u00e5rden.jpg","_links":{"self":[{"href":"https:\/\/www.fjardhundraland.se\/nl\/wp-json\/wp\/v2\/posts\/3363","targetHints":{"allow":["GET"]}}],"collection":[{"href":"https:\/\/www.fjardhundraland.se\/nl\/wp-json\/wp\/v2\/posts"}],"about":[{"href":"https:\/\/www.fjardhundraland.se\/nl\/wp-json\/wp\/v2\/types\/post"}],"author":[{"embeddable":true,"href":"https:\/\/www.fjardhundraland.se\/nl\/wp-json\/wp\/v2\/users\/4"}],"replies":[{"embeddable":true,"href":"https:\/\/www.fjardhundraland.se\/nl\/wp-json\/wp\/v2\/comments?post=3363"}],"version-history":[{"count":1,"href":"https:\/\/www.fjardhundraland.se\/nl\/wp-json\/wp\/v2\/posts\/3363\/revisions"}],"predecessor-version":[{"id":19646,"href":"https:\/\/www.fjardhundraland.se\/nl\/wp-json\/wp\/v2\/posts\/3363\/revisions\/19646"}],"wp:featuredmedia":[{"embeddable":true,"href":"https:\/\/www.fjardhundraland.se\/nl\/wp-json\/wp\/v2\/media\/1585"}],"wp:attachment":[{"href":"https:\/\/www.fjardhundraland.se\/nl\/wp-json\/wp\/v2\/media?parent=3363"}],"wp:term":[{"taxonomy":"category","embeddable":true,"href":"https:\/\/www.fjardhundraland.se\/nl\/wp-json\/wp\/v2\/categories?post=3363"},{"taxonomy":"post_tag","embeddable":true,"href":"https:\/\/www.fjardhundraland.se\/nl\/wp-json\/wp\/v2\/tags?post=3363"}],"curies":[{"name":"wp","href":"https:\/\/api.w.org\/{rel}","templated":true}]}}