
{"id":3022,"date":"2021-06-30T15:56:00","date_gmt":"2021-06-30T13:56:00","guid":{"rendered":"http:\/\/www.fjardhundraland.se\/?p=3022"},"modified":"2026-02-05T13:58:37","modified_gmt":"2026-02-05T12:58:37","slug":"lid-worden-2","status":"publish","type":"post","link":"https:\/\/www.fjardhundraland.se\/nl\/externt\/2021\/kom-med-bli-medlem\/","title":{"rendered":"Word lid van de Fj\u00e4rdhundraland!"},"content":{"rendered":"<p><strong>Wil je meehelpen een bestemming te ontwikkelen voor de bezoekers van morgen? Sinds 2011 werkt Fj\u00e4rdhundraland aan een kwalitatief hoogwaardig gebied voor plattelandstoerisme in het gebied tussen Stockholm-Enk\u00f6ping-Str\u00e4ngn\u00e4s-V\u00e4ster\u00e5s-Sala-Uppsala. We leggen de nadruk op kleinschaligheid en authentieke natuur en platteland, dicht bij de grote stad.&nbsp;<\/strong><\/p>\n\n\n\n<p><strong>Fj\u00e4rdhundraland<\/strong>&nbsp;gaat over het platteland in, de natuur in, de rust in. De bezoeker op wie we ons richten is op zoek naar een kleine, echte ervaring, niet naar het grootschalige en gestroomlijnde.<\/p>\n\n\n\n<p>Fj\u00e4rdhundraland groeit organisch: de dichtheid van de stippen op de kaart neemt toe en aan de randen van het gebied worden nieuwe stippen toegevoegd.<\/p>\n\n\n\n<p>Wil je het plattelandstoerisme in de regio helpen ontwikkelen? Kom dan bij ons! Samenwerken maakt ons allemaal sterker - en beter voor de bezoeker.<\/p>\n\n\n\n<h2 class=\"wp-block-heading\">Lid van het Europees Parlement<\/h2>\n\n\n\n<p><strong>Wil je volledig deelnemen?<\/strong> Als je volwaardig lid wordt, neem je deel aan de activiteiten van de vereniging en profiteer je van de marketing die de vereniging betaalt. Je kunt deelnemen aan onze evenementen, zoals de Rebusronde, Food &amp; People, Vlooienmarktronde en Tuva &amp; T\u00e4ppa. Je kunt het logo en de borden van de vereniging gebruiken om te laten zien dat je een van de attracties van het gebied bent. Je maakt ook deel uit van een levendig netwerk dat je nieuwe zakelijke kansen en nieuwe partnerschappen oplevert. Door samen te werken en deel te nemen aan de ontwikkeling, be\u00efnvloedt u zowel de toekomst van uw eigen bedrijf als de gemeenschap waarin u woont.<\/p>\n\n\n\n<p><a href=\"https:\/\/docs.google.com\/forms\/d\/1lmu7elNURv-f8WGdf5dA4tQK4BN85xkYL_j-1j53cnc\/viewform?ts=6040cdb5&amp;gxids=7628&amp;edit_requested=true\" target=\"_blank\" rel=\"noreferrer noopener\">Vul hier het lidmaatschapsaanvraagformulier in.<\/a><\/p>\n\n\n\n<h2 class=\"wp-block-heading\">Ondersteunend lid<\/h2>\n\n\n\n<p><strong>Vind je het leuk wat we doen?<\/strong> Wil je inspanningen ondersteunen om landelijke gebieden nieuw leven in te blazen door middel van toerisme en versterkte samenwerking? Hou je van lokaal eten, cultuur, natuur en geschiedenis? Dan moet je <strong>ondersteunend lid<\/strong>.<\/p>\n\n\n\n<p><a href=\"https:\/\/docs.google.com\/forms\/d\/1lmu7elNURv-f8WGdf5dA4tQK4BN85xkYL_j-1j53cnc\/viewform?ts=6040cdb5&amp;gxids=7628&amp;edit_requested=true\" target=\"_blank\" rel=\"noopener\">Vul hier het lidmaatschapsaanvraagformulier in.<\/a><\/p>\n\n\n\n<h2 class=\"wp-block-heading\">Wie kan lid worden?<\/h2>\n\n\n\n<p><strong>Ondersteunend lid<\/strong> Iedereen die het leuk vindt wat we doen, kan lid worden. Misschien ben je gepassioneerd door je lokale gebied en wil je dat het zich ontwikkelt, of misschien woon je buiten het gebied maar wil je hier komen om lokale producten te kopen en van de natuur te genieten. Of misschien ken je je geschiedenis en wil je helpen die te vertellen.<\/p>\n\n\n\n<p><strong>Volledig lid<\/strong> Als je een bedrijf hebt op het platteland, of als je bijvoorbeeld bezoekers wilt verwelkomen in een organisatie. Zelfs als je klein bent, ben je een attractie! Door veel mensen in de regio V\u00e4ster\u00e5s-Sala-Uppsala-Enk\u00f6ping-Stockholm samen te brengen, hebben we geweldige mogelijkheden om samen te werken aan het cre\u00ebren van de toeristische attractie die bezoekers willen. We doen dit door het voor bezoekers makkelijk te maken om je te vinden, door onze leden aan te moedigen om samen te werken, door gezamenlijke evenementen en gezamenlijke marketing.<\/p>\n\n\n\n<p>Staat jouw bedrijf in een stad? Dan kun je lid worden als je werkt met lokaal geproduceerde producten uit de rest van Fj\u00e4rdhundraland of je op een andere manier inzet voor de ontwikkeling van Fj\u00e4rdhundraland. Geef je redenen op als je je aanmeldt!<\/p>\n\n\n\n<p><strong>Graag gedaan!&nbsp;<\/strong><\/p>\n\n\n\n<p><strong><a href=\"https:\/\/docs.google.com\/forms\/d\/1lmu7elNURv-f8WGdf5dA4tQK4BN85xkYL_j-1j53cnc\/viewform?ts=6040cdb5&amp;gxids=7628&amp;edit_requested=true\" target=\"_blank\" rel=\"noopener\">Meld je hier aan!<\/a><\/strong><\/p>\n\n\n\n<h2 class=\"wp-block-heading\">Wat krijg ik als lid?<\/h2>\n\n\n\n<ul class=\"wp-block-list\">\n<li>Toegang tot Fj\u00e4rdhundraland klantengroepen<\/li>\n\n\n\n<li>Toegang tot het netwerk van gelijkgestemde toeristische ondernemers, verenigingen en bestemmingen<\/li>\n\n\n\n<li>Mogelijkheden om deel te nemen aan Fj\u00e4rdhundraland evenementen, zoals <a href=\"https:\/\/www.fjardhundraland.se\/nl\/evenementen\/\" data-type=\"page\" data-id=\"2163\">de rondes<\/a><\/li>\n\n\n\n<li>Een pagina op fjardhundraland.se<\/li>\n\n\n\n<li>Deelname aan de papieren kaart<\/li>\n\n\n\n<li><a href=\"https:\/\/www.fjardhundraland.se\/nl\/2023\/04\/fjardhundraland-tijdschrift-2023-24\/\" data-type=\"post\" data-id=\"10366\">Fj\u00e4rdhundralands tijdschrift<\/a>die gratis goede praktijken uit de praktijk deelt<\/li>\n\n\n\n<li>Advertentie met korting in het magazine<\/li>\n<\/ul>\n\n\n\n<h2 class=\"wp-block-heading\">Samenwerking is het punt<\/h2>\n\n\n\n<p>- We zijn geen concurrenten, ook al doen we vergelijkbare dingen in de buurt. We kunnen van elkaar leren, we trekken elkaar aan en er zijn genoeg bezoekers voor iedereen. Ze waarderen het dat we elkaar aanbevelen en samenwerken.<\/p>\n\n\n\n<p>- Er zijn genoeg goederen en diensten binnen handbereik. Gebruik ze! Bezoekers zien het en vinden het leuk dat we elkaars goederen gebruiken. Het is ook makkelijker om jezelf te promoten als je laat zien dat je actief samenwerkt met anderen in Fj\u00e4rdhundraland.<\/p>\n\n\n\n<div class=\"wp-block-jetpack-tiled-gallery aligncenter is-style-rectangular\"><div class=\"tiled-gallery__gallery\"><div class=\"tiled-gallery__row\"><div class=\"tiled-gallery__col\" style=\"flex-basis:100.00000%\"><figure class=\"tiled-gallery__item\"><img decoding=\"async\" data-attachment-id=\"2144\" data-permalink=\"https:\/\/www.fjardhundraland.se\/nl\/cropped-detsusar-jpg\/\" data-orig-file=\"https:\/\/www.fjardhundraland.se\/wp-content\/uploads\/2014\/03\/cropped-detsusar.jpg\" data-orig-size=\"900,300\" data-comments-opened=\"0\" data-image-meta=\"{&quot;aperture&quot;:&quot;0&quot;,&quot;credit&quot;:&quot;&quot;,&quot;camera&quot;:&quot;&quot;,&quot;caption&quot;:&quot;&quot;,&quot;created_timestamp&quot;:&quot;0&quot;,&quot;copyright&quot;:&quot;&quot;,&quot;focal_length&quot;:&quot;0&quot;,&quot;iso&quot;:&quot;0&quot;,&quot;shutter_speed&quot;:&quot;0&quot;,&quot;title&quot;:&quot;&quot;,&quot;orientation&quot;:&quot;0&quot;}\" data-image-title=\"cropped-detsusar.jpg\" data-image-description=\"&lt;p&gt;https:\/\/www.fjardhundraland.se\/wp-content\/uploads\/2014\/03\/cropped-detsusar.jpg&lt;\/p&gt;\" data-image-caption=\"\" data-large-file=\"https:\/\/www.fjardhundraland.se\/wp-content\/uploads\/2014\/03\/cropped-detsusar.jpg\" role=\"button\" tabindex=\"0\" aria-label=\"Afbeelding 1 of 7 op volledig scherm openen\" srcset=\"https:\/\/i1.wp.com\/www.fjardhundraland.se\/wp-content\/uploads\/2014\/03\/cropped-detsusar.jpg?strip=info&#038;w=600&#038;ssl=1 600w,https:\/\/i1.wp.com\/www.fjardhundraland.se\/wp-content\/uploads\/2014\/03\/cropped-detsusar.jpg?strip=info&#038;w=900&#038;ssl=1 900w\" alt=\"\" data-height=\"300\" data-id=\"2144\" data-link=\"https:\/\/www.fjardhundraland.se\/cropped-detsusar-jpg\/\" data-url=\"https:\/\/www.fjardhundraland.se\/wp-content\/uploads\/2014\/03\/cropped-detsusar.jpg\" data-width=\"900\" src=\"https:\/\/i1.wp.com\/www.fjardhundraland.se\/wp-content\/uploads\/2014\/03\/cropped-detsusar.jpg?ssl=1\" data-amp-layout=\"responsive\" title=\"\"><\/figure><\/div><\/div><div class=\"tiled-gallery__row\"><div class=\"tiled-gallery__col\" style=\"flex-basis:21.60950%\"><figure class=\"tiled-gallery__item\"><img decoding=\"async\" data-attachment-id=\"2914\" data-permalink=\"https:\/\/www.fjardhundraland.se\/nl\/plats\/malby-tradgard\/attachment\/hp-2-152\/\" data-orig-file=\"https:\/\/www.fjardhundraland.se\/wp-content\/uploads\/2014\/02\/hp-2-152.jpg\" data-orig-size=\"1542,2048\" data-comments-opened=\"0\" data-image-meta=\"{&quot;aperture&quot;:&quot;0&quot;,&quot;credit&quot;:&quot;&quot;,&quot;camera&quot;:&quot;&quot;,&quot;caption&quot;:&quot;&quot;,&quot;created_timestamp&quot;:&quot;0&quot;,&quot;copyright&quot;:&quot;&quot;,&quot;focal_length&quot;:&quot;0&quot;,&quot;iso&quot;:&quot;0&quot;,&quot;shutter_speed&quot;:&quot;0&quot;,&quot;title&quot;:&quot;&quot;,&quot;orientation&quot;:&quot;0&quot;}\" data-image-title=\"Per Johansson, M\u00e4lby tr\u00e4dg\u00e5rd\" data-image-description=\"\" data-image-caption=\"\" data-large-file=\"https:\/\/www.fjardhundraland.se\/wp-content\/uploads\/2014\/02\/hp-2-152.jpg\" role=\"button\" tabindex=\"0\" aria-label=\"Afbeelding 2 of 7 op volledig scherm openen\" srcset=\"https:\/\/i2.wp.com\/www.fjardhundraland.se\/wp-content\/uploads\/2014\/02\/hp-2-152-904x1200.jpg?strip=info&#038;w=600&#038;ssl=1 600w,https:\/\/i2.wp.com\/www.fjardhundraland.se\/wp-content\/uploads\/2014\/02\/hp-2-152-904x1200.jpg?strip=info&#038;w=900&#038;ssl=1 900w,https:\/\/i2.wp.com\/www.fjardhundraland.se\/wp-content\/uploads\/2014\/02\/hp-2-152-904x1200.jpg?strip=info&#038;w=1200&#038;ssl=1 1200w,https:\/\/i2.wp.com\/www.fjardhundraland.se\/wp-content\/uploads\/2014\/02\/hp-2-152-904x1200.jpg?strip=info&#038;w=1500&#038;ssl=1 1500w,https:\/\/i2.wp.com\/www.fjardhundraland.se\/wp-content\/uploads\/2014\/02\/hp-2-152-904x1200.jpg?strip=info&#038;w=1542&#038;ssl=1 1542w\" alt=\"Per Johansson, tuin M\u00e4lby\" data-height=\"2048\" data-id=\"2914\" data-link=\"https:\/\/www.fjardhundraland.se\/plats\/malby-tradgard\/hp-2-152\/\" data-url=\"https:\/\/www.fjardhundraland.se\/wp-content\/uploads\/2014\/02\/hp-2-152-904x1200.jpg\" data-width=\"1542\" src=\"https:\/\/i2.wp.com\/www.fjardhundraland.se\/wp-content\/uploads\/2014\/02\/hp-2-152-904x1200.jpg?ssl=1\" data-amp-layout=\"responsive\" title=\"\"><\/figure><\/div><div class=\"tiled-gallery__col\" style=\"flex-basis:38.18547%\"><figure class=\"tiled-gallery__item\"><img decoding=\"async\" data-attachment-id=\"2069\" data-permalink=\"https:\/\/www.fjardhundraland.se\/nl\/?attachment_id=2069\" data-orig-file=\"https:\/\/www.fjardhundraland.se\/wp-content\/uploads\/2014\/03\/DSC024621-300x225.jpg\" data-orig-size=\"300,225\" data-comments-opened=\"0\" data-image-meta=\"{&quot;aperture&quot;:&quot;0&quot;,&quot;credit&quot;:&quot;&quot;,&quot;camera&quot;:&quot;&quot;,&quot;caption&quot;:&quot;&quot;,&quot;created_timestamp&quot;:&quot;0&quot;,&quot;copyright&quot;:&quot;&quot;,&quot;focal_length&quot;:&quot;0&quot;,&quot;iso&quot;:&quot;0&quot;,&quot;shutter_speed&quot;:&quot;0&quot;,&quot;title&quot;:&quot;&quot;,&quot;orientation&quot;:&quot;0&quot;}\" data-image-title=\"Trehastar\" data-image-description=\"\" data-image-caption=\"\" data-large-file=\"https:\/\/www.fjardhundraland.se\/wp-content\/uploads\/2014\/03\/DSC024621-300x225.jpg\" role=\"button\" tabindex=\"0\" aria-label=\"Afbeelding 3 of 7 op volledig scherm openen\" srcset=\"https:\/\/i1.wp.com\/www.fjardhundraland.se\/wp-content\/uploads\/2014\/03\/DSC024621-300x225.jpg?strip=info&#038;w=300&#038;ssl=1 300w\" alt=\"\" data-height=\"225\" data-id=\"2069\" data-link=\"https:\/\/www.fjardhundraland.se\/?attachment_id=2069\" data-url=\"https:\/\/www.fjardhundraland.se\/wp-content\/uploads\/2014\/03\/DSC024621-300x225.jpg\" data-width=\"300\" src=\"https:\/\/i1.wp.com\/www.fjardhundraland.se\/wp-content\/uploads\/2014\/03\/DSC024621-300x225.jpg?ssl=1\" data-amp-layout=\"responsive\" title=\"\"><\/figure><\/div><div class=\"tiled-gallery__col\" style=\"flex-basis:19.15518%\"><figure class=\"tiled-gallery__item\"><img decoding=\"async\" data-attachment-id=\"2410\" data-permalink=\"https:\/\/www.fjardhundraland.se\/nl\/evenemang-rundor\/rebusrundan10\/attachment\/2012-08-12-at-15-11-13-3\/\" data-orig-file=\"https:\/\/www.fjardhundraland.se\/wp-content\/uploads\/2014\/06\/2012-08-12-at-15-11-13-3.jpg\" data-orig-size=\"1366,2048\" data-comments-opened=\"0\" data-image-meta=\"{&quot;aperture&quot;:&quot;5&quot;,&quot;credit&quot;:&quot;&quot;,&quot;camera&quot;:&quot;Canon EOS 50D&quot;,&quot;caption&quot;:&quot;&quot;,&quot;created_timestamp&quot;:&quot;1344784273&quot;,&quot;copyright&quot;:&quot;&quot;,&quot;focal_length&quot;:&quot;35&quot;,&quot;iso&quot;:&quot;400&quot;,&quot;shutter_speed&quot;:&quot;0.016666666666667&quot;,&quot;title&quot;:&quot;&quot;,&quot;orientation&quot;:&quot;1&quot;}\" data-image-title=\"2012-08-12 at 15-11-13 (3)\" data-image-description=\"\" data-image-caption=\"\" data-large-file=\"https:\/\/www.fjardhundraland.se\/wp-content\/uploads\/2014\/06\/2012-08-12-at-15-11-13-3.jpg\" role=\"button\" tabindex=\"0\" aria-label=\"Afbeelding 4 of 7 op volledig scherm openen\" srcset=\"https:\/\/i0.wp.com\/www.fjardhundraland.se\/wp-content\/uploads\/2014\/06\/2012-08-12-at-15-11-13-3-800x1200.jpg?strip=info&#038;w=600&#038;ssl=1 600w,https:\/\/i0.wp.com\/www.fjardhundraland.se\/wp-content\/uploads\/2014\/06\/2012-08-12-at-15-11-13-3-800x1200.jpg?strip=info&#038;w=900&#038;ssl=1 900w,https:\/\/i0.wp.com\/www.fjardhundraland.se\/wp-content\/uploads\/2014\/06\/2012-08-12-at-15-11-13-3-800x1200.jpg?strip=info&#038;w=1200&#038;ssl=1 1200w,https:\/\/i0.wp.com\/www.fjardhundraland.se\/wp-content\/uploads\/2014\/06\/2012-08-12-at-15-11-13-3-800x1200.jpg?strip=info&#038;w=1366&#038;ssl=1 1366w\" alt=\"\" data-height=\"2048\" data-id=\"2410\" data-link=\"https:\/\/www.fjardhundraland.se\/evenemang\/rebusrundan10\/2012-08-12-at-15-11-13-3\/\" data-url=\"https:\/\/www.fjardhundraland.se\/wp-content\/uploads\/2014\/06\/2012-08-12-at-15-11-13-3-800x1200.jpg\" data-width=\"1366\" src=\"https:\/\/i0.wp.com\/www.fjardhundraland.se\/wp-content\/uploads\/2014\/06\/2012-08-12-at-15-11-13-3-800x1200.jpg?ssl=1\" data-amp-layout=\"responsive\" title=\"\"><\/figure><\/div><div class=\"tiled-gallery__col\" style=\"flex-basis:21.04984%\"><figure class=\"tiled-gallery__item\"><img decoding=\"async\" data-attachment-id=\"2373\" data-permalink=\"https:\/\/www.fjardhundraland.se\/nl\/?attachment_id=2373\" data-orig-file=\"https:\/\/www.fjardhundraland.se\/wp-content\/uploads\/2014\/06\/Sussis-5.jpg\" data-orig-size=\"704,960\" data-comments-opened=\"0\" data-image-meta=\"{&quot;aperture&quot;:&quot;0&quot;,&quot;credit&quot;:&quot;&quot;,&quot;camera&quot;:&quot;&quot;,&quot;caption&quot;:&quot;&quot;,&quot;created_timestamp&quot;:&quot;0&quot;,&quot;copyright&quot;:&quot;&quot;,&quot;focal_length&quot;:&quot;0&quot;,&quot;iso&quot;:&quot;0&quot;,&quot;shutter_speed&quot;:&quot;0&quot;,&quot;title&quot;:&quot;&quot;,&quot;orientation&quot;:&quot;0&quot;}\" data-image-title=\"Sussis-5\" data-image-description=\"\" data-image-caption=\"\" data-large-file=\"https:\/\/www.fjardhundraland.se\/wp-content\/uploads\/2014\/06\/Sussis-5.jpg\" role=\"button\" tabindex=\"0\" aria-label=\"Afbeelding 5 of 7 op volledig scherm openen\" srcset=\"https:\/\/i2.wp.com\/www.fjardhundraland.se\/wp-content\/uploads\/2014\/06\/Sussis-5.jpg?strip=info&#038;w=600&#038;ssl=1 600w,https:\/\/i2.wp.com\/www.fjardhundraland.se\/wp-content\/uploads\/2014\/06\/Sussis-5.jpg?strip=info&#038;w=704&#038;ssl=1 704w\" alt=\"\" data-height=\"960\" data-id=\"2373\" data-link=\"https:\/\/www.fjardhundraland.se\/plats\/sussis-gardsbageri\/sussis-5\/\" data-url=\"https:\/\/www.fjardhundraland.se\/wp-content\/uploads\/2014\/06\/Sussis-5.jpg\" data-width=\"704\" src=\"https:\/\/i2.wp.com\/www.fjardhundraland.se\/wp-content\/uploads\/2014\/06\/Sussis-5.jpg?ssl=1\" data-amp-layout=\"responsive\" title=\"\"><\/figure><\/div><\/div><div class=\"tiled-gallery__row\"><div class=\"tiled-gallery__col\" style=\"flex-basis:49.95636%\"><figure class=\"tiled-gallery__item\"><img decoding=\"async\" data-attachment-id=\"2353\" data-permalink=\"https:\/\/www.fjardhundraland.se\/nl\/plats\/alsta-tradgardar\/attachment\/alsta-14\/\" data-orig-file=\"https:\/\/www.fjardhundraland.se\/wp-content\/uploads\/2014\/05\/alsta-14.jpg\" data-orig-size=\"2000,1333\" data-comments-opened=\"0\" data-image-meta=\"{&quot;aperture&quot;:&quot;5.6&quot;,&quot;credit&quot;:&quot;&quot;,&quot;camera&quot;:&quot;Canon EOS 50D&quot;,&quot;caption&quot;:&quot;&quot;,&quot;created_timestamp&quot;:&quot;1400932626&quot;,&quot;copyright&quot;:&quot;&quot;,&quot;focal_length&quot;:&quot;50&quot;,&quot;iso&quot;:&quot;100&quot;,&quot;shutter_speed&quot;:&quot;0.005&quot;,&quot;title&quot;:&quot;&quot;,&quot;orientation&quot;:&quot;0&quot;}\" data-image-title=\"alsta-14\" data-image-description=\"\" data-image-caption=\"\" data-large-file=\"https:\/\/www.fjardhundraland.se\/wp-content\/uploads\/2014\/05\/alsta-14.jpg\" role=\"button\" tabindex=\"0\" aria-label=\"Afbeelding 6 of 7 op volledig scherm openen\" srcset=\"https:\/\/i2.wp.com\/www.fjardhundraland.se\/wp-content\/uploads\/2014\/05\/alsta-14-1200x800.jpg?strip=info&#038;w=600&#038;ssl=1 600w,https:\/\/i2.wp.com\/www.fjardhundraland.se\/wp-content\/uploads\/2014\/05\/alsta-14-1200x800.jpg?strip=info&#038;w=900&#038;ssl=1 900w,https:\/\/i2.wp.com\/www.fjardhundraland.se\/wp-content\/uploads\/2014\/05\/alsta-14-1200x800.jpg?strip=info&#038;w=1200&#038;ssl=1 1200w,https:\/\/i2.wp.com\/www.fjardhundraland.se\/wp-content\/uploads\/2014\/05\/alsta-14-1200x800.jpg?strip=info&#038;w=1500&#038;ssl=1 1500w,https:\/\/i2.wp.com\/www.fjardhundraland.se\/wp-content\/uploads\/2014\/05\/alsta-14-1200x800.jpg?strip=info&#038;w=1800&#038;ssl=1 1800w,https:\/\/i2.wp.com\/www.fjardhundraland.se\/wp-content\/uploads\/2014\/05\/alsta-14-1200x800.jpg?strip=info&#038;w=2000&#038;ssl=1 2000w\" alt=\"\" data-height=\"1333\" data-id=\"2353\" data-link=\"https:\/\/www.fjardhundraland.se\/plats\/alsta-tradgardar\/alsta-14\/\" data-url=\"https:\/\/www.fjardhundraland.se\/wp-content\/uploads\/2014\/05\/alsta-14-1200x800.jpg\" data-width=\"2000\" src=\"https:\/\/i2.wp.com\/www.fjardhundraland.se\/wp-content\/uploads\/2014\/05\/alsta-14-1200x800.jpg?ssl=1\" data-amp-layout=\"responsive\" title=\"\"><\/figure><\/div><div class=\"tiled-gallery__col\" style=\"flex-basis:50.04364%\"><figure class=\"tiled-gallery__item\"><img decoding=\"async\" data-attachment-id=\"1952\" data-permalink=\"https:\/\/www.fjardhundraland.se\/nl\/?attachment_id=1952\" data-orig-file=\"https:\/\/www.fjardhundraland.se\/wp-content\/uploads\/2014\/03\/Vallgarn-getter1.jpg\" data-orig-size=\"750,499\" data-comments-opened=\"0\" data-image-meta=\"{&quot;aperture&quot;:&quot;0&quot;,&quot;credit&quot;:&quot;&quot;,&quot;camera&quot;:&quot;&quot;,&quot;caption&quot;:&quot;&quot;,&quot;created_timestamp&quot;:&quot;0&quot;,&quot;copyright&quot;:&quot;&quot;,&quot;focal_length&quot;:&quot;0&quot;,&quot;iso&quot;:&quot;0&quot;,&quot;shutter_speed&quot;:&quot;0&quot;,&quot;title&quot;:&quot;&quot;,&quot;orientation&quot;:&quot;0&quot;}\" data-image-title=\"Vallgarn-getter\" data-image-description=\"\" data-image-caption=\"\" data-large-file=\"https:\/\/www.fjardhundraland.se\/wp-content\/uploads\/2014\/03\/Vallgarn-getter1.jpg\" role=\"button\" tabindex=\"0\" aria-label=\"Afbeelding 7 of 7 op volledig scherm openen\" srcset=\"https:\/\/i0.wp.com\/www.fjardhundraland.se\/wp-content\/uploads\/2014\/03\/Vallgarn-getter1.jpg?strip=info&#038;w=600&#038;ssl=1 600w,https:\/\/i0.wp.com\/www.fjardhundraland.se\/wp-content\/uploads\/2014\/03\/Vallgarn-getter1.jpg?strip=info&#038;w=750&#038;ssl=1 750w\" alt=\"\" data-height=\"499\" data-id=\"1952\" data-link=\"https:\/\/www.fjardhundraland.se\/plats\/vallgarns-gardsmejeri\/vallgarn-getter-2\/\" data-url=\"https:\/\/www.fjardhundraland.se\/wp-content\/uploads\/2014\/03\/Vallgarn-getter1.jpg\" data-width=\"750\" src=\"https:\/\/i0.wp.com\/www.fjardhundraland.se\/wp-content\/uploads\/2014\/03\/Vallgarn-getter1.jpg?ssl=1\" data-amp-layout=\"responsive\" title=\"\"><\/figure><\/div><\/div><\/div><\/div>","protected":false},"excerpt":{"rendered":"<p>Vill du vara med och utveckla en destination f\u00f6r morgondagens bes\u00f6kare? Sedan 2011 arbetar Fj\u00e4rdhundraland med att bygga upp ett h\u00f6gkvalitativt omr\u00e5de f\u00f6r&nbsp;landsbygdsturism i omr\u00e5det mellan Stockholm\u2013Enk\u00f6ping\u2013Str\u00e4ngn\u00e4s\u2013V\u00e4ster\u00e5s\u2013Sala\u2013Uppsala. Vi lyfter fram det sm\u00e5skaliga&nbsp;och genuina i natur och landsbygd, n\u00e4ra storstaden.&nbsp; Fj\u00e4rdhundraland&nbsp;handlar om att komma ut p\u00e5 landet, ut i naturen, ut i lugnet.&nbsp;Den bes\u00f6kare vi riktar [&hellip;]<\/p>\n","protected":false},"author":1,"featured_media":3044,"comment_status":"closed","ping_status":"closed","sticky":false,"template":"","format":"standard","meta":{"_acf_changed":false,"_relevanssi_hide_post":"","_relevanssi_hide_content":"","_relevanssi_pin_for_all":"","_relevanssi_pin_keywords":"","_relevanssi_unpin_keywords":"","_relevanssi_related_keywords":"","_relevanssi_related_include_ids":"","_relevanssi_related_exclude_ids":"","_relevanssi_related_no_append":"","_relevanssi_related_not_related":"","_relevanssi_related_posts":"12584,13560,10896,10783,8656,4786","_relevanssi_noindex_reason":"Rank Math Uteslut fr\u00e5n Relevanssi index","_genesis_hide_title":false,"_genesis_hide_breadcrumbs":false,"_genesis_hide_singular_image":false,"_genesis_hide_footer_widgets":false,"_genesis_custom_body_class":"","_genesis_custom_post_class":"","_genesis_layout":"","_jetpack_memberships_contains_paid_content":false,"footnotes":""},"categories":[18],"tags":[352,217,214],"class_list":{"0":"post-3022","1":"post","2":"type-post","3":"status-publish","4":"format-standard","5":"has-post-thumbnail","7":"category-externt","8":"tag-aldre-inlagg","9":"tag-bli-medlem","10":"tag-medlem","11":"entry"},"acf":[],"visa":null,"geo_latitude":null,"geo_longitude":null,"jetpack_featured_media_url":"https:\/\/www.fjardhundraland.se\/wp-content\/uploads\/2016\/03\/Fjardhundraland-marknad-smaka-pa-enkoping.jpg","featured_image_src":"https:\/\/www.fjardhundraland.se\/wp-content\/uploads\/2016\/03\/Fjardhundraland-marknad-smaka-pa-enkoping.jpg","featured_image_src_square":"https:\/\/www.fjardhundraland.se\/wp-content\/uploads\/2016\/03\/Fjardhundraland-marknad-smaka-pa-enkoping.jpg","author_info":{"display_name":"Mats Thorburn","author_link":"https:\/\/www.fjardhundraland.se\/nl\/author\/matst\/"},"jetpack-related-posts":[{"id":3905,"url":"https:\/\/www.fjardhundraland.se\/nl\/turismutveckling\/2017\/augmented-export\/","url_meta":{"origin":3022,"position":0},"title":"Augmented Export - over eten, natuur en cultuur","author":"Mats Thorburn","date":"11 februari 2017","format":false,"excerpt":"Wat voor soort eten willen bezoekers als ze Scandinavi\u00eb bezoeken? Hoe kunnen we de kwaliteit die we hebben gebruiken om bezoekers te vinden die een kleinschalig, gepersonaliseerd verblijf in Zweden willen? Om deze vragen te beantwoorden, voeren we nu een project uit over eten in combinatie met natuur...","rel":"","context":"In &quot;Turismutveckling&quot;","block_context":{"text":"Turismutveckling","link":"https:\/\/www.fjardhundraland.se\/nl\/turismutveckling\/"},"img":{"alt_text":"","src":"","width":0,"height":0},"classes":[]},{"id":6357,"url":"https:\/\/www.fjardhundraland.se\/nl\/turismutveckling\/2019\/turism-i-fjardhundrabygden\/","url_meta":{"origin":3022,"position":1},"title":"Toerisme in Fj\u00e4rdhundrabygden","author":"Mats Thorburn","date":"1 oktober 2019","format":false,"excerpt":"Toerisme in Fj\u00e4rdhundrabygden was een driejarig Leader-project (met steun van Leader Norra M\u00e4larstranden) gericht op het bevorderen en ontwikkelen van plattelandstoerisme ten noorden van Enk\u00f6ping. Ondanks de gunstige omstandigheden met prachtige natuur, rijke cultuur, goede vervoersverbindingen en veel lokale voedselproducenten, was het gebied vrijwel onbekend bij bezoekers. Het doel van het project was...","rel":"","context":"In &quot;Turismutveckling&quot;","block_context":{"text":"Turismutveckling","link":"https:\/\/www.fjardhundraland.se\/nl\/turismutveckling\/"},"img":{"alt_text":"Slutrapport Turism i Fj\u00e4rdhundrabygden","src":"https:\/\/i0.wp.com\/www.fjardhundraland.se\/wp-content\/uploads\/2019\/12\/slutrapportturism-i-fjardhundrabygden.jpg?resize=350%2C200&ssl=1","width":350,"height":200,"srcset":"https:\/\/i0.wp.com\/www.fjardhundraland.se\/wp-content\/uploads\/2019\/12\/slutrapportturism-i-fjardhundrabygden.jpg?resize=350%2C200&ssl=1 1x, https:\/\/i0.wp.com\/www.fjardhundraland.se\/wp-content\/uploads\/2019\/12\/slutrapportturism-i-fjardhundrabygden.jpg?resize=525%2C300&ssl=1 1.5x, https:\/\/i0.wp.com\/www.fjardhundraland.se\/wp-content\/uploads\/2019\/12\/slutrapportturism-i-fjardhundrabygden.jpg?resize=700%2C400&ssl=1 2x, https:\/\/i0.wp.com\/www.fjardhundraland.se\/wp-content\/uploads\/2019\/12\/slutrapportturism-i-fjardhundrabygden.jpg?resize=1050%2C600&ssl=1 3x, https:\/\/i0.wp.com\/www.fjardhundraland.se\/wp-content\/uploads\/2019\/12\/slutrapportturism-i-fjardhundrabygden.jpg?resize=1400%2C800&ssl=1 4x"},"classes":[]},{"id":4786,"url":"https:\/\/www.fjardhundraland.se\/nl\/press\/2020\/fjardhundraland-drivkrafter-samarbete\/","url_meta":{"origin":3022,"position":2},"title":"Fj\u00e4rdhundraland - bestuurders en samenwerking","author":"Mats Thorburn","date":"31 oktober 2020","format":false,"excerpt":"Wat is Fj\u00e4rdhundraland? Fj\u00e4rdhundraland is een landelijke bestemming in het gebied H\u00e5bo-Enk\u00f6ping-V\u00e4ster\u00e5s-Sala-Uppsala gerund door Fj\u00e4rdhundraland ekonomisk f\u00f6rening. Fj\u00e4rdhundraland vindt zijn oorsprong in een Leader-project 2009-2011 in Fj\u00e4rdhundrabygden. Toen het begon, was het vanuit het niets - zeer weinig bedrijven werkten met bezoekers. Maar het werd al snel duidelijk dat er een...","rel":"","context":"In &quot;Press&quot;","block_context":{"text":"Press","link":"https:\/\/www.fjardhundraland.se\/nl\/press\/"},"img":{"alt_text":"Fj\u00e4rdhundraland solnedg\u00e5ng","src":"https:\/\/i0.wp.com\/www.fjardhundraland.se\/wp-content\/uploads\/2017\/10\/fjardhundraland-solnedgang.jpg?resize=350%2C200&ssl=1","width":350,"height":200,"srcset":"https:\/\/i0.wp.com\/www.fjardhundraland.se\/wp-content\/uploads\/2017\/10\/fjardhundraland-solnedgang.jpg?resize=350%2C200&ssl=1 1x, https:\/\/i0.wp.com\/www.fjardhundraland.se\/wp-content\/uploads\/2017\/10\/fjardhundraland-solnedgang.jpg?resize=525%2C300&ssl=1 1.5x, https:\/\/i0.wp.com\/www.fjardhundraland.se\/wp-content\/uploads\/2017\/10\/fjardhundraland-solnedgang.jpg?resize=700%2C400&ssl=1 2x, https:\/\/i0.wp.com\/www.fjardhundraland.se\/wp-content\/uploads\/2017\/10\/fjardhundraland-solnedgang.jpg?resize=1050%2C600&ssl=1 3x, https:\/\/i0.wp.com\/www.fjardhundraland.se\/wp-content\/uploads\/2017\/10\/fjardhundraland-solnedgang.jpg?resize=1400%2C800&ssl=1 4x"},"classes":[]},{"id":3293,"url":"https:\/\/www.fjardhundraland.se\/nl\/press\/2016\/tre-kafeer-fran-fjardhundraland-nya-white-guide\/","url_meta":{"origin":3022,"position":3},"title":"Drie Fj\u00e4rdhundraland-caf\u00e9s in de nieuwe Witte Gids","author":"Mats Thorburn","date":"13 mei 2016","format":false,"excerpt":"Het is nu bekend welke caf\u00e9s dit jaar in de editie van Witte Gids Caf\u00e9 worden opgenomen. Tot nu toe zijn negen caf\u00e9s uit Uppland door het oog van de naald gekropen - en dit jaar komen daar maar liefst drie caf\u00e9s uit Fj\u00e4rdhundraland bij. Het zijn Forsby kvarn caf\u00e9, Kr\u00e5kvilan bakkerij en Resta boerderij die...","rel":"","context":"In &quot;Press&quot;","block_context":{"text":"Press","link":"https:\/\/www.fjardhundraland.se\/nl\/press\/"},"img":{"alt_text":"Kr\u00e5kvilan Marianne","src":"https:\/\/i0.wp.com\/www.fjardhundraland.se\/wp-content\/uploads\/2014\/02\/Krakvilan_Marianne.jpg?resize=350%2C200&ssl=1","width":350,"height":200,"srcset":"https:\/\/i0.wp.com\/www.fjardhundraland.se\/wp-content\/uploads\/2014\/02\/Krakvilan_Marianne.jpg?resize=350%2C200&ssl=1 1x, https:\/\/i0.wp.com\/www.fjardhundraland.se\/wp-content\/uploads\/2014\/02\/Krakvilan_Marianne.jpg?resize=525%2C300&ssl=1 1.5x, https:\/\/i0.wp.com\/www.fjardhundraland.se\/wp-content\/uploads\/2014\/02\/Krakvilan_Marianne.jpg?resize=700%2C400&ssl=1 2x, https:\/\/i0.wp.com\/www.fjardhundraland.se\/wp-content\/uploads\/2014\/02\/Krakvilan_Marianne.jpg?resize=1050%2C600&ssl=1 3x, https:\/\/i0.wp.com\/www.fjardhundraland.se\/wp-content\/uploads\/2014\/02\/Krakvilan_Marianne.jpg?resize=1400%2C800&ssl=1 4x"},"classes":[]},{"id":6249,"url":"https:\/\/www.fjardhundraland.se\/nl\/mat\/2019\/herrgard-i-fjardhundraland-soker-matmanniskor\/","url_meta":{"origin":3022,"position":4},"title":"Landhuis op zoek naar mensen met eten","author":"Mats Thorburn","date":"14 november 2019","format":false,"excerpt":"Je kunt nu een pand huren voor een restaurant, caf\u00e9 en accommodatie in Ribbingeb\u00e4ck Manor, tussen J\u00e4rl\u00e5sa en \u00d6rsundsbro - met een mooie keuken, grote eetzaal en een perfecte locatie dicht bij verschillende van de beste attracties en producenten van Fj\u00e4rdhundraland. RB f\u00f6rvaltning, dat sinds de herfst van 2019 eigenaar is van Ribbingeb\u00e4cks manor, is op zoek naar een huurder voor het landhuisgebouw. De eigenaren ...","rel":"","context":"In &quot;Mat&quot;","block_context":{"text":"Mat","link":"https:\/\/www.fjardhundraland.se\/nl\/mat\/"},"img":{"alt_text":"","src":"https:\/\/i0.wp.com\/www.fjardhundraland.se\/wp-content\/uploads\/2019\/11\/ribbingebacc88ck.jpg?resize=350%2C200&ssl=1","width":350,"height":200,"srcset":"https:\/\/i0.wp.com\/www.fjardhundraland.se\/wp-content\/uploads\/2019\/11\/ribbingebacc88ck.jpg?resize=350%2C200&ssl=1 1x, https:\/\/i0.wp.com\/www.fjardhundraland.se\/wp-content\/uploads\/2019\/11\/ribbingebacc88ck.jpg?resize=525%2C300&ssl=1 1.5x, https:\/\/i0.wp.com\/www.fjardhundraland.se\/wp-content\/uploads\/2019\/11\/ribbingebacc88ck.jpg?resize=700%2C400&ssl=1 2x"},"classes":[]},{"id":3016,"url":"https:\/\/www.fjardhundraland.se\/nl\/externt\/2016\/om-ett-borttappat-land\/","url_meta":{"origin":3022,"position":5},"title":"Over een verloren \u201dland\u201d","author":"Mats Thorburn","date":"20 februari 2016","format":false,"excerpt":"Ena-H\u00e5bo Tidningen schrijft in het zakenkatern over onze interne doelen en hoe we werken aan de ontwikkeling van toerisme. De kop was \"Fj\u00e4rdhundra - Zweden's Provence?\". Er was geen ruimte voor het kleine land. Ons werk gaat niet over Fj\u00e4rdhundra, maar over Fj\u00e4rdhundraland, dat (net als de stad Fj\u00e4rdhundra) vernoemd is naar het middeleeuwse volksland Fj\u00e4drundaland. Vandaag de dag...","rel":"","context":"In &quot;\u00c4ldre inl\u00e4gg&quot;","block_context":{"text":"\u00c4ldre inl\u00e4gg","link":"https:\/\/www.fjardhundraland.se\/nl\/aldre-inlagg\/"},"img":{"alt_text":"Artikel om Fj\u00e4rdhundraland i Ena-H\u00e5botidningen","src":"https:\/\/i0.wp.com\/www.fjardhundraland.se\/wp-content\/uploads\/2016\/02\/fjardhundraland-1024x739.jpg?resize=350%2C200&ssl=1","width":350,"height":200,"srcset":"https:\/\/i0.wp.com\/www.fjardhundraland.se\/wp-content\/uploads\/2016\/02\/fjardhundraland-1024x739.jpg?resize=350%2C200&ssl=1 1x, https:\/\/i0.wp.com\/www.fjardhundraland.se\/wp-content\/uploads\/2016\/02\/fjardhundraland-1024x739.jpg?resize=525%2C300&ssl=1 1.5x, https:\/\/i0.wp.com\/www.fjardhundraland.se\/wp-content\/uploads\/2016\/02\/fjardhundraland-1024x739.jpg?resize=700%2C400&ssl=1 2x"},"classes":[]}],"jetpack_sharing_enabled":true,"_links":{"self":[{"href":"https:\/\/www.fjardhundraland.se\/nl\/wp-json\/wp\/v2\/posts\/3022","targetHints":{"allow":["GET"]}}],"collection":[{"href":"https:\/\/www.fjardhundraland.se\/nl\/wp-json\/wp\/v2\/posts"}],"about":[{"href":"https:\/\/www.fjardhundraland.se\/nl\/wp-json\/wp\/v2\/types\/post"}],"author":[{"embeddable":true,"href":"https:\/\/www.fjardhundraland.se\/nl\/wp-json\/wp\/v2\/users\/1"}],"replies":[{"embeddable":true,"href":"https:\/\/www.fjardhundraland.se\/nl\/wp-json\/wp\/v2\/comments?post=3022"}],"version-history":[{"count":1,"href":"https:\/\/www.fjardhundraland.se\/nl\/wp-json\/wp\/v2\/posts\/3022\/revisions"}],"predecessor-version":[{"id":19648,"href":"https:\/\/www.fjardhundraland.se\/nl\/wp-json\/wp\/v2\/posts\/3022\/revisions\/19648"}],"wp:featuredmedia":[{"embeddable":true,"href":"https:\/\/www.fjardhundraland.se\/nl\/wp-json\/wp\/v2\/media\/3044"}],"wp:attachment":[{"href":"https:\/\/www.fjardhundraland.se\/nl\/wp-json\/wp\/v2\/media?parent=3022"}],"wp:term":[{"taxonomy":"category","embeddable":true,"href":"https:\/\/www.fjardhundraland.se\/nl\/wp-json\/wp\/v2\/categories?post=3022"},{"taxonomy":"post_tag","embeddable":true,"href":"https:\/\/www.fjardhundraland.se\/nl\/wp-json\/wp\/v2\/tags?post=3022"}],"curies":[{"name":"wp","href":"https:\/\/api.w.org\/{rel}","templated":true}]}}