
{"id":298,"date":"2011-05-27T11:24:29","date_gmt":"2011-05-27T09:24:29","guid":{"rendered":"http:\/\/www.fjardhundraland.se\/?p=298"},"modified":"2026-02-05T13:40:42","modified_gmt":"2026-02-05T12:40:42","slug":"het-gebeurt-dit-weekend","status":"publish","type":"post","link":"https:\/\/www.fjardhundraland.se\/nl\/externt\/2011\/det-har-hander-i-helgen\/","title":{"rendered":"Dit is wat er dit weekend te doen is"},"content":{"rendered":"<p>Hier zijn wat tips voor activiteiten rondom Fj\u00e4rdhundraland in het komende weekend:<\/p>\n<p><em>Zaterdag-zondag 28-29 mei 10-16:<\/em> <strong>Voorjaarsmarkt in Dunderbo<\/strong>. Traditionele voedseltentoonstelling, koffieservice met zelfgebakken broodjes. Zomerbloemen, marmelade, breiwerk, kaarsen enz. Rondleidingen op Krigsstigen om 11.00 en 14.00 uur. 073-65 77 906 Arr: <a title=\"Dunderbo kaarsen en handwerk\" href=\"https:\/\/dunderbohantverk.wordpress.com\" target=\"_blank\" rel=\"noopener\">Dunderbo Licht &amp; Ambacht<\/a>.<\/p>\n<p><em>Zaterdag-zondag 28-29 mei 11-16, zaterdag-zondag 11-12 juni 11-16:<\/em><strong><br \/>\nVlooienmarkt in de wei - daar gaat het om!<\/strong> <a title=\"Tijdschrift Lagerl\u00f6fska\" href=\"https:\/\/lagerlofska.se\/\" target=\"_blank\" rel=\"noopener\">Lagerl\u00f6fska tijdschrift<\/a><\/p>\n<p><em>Zondag 29 mei 11.00-14.00<\/em>: <strong><a title=\"Herinwijding van de Simtuna-kerk\" href=\"https:\/\/www.facebook.com\/event.php?eid=217630298260827\" target=\"_blank\" rel=\"noopener\">Herinwijding van de Simtuna-kerk<\/a><\/strong>. De Simtuna-kerk wordt teruggenomen als bedehuis voor de Fj\u00e4rdhundra-parochie. Aartsbisschop Anders Wejryd neemt deel. Mingelfika buiten de kerk na afloop.<\/p>\n<p><em>Zondag 29 mei, 13-17:<\/em> <strong>Open huis in Altuna homestead en schoolmuseum<\/strong>. Tentoonstelling. Taartenbuffet. Om 15 uur muziek met Scendraget. Arr. <a title=\"Altuna lokale geschiedenis vereniging\" href=\"https:\/\/www.hembygd.se\/index.asp?Lev=27712\" target=\"_blank\" rel=\"noopener\">Altuna lokale geschiedenis vereniging<\/a><\/p>\n<p><em>Zondag 29 mei, 14-16.30:<\/em> <strong>Moederdagcaf\u00e9 met taartenbuffet<\/strong> i <a title=\"Boerderij \u00d6sterunda\" href=\"https:\/\/www.osterunda.se\/\" target=\"_blank\" rel=\"noopener\">Boerderij \u00d6sterunda<\/a>. Markt. Tentoonstelling van de dag kinderen. Arr: \u00d6sterundag\u00e5rden.<\/p>\n<h3>Huizen te koop<\/h3>\n<p><em>Zaterdag 28 mei om 12 uur 's middags<\/em>: <a title=\"Ring Carlsson\" href=\"https:\/\/beskrivningar.capitex.se\/objdesc.aspx?GUID=3T6JT6VETCBQLIKJ&amp;TYP=CMVilla&amp;From=Hemnet&amp;Skin=CarlssonRing\" target=\"_blank\" rel=\"noopener\">Rondleiding door de voormalige landwinkel van \u00d6sterunda<\/a>. In het centrum van Brunnsta, \u00d6sterunda, met grote ruimtes en magazijnen geschikt voor je eigen bedrijf.<\/p>\n<p><a title=\"Huizen te koop.\" href=\"https:\/\/www.booli.se\/torstuna,harnevi,osterunda,nysatra,osterunda-brunnsta,fjardhundra,salinge,sparrsatra,altuna,frosthult,osterunda+salinge,alvassen,frosthult+langtibble,torstuna-tibble,osterunda+sonkarby,korsbacken,vansjo\/1079,76602,76833,76956,115130,116750,140662,147492,170100,172622,348857,404820,756554,756832,756882,870745,871538\/\" target=\"_blank\" rel=\"noopener\">Meer huizen in Fj\u00e4rdhundraland.<\/a><\/p>","protected":false},"excerpt":{"rendered":"<p>H\u00e4r kommer n\u00e5gra tips p\u00e5 aktiviteter runt om i Fj\u00e4rdhundraland under den kommande helgen: L\u00f6rdag\u2013s\u00f6ndag 28\u201329 maj kl 10\u201316: V\u00e5rmarknad i Dunderbo. Trasmattsutst\u00e4llning, kaffeservering med hembakt. Sommarblommor, marmelad, stickat, ljus mm. Guidade turer p\u00e5 Krigsstigen kl 11 och kl 14.\u00a0\u00a0073-65 77 906 Arr: Dunderbo Ljus &amp; hantverk. L\u00f6rdag\u2013s\u00f6ndag 28\u201329 maj kl 11\u201316, l\u00f6rdag\u2013s\u00f6ndag 11\u201312 juni [&hellip;]<\/p>\n","protected":false},"author":1,"featured_media":0,"comment_status":"open","ping_status":"open","sticky":false,"template":"","format":"standard","meta":{"_acf_changed":false,"_relevanssi_hide_post":"","_relevanssi_hide_content":"","_relevanssi_pin_for_all":"","_relevanssi_pin_keywords":"","_relevanssi_unpin_keywords":"","_relevanssi_related_keywords":"","_relevanssi_related_include_ids":"","_relevanssi_related_exclude_ids":"","_relevanssi_related_no_append":"","_relevanssi_related_not_related":"","_relevanssi_related_posts":"","_relevanssi_noindex_reason":"Rank Math Uteslut fr\u00e5n Relevanssi index","_genesis_hide_title":false,"_genesis_hide_breadcrumbs":false,"_genesis_hide_singular_image":false,"_genesis_hide_footer_widgets":false,"_genesis_custom_body_class":"","_genesis_custom_post_class":"","_genesis_layout":"","_jetpack_memberships_contains_paid_content":false,"footnotes":""},"categories":[353,18],"tags":[352],"class_list":{"0":"post-298","1":"post","2":"type-post","3":"status-publish","4":"format-standard","6":"category-aldre-inlagg","7":"category-externt","8":"tag-aldre-inlagg","9":"entry"},"acf":[],"visa":null,"geo_latitude":null,"geo_longitude":null,"jetpack_featured_media_url":"","featured_image_src":null,"featured_image_src_square":null,"author_info":{"display_name":"Mats Thorburn","author_link":"https:\/\/www.fjardhundraland.se\/nl\/author\/matst\/"},"jetpack-related-posts":[{"id":3794,"url":"https:\/\/www.fjardhundraland.se\/nl\/utflykt\/2016\/julhelg-fjardhundraland\/","url_meta":{"origin":298,"position":0},"title":"Kerstvakantie in Fj\u00e4rdhundraland","author":"Mats Thorburn","date":"14 december 2016","format":false,"excerpt":"Zelfgebakken brood. Handgemaakte worstjes. Echte kaas. Echte ambachten. Wol, kaarsen. Een handgesneden kerstboom. Is dat niet waar Kerstmis om draait? Hier is een suggestie: sla de drukte in de winkelcentra over en doe je kerstinkopen ter plaatse. Dit weekend is Fj\u00e4rdhundraland geopend voor iedereen die op zoek is naar echte kerstproducten en kerstcadeaus van hoge kwaliteit. De winkel in L\u00f6th zaterdag...","rel":"","context":"In &quot;Utflykt&quot;","block_context":{"text":"Utflykt","link":"https:\/\/www.fjardhundraland.se\/nl\/utflykt\/"},"img":{"alt_text":"Sn\u00f6 och sol, motljus i Fj\u00e4rdhundraland","src":"https:\/\/i0.wp.com\/www.fjardhundraland.se\/wp-content\/uploads\/2016\/12\/snocc88-och-sol.jpg?resize=350%2C200&ssl=1","width":350,"height":200,"srcset":"https:\/\/i0.wp.com\/www.fjardhundraland.se\/wp-content\/uploads\/2016\/12\/snocc88-och-sol.jpg?resize=350%2C200&ssl=1 1x, https:\/\/i0.wp.com\/www.fjardhundraland.se\/wp-content\/uploads\/2016\/12\/snocc88-och-sol.jpg?resize=525%2C300&ssl=1 1.5x, https:\/\/i0.wp.com\/www.fjardhundraland.se\/wp-content\/uploads\/2016\/12\/snocc88-och-sol.jpg?resize=700%2C400&ssl=1 2x, https:\/\/i0.wp.com\/www.fjardhundraland.se\/wp-content\/uploads\/2016\/12\/snocc88-och-sol.jpg?resize=1050%2C600&ssl=1 3x, https:\/\/i0.wp.com\/www.fjardhundraland.se\/wp-content\/uploads\/2016\/12\/snocc88-och-sol.jpg?resize=1400%2C800&ssl=1 4x"},"classes":[]},{"id":942,"url":"https:\/\/www.fjardhundraland.se\/nl\/inlagg\/2012\/pa-krigsstigen-i-fjardhundraland\/","url_meta":{"origin":298,"position":1},"title":"Op oorlogspad in Fj\u00e4rdhundraland","author":"Mats Thorburn","date":"19 mei 2012","format":false,"excerpt":"Op zaterdag en zondag om 11.00 en 13.00 uur leidt G\u00f6ran Mellstr\u00f6m je door het soldatendorp in Dunderbo (routebeschrijving). Er is ook een voorjaarsmarkt in Dunderbo van 10.00 tot 16.00 uur - ga daarna naar een van de vele bezienswaardigheden in Fj\u00e4rdhundraland. Bekijk de witte anemonen in H\u00e5rsb\u00e4cksdalen, op zaterdag misschien gecombineerd met een bezoek aan Lagerl\u00f6fska...","rel":"","context":"In &quot;\u00c4ldre inl\u00e4gg&quot;","block_context":{"text":"\u00c4ldre inl\u00e4gg","link":"https:\/\/www.fjardhundraland.se\/nl\/aldre-inlagg\/"},"img":{"alt_text":"Krigsstigen soldattorp","src":"https:\/\/i0.wp.com\/www.fjardhundraland.se\/wp-content\/uploads\/2012\/05\/krigsstigen-1024x682.jpg?resize=350%2C200&ssl=1","width":350,"height":200,"srcset":"https:\/\/i0.wp.com\/www.fjardhundraland.se\/wp-content\/uploads\/2012\/05\/krigsstigen-1024x682.jpg?resize=350%2C200&ssl=1 1x, https:\/\/i0.wp.com\/www.fjardhundraland.se\/wp-content\/uploads\/2012\/05\/krigsstigen-1024x682.jpg?resize=525%2C300&ssl=1 1.5x"},"classes":[]},{"id":683,"url":"https:\/\/www.fjardhundraland.se\/nl\/hantverk\/2011\/skordemarknad-och-soldattorp\/","url_meta":{"origin":298,"position":2},"title":"Oogstmarkt en soldatendorp","author":"Mats Thorburn","date":"1 september 2011","format":false,"excerpt":"In Dunderbo, Fj\u00e4rdhundra, kun je op zaterdag en zondag naar de oogstmarkt, met een caf\u00e9 en een rondleiding over het \"oorlogspad\" rond het soldatendorp van Dunderbo.","rel":"","context":"In &quot;\u00c4ldre inl\u00e4gg&quot;","block_context":{"text":"\u00c4ldre inl\u00e4gg","link":"https:\/\/www.fjardhundraland.se\/nl\/aldre-inlagg\/"},"img":{"alt_text":"Sk\u00f6rdemarknad i Dunderbo","src":"https:\/\/i0.wp.com\/www.fjardhundraland.se\/wp-content\/uploads\/2011\/09\/IMG_1215-630x472.jpg?resize=350%2C200&ssl=1","width":350,"height":200,"srcset":"https:\/\/i0.wp.com\/www.fjardhundraland.se\/wp-content\/uploads\/2011\/09\/IMG_1215-630x472.jpg?resize=350%2C200&ssl=1 1x, https:\/\/i0.wp.com\/www.fjardhundraland.se\/wp-content\/uploads\/2011\/09\/IMG_1215-630x472.jpg?resize=525%2C300&ssl=1 1.5x"},"classes":[]},{"id":5692,"url":"https:\/\/www.fjardhundraland.se\/nl\/utflykt\/2019\/paskoppet-2019\/","url_meta":{"origin":298,"position":3},"title":"Paasinkopen 2019","author":"Mats Thorburn","date":"14 april 2019","format":false,"excerpt":"Pasen is het startpunt voor veel bestemmingen in Fj\u00e4rdhundraland, maar het is ook een goed moment voor het eerste lente-uitje in de natuur. Hier zijn een aantal leuke plekken om te bezoeken tijdens Pasen 2019!","rel":"","context":"In &quot;Utflykt&quot;","block_context":{"text":"Utflykt","link":"https:\/\/www.fjardhundraland.se\/nl\/utflykt\/"},"img":{"alt_text":"P\u00e5skh\u00f6nor som pickar","src":"https:\/\/i0.wp.com\/www.fjardhundraland.se\/wp-content\/uploads\/2019\/04\/paskhonor2019.jpg?resize=350%2C200&ssl=1","width":350,"height":200,"srcset":"https:\/\/i0.wp.com\/www.fjardhundraland.se\/wp-content\/uploads\/2019\/04\/paskhonor2019.jpg?resize=350%2C200&ssl=1 1x, https:\/\/i0.wp.com\/www.fjardhundraland.se\/wp-content\/uploads\/2019\/04\/paskhonor2019.jpg?resize=525%2C300&ssl=1 1.5x, https:\/\/i0.wp.com\/www.fjardhundraland.se\/wp-content\/uploads\/2019\/04\/paskhonor2019.jpg?resize=700%2C400&ssl=1 2x, https:\/\/i0.wp.com\/www.fjardhundraland.se\/wp-content\/uploads\/2019\/04\/paskhonor2019.jpg?resize=1050%2C600&ssl=1 3x, https:\/\/i0.wp.com\/www.fjardhundraland.se\/wp-content\/uploads\/2019\/04\/paskhonor2019.jpg?resize=1400%2C800&ssl=1 4x"},"classes":[]},{"id":3098,"url":"https:\/\/www.fjardhundraland.se\/nl\/utflykt\/2016\/paskoppet-i-fjardhundraland\/","url_meta":{"origin":298,"position":4},"title":"Paasinkopen in Fj\u00e4rdhundraland 2016","author":"Mats Thorburn","date":"23 maart 2016","format":false,"excerpt":"Met Pasen gaan veel van de pareltjes van Fj\u00e4rdhundraland in het vroege voorjaar open voor bezoekers. Het is tijd om de winter uit te kruipen en een uitstapje te maken, de binnenwegen op, naar de rust, de natuur en het echte eten. Open met Pasen: Alsta Tr\u00e4dg\u00e5rdar is open van vrijdag t\/m maandag 11-16 met de eerste tentoonstelling van het voorjaar met zilversmeden,...","rel":"","context":"In &quot;Utflykt&quot;","block_context":{"text":"Utflykt","link":"https:\/\/www.fjardhundraland.se\/nl\/utflykt\/"},"img":{"alt_text":"","src":"https:\/\/i0.wp.com\/www.fjardhundraland.se\/wp-content\/uploads\/2016\/03\/egg.jpg?resize=350%2C200&ssl=1","width":350,"height":200,"srcset":"https:\/\/i0.wp.com\/www.fjardhundraland.se\/wp-content\/uploads\/2016\/03\/egg.jpg?resize=350%2C200&ssl=1 1x, https:\/\/i0.wp.com\/www.fjardhundraland.se\/wp-content\/uploads\/2016\/03\/egg.jpg?resize=525%2C300&ssl=1 1.5x, https:\/\/i0.wp.com\/www.fjardhundraland.se\/wp-content\/uploads\/2016\/03\/egg.jpg?resize=700%2C400&ssl=1 2x, https:\/\/i0.wp.com\/www.fjardhundraland.se\/wp-content\/uploads\/2016\/03\/egg.jpg?resize=1050%2C600&ssl=1 3x, https:\/\/i0.wp.com\/www.fjardhundraland.se\/wp-content\/uploads\/2016\/03\/egg.jpg?resize=1400%2C800&ssl=1 4x"},"classes":[]},{"id":1444,"url":"https:\/\/www.fjardhundraland.se\/nl\/externt\/2013\/fjardhundralands-hostglod\/","url_meta":{"origin":298,"position":5},"title":"Fj\u00e4rdhundralands herfstgloed","author":"Ylva Fontell","date":"30 september 2013","format":false,"excerpt":"Op zondag 13 oktober word je uitgenodigd voor een kleurrijke herfstcavalcade in de Lundellska Gallery in Simtuna. Je kunt lokale producten kopen, gezondheidsadvies en een massage krijgen in de kas, een paddenstoelententoonstelling bekijken met paddenstoelenconsulente Eva Allestedt of tips krijgen over de beste appelsoorten. Er is muziek en tuinexpert Lena M\u00e5nsson vertelt over bloembollen. Neem ...","rel":"","context":"In &quot;\u00c4ldre inl\u00e4gg&quot;","block_context":{"text":"\u00c4ldre inl\u00e4gg","link":"https:\/\/www.fjardhundraland.se\/nl\/aldre-inlagg\/"},"img":{"alt_text":"","src":"","width":0,"height":0},"classes":[]}],"jetpack_sharing_enabled":true,"_links":{"self":[{"href":"https:\/\/www.fjardhundraland.se\/nl\/wp-json\/wp\/v2\/posts\/298","targetHints":{"allow":["GET"]}}],"collection":[{"href":"https:\/\/www.fjardhundraland.se\/nl\/wp-json\/wp\/v2\/posts"}],"about":[{"href":"https:\/\/www.fjardhundraland.se\/nl\/wp-json\/wp\/v2\/types\/post"}],"author":[{"embeddable":true,"href":"https:\/\/www.fjardhundraland.se\/nl\/wp-json\/wp\/v2\/users\/1"}],"replies":[{"embeddable":true,"href":"https:\/\/www.fjardhundraland.se\/nl\/wp-json\/wp\/v2\/comments?post=298"}],"version-history":[{"count":1,"href":"https:\/\/www.fjardhundraland.se\/nl\/wp-json\/wp\/v2\/posts\/298\/revisions"}],"predecessor-version":[{"id":19766,"href":"https:\/\/www.fjardhundraland.se\/nl\/wp-json\/wp\/v2\/posts\/298\/revisions\/19766"}],"wp:attachment":[{"href":"https:\/\/www.fjardhundraland.se\/nl\/wp-json\/wp\/v2\/media?parent=298"}],"wp:term":[{"taxonomy":"category","embeddable":true,"href":"https:\/\/www.fjardhundraland.se\/nl\/wp-json\/wp\/v2\/categories?post=298"},{"taxonomy":"post_tag","embeddable":true,"href":"https:\/\/www.fjardhundraland.se\/nl\/wp-json\/wp\/v2\/tags?post=298"}],"curies":[{"name":"wp","href":"https:\/\/api.w.org\/{rel}","templated":true}]}}