
{"id":2922,"date":"2015-09-21T16:28:26","date_gmt":"2015-09-21T14:28:26","guid":{"rendered":"http:\/\/www.fjardhundraland.se\/?p=2922"},"modified":"2026-02-05T13:41:07","modified_gmt":"2026-02-05T12:41:07","slug":"voedsel-is-enorm","status":"publish","type":"post","link":"https:\/\/www.fjardhundraland.se\/nl\/mat\/2015\/mat-manniskor-vasteras\/","title":{"rendered":"Eten &amp; mensen V\u00e4ster\u00e5s"},"content":{"rendered":"<p>Zou het niet mooi zijn als er binnen een redelijke afstand van V\u00e4ster\u00e5s een centraal gebied was waar we de boeren op de boerderijen konden bezoeken, de melkboer in de zuivelfabriek en zowel de slager als het varken konden ontmoeten?<\/p>\n<p>Die is er. Welkom bij <strong>Eten &amp; mensen<\/strong>, op zondag 27 september een foodtour in Fj\u00e4rdhundraland! Je krijgt een menu van lokaal geproduceerd voedsel, rijdt over de binnenwegen en eet je een weg door een food experience!<\/p>\n<p>Als je bijvoorbeeld uit V\u00e4ster\u00e5s komt, begin je bij <a href=\"https:\/\/www.fjardhundraland.se\/nl\/gerechten\/gula-stallet-butik-kafe\/\">Gele stallen in M\u00e5lhammar<\/a>. <a href=\"https:\/\/www.fjardhundraland.se\/nl\/evenementen\/voedsel-mensen\/\">Bekijk alle locaties en lees hier meer.<\/a><\/p>\n<div class=\"tiled-gallery type-rectangular tiled-gallery-unresized\" data-original-width=\"500\" data-carousel-extra='{&quot;blog_id&quot;:1,&quot;permalink&quot;:&quot;https:\\\/\\\/www.fjardhundraland.se\\\/nl\\\/mat\\\/2015\\\/mat-manniskor-vasteras\\\/&quot;,&quot;likes_blog_id&quot;:66652000}' itemscope itemtype=\"http:\/\/schema.org\/ImageGallery\" > <div class=\"gallery-row\" style=\"width: 500px; height: 294px;\" data-original-width=\"500\" data-original-height=\"294\" > <div class=\"gallery-group images-1\" style=\"width: 294px; height: 294px;\" data-original-width=\"294\" data-original-height=\"294\" > <div class=\"tiled-gallery-item tiled-gallery-item-large\" itemprop=\"associatedMedia\" itemscope itemtype=\"http:\/\/schema.org\/ImageObject\"> <a href=\"https:\/\/www.fjardhundraland.se\/nl\/plats\/forsby-kvarn-kafe\/attachment\/forsby-merguez\/\" border=\"0\" itemprop=\"url\"> <meta itemprop=\"width\" content=\"290\"> <meta itemprop=\"height\" content=\"290\"> <img decoding=\"async\" class=\"\" data-attachment-id=\"2039\" data-orig-file=\"https:\/\/www.fjardhundraland.se\/wp-content\/uploads\/2013\/12\/Forsby-Merguez.jpg\" data-orig-size=\"960,960\" data-comments-opened=\"\" data-image-meta=\"{&quot;aperture&quot;:&quot;0&quot;,&quot;credit&quot;:&quot;&quot;,&quot;camera&quot;:&quot;&quot;,&quot;caption&quot;:&quot;&quot;,&quot;created_timestamp&quot;:&quot;0&quot;,&quot;copyright&quot;:&quot;&quot;,&quot;focal_length&quot;:&quot;0&quot;,&quot;iso&quot;:&quot;0&quot;,&quot;shutter_speed&quot;:&quot;0&quot;,&quot;title&quot;:&quot;&quot;,&quot;orientation&quot;:&quot;0&quot;}\" data-image-title=\"Forsby Merguez\" data-image-description=\"\" data-medium-file=\"https:\/\/www.fjardhundraland.se\/wp-content\/uploads\/2013\/12\/Forsby-Merguez.jpg\" data-large-file=\"https:\/\/www.fjardhundraland.se\/wp-content\/uploads\/2013\/12\/Forsby-Merguez.jpg\" src=\"https:\/\/i0.wp.com\/www.fjardhundraland.se\/wp-content\/uploads\/2013\/12\/Forsby-Merguez.jpg?w=290&#038;h=290&#038;crop=1&#038;ssl=1\" srcset=\"https:\/\/www.fjardhundraland.se\/wp-content\/uploads\/2013\/12\/Forsby-Merguez.jpg 960w, https:\/\/www.fjardhundraland.se\/wp-content\/uploads\/2013\/12\/Forsby-Merguez-800x800.jpg 800w\" width=\"290\" height=\"290\" loading=\"lazy\" data-original-width=\"290\" data-original-height=\"290\" itemprop=\"http:\/\/schema.org\/image\" title=\"Forsby Merguez\" alt=\"Forsby-Merguez\" style=\"width: 290px; height: 290px;\" \/> <\/a> <\/div> <\/div> <!-- close group --> <div class=\"gallery-group images-2\" style=\"width: 206px; height: 294px;\" data-original-width=\"206\" data-original-height=\"294\" > <div class=\"tiled-gallery-item tiled-gallery-item-small\" itemprop=\"associatedMedia\" itemscope itemtype=\"http:\/\/schema.org\/ImageObject\"> <a href=\"https:\/\/www.fjardhundraland.se\/nl\/plats\/franzens-charkuterier\/attachment\/20130517_195314\/\" border=\"0\" itemprop=\"url\"> <meta itemprop=\"width\" content=\"202\"> <meta itemprop=\"height\" content=\"152\"> <img decoding=\"async\" class=\"\" data-attachment-id=\"2314\" data-orig-file=\"https:\/\/www.fjardhundraland.se\/wp-content\/uploads\/2014\/05\/20130517_195314.jpg\" data-orig-size=\"2048,1536\" data-comments-opened=\"\" data-image-meta=\"{&quot;aperture&quot;:&quot;0&quot;,&quot;credit&quot;:&quot;&quot;,&quot;camera&quot;:&quot;&quot;,&quot;caption&quot;:&quot;&quot;,&quot;created_timestamp&quot;:&quot;0&quot;,&quot;copyright&quot;:&quot;&quot;,&quot;focal_length&quot;:&quot;0&quot;,&quot;iso&quot;:&quot;0&quot;,&quot;shutter_speed&quot;:&quot;0&quot;,&quot;title&quot;:&quot;&quot;,&quot;orientation&quot;:&quot;0&quot;}\" data-image-title=\"20130517_195314\" data-image-description=\"\" data-medium-file=\"https:\/\/www.fjardhundraland.se\/wp-content\/uploads\/2014\/05\/20130517_195314.jpg\" data-large-file=\"https:\/\/www.fjardhundraland.se\/wp-content\/uploads\/2014\/05\/20130517_195314.jpg\" src=\"https:\/\/i0.wp.com\/www.fjardhundraland.se\/wp-content\/uploads\/2014\/05\/20130517_195314.jpg?w=202&#038;h=152&#038;ssl=1\" width=\"202\" height=\"152\" loading=\"lazy\" data-original-width=\"202\" data-original-height=\"152\" itemprop=\"http:\/\/schema.org\/image\" title=\"20130517_195314\" alt=\"20130517_195314\" style=\"width: 202px; height: 152px;\" \/> <\/a> <\/div> <div class=\"tiled-gallery-item tiled-gallery-item-small\" itemprop=\"associatedMedia\" itemscope itemtype=\"http:\/\/schema.org\/ImageObject\"> <a href=\"https:\/\/www.fjardhundraland.se\/nl\/?attachment_id=2305\" border=\"0\" itemprop=\"url\"> <meta itemprop=\"width\" content=\"202\"> <meta itemprop=\"height\" content=\"134\"> <img decoding=\"async\" class=\"\" data-attachment-id=\"2305\" data-orig-file=\"https:\/\/www.fjardhundraland.se\/wp-content\/uploads\/2014\/05\/Gula-stallet-\u00e5sa-janne.jpg\" data-orig-size=\"760,506\" data-comments-opened=\"\" data-image-meta=\"{&quot;aperture&quot;:&quot;0&quot;,&quot;credit&quot;:&quot;&quot;,&quot;camera&quot;:&quot;&quot;,&quot;caption&quot;:&quot;&quot;,&quot;created_timestamp&quot;:&quot;0&quot;,&quot;copyright&quot;:&quot;&quot;,&quot;focal_length&quot;:&quot;0&quot;,&quot;iso&quot;:&quot;0&quot;,&quot;shutter_speed&quot;:&quot;0&quot;,&quot;title&quot;:&quot;&quot;,&quot;orientation&quot;:&quot;0&quot;}\" data-image-title=\"Gula stallet \u00e5sa janne\" data-image-description=\"\" data-medium-file=\"https:\/\/www.fjardhundraland.se\/wp-content\/uploads\/2014\/05\/Gula-stallet-\u00e5sa-janne.jpg\" data-large-file=\"https:\/\/www.fjardhundraland.se\/wp-content\/uploads\/2014\/05\/Gula-stallet-\u00e5sa-janne.jpg\" src=\"https:\/\/i0.wp.com\/www.fjardhundraland.se\/wp-content\/uploads\/2014\/05\/Gula-stallet-%C3%A5sa-janne.jpg?w=202&#038;h=134&#038;ssl=1\" width=\"202\" height=\"134\" loading=\"lazy\" data-original-width=\"202\" data-original-height=\"134\" itemprop=\"http:\/\/schema.org\/image\" title=\"Gele stal \u00e5sa janne\" alt=\"Gele stal \u00e5sa janne\" style=\"width: 202px; height: 134px;\" \/> <\/a> <\/div> <\/div> <!-- close group --> <\/div> <!-- close row --> <div class=\"gallery-row\" style=\"width: 500px; height: 242px;\" data-original-width=\"500\" data-original-height=\"242\" > <div class=\"gallery-group images-2\" style=\"width: 138px; height: 242px;\" data-original-width=\"138\" data-original-height=\"242\" > <div class=\"tiled-gallery-item tiled-gallery-item-small\" itemprop=\"associatedMedia\" itemscope itemtype=\"http:\/\/schema.org\/ImageObject\"> <a href=\"https:\/\/www.fjardhundraland.se\/nl\/plats\/kromsta-lantbod\/attachment\/kormsta\/\" border=\"0\" itemprop=\"url\"> <meta itemprop=\"width\" content=\"134\"> <meta itemprop=\"height\" content=\"100\"> <img decoding=\"async\" class=\"\" data-attachment-id=\"2263\" data-orig-file=\"https:\/\/www.fjardhundraland.se\/wp-content\/uploads\/2014\/02\/kormsta.jpg\" data-orig-size=\"2048,1536\" data-comments-opened=\"\" data-image-meta=\"{&quot;aperture&quot;:&quot;0&quot;,&quot;credit&quot;:&quot;&quot;,&quot;camera&quot;:&quot;&quot;,&quot;caption&quot;:&quot;&quot;,&quot;created_timestamp&quot;:&quot;0&quot;,&quot;copyright&quot;:&quot;&quot;,&quot;focal_length&quot;:&quot;0&quot;,&quot;iso&quot;:&quot;0&quot;,&quot;shutter_speed&quot;:&quot;0&quot;,&quot;title&quot;:&quot;&quot;,&quot;orientation&quot;:&quot;0&quot;}\" data-image-title=\"Kromsta lantbod\" data-image-description=\"\" data-medium-file=\"https:\/\/www.fjardhundraland.se\/wp-content\/uploads\/2014\/02\/kormsta.jpg\" data-large-file=\"https:\/\/www.fjardhundraland.se\/wp-content\/uploads\/2014\/02\/kormsta.jpg\" src=\"https:\/\/i0.wp.com\/www.fjardhundraland.se\/wp-content\/uploads\/2014\/02\/kormsta.jpg?w=134&#038;h=100&#038;ssl=1\" width=\"134\" height=\"100\" loading=\"lazy\" data-original-width=\"134\" data-original-height=\"100\" itemprop=\"http:\/\/schema.org\/image\" title=\"Kromsta boerderij\" alt=\"Kromsta boerderij\" style=\"width: 134px; height: 100px;\" \/> <\/a> <\/div> <div class=\"tiled-gallery-item tiled-gallery-item-small\" itemprop=\"associatedMedia\" itemscope itemtype=\"http:\/\/schema.org\/ImageObject\"> <a href=\"https:\/\/www.fjardhundraland.se\/nl\/plats\/forsby-kvarn-kafe\/attachment\/forsby\/\" border=\"0\" itemprop=\"url\"> <meta itemprop=\"width\" content=\"134\"> <meta itemprop=\"height\" content=\"134\"> <img decoding=\"async\" class=\"\" data-attachment-id=\"2037\" data-orig-file=\"https:\/\/www.fjardhundraland.se\/wp-content\/uploads\/2013\/12\/Forsby.jpg\" data-orig-size=\"2000,2000\" data-comments-opened=\"\" data-image-meta=\"{&quot;aperture&quot;:&quot;4&quot;,&quot;credit&quot;:&quot;&quot;,&quot;camera&quot;:&quot;Canon EOS 50D&quot;,&quot;caption&quot;:&quot;&quot;,&quot;created_timestamp&quot;:&quot;1371221420&quot;,&quot;copyright&quot;:&quot;&quot;,&quot;focal_length&quot;:&quot;24&quot;,&quot;iso&quot;:&quot;800&quot;,&quot;shutter_speed&quot;:&quot;0.033333333333333&quot;,&quot;title&quot;:&quot;&quot;,&quot;orientation&quot;:&quot;1&quot;}\" data-image-title=\"Forsby\" data-image-description=\"\" data-medium-file=\"https:\/\/www.fjardhundraland.se\/wp-content\/uploads\/2013\/12\/Forsby.jpg\" data-large-file=\"https:\/\/www.fjardhundraland.se\/wp-content\/uploads\/2013\/12\/Forsby.jpg\" src=\"https:\/\/i0.wp.com\/www.fjardhundraland.se\/wp-content\/uploads\/2013\/12\/Forsby.jpg?w=134&#038;h=134&#038;crop=1&#038;ssl=1\" srcset=\"https:\/\/www.fjardhundraland.se\/wp-content\/uploads\/2013\/12\/Forsby.jpg 2000w, https:\/\/www.fjardhundraland.se\/wp-content\/uploads\/2013\/12\/Forsby-800x800.jpg 800w\" width=\"134\" height=\"134\" loading=\"lazy\" data-original-width=\"134\" data-original-height=\"134\" itemprop=\"http:\/\/schema.org\/image\" title=\"Forsby\" alt=\"Forsby\" style=\"width: 134px; height: 134px;\" \/> <\/a> <\/div> <\/div> <!-- close group --> <div class=\"gallery-group images-1\" style=\"width: 362px; height: 242px;\" data-original-width=\"362\" data-original-height=\"242\" > <div class=\"tiled-gallery-item tiled-gallery-item-large\" itemprop=\"associatedMedia\" itemscope itemtype=\"http:\/\/schema.org\/ImageObject\"> <a href=\"https:\/\/www.fjardhundraland.se\/nl\/?attachment_id=1823\" border=\"0\" itemprop=\"url\"> <meta itemprop=\"width\" content=\"358\"> <meta itemprop=\"height\" content=\"238\"> <img decoding=\"async\" class=\"\" data-attachment-id=\"1823\" data-orig-file=\"https:\/\/www.fjardhundraland.se\/wp-content\/uploads\/2014\/02\/cafe_samt.jpg\" data-orig-size=\"2048,1360\" data-comments-opened=\"\" data-image-meta=\"{&quot;aperture&quot;:&quot;0&quot;,&quot;credit&quot;:&quot;&quot;,&quot;camera&quot;:&quot;&quot;,&quot;caption&quot;:&quot;&quot;,&quot;created_timestamp&quot;:&quot;0&quot;,&quot;copyright&quot;:&quot;&quot;,&quot;focal_length&quot;:&quot;0&quot;,&quot;iso&quot;:&quot;0&quot;,&quot;shutter_speed&quot;:&quot;0&quot;,&quot;title&quot;:&quot;&quot;,&quot;orientation&quot;:&quot;0&quot;}\" data-image-title=\"Cafe Samt\" data-image-description=\"&lt;p&gt;Cafe Samt&lt;\/p&gt; \" data-medium-file=\"https:\/\/www.fjardhundraland.se\/wp-content\/uploads\/2014\/02\/cafe_samt.jpg\" data-large-file=\"https:\/\/www.fjardhundraland.se\/wp-content\/uploads\/2014\/02\/cafe_samt.jpg\" src=\"https:\/\/i0.wp.com\/www.fjardhundraland.se\/wp-content\/uploads\/2014\/02\/cafe_samt.jpg?w=358&#038;h=238&#038;ssl=1\" width=\"358\" height=\"238\" loading=\"lazy\" data-original-width=\"358\" data-original-height=\"238\" itemprop=\"http:\/\/schema.org\/image\" title=\"Caf\u00e9 Fluweel\" alt=\"Caf\u00e9 Fluweel\" style=\"width: 358px; height: 238px;\" \/> <\/a> <\/div> <\/div> <!-- close group --> <\/div> <!-- close row --> <div class=\"gallery-row\" style=\"width: 500px; height: 171px;\" data-original-width=\"500\" data-original-height=\"171\" > <div class=\"gallery-group images-1\" style=\"width: 273px; height: 171px;\" data-original-width=\"273\" data-original-height=\"171\" > <div class=\"tiled-gallery-item tiled-gallery-item-large\" itemprop=\"associatedMedia\" itemscope itemtype=\"http:\/\/schema.org\/ImageObject\"> <a href=\"https:\/\/www.fjardhundraland.se\/nl\/plats\/resta-gard\/attachment\/resta\/\" border=\"0\" itemprop=\"url\"> <meta itemprop=\"width\" content=\"269\"> <meta itemprop=\"height\" content=\"167\"> <img decoding=\"async\" class=\"\" data-attachment-id=\"1829\" data-orig-file=\"https:\/\/www.fjardhundraland.se\/wp-content\/uploads\/2014\/02\/resta.jpg\" data-orig-size=\"960,598\" data-comments-opened=\"\" data-image-meta=\"{&quot;aperture&quot;:&quot;0&quot;,&quot;credit&quot;:&quot;&quot;,&quot;camera&quot;:&quot;&quot;,&quot;caption&quot;:&quot;&quot;,&quot;created_timestamp&quot;:&quot;0&quot;,&quot;copyright&quot;:&quot;&quot;,&quot;focal_length&quot;:&quot;0&quot;,&quot;iso&quot;:&quot;0&quot;,&quot;shutter_speed&quot;:&quot;0&quot;,&quot;title&quot;:&quot;&quot;,&quot;orientation&quot;:&quot;1&quot;}\" data-image-title=\"Resta g\u00e5rd\" data-image-description=\"\" data-medium-file=\"https:\/\/www.fjardhundraland.se\/wp-content\/uploads\/2014\/02\/resta.jpg\" data-large-file=\"https:\/\/www.fjardhundraland.se\/wp-content\/uploads\/2014\/02\/resta.jpg\" src=\"https:\/\/i0.wp.com\/www.fjardhundraland.se\/wp-content\/uploads\/2014\/02\/resta.jpg?w=269&#038;h=167&#038;ssl=1\" width=\"269\" height=\"167\" loading=\"lazy\" data-original-width=\"269\" data-original-height=\"167\" itemprop=\"http:\/\/schema.org\/image\" title=\"Resta boerderij\" alt=\"Resta boerderij\" style=\"width: 269px; height: 167px;\" \/> <\/a> <\/div> <\/div> <!-- close group --> <div class=\"gallery-group images-1\" style=\"width: 227px; height: 171px;\" data-original-width=\"227\" data-original-height=\"171\" > <div class=\"tiled-gallery-item tiled-gallery-item-small\" itemprop=\"associatedMedia\" itemscope itemtype=\"http:\/\/schema.org\/ImageObject\"> <a href=\"https:\/\/www.fjardhundraland.se\/nl\/?attachment_id=1720\" border=\"0\" itemprop=\"url\"> <meta itemprop=\"width\" content=\"223\"> <meta itemprop=\"height\" content=\"167\"> <img decoding=\"async\" class=\"\" data-attachment-id=\"1720\" data-orig-file=\"https:\/\/www.fjardhundraland.se\/wp-content\/uploads\/2014\/02\/Matlust_orsundsbro1.jpg\" data-orig-size=\"1824,1368\" data-comments-opened=\"\" data-image-meta=\"{&quot;aperture&quot;:&quot;0&quot;,&quot;credit&quot;:&quot;&quot;,&quot;camera&quot;:&quot;&quot;,&quot;caption&quot;:&quot;&quot;,&quot;created_timestamp&quot;:&quot;0&quot;,&quot;copyright&quot;:&quot;&quot;,&quot;focal_length&quot;:&quot;0&quot;,&quot;iso&quot;:&quot;0&quot;,&quot;shutter_speed&quot;:&quot;0&quot;,&quot;title&quot;:&quot;&quot;,&quot;orientation&quot;:&quot;0&quot;}\" data-image-title=\"Matlust_orsundsbro\" data-image-description=\"\" data-medium-file=\"https:\/\/www.fjardhundraland.se\/wp-content\/uploads\/2014\/02\/Matlust_orsundsbro1.jpg\" data-large-file=\"https:\/\/www.fjardhundraland.se\/wp-content\/uploads\/2014\/02\/Matlust_orsundsbro1.jpg\" src=\"https:\/\/i0.wp.com\/www.fjardhundraland.se\/wp-content\/uploads\/2014\/02\/Matlust_orsundsbro1.jpg?w=223&#038;h=167&#038;ssl=1\" width=\"223\" height=\"167\" loading=\"lazy\" data-original-width=\"223\" data-original-height=\"167\" itemprop=\"http:\/\/schema.org\/image\" title=\"Matlust_orsundsbro\" alt=\"Matlust_orsundsbro\" style=\"width: 223px; height: 167px;\" \/> <\/a> <\/div> <\/div> <!-- close group --> <\/div> <!-- close row --> <div class=\"gallery-row\" style=\"width: 500px; height: 376px;\" data-original-width=\"500\" data-original-height=\"376\" > <div class=\"gallery-group images-1\" style=\"width: 500px; height: 376px;\" data-original-width=\"500\" data-original-height=\"376\" > <div class=\"tiled-gallery-item tiled-gallery-item-large\" itemprop=\"associatedMedia\" itemscope itemtype=\"http:\/\/schema.org\/ImageObject\"> <a href=\"https:\/\/www.fjardhundraland.se\/nl\/plats\/skogsbackens-ost\/attachment\/skogsbacken-1-1\/\" border=\"0\" itemprop=\"url\"> <meta itemprop=\"width\" content=\"496\"> <meta itemprop=\"height\" content=\"372\"> <img decoding=\"async\" class=\"\" data-attachment-id=\"1860\" data-orig-file=\"https:\/\/www.fjardhundraland.se\/wp-content\/uploads\/2014\/03\/Skogsbacken-1-1.jpg\" data-orig-size=\"2000,1500\" data-comments-opened=\"\" data-image-meta=\"{&quot;aperture&quot;:&quot;2.4&quot;,&quot;credit&quot;:&quot;&quot;,&quot;camera&quot;:&quot;iPhone 4S&quot;,&quot;caption&quot;:&quot;&quot;,&quot;created_timestamp&quot;:&quot;1368891095&quot;,&quot;copyright&quot;:&quot;&quot;,&quot;focal_length&quot;:&quot;4.28&quot;,&quot;iso&quot;:&quot;80&quot;,&quot;shutter_speed&quot;:&quot;0.05&quot;,&quot;title&quot;:&quot;&quot;,&quot;orientation&quot;:&quot;1&quot;}\" data-image-title=\"Skogsbacken 1 (1)\" data-image-description=\"\" data-medium-file=\"https:\/\/www.fjardhundraland.se\/wp-content\/uploads\/2014\/03\/Skogsbacken-1-1.jpg\" data-large-file=\"https:\/\/www.fjardhundraland.se\/wp-content\/uploads\/2014\/03\/Skogsbacken-1-1.jpg\" src=\"https:\/\/i0.wp.com\/www.fjardhundraland.se\/wp-content\/uploads\/2014\/03\/Skogsbacken-1-1.jpg?w=496&#038;h=372&#038;ssl=1\" width=\"496\" height=\"372\" loading=\"lazy\" data-original-width=\"496\" data-original-height=\"372\" itemprop=\"http:\/\/schema.org\/image\" title=\"Skogsbacken 1 (1)\" alt=\"Skogsbacken 1 (1)\" style=\"width: 496px; height: 372px;\" \/> <\/a> <\/div> <\/div> <!-- close group --> <\/div> <!-- close row --> <\/div>","protected":false},"excerpt":{"rendered":"<p>Visst vore det fint om det fanns ett samlat omr\u00e5de p\u00e5 rimligt avst\u00e5nd fr\u00e5n V\u00e4ster\u00e5s\u00a0d\u00e4r vi kan bes\u00f6ka b\u00f6nderna p\u00e5 g\u00e5rdarna, mejeristen p\u00e5 mejeriet och tr\u00e4ffa b\u00e5de charkuteristen och grisen? Det finns. V\u00e4lkommen p\u00e5 Mat &amp; m\u00e4nniskor, en matrunda i Fj\u00e4rdhundraland s\u00f6ndag 27 september! Du erbjuds en meny med lokalproducerad mat, \u00e5ker sm\u00e5v\u00e4gar och \u00e4ter [&hellip;]<\/p>\n","protected":false},"author":1,"featured_media":2900,"comment_status":"open","ping_status":"open","sticky":false,"template":"","format":"standard","meta":{"_acf_changed":false,"_relevanssi_hide_post":"","_relevanssi_hide_content":"","_relevanssi_pin_for_all":"","_relevanssi_pin_keywords":"","_relevanssi_unpin_keywords":"","_relevanssi_related_keywords":"","_relevanssi_related_include_ids":"","_relevanssi_related_exclude_ids":"","_relevanssi_related_no_append":"","_relevanssi_related_not_related":"","_relevanssi_related_posts":"","_relevanssi_noindex_reason":"Rank Math Uteslut fr\u00e5n Relevanssi index","_genesis_hide_title":false,"_genesis_hide_breadcrumbs":false,"_genesis_hide_singular_image":false,"_genesis_hide_footer_widgets":false,"_genesis_custom_body_class":"","_genesis_custom_post_class":"","_genesis_layout":"","_jetpack_memberships_contains_paid_content":false,"footnotes":""},"categories":[353,22],"tags":[352,197,189,185],"class_list":{"0":"post-2922","1":"post","2":"type-post","3":"status-publish","4":"format-standard","5":"has-post-thumbnail","7":"category-aldre-inlagg","8":"category-mat","9":"tag-aldre-inlagg","10":"tag-mat","11":"tag-matmanniskor","12":"tag-vasteras","13":"entry"},"acf":[],"visa":null,"geo_latitude":null,"geo_longitude":null,"jetpack_featured_media_url":"https:\/\/www.fjardhundraland.se\/wp-content\/uploads\/2015\/09\/cropped-MoM-header-webb2.jpg","featured_image_src":"https:\/\/www.fjardhundraland.se\/wp-content\/uploads\/2015\/09\/cropped-MoM-header-webb2.jpg","featured_image_src_square":"https:\/\/www.fjardhundraland.se\/wp-content\/uploads\/2015\/09\/cropped-MoM-header-webb2.jpg","author_info":{"display_name":"Mats Thorburn","author_link":"https:\/\/www.fjardhundraland.se\/nl\/author\/matst\/"},"jetpack-related-posts":[{"id":2761,"url":"https:\/\/www.fjardhundraland.se\/nl\/utflykt\/2015\/rebusrundan-vasteras\/","url_meta":{"origin":2922,"position":0},"title":"Rebus rond V\u00e4ster\u00e5s","author":"Mats Thorburn","date":"27 juli 2015","format":false,"excerpt":"Rebusrundan is een perfect uitstapje op het platteland, een korte reis ten oosten van V\u00e4ster\u00e5s. Meer dan dertig plaatsen zijn tegelijkertijd geopend en je krijgt een unieke kans om de mensen achter het lokaal geproduceerde voedsel, de ambachten, de dieren, de natuur en de geschiedenis van dichtbij te leren kennen. Op elke locatie is er een rebus - als je er minstens vijf hebt opgelost, ben je binnen...","rel":"","context":"In &quot;\u00c4ldre inl\u00e4gg&quot;","block_context":{"text":"\u00c4ldre inl\u00e4gg","link":"https:\/\/www.fjardhundraland.se\/nl\/aldre-inlagg\/"},"img":{"alt_text":"Gula stallet","src":"https:\/\/i0.wp.com\/www.fjardhundraland.se\/wp-content\/uploads\/2015\/07\/11731564_992957154068962_9127725682383355593_o.jpg?resize=350%2C200&ssl=1","width":350,"height":200,"srcset":"https:\/\/i0.wp.com\/www.fjardhundraland.se\/wp-content\/uploads\/2015\/07\/11731564_992957154068962_9127725682383355593_o.jpg?resize=350%2C200&ssl=1 1x, https:\/\/i0.wp.com\/www.fjardhundraland.se\/wp-content\/uploads\/2015\/07\/11731564_992957154068962_9127725682383355593_o.jpg?resize=525%2C300&ssl=1 1.5x, https:\/\/i0.wp.com\/www.fjardhundraland.se\/wp-content\/uploads\/2015\/07\/11731564_992957154068962_9127725682383355593_o.jpg?resize=700%2C400&ssl=1 2x, https:\/\/i0.wp.com\/www.fjardhundraland.se\/wp-content\/uploads\/2015\/07\/11731564_992957154068962_9127725682383355593_o.jpg?resize=1050%2C600&ssl=1 3x, https:\/\/i0.wp.com\/www.fjardhundraland.se\/wp-content\/uploads\/2015\/07\/11731564_992957154068962_9127725682383355593_o.jpg?resize=1400%2C800&ssl=1 4x"},"classes":[]},{"id":3443,"url":"https:\/\/www.fjardhundraland.se\/nl\/rebusrunda\/2016\/rebusrundan-vasteras-2016\/","url_meta":{"origin":2922,"position":1},"title":"Rebus rond V\u00e4ster\u00e5s","author":"Mats Thorburn","date":"1 augustus 2016","format":false,"excerpt":"\u00a0 H\u00e4r \u00e4r v\u00e5rt\u00a0f\u00f6rslag p\u00e5 en runda fr\u00e5n V\u00e4ster\u00e5s, d\u00e4r du bes\u00f6ker sexton av de 40 platser som \u00e4r med p\u00e5 Rebusrundan i Fj\u00e4rdhundraland. Ladda ner kartan h\u00e4r [pdf]. Rundan str\u00e4cker sig genom Fj\u00e4rdhundralands sl\u00e4ttlandskap blandat med skog samt vackra dalg\u00e5ngar. Detta ger dig m\u00e5nga fina naturupplevelser. F\u00f6retagen vid stoppen\u2026","rel":"","context":"In &quot;Rebusrunda&quot;","block_context":{"text":"Rebusrunda","link":"https:\/\/www.fjardhundraland.se\/nl\/rebusrunda\/"},"img":{"alt_text":"Karta Rebusrundan V\u00e4ster\u00e5s","src":"https:\/\/i0.wp.com\/www.fjardhundraland.se\/wp-content\/uploads\/2016\/08\/rebusrundan_vasteras_webb-1024x724.jpg?resize=350%2C200&ssl=1","width":350,"height":200,"srcset":"https:\/\/i0.wp.com\/www.fjardhundraland.se\/wp-content\/uploads\/2016\/08\/rebusrundan_vasteras_webb-1024x724.jpg?resize=350%2C200&ssl=1 1x, https:\/\/i0.wp.com\/www.fjardhundraland.se\/wp-content\/uploads\/2016\/08\/rebusrundan_vasteras_webb-1024x724.jpg?resize=525%2C300&ssl=1 1.5x, https:\/\/i0.wp.com\/www.fjardhundraland.se\/wp-content\/uploads\/2016\/08\/rebusrundan_vasteras_webb-1024x724.jpg?resize=700%2C400&ssl=1 2x"},"classes":[]},{"id":4786,"url":"https:\/\/www.fjardhundraland.se\/nl\/press\/2020\/fjardhundraland-drivkrafter-samarbete\/","url_meta":{"origin":2922,"position":2},"title":"Fj\u00e4rdhundraland - bestuurders en samenwerking","author":"Mats Thorburn","date":"31 oktober 2020","format":false,"excerpt":"Wat is Fj\u00e4rdhundraland? Fj\u00e4rdhundraland is een landelijke bestemming in het gebied H\u00e5bo-Enk\u00f6ping-V\u00e4ster\u00e5s-Sala-Uppsala gerund door Fj\u00e4rdhundraland ekonomisk f\u00f6rening. Fj\u00e4rdhundraland vindt zijn oorsprong in een Leader-project 2009-2011 in Fj\u00e4rdhundrabygden. Toen het begon, was het vanuit het niets - zeer weinig bedrijven werkten met bezoekers. Maar het werd al snel duidelijk dat er een...","rel":"","context":"In &quot;Press&quot;","block_context":{"text":"Press","link":"https:\/\/www.fjardhundraland.se\/nl\/press\/"},"img":{"alt_text":"Fj\u00e4rdhundraland solnedg\u00e5ng","src":"https:\/\/i0.wp.com\/www.fjardhundraland.se\/wp-content\/uploads\/2017\/10\/fjardhundraland-solnedgang.jpg?resize=350%2C200&ssl=1","width":350,"height":200,"srcset":"https:\/\/i0.wp.com\/www.fjardhundraland.se\/wp-content\/uploads\/2017\/10\/fjardhundraland-solnedgang.jpg?resize=350%2C200&ssl=1 1x, https:\/\/i0.wp.com\/www.fjardhundraland.se\/wp-content\/uploads\/2017\/10\/fjardhundraland-solnedgang.jpg?resize=525%2C300&ssl=1 1.5x, https:\/\/i0.wp.com\/www.fjardhundraland.se\/wp-content\/uploads\/2017\/10\/fjardhundraland-solnedgang.jpg?resize=700%2C400&ssl=1 2x, https:\/\/i0.wp.com\/www.fjardhundraland.se\/wp-content\/uploads\/2017\/10\/fjardhundraland-solnedgang.jpg?resize=1050%2C600&ssl=1 3x, https:\/\/i0.wp.com\/www.fjardhundraland.se\/wp-content\/uploads\/2017\/10\/fjardhundraland-solnedgang.jpg?resize=1400%2C800&ssl=1 4x"},"classes":[]},{"id":2802,"url":"https:\/\/www.fjardhundraland.se\/nl\/rebusrunda\/2015\/startkort-och-karta-rebusrundan-2015\/","url_meta":{"origin":2922,"position":3},"title":"Startkaart en plattegrond Rebusrundan 2015","author":"Mats Thorburn","date":"1 augustus 2015","format":false,"excerpt":"Tijd om op pad te gaan? Print de startkaart en kaart uit en neem ze mee. Startkaart &amp; kaart voor de rebusronde 2015 Kom je uit V\u00e4ster\u00e5s? Hier is een ronde voor jou. Kom je van Sala-Heby? Hier is een ronde voor jou. Kom je uit Uppsala? Hier is een ronde voor jou. De antwoorden op de rebussen...","rel":"","context":"In &quot;\u00c4ldre inl\u00e4gg&quot;","block_context":{"text":"\u00c4ldre inl\u00e4gg","link":"https:\/\/www.fjardhundraland.se\/nl\/aldre-inlagg\/"},"img":{"alt_text":"","src":"https:\/\/i0.wp.com\/www.fjardhundraland.se\/wp-content\/uploads\/2015\/08\/Startkort-rebusrundan_karta.jpg?resize=350%2C200&ssl=1","width":350,"height":200,"srcset":"https:\/\/i0.wp.com\/www.fjardhundraland.se\/wp-content\/uploads\/2015\/08\/Startkort-rebusrundan_karta.jpg?resize=350%2C200&ssl=1 1x, https:\/\/i0.wp.com\/www.fjardhundraland.se\/wp-content\/uploads\/2015\/08\/Startkort-rebusrundan_karta.jpg?resize=525%2C300&ssl=1 1.5x, https:\/\/i0.wp.com\/www.fjardhundraland.se\/wp-content\/uploads\/2015\/08\/Startkort-rebusrundan_karta.jpg?resize=700%2C400&ssl=1 2x, https:\/\/i0.wp.com\/www.fjardhundraland.se\/wp-content\/uploads\/2015\/08\/Startkort-rebusrundan_karta.jpg?resize=1050%2C600&ssl=1 3x, https:\/\/i0.wp.com\/www.fjardhundraland.se\/wp-content\/uploads\/2015\/08\/Startkort-rebusrundan_karta.jpg?resize=1400%2C800&ssl=1 4x"},"classes":[]},{"id":6999,"url":"https:\/\/www.fjardhundraland.se\/nl\/inlagg\/2020\/midsommar-i-fjardhundraland-2020\/","url_meta":{"origin":2922,"position":4},"title":"Midzomer in Fj\u00e4rdhundraland 2020","author":"Mats Thorburn","date":"17 juni 2020","format":false,"excerpt":"Wil je Midzomer vieren op het platteland, in de buurt van Stockholm, Uppsala, V\u00e4ster\u00e5s en Enk\u00f6ping? Dit jaar zal het anders zijn. De grote Midzomerfeesten gaan niet door, maar de kleine feesten regel je zelf. Boek een van onze leuke accommodaties en vier midzomer dicht bij de natuur! Hier vind je tips voor accommodatie. En hier...","rel":"","context":"In &quot;\u00c4ldre inl\u00e4gg&quot;","block_context":{"text":"\u00c4ldre inl\u00e4gg","link":"https:\/\/www.fjardhundraland.se\/nl\/aldre-inlagg\/"},"img":{"alt_text":"A\u0308ng med pra\u0308stkragar midsommar","src":"https:\/\/i0.wp.com\/www.fjardhundraland.se\/wp-content\/uploads\/2020\/06\/acc88ng-pracc88stkragar-midsommar-fjacc88rdhundraland.jpg?resize=350%2C200&ssl=1","width":350,"height":200,"srcset":"https:\/\/i0.wp.com\/www.fjardhundraland.se\/wp-content\/uploads\/2020\/06\/acc88ng-pracc88stkragar-midsommar-fjacc88rdhundraland.jpg?resize=350%2C200&ssl=1 1x, https:\/\/i0.wp.com\/www.fjardhundraland.se\/wp-content\/uploads\/2020\/06\/acc88ng-pracc88stkragar-midsommar-fjacc88rdhundraland.jpg?resize=525%2C300&ssl=1 1.5x, https:\/\/i0.wp.com\/www.fjardhundraland.se\/wp-content\/uploads\/2020\/06\/acc88ng-pracc88stkragar-midsommar-fjacc88rdhundraland.jpg?resize=700%2C400&ssl=1 2x, https:\/\/i0.wp.com\/www.fjardhundraland.se\/wp-content\/uploads\/2020\/06\/acc88ng-pracc88stkragar-midsommar-fjacc88rdhundraland.jpg?resize=1050%2C600&ssl=1 3x, https:\/\/i0.wp.com\/www.fjardhundraland.se\/wp-content\/uploads\/2020\/06\/acc88ng-pracc88stkragar-midsommar-fjacc88rdhundraland.jpg?resize=1400%2C800&ssl=1 4x"},"classes":[]},{"id":5439,"url":"https:\/\/www.fjardhundraland.se\/nl\/marknad-2\/2018\/julmarknad-salnecke-slott-2018\/","url_meta":{"origin":2922,"position":5},"title":"Kerstmarkt op kasteel Salnecke","author":"Mats Thorburn","date":"7 november 2018","format":false,"excerpt":"Op 16 december om 11-16 uur is de premi\u00e8re van de nieuwe kerstmarkt op kasteel Salnecke, \u00d6rsundsbro! In de grote serre onder het kasteel worden historische en moderne gerechten geserveerd voor de kersttafel - kaas, worst, brood, Upplandskubb. Daarnaast vullen we aan met hoogwaardige, lokale ambachten en activiteiten rond het kasteel. Een 17e eeuws kasteel in een...","rel":"","context":"In &quot;Marknad&quot;","block_context":{"text":"Marknad","link":"https:\/\/www.fjardhundraland.se\/nl\/marknad-2\/"},"img":{"alt_text":"Salnecke julmarknad","src":"https:\/\/i0.wp.com\/www.fjardhundraland.se\/wp-content\/uploads\/2018\/11\/salnecke-julmarknad.jpg?resize=350%2C200&ssl=1","width":350,"height":200,"srcset":"https:\/\/i0.wp.com\/www.fjardhundraland.se\/wp-content\/uploads\/2018\/11\/salnecke-julmarknad.jpg?resize=350%2C200&ssl=1 1x, https:\/\/i0.wp.com\/www.fjardhundraland.se\/wp-content\/uploads\/2018\/11\/salnecke-julmarknad.jpg?resize=525%2C300&ssl=1 1.5x, https:\/\/i0.wp.com\/www.fjardhundraland.se\/wp-content\/uploads\/2018\/11\/salnecke-julmarknad.jpg?resize=700%2C400&ssl=1 2x, https:\/\/i0.wp.com\/www.fjardhundraland.se\/wp-content\/uploads\/2018\/11\/salnecke-julmarknad.jpg?resize=1050%2C600&ssl=1 3x, https:\/\/i0.wp.com\/www.fjardhundraland.se\/wp-content\/uploads\/2018\/11\/salnecke-julmarknad.jpg?resize=1400%2C800&ssl=1 4x"},"classes":[]}],"jetpack_sharing_enabled":true,"_links":{"self":[{"href":"https:\/\/www.fjardhundraland.se\/nl\/wp-json\/wp\/v2\/posts\/2922","targetHints":{"allow":["GET"]}}],"collection":[{"href":"https:\/\/www.fjardhundraland.se\/nl\/wp-json\/wp\/v2\/posts"}],"about":[{"href":"https:\/\/www.fjardhundraland.se\/nl\/wp-json\/wp\/v2\/types\/post"}],"author":[{"embeddable":true,"href":"https:\/\/www.fjardhundraland.se\/nl\/wp-json\/wp\/v2\/users\/1"}],"replies":[{"embeddable":true,"href":"https:\/\/www.fjardhundraland.se\/nl\/wp-json\/wp\/v2\/comments?post=2922"}],"version-history":[{"count":1,"href":"https:\/\/www.fjardhundraland.se\/nl\/wp-json\/wp\/v2\/posts\/2922\/revisions"}],"predecessor-version":[{"id":19652,"href":"https:\/\/www.fjardhundraland.se\/nl\/wp-json\/wp\/v2\/posts\/2922\/revisions\/19652"}],"wp:featuredmedia":[{"embeddable":true,"href":"https:\/\/www.fjardhundraland.se\/nl\/wp-json\/wp\/v2\/media\/2900"}],"wp:attachment":[{"href":"https:\/\/www.fjardhundraland.se\/nl\/wp-json\/wp\/v2\/media?parent=2922"}],"wp:term":[{"taxonomy":"category","embeddable":true,"href":"https:\/\/www.fjardhundraland.se\/nl\/wp-json\/wp\/v2\/categories?post=2922"},{"taxonomy":"post_tag","embeddable":true,"href":"https:\/\/www.fjardhundraland.se\/nl\/wp-json\/wp\/v2\/tags?post=2922"}],"curies":[{"name":"wp","href":"https:\/\/api.w.org\/{rel}","templated":true}]}}