
{"id":2858,"date":"2015-08-21T19:15:57","date_gmt":"2015-08-21T17:15:57","guid":{"rendered":"http:\/\/www.fjardhundraland.se\/?p=2858"},"modified":"2026-02-05T13:41:07","modified_gmt":"2026-02-05T12:41:07","slug":"welke-jaren-van-voedselmanie","status":"publish","type":"post","link":"https:\/\/www.fjardhundraland.se\/nl\/inlagg\/2015\/vilka-ar-med-matmanniskor\/","title":{"rendered":"Wie is er betrokken bij Food &amp; People?"},"content":{"rendered":"<p><iframe loading=\"lazy\" src=\"https:\/\/www.google.com\/maps\/d\/u\/0\/embed?mid=z5Di0JekFpwk.kpruJQQzmC8A\" width=\"100%\" height=\"520\"><\/iframe><\/p>\n<p>Het is nu duidelijk wie er op 27 september 2015 bij Mat&amp;M\u00e4nniskor zullen zijn - grote diversiteit in een kleine ruimte! Hier is de lijst.<\/p>\n<p><a href=\"https:\/\/www.fjardhundraland.se\/nl\/gerechten\/cafe-samt\/\">Caf\u00e9 Fluweel<\/a><br \/>\n<a href=\"https:\/\/www.fjardhundraland.se\/nl\/gerechten\/het-varken-dommer-maken\/\">Het Domta-varken<\/a><br \/>\n<a href=\"https:\/\/www.fjardhundraland.se\/nl\/gerechten\/forsby-molen-cafe\/\">Forsby molen caf\u00e9<\/a><br \/>\n<a href=\"https:\/\/www.fjardhundraland.se\/nl\/gerechten\/franzens-vleeswaren\/\">Franz\u00e9n's vleeswaren<\/a><br \/>\n<a href=\"https:\/\/www.fjardhundraland.se\/nl\/gerechten\/froslunda-ecogard\/\">Biologisch vlees van Fr\u00f6slunda<\/a><br \/>\n<a href=\"https:\/\/www.fjardhundraland.se\/nl\/gerechten\/gula-stallet-butik-kafe\/\">Gula Stallet caf\u00e9 en winkel<\/a><br \/>\n<a href=\"https:\/\/www.fjardhundraland.se\/nl\/gerechten\/kromsta-boerderij\/\">Kromsta boerderij<\/a><br \/>\n<a href=\"https:\/\/www.fjardhundraland.se\/nl\/gerechten\/krakvilan-bageri\/\">Wil van de kraai<\/a><br \/>\n<a href=\"https:\/\/www.fjardhundraland.se\/nl\/gerechten\/malby-tradgard\/\">Tuin M\u00e4lby<\/a><br \/>\n<a href=\"https:\/\/www.fjardhundraland.se\/nl\/gerechten\/biologische-pekoe-thee\/\">Pekoe biologische thee<\/a><br \/>\n<a href=\"https:\/\/www.fjardhundraland.se\/nl\/gerechten\/refvelsta-fideikomiss\/\">Refvelsta vastgoedbeheer<\/a><br \/>\n<a href=\"https:\/\/www.fjardhundraland.se\/nl\/gerechten\/overblijvende-wacht\/\">Resta boerderij<\/a><br \/>\n<a href=\"https:\/\/www.fjardhundraland.se\/nl\/gerechten\/skogsbacken-kaas\/\">Skogsbacken kaas<\/a><br \/>\n<a href=\"https:\/\/www.fjardhundraland.se\/nl\/gerechten\/boerderij-sunnansjo\/\">Boerderij Sunnansj\u00f6<\/a><br \/>\n<a href=\"https:\/\/www.fjardhundraland.se\/nl\/gerechten\/sussis-gardsbageri\/\">Sussi's boerderij bakkerij<\/a><br \/>\n<a href=\"https:\/\/www.fjardhundraland.se\/nl\/gerechten\/rouwgors\/\">S\u00f6rg\u00e5rden groen<\/a><br \/>\n<a href=\"https:\/\/www.fjardhundraland.se\/nl\/gerechten\/aloppe-ekomat\/\">Open biologisch voedsel<\/a><\/p>","protected":false},"excerpt":{"rendered":"<p>Nu \u00e4r det klart vilka som \u00e4r med p\u00e5 Mat&amp;M\u00e4nniskor 27 september 2015\u00a0\u2013 stor\u00a0m\u00e5ngfald p\u00e5 liten yta! H\u00e4r \u00e4r listan. Caf\u00e9 Samt Domta-grisen Forsby kvarn kaf\u00e9 Franz\u00e9ns charkuterier Fr\u00f6slunda ekok\u00f6tt Gula Stallet kaf\u00e9 och butik Kromsta lantbod Kr\u00e5kvilan M\u00e4lby tr\u00e4dg\u00e5rd Pekoe ekologiskt te Refvelsta godsf\u00f6rvaltning Resta g\u00e5rd Skogsbackens ost Sunnansj\u00f6 g\u00e5rd Sussis g\u00e5rdsbageri S\u00f6rg\u00e5rden gr\u00f6nt [&hellip;]<\/p>\n","protected":false},"author":1,"featured_media":0,"comment_status":"open","ping_status":"open","sticky":false,"template":"","format":"standard","meta":{"_acf_changed":false,"_relevanssi_hide_post":"","_relevanssi_hide_content":"","_relevanssi_pin_for_all":"","_relevanssi_pin_keywords":"","_relevanssi_unpin_keywords":"","_relevanssi_related_keywords":"","_relevanssi_related_include_ids":"","_relevanssi_related_exclude_ids":"","_relevanssi_related_no_append":"","_relevanssi_related_not_related":"","_relevanssi_related_posts":"","_relevanssi_noindex_reason":"Rank Math Uteslut fr\u00e5n Relevanssi index","_genesis_hide_title":false,"_genesis_hide_breadcrumbs":false,"_genesis_hide_singular_image":false,"_genesis_hide_footer_widgets":false,"_genesis_custom_body_class":"","_genesis_custom_post_class":"","_genesis_layout":"","_jetpack_newsletter_access":"","_jetpack_dont_email_post_to_subs":false,"_jetpack_newsletter_tier_id":0,"_jetpack_memberships_contains_paywalled_content":false,"_jetpack_memberships_contains_paid_content":false,"footnotes":"","jetpack_post_was_ever_published":false},"categories":[353,1],"tags":[352,189],"class_list":["post-2858","post","type-post","status-publish","format-standard","category-aldre-inlagg","category-inlagg","tag-aldre-inlagg","tag-matmanniskor","entry"],"acf":[],"featured_image_src":null,"featured_image_src_square":null,"author_info":{"display_name":"Mats Thorburn","author_link":"https:\/\/www.fjardhundraland.se\/nl\/author\/matst\/"},"jetpack-related-posts":[{"id":31,"url":"https:\/\/www.fjardhundraland.se\/nl\/externt\/2010\/welcome-to-fjardhundraland\/","url_meta":{"origin":2858,"position":0},"title":"Welkom bij Fj\u00e4rdhundraland","author":"Mats Thorburn","date":"12 oktober 2010","format":false,"excerpt":"De middeleeuwse provincie Fj\u00e4drundaland maakt tegenwoordig deel uit van Uppland, Zweden. Vandaag werken we met een moderne aanpassing; Fj\u00e4rdhundraland. Het platteland rondom de gemeente Fj\u00e4rdhundra biedt je een bezoek aan een van de oudste en meest interessante historische regio's van Zweden - en een bloeiende ondernemersgemeenschap die op je wacht...","rel":"","context":"In &quot;\u00c4ldre inl\u00e4gg&quot;","block_context":{"text":"\u00c4ldre inl\u00e4gg","link":"https:\/\/www.fjardhundraland.se\/nl\/aldre-inlagg\/"},"img":{"alt_text":"","src":"","width":0,"height":0},"classes":[]}],"jetpack_sharing_enabled":true,"jetpack_featured_media_url":"","_links":{"self":[{"href":"https:\/\/www.fjardhundraland.se\/nl\/wp-json\/wp\/v2\/posts\/2858","targetHints":{"allow":["GET"]}}],"collection":[{"href":"https:\/\/www.fjardhundraland.se\/nl\/wp-json\/wp\/v2\/posts"}],"about":[{"href":"https:\/\/www.fjardhundraland.se\/nl\/wp-json\/wp\/v2\/types\/post"}],"author":[{"embeddable":true,"href":"https:\/\/www.fjardhundraland.se\/nl\/wp-json\/wp\/v2\/users\/1"}],"replies":[{"embeddable":true,"href":"https:\/\/www.fjardhundraland.se\/nl\/wp-json\/wp\/v2\/comments?post=2858"}],"version-history":[{"count":1,"href":"https:\/\/www.fjardhundraland.se\/nl\/wp-json\/wp\/v2\/posts\/2858\/revisions"}],"predecessor-version":[{"id":19655,"href":"https:\/\/www.fjardhundraland.se\/nl\/wp-json\/wp\/v2\/posts\/2858\/revisions\/19655"}],"wp:attachment":[{"href":"https:\/\/www.fjardhundraland.se\/nl\/wp-json\/wp\/v2\/media?parent=2858"}],"wp:term":[{"taxonomy":"category","embeddable":true,"href":"https:\/\/www.fjardhundraland.se\/nl\/wp-json\/wp\/v2\/categories?post=2858"},{"taxonomy":"post_tag","embeddable":true,"href":"https:\/\/www.fjardhundraland.se\/nl\/wp-json\/wp\/v2\/tags?post=2858"}],"curies":[{"name":"wp","href":"https:\/\/api.w.org\/{rel}","templated":true}]}}