
{"id":264,"date":"2011-05-19T14:23:15","date_gmt":"2011-05-19T12:23:15","guid":{"rendered":"http:\/\/www.fjardhundraland.se\/?p=264"},"modified":"2026-02-05T13:40:42","modified_gmt":"2026-02-05T12:40:42","slug":"premiere-in-fjardhundraland","status":"publish","type":"post","link":"https:\/\/www.fjardhundraland.se\/nl\/externt\/2011\/premiartur-i-fjardhundraland\/","title":{"rendered":"Premi\u00e8re in Fj\u00e4rdhundraland"},"content":{"rendered":"<p>Woensdag 18 mei was de premi\u00e8re van de pakketreizen in het dorp. De eerste groep beleefde een zonnige dag met lokaal geproduceerde lekkernijen, knuffelige babylammetjes en Fj\u00e4rdhundraland in lentekleuren. Nu hopen we op nieuwe tevreden bezoekers voor de resterende tochten. Meer info onder <a title=\"Pakketreizen in Fj\u00e4rdhundraland\" href=\"https:\/\/www.fjardhundraland.se\/nl\/paketresor-i-fjardhundraland\/\">Pakketreizen<\/a>.<\/p>","protected":false},"excerpt":{"rendered":"<p>Woensdag 18 mei was de premi\u00e8re van de pakketreizen in het dorp. De eerste groep beleefde een zonnige dag met lokaal geproduceerde lekkernijen, knuffelige babylammetjes en Fj\u00e4rdhundraland in lentekleuren. Nu hopen we op nieuwe tevreden bezoekers voor de resterende reizen. Meer info onder Pakketreizen.<\/p>","protected":false},"author":4,"featured_media":0,"comment_status":"open","ping_status":"open","sticky":false,"template":"","format":"standard","meta":{"_acf_changed":false,"_relevanssi_hide_post":"","_relevanssi_hide_content":"","_relevanssi_pin_for_all":"","_relevanssi_pin_keywords":"","_relevanssi_unpin_keywords":"","_relevanssi_related_keywords":"","_relevanssi_related_include_ids":"","_relevanssi_related_exclude_ids":"","_relevanssi_related_no_append":"","_relevanssi_related_not_related":"","_relevanssi_related_posts":"","_relevanssi_noindex_reason":"Rank Math Uteslut fr\u00e5n Relevanssi index","_genesis_hide_title":false,"_genesis_hide_breadcrumbs":false,"_genesis_hide_singular_image":false,"_genesis_hide_footer_widgets":false,"_genesis_custom_body_class":"","_genesis_custom_post_class":"","_genesis_layout":"","_jetpack_memberships_contains_paid_content":false,"footnotes":""},"categories":[353,18],"tags":[352],"class_list":{"0":"post-264","1":"post","2":"type-post","3":"status-publish","4":"format-standard","6":"category-aldre-inlagg","7":"category-externt","8":"tag-aldre-inlagg","9":"entry"},"acf":[],"visa":null,"geo_latitude":null,"geo_longitude":null,"jetpack_featured_media_url":"","featured_image_src":null,"featured_image_src_square":null,"author_info":{"display_name":"Ylva Fontell","author_link":"https:\/\/www.fjardhundraland.se\/nl\/author\/ylva\/"},"jetpack-related-posts":[{"id":329,"url":"https:\/\/www.fjardhundraland.se\/nl\/externt\/2011\/nationaldag-cykelturer-och-paketresor\/","url_meta":{"origin":264,"position":0},"title":"Nationale feestdag, fietstochten en pakketreizen","author":"Mats Thorburn","date":"7 juni 2011","format":false,"excerpt":"Bedankt aan iedereen die gisteren Fj\u00e4rdhundraland heeft gesproken in het Schoolpark, Enk\u00f6ping! Voor degenen die info wilden over fietstochten en pakketreizen, maar geen infobladen kregen omdat ze op waren: hier kun je lezen over de rondleidingen rond de thema's natuur, geschiedenis en eten &amp; ambacht. (Haast je en reserveer, het is beperkt...","rel":"","context":"In &quot;\u00c4ldre inl\u00e4gg&quot;","block_context":{"text":"\u00c4ldre inl\u00e4gg","link":"https:\/\/www.fjardhundraland.se\/nl\/aldre-inlagg\/"},"img":{"alt_text":"","src":"","width":0,"height":0},"classes":[]},{"id":343,"url":"https:\/\/www.fjardhundraland.se\/nl\/externt\/2011\/snart-fullbokat-lokala-delikatesser-genuint-hantverk\/","url_meta":{"origin":264,"position":1},"title":"Binnenkort volgeboekt: Lokale delicatessen &amp; echte ambachten","author":"Mats Thorburn","date":"9 juni 2011","format":false,"excerpt":"Grijp je kans - er zijn nog maar een paar plaatsen vrij! Een hele dag lekker eten en fijne ambachten. Zien, horen en proeven: over ambachtelijke tradities en kleinschalige voedselproductie. De reis begint op Enk\u00f6ping 6\/7 en 20\/7. Lees hier meer.","rel":"","context":"In &quot;\u00c4ldre inl\u00e4gg&quot;","block_context":{"text":"\u00c4ldre inl\u00e4gg","link":"https:\/\/www.fjardhundraland.se\/nl\/aldre-inlagg\/"},"img":{"alt_text":"","src":"","width":0,"height":0},"classes":[]},{"id":399,"url":"https:\/\/www.fjardhundraland.se\/nl\/hantverk\/2011\/delikatesser-och-hantverk-pa-onsdag\/","url_meta":{"origin":264,"position":2},"title":"Lekkernijen en ambachten op woensdag","author":"Mats Thorburn","date":"4 juli 2011","format":false,"excerpt":"Op woensdag staan lokaal geproduceerde lekkernijen en ambachtelijke producten op het programma. Er zijn nog een paar plaatsen vrij! Maar de laatste kans om te boeken is vandaag, maandag 4\/7. Bel Lena Carlsson, 070-695 92 05. De reis moet van tevoren worden geboekt.","rel":"","context":"In &quot;\u00c4ldre inl\u00e4gg&quot;","block_context":{"text":"\u00c4ldre inl\u00e4gg","link":"https:\/\/www.fjardhundraland.se\/nl\/aldre-inlagg\/"},"img":{"alt_text":"","src":"","width":0,"height":0},"classes":[]},{"id":7937,"url":"https:\/\/www.fjardhundraland.se\/nl\/upplevelser\/2021\/upplevelsepaket\/","url_meta":{"origin":264,"position":3},"title":"Ervaringspakketten","author":"Mats Thorburn","date":"31 maart 2021","format":false,"excerpt":"We investeren nu in meer kant-en-klare ervaringen in Fj\u00e4rdhundraland, waar je alles in \u00e9\u00e9n kunt boeken, inclusief accommodatie, eten en activiteiten. De geheime tuin - van idee tot werkelijkheid Bij Ramsj\u00f6 G\u00e5rd kun je twee dagen leren hoe je je terras, balkon of oranjerie kunt plannen, stylen en inrichten....","rel":"","context":"In &quot;Paketresor&quot;","block_context":{"text":"Paketresor","link":"https:\/\/www.fjardhundraland.se\/nl\/paketresor\/"},"img":{"alt_text":"","src":"https:\/\/i0.wp.com\/www.fjardhundraland.se\/wp-content\/uploads\/2020\/06\/wiks_slott_foto_vasilis_theodorou.jpg?resize=350%2C200&ssl=1","width":350,"height":200,"srcset":"https:\/\/i0.wp.com\/www.fjardhundraland.se\/wp-content\/uploads\/2020\/06\/wiks_slott_foto_vasilis_theodorou.jpg?resize=350%2C200&ssl=1 1x, https:\/\/i0.wp.com\/www.fjardhundraland.se\/wp-content\/uploads\/2020\/06\/wiks_slott_foto_vasilis_theodorou.jpg?resize=525%2C300&ssl=1 1.5x, https:\/\/i0.wp.com\/www.fjardhundraland.se\/wp-content\/uploads\/2020\/06\/wiks_slott_foto_vasilis_theodorou.jpg?resize=700%2C400&ssl=1 2x, https:\/\/i0.wp.com\/www.fjardhundraland.se\/wp-content\/uploads\/2020\/06\/wiks_slott_foto_vasilis_theodorou.jpg?resize=1050%2C600&ssl=1 3x, https:\/\/i0.wp.com\/www.fjardhundraland.se\/wp-content\/uploads\/2020\/06\/wiks_slott_foto_vasilis_theodorou.jpg?resize=1400%2C800&ssl=1 4x"},"classes":[]},{"id":2950,"url":"https:\/\/www.fjardhundraland.se\/nl\/inlagg\/2015\/sekelskiftesmarknad-pa-hostglod-i-fjardhundraland\/","url_meta":{"origin":264,"position":4},"title":"Sekelskiftes markt in H\u00f6stgl\u00f6d in Fj\u00e4rdhundraland","author":"Mats Thorburn","date":"28 september 2015","format":false,"excerpt":"Op 10 en 11 oktober nodigt Fj\u00e4rdhundraland je uit voor een ouderwetse markt in het dorp Altuna. Je ontmoet leden van Fj\u00e4rdhundraland en een aantal uitgenodigde standhouders, luistert naar muziek en nog veel meer. Lees hier meer.","rel":"","context":"In &quot;\u00c4ldre inl\u00e4gg&quot;","block_context":{"text":"\u00c4ldre inl\u00e4gg","link":"https:\/\/www.fjardhundraland.se\/nl\/aldre-inlagg\/"},"img":{"alt_text":"","src":"","width":0,"height":0},"classes":[]},{"id":2655,"url":"https:\/\/www.fjardhundraland.se\/nl\/inlagg\/2015\/hotell-fjardhundraland\/","url_meta":{"origin":264,"position":5},"title":"Hotel Fj\u00e4rdhundraland","author":"Mats Thorburn","date":"27 mei 2015","format":false,"excerpt":"Het klopt dat steeds meer van ons een bed &amp; breakfast of een huisje verhuren. Maar dat realiseerden we ons pas toen we alles samenbrachten in \u201dAccommodatie in Fj\u00e4rdhundraland\u201d. Vandaag de dag zijn er maar liefst 72 bedden in Fj\u00e4rdhundraland - een toename van 3.600% sinds we begonnen. Dat is...","rel":"","context":"In &quot;\u00c4ldre inl\u00e4gg&quot;","block_context":{"text":"\u00c4ldre inl\u00e4gg","link":"https:\/\/www.fjardhundraland.se\/nl\/aldre-inlagg\/"},"img":{"alt_text":"Taj Maha Tower. Foto: Joe Ravi CC-BY-SA","src":"https:\/\/i0.wp.com\/www.fjardhundraland.se\/wp-content\/uploads\/2015\/05\/Taj_Mahal_Tower-200x300.jpg?resize=350%2C200&ssl=1","width":350,"height":200},"classes":[]}],"jetpack_sharing_enabled":true,"_links":{"self":[{"href":"https:\/\/www.fjardhundraland.se\/nl\/wp-json\/wp\/v2\/posts\/264","targetHints":{"allow":["GET"]}}],"collection":[{"href":"https:\/\/www.fjardhundraland.se\/nl\/wp-json\/wp\/v2\/posts"}],"about":[{"href":"https:\/\/www.fjardhundraland.se\/nl\/wp-json\/wp\/v2\/types\/post"}],"author":[{"embeddable":true,"href":"https:\/\/www.fjardhundraland.se\/nl\/wp-json\/wp\/v2\/users\/4"}],"replies":[{"embeddable":true,"href":"https:\/\/www.fjardhundraland.se\/nl\/wp-json\/wp\/v2\/comments?post=264"}],"version-history":[{"count":1,"href":"https:\/\/www.fjardhundraland.se\/nl\/wp-json\/wp\/v2\/posts\/264\/revisions"}],"predecessor-version":[{"id":19768,"href":"https:\/\/www.fjardhundraland.se\/nl\/wp-json\/wp\/v2\/posts\/264\/revisions\/19768"}],"wp:attachment":[{"href":"https:\/\/www.fjardhundraland.se\/nl\/wp-json\/wp\/v2\/media?parent=264"}],"wp:term":[{"taxonomy":"category","embeddable":true,"href":"https:\/\/www.fjardhundraland.se\/nl\/wp-json\/wp\/v2\/categories?post=264"},{"taxonomy":"post_tag","embeddable":true,"href":"https:\/\/www.fjardhundraland.se\/nl\/wp-json\/wp\/v2\/tags?post=264"}],"curies":[{"name":"wp","href":"https:\/\/api.w.org\/{rel}","templated":true}]}}