
{"id":2320,"date":"2014-05-22T15:46:12","date_gmt":"2014-05-22T13:46:12","guid":{"rendered":"http:\/\/www.fjardhundraland.se\/?p=2320"},"modified":"2026-02-05T13:41:09","modified_gmt":"2026-02-05T12:41:09","slug":"geschiedenis-warmtemarkt","status":"publish","type":"post","link":"https:\/\/www.fjardhundraland.se\/nl\/hantverk\/2014\/varmarknad-historia\/","title":{"rendered":"Lentemarkt met geschiedenis"},"content":{"rendered":"<p>I helgen bjuder <a title=\"Dunderbo Ljus och Hantverk\" href=\"https:\/\/www.fjardhundraland.se\/plats\/dunderbo-ljus-och-hantverk\/\">Dunderbo ljus &amp; hantverk<\/a> in till V\u00e5rmarknad. F\u00f6rutom f\u00f6rs\u00e4ljning av hantverk, och br\u00f6d och annat \u00e4tbart finns ett kaf\u00e9 d\u00e4r allt \u00e4r gott och hembakt.<\/p>\n<p>Dessutom kan du g\u00e5 den sp\u00e4nnande historiska vandringen <a title=\"Dunderbo, Krigsstigen\" href=\"https:\/\/www.fjardhundraland.se\/plats\/dunderbo-krigsstigen\/\">Krigsstigen<\/a>.<\/p>\n<p><a href=\"https:\/\/www.fjardhundraland.se\/wp-content\/uploads\/2014\/05\/V\u00e5rmarknad_2014-3.pdf\">Se programmet h\u00e4r.<\/a>\u00a0[pdf].<\/p>\n<div class=\"tiled-gallery type-rectangular tiled-gallery-unresized\" data-original-width=\"500\" data-carousel-extra='{&quot;blog_id&quot;:1,&quot;permalink&quot;:&quot;https:\\\/\\\/www.fjardhundraland.se\\\/nl\\\/hantverk\\\/2014\\\/varmarknad-historia\\\/&quot;,&quot;likes_blog_id&quot;:66652000}' itemscope itemtype=\"http:\/\/schema.org\/ImageGallery\" > <div class=\"gallery-row\" style=\"width: 500px; height: 123px;\" data-original-width=\"500\" data-original-height=\"123\" > <div class=\"gallery-group images-1\" style=\"width: 318px; height: 123px;\" data-original-width=\"318\" data-original-height=\"123\" > <div class=\"tiled-gallery-item tiled-gallery-item-large\" itemprop=\"associatedMedia\" itemscope itemtype=\"http:\/\/schema.org\/ImageObject\"> <a href=\"https:\/\/www.fjardhundraland.se\/nl\/plats\/dunderbo-ljus-och-hantverk\/attachment\/dunderbo_hantverk\/\" border=\"0\" itemprop=\"url\"> <meta itemprop=\"width\" content=\"314\"> <meta itemprop=\"height\" content=\"119\"> <img decoding=\"async\" class=\"\" data-attachment-id=\"1009\" data-orig-file=\"https:\/\/www.fjardhundraland.se\/wp-content\/uploads\/2013\/12\/Dunderbo_hantverk.jpg\" data-orig-size=\"1253,473\" data-comments-opened=\"\" data-image-meta=\"{&quot;aperture&quot;:&quot;0&quot;,&quot;credit&quot;:&quot;&quot;,&quot;camera&quot;:&quot;&quot;,&quot;caption&quot;:&quot;&quot;,&quot;created_timestamp&quot;:&quot;0&quot;,&quot;copyright&quot;:&quot;&quot;,&quot;focal_length&quot;:&quot;0&quot;,&quot;iso&quot;:&quot;0&quot;,&quot;shutter_speed&quot;:&quot;0&quot;,&quot;title&quot;:&quot;&quot;,&quot;orientation&quot;:&quot;0&quot;}\" data-image-title=\"Dunderbo hantverk\" data-image-description=\"&lt;p&gt;Dunderbo Hantverk &amp;#8211; En mysig hantverksbod p\u00e5 landet med genuint hantverk fr\u00e5n lokala hantverkare.&lt;\/p&gt; \" data-medium-file=\"https:\/\/www.fjardhundraland.se\/wp-content\/uploads\/2013\/12\/Dunderbo_hantverk-300x113.jpg\" data-large-file=\"https:\/\/www.fjardhundraland.se\/wp-content\/uploads\/2013\/12\/Dunderbo_hantverk-1200x453.jpg\" src=\"https:\/\/i0.wp.com\/www.fjardhundraland.se\/wp-content\/uploads\/2013\/12\/Dunderbo_hantverk.jpg?w=314&#038;h=119&#038;ssl=1\" srcset=\"https:\/\/www.fjardhundraland.se\/wp-content\/uploads\/2013\/12\/Dunderbo_hantverk.jpg 1253w, https:\/\/www.fjardhundraland.se\/wp-content\/uploads\/2013\/12\/Dunderbo_hantverk-300x113.jpg 300w, https:\/\/www.fjardhundraland.se\/wp-content\/uploads\/2013\/12\/Dunderbo_hantverk-1200x453.jpg 1200w, https:\/\/www.fjardhundraland.se\/wp-content\/uploads\/2013\/12\/Dunderbo_hantverk-768x290.jpg 768w, https:\/\/www.fjardhundraland.se\/wp-content\/uploads\/2013\/12\/Dunderbo_hantverk-18x7.jpg 18w\" width=\"314\" height=\"119\" loading=\"lazy\" data-original-width=\"314\" data-original-height=\"119\" itemprop=\"http:\/\/schema.org\/image\" title=\"Dunderbo hantverk\" alt=\"Dunderbo Hantverk\" style=\"width: 314px; height: 119px;\" \/> <\/a> <\/div> <\/div> <!-- close group --> <div class=\"gallery-group images-1\" style=\"width: 182px; height: 123px;\" data-original-width=\"182\" data-original-height=\"123\" > <div class=\"tiled-gallery-item tiled-gallery-item-small\" itemprop=\"associatedMedia\" itemscope itemtype=\"http:\/\/schema.org\/ImageObject\"> <a href=\"https:\/\/www.fjardhundraland.se\/nl\/plats\/dunderbo-ljus-och-hantverk\/attachment\/dunderbo-hantverk\/\" border=\"0\" itemprop=\"url\"> <meta itemprop=\"width\" content=\"178\"> <meta itemprop=\"height\" content=\"119\"> <img decoding=\"async\" class=\"\" data-attachment-id=\"1787\" data-orig-file=\"https:\/\/www.fjardhundraland.se\/wp-content\/uploads\/2013\/12\/Dunderbo-hantverk.jpg\" data-orig-size=\"2048,1365\" data-comments-opened=\"\" data-image-meta=\"{&quot;aperture&quot;:&quot;0&quot;,&quot;credit&quot;:&quot;&quot;,&quot;camera&quot;:&quot;&quot;,&quot;caption&quot;:&quot;&quot;,&quot;created_timestamp&quot;:&quot;0&quot;,&quot;copyright&quot;:&quot;&quot;,&quot;focal_length&quot;:&quot;0&quot;,&quot;iso&quot;:&quot;0&quot;,&quot;shutter_speed&quot;:&quot;0&quot;,&quot;title&quot;:&quot;&quot;,&quot;orientation&quot;:&quot;0&quot;}\" data-image-title=\"Dunderbo hantverk\" data-image-description=\"\" data-medium-file=\"https:\/\/www.fjardhundraland.se\/wp-content\/uploads\/2013\/12\/Dunderbo-hantverk.jpg\" data-large-file=\"https:\/\/www.fjardhundraland.se\/wp-content\/uploads\/2013\/12\/Dunderbo-hantverk.jpg\" src=\"https:\/\/i0.wp.com\/www.fjardhundraland.se\/wp-content\/uploads\/2013\/12\/Dunderbo-hantverk.jpg?w=178&#038;h=119&#038;ssl=1\" width=\"178\" height=\"119\" loading=\"lazy\" data-original-width=\"178\" data-original-height=\"119\" itemprop=\"http:\/\/schema.org\/image\" title=\"Dunderbo hantverk\" alt=\"Dunderbo hantverk\" style=\"width: 178px; height: 119px;\" \/> <\/a> <\/div> <\/div> <!-- close group --> <\/div> <!-- close row --> <\/div>\n","protected":false},"excerpt":{"rendered":"<p>I helgen bjuder Dunderbo ljus &amp; hantverk in till V\u00e5rmarknad. F\u00f6rutom f\u00f6rs\u00e4ljning av hantverk, och br\u00f6d och annat \u00e4tbart finns ett kaf\u00e9 d\u00e4r allt \u00e4r gott och hembakt. Dessutom kan du g\u00e5 den sp\u00e4nnande historiska vandringen Krigsstigen. Se programmet h\u00e4r.\u00a0[pdf].<\/p>\n","protected":false},"author":1,"featured_media":2326,"comment_status":"open","ping_status":"open","sticky":false,"template":"","format":"standard","meta":{"_acf_changed":false,"_relevanssi_hide_post":"","_relevanssi_hide_content":"","_relevanssi_pin_for_all":"","_relevanssi_pin_keywords":"","_relevanssi_unpin_keywords":"","_relevanssi_related_keywords":"","_relevanssi_related_include_ids":"","_relevanssi_related_exclude_ids":"","_relevanssi_related_no_append":"","_relevanssi_related_not_related":"","_relevanssi_related_posts":"","_relevanssi_noindex_reason":"Rank Math Uteslut fr\u00e5n Relevanssi index","_genesis_hide_title":false,"_genesis_hide_breadcrumbs":false,"_genesis_hide_singular_image":false,"_genesis_hide_footer_widgets":false,"_genesis_custom_body_class":"","_genesis_custom_post_class":"","_genesis_layout":"","_jetpack_memberships_contains_paid_content":false,"footnotes":""},"categories":[353,15,78],"tags":[352],"class_list":{"0":"post-2320","1":"post","2":"type-post","3":"status-publish","4":"format-standard","5":"has-post-thumbnail","7":"category-aldre-inlagg","8":"category-hantverk","9":"category-marknad-2","10":"tag-aldre-inlagg","11":"entry"},"acf":[],"visa":null,"geo_latitude":null,"geo_longitude":null,"jetpack_featured_media_url":"https:\/\/www.fjardhundraland.se\/wp-content\/uploads\/2014\/05\/DunderboHantverk-Banner-vitsippor.jpg","featured_image_src":"https:\/\/www.fjardhundraland.se\/wp-content\/uploads\/2014\/05\/DunderboHantverk-Banner-vitsippor.jpg","featured_image_src_square":"https:\/\/www.fjardhundraland.se\/wp-content\/uploads\/2014\/05\/DunderboHantverk-Banner-vitsippor.jpg","author_info":{"display_name":"Mats Thorburn","author_link":"https:\/\/www.fjardhundraland.se\/nl\/author\/matst\/"},"jetpack-related-posts":[{"id":933,"url":"https:\/\/www.fjardhundraland.se\/nl\/hantverk\/2012\/varmarknad-i-dunderbo\/","url_meta":{"origin":2320,"position":0},"title":"Voorjaarsmarkt in Dunderbo","author":"Ylva Fontell","date":"12 mei 2012","format":false,"excerpt":"In het weekend van 19-20 mei houdt Dunderbo Ljus &amp; Hantverk een voorjaarsmarkt. Er is lokaal geproduceerd handwerk te koop in de vorm van bijvoorbeeld messen, sieraden en lappendekens. Er worden ook lokale levensmiddelen verkocht: jam, chutney, brood, honing en nog veel meer. In verband met de markt zijn er ook rondleidingen over het Oorlogspad. Lees meer...","rel":"","context":"In &quot;\u00c4ldre inl\u00e4gg&quot;","block_context":{"text":"\u00c4ldre inl\u00e4gg","link":"https:\/\/www.fjardhundraland.se\/nl\/aldre-inlagg\/"},"img":{"alt_text":"","src":"","width":0,"height":0},"classes":[]},{"id":1297,"url":"https:\/\/www.fjardhundraland.se\/nl\/gardsbutiker\/2013\/varmarknad-i-dunderbo-2\/","url_meta":{"origin":2320,"position":1},"title":"Voorjaarsmarkt in Dunderbo","author":"Ylva Fontell","date":"28 mei 2013","format":false,"excerpt":"Dit weekend, 1 en 2 juni, is het tijd voor de voorjaarsmarkt bij Dunderbo ljus &amp; hantverk. De markt is een gewaardeerde traditie geworden met een rijk aanbod aan handwerk, zomerbloemen en eetbare lekkernijen. Om 11 uur en 13 uur zijn er rondleidingen op Krigsstigen. Natuurlijk is er koffie met zelfgebakken lekkers! Meer...","rel":"","context":"In &quot;\u00c4ldre inl\u00e4gg&quot;","block_context":{"text":"\u00c4ldre inl\u00e4gg","link":"https:\/\/www.fjardhundraland.se\/nl\/aldre-inlagg\/"},"img":{"alt_text":"Mattor-Annika-Jodensvi","src":"https:\/\/i0.wp.com\/www.fjardhundraland.se\/wp-content\/uploads\/2013\/05\/Mattor-Annika-Jodensvi-300x200.jpg?resize=350%2C200&ssl=1","width":350,"height":200},"classes":[]},{"id":298,"url":"https:\/\/www.fjardhundraland.se\/nl\/externt\/2011\/det-har-hander-i-helgen\/","url_meta":{"origin":2320,"position":2},"title":"Dit is wat er dit weekend te doen is","author":"Mats Thorburn","date":"27 mei 2011","format":false,"excerpt":"Hier zijn wat tips voor activiteiten rond Fj\u00e4rdhundraland tijdens het komende weekend: Zaterdag-zondag 28-29 mei 10-16: Lentemarkt in Dunderbo. Tentoonstelling van traditionele gerechten, koffieservice met zelfgebakken broodjes. Zomerbloemen, marmelade, breiwerk, kaarsen enz. Rondleidingen op Krigsstigen om 11.00 en 14.00 uur. 073-65 77 906 Arr: Dunderbo Ljus &amp; hantverk. Zaterdag-zondag 28-29 mei...","rel":"","context":"In &quot;\u00c4ldre inl\u00e4gg&quot;","block_context":{"text":"\u00c4ldre inl\u00e4gg","link":"https:\/\/www.fjardhundraland.se\/nl\/aldre-inlagg\/"},"img":{"alt_text":"","src":"","width":0,"height":0},"classes":[]},{"id":942,"url":"https:\/\/www.fjardhundraland.se\/nl\/inlagg\/2012\/pa-krigsstigen-i-fjardhundraland\/","url_meta":{"origin":2320,"position":3},"title":"Op oorlogspad in Fj\u00e4rdhundraland","author":"Mats Thorburn","date":"19 mei 2012","format":false,"excerpt":"Op zaterdag en zondag om 11.00 en 13.00 uur leidt G\u00f6ran Mellstr\u00f6m je door het soldatendorp in Dunderbo (routebeschrijving). Er is ook een voorjaarsmarkt in Dunderbo van 10.00 tot 16.00 uur - ga daarna naar een van de vele bezienswaardigheden in Fj\u00e4rdhundraland. Bekijk de witte anemonen in H\u00e5rsb\u00e4cksdalen, op zaterdag misschien gecombineerd met een bezoek aan Lagerl\u00f6fska...","rel":"","context":"In &quot;\u00c4ldre inl\u00e4gg&quot;","block_context":{"text":"\u00c4ldre inl\u00e4gg","link":"https:\/\/www.fjardhundraland.se\/nl\/aldre-inlagg\/"},"img":{"alt_text":"Krigsstigen soldattorp","src":"https:\/\/i0.wp.com\/www.fjardhundraland.se\/wp-content\/uploads\/2012\/05\/krigsstigen-1024x682.jpg?resize=350%2C200&ssl=1","width":350,"height":200,"srcset":"https:\/\/i0.wp.com\/www.fjardhundraland.se\/wp-content\/uploads\/2012\/05\/krigsstigen-1024x682.jpg?resize=350%2C200&ssl=1 1x, https:\/\/i0.wp.com\/www.fjardhundraland.se\/wp-content\/uploads\/2012\/05\/krigsstigen-1024x682.jpg?resize=525%2C300&ssl=1 1.5x"},"classes":[]},{"id":1442,"url":"https:\/\/www.fjardhundraland.se\/nl\/hantverk\/2013\/hantverks-skordemarknad\/","url_meta":{"origin":2320,"position":4},"title":"Ambachts- en oogstmarkt","author":"Ylva Fontell","date":"26 september 2013","format":false,"excerpt":"Welkom bij de Forsby molen op zaterdag 28 september van 11-16. Fj\u00e4rdhundrabygdens sl\u00f6jdare organiseert een markt met ambachtelijke producten en seizoensgebonden oogstproducten. Het caf\u00e9 in de molen is ook open! \u00a0","rel":"","context":"In &quot;\u00c4ldre inl\u00e4gg&quot;","block_context":{"text":"\u00c4ldre inl\u00e4gg","link":"https:\/\/www.fjardhundraland.se\/nl\/aldre-inlagg\/"},"img":{"alt_text":"","src":"","width":0,"height":0},"classes":[]},{"id":399,"url":"https:\/\/www.fjardhundraland.se\/nl\/hantverk\/2011\/delikatesser-och-hantverk-pa-onsdag\/","url_meta":{"origin":2320,"position":5},"title":"Lekkernijen en ambachten op woensdag","author":"Mats Thorburn","date":"4 juli 2011","format":false,"excerpt":"Op woensdag staan lokaal geproduceerde lekkernijen en ambachtelijke producten op het programma. Er zijn nog een paar plaatsen vrij! Maar de laatste kans om te boeken is vandaag, maandag 4\/7. Bel Lena Carlsson, 070-695 92 05. De reis moet van tevoren worden geboekt.","rel":"","context":"In &quot;\u00c4ldre inl\u00e4gg&quot;","block_context":{"text":"\u00c4ldre inl\u00e4gg","link":"https:\/\/www.fjardhundraland.se\/nl\/aldre-inlagg\/"},"img":{"alt_text":"","src":"","width":0,"height":0},"classes":[]}],"jetpack_sharing_enabled":true,"_links":{"self":[{"href":"https:\/\/www.fjardhundraland.se\/nl\/wp-json\/wp\/v2\/posts\/2320","targetHints":{"allow":["GET"]}}],"collection":[{"href":"https:\/\/www.fjardhundraland.se\/nl\/wp-json\/wp\/v2\/posts"}],"about":[{"href":"https:\/\/www.fjardhundraland.se\/nl\/wp-json\/wp\/v2\/types\/post"}],"author":[{"embeddable":true,"href":"https:\/\/www.fjardhundraland.se\/nl\/wp-json\/wp\/v2\/users\/1"}],"replies":[{"embeddable":true,"href":"https:\/\/www.fjardhundraland.se\/nl\/wp-json\/wp\/v2\/comments?post=2320"}],"version-history":[{"count":1,"href":"https:\/\/www.fjardhundraland.se\/nl\/wp-json\/wp\/v2\/posts\/2320\/revisions"}],"predecessor-version":[{"id":19675,"href":"https:\/\/www.fjardhundraland.se\/nl\/wp-json\/wp\/v2\/posts\/2320\/revisions\/19675"}],"wp:featuredmedia":[{"embeddable":true,"href":"https:\/\/www.fjardhundraland.se\/nl\/wp-json\/wp\/v2\/media\/2326"}],"wp:attachment":[{"href":"https:\/\/www.fjardhundraland.se\/nl\/wp-json\/wp\/v2\/media?parent=2320"}],"wp:term":[{"taxonomy":"category","embeddable":true,"href":"https:\/\/www.fjardhundraland.se\/nl\/wp-json\/wp\/v2\/categories?post=2320"},{"taxonomy":"post_tag","embeddable":true,"href":"https:\/\/www.fjardhundraland.se\/nl\/wp-json\/wp\/v2\/tags?post=2320"}],"curies":[{"name":"wp","href":"https:\/\/api.w.org\/{rel}","templated":true}]}}