
{"id":16006,"date":"2024-06-18T19:15:36","date_gmt":"2024-06-18T17:15:36","guid":{"rendered":"https:\/\/www.fjardhundraland.se\/?p=16006"},"modified":"2025-07-15T16:39:26","modified_gmt":"2025-07-15T14:39:26","slug":"tuva-tappa-2024","status":"publish","type":"post","link":"https:\/\/www.fjardhundraland.se\/nl\/inlagg\/2024\/tuva-tappa-2024\/","title":{"rendered":"Tuva &amp; T\u00e4ppa - de tuinrondleiding"},"content":{"rendered":"","protected":false},"excerpt":{"rendered":"","protected":false},"author":45,"featured_media":16030,"comment_status":"closed","ping_status":"closed","sticky":false,"template":"","format":"standard","meta":{"_acf_changed":false,"_relevanssi_hide_post":"","_relevanssi_hide_content":"","_relevanssi_pin_for_all":"","_relevanssi_pin_keywords":"","_relevanssi_unpin_keywords":"","_relevanssi_related_keywords":"","_relevanssi_related_include_ids":"","_relevanssi_related_exclude_ids":"","_relevanssi_related_no_append":"","_relevanssi_related_not_related":"","_relevanssi_related_posts":"11244,9569,13215,15924,10896,9741","_relevanssi_noindex_reason":"","_genesis_hide_title":false,"_genesis_hide_breadcrumbs":false,"_genesis_hide_singular_image":false,"_genesis_hide_footer_widgets":false,"_genesis_custom_body_class":"","_genesis_custom_post_class":"","_genesis_layout":"","_jetpack_memberships_contains_paid_content":false,"footnotes":""},"categories":[1],"tags":[],"class_list":{"0":"post-16006","1":"post","2":"type-post","3":"status-publish","4":"format-standard","5":"has-post-thumbnail","7":"category-inlagg","8":"entry"},"acf":[],"visa":null,"geo_latitude":null,"geo_longitude":null,"jetpack_featured_media_url":"https:\/\/www.fjardhundraland.se\/wp-content\/uploads\/2024\/06\/midsommarskrud.jpg","featured_image_src":"https:\/\/www.fjardhundraland.se\/wp-content\/uploads\/2024\/06\/midsommarskrud-600x400.jpg","featured_image_src_square":"https:\/\/www.fjardhundraland.se\/wp-content\/uploads\/2024\/06\/midsommarskrud-600x600.jpg","author_info":{"display_name":"Carl-Erik Ekblom","author_link":"https:\/\/www.fjardhundraland.se\/nl\/author\/calle\/"},"jetpack-related-posts":[{"id":5762,"url":"https:\/\/www.fjardhundraland.se\/nl\/tuva-tappa\/2019\/tuva-tappa-2019\/","url_meta":{"origin":16006,"position":0},"title":"Tuva &amp; quilt 2019","author":"Mats Thorburn","date":"4 juni 2019","format":false,"excerpt":"Het is groene tijd! Dat vieren we met een zomertour langs priv\u00e9tuinen en kwekerijen die open zijn en waar je ervaringen en kennis kunt opdoen. Je kunt deze plekken bezoeken op zaterdag 29 juni om 11-17. (Hier is een afdrukbare kaart.) Deelnemers Lundellska Galleriet Simtuna Karleby 8 74971 Fj\u00e4rdhundra Vernissage met KreaLera, tuin-gerelateerd steengoed...","rel":"","context":"In &quot;Tuva &amp; T\u00e4ppa&quot;","block_context":{"text":"Tuva &amp; T\u00e4ppa","link":"https:\/\/www.fjardhundraland.se\/nl\/tuva-tappa\/"},"img":{"alt_text":"Bild p\u00e5 blomsterrabatt under tr\u00e4dg\u00e5rdsrundan Tuva & T\u00e4ppa","src":"https:\/\/i0.wp.com\/www.fjardhundraland.se\/wp-content\/uploads\/2019\/06\/tuva-tacc88ppa-tracc88dgacc8ardsrunda.jpg?resize=350%2C200&ssl=1","width":350,"height":200,"srcset":"https:\/\/i0.wp.com\/www.fjardhundraland.se\/wp-content\/uploads\/2019\/06\/tuva-tacc88ppa-tracc88dgacc8ardsrunda.jpg?resize=350%2C200&ssl=1 1x, https:\/\/i0.wp.com\/www.fjardhundraland.se\/wp-content\/uploads\/2019\/06\/tuva-tacc88ppa-tracc88dgacc8ardsrunda.jpg?resize=525%2C300&ssl=1 1.5x, https:\/\/i0.wp.com\/www.fjardhundraland.se\/wp-content\/uploads\/2019\/06\/tuva-tacc88ppa-tracc88dgacc8ardsrunda.jpg?resize=700%2C400&ssl=1 2x, https:\/\/i0.wp.com\/www.fjardhundraland.se\/wp-content\/uploads\/2019\/06\/tuva-tacc88ppa-tracc88dgacc8ardsrunda.jpg?resize=1050%2C600&ssl=1 3x, https:\/\/i0.wp.com\/www.fjardhundraland.se\/wp-content\/uploads\/2019\/06\/tuva-tacc88ppa-tracc88dgacc8ardsrunda.jpg?resize=1400%2C800&ssl=1 4x"},"classes":[]},{"id":4395,"url":"https:\/\/www.fjardhundraland.se\/nl\/tuva-tappa\/2017\/tyck-till-om-tuva-tappa\/","url_meta":{"origin":16006,"position":1},"title":"Geef je mening over Tuva &amp; T\u00e4ppa!","author":"Mats Thorburn","date":"9 juli 2017","format":false,"excerpt":"Bedankt aan alle tuinliefhebbers die naar Tuva &amp; T\u00e4ppa zijn gekomen! Wat vond je ervan? Help ons Tuva &amp; t\u00e4ppa volgend jaar nog beter te maken door een paar vragen te beantwoorden. Hartelijk dank! Klik hier om de enqu\u00eate te openen.","rel":"","context":"In &quot;Tuva &amp; T\u00e4ppa&quot;","block_context":{"text":"Tuva &amp; T\u00e4ppa","link":"https:\/\/www.fjardhundraland.se\/nl\/tuva-tappa\/"},"img":{"alt_text":"Gr\u00f6nsaker p\u00e5 tr\u00e4dg\u00e5rdsrunda Tuva & T\u00e4ppa","src":"https:\/\/i0.wp.com\/www.fjardhundraland.se\/wp-content\/uploads\/2017\/07\/tuva-tacc88ppa-resta-gacc8ard.jpg?resize=350%2C200&ssl=1","width":350,"height":200,"srcset":"https:\/\/i0.wp.com\/www.fjardhundraland.se\/wp-content\/uploads\/2017\/07\/tuva-tacc88ppa-resta-gacc8ard.jpg?resize=350%2C200&ssl=1 1x, https:\/\/i0.wp.com\/www.fjardhundraland.se\/wp-content\/uploads\/2017\/07\/tuva-tacc88ppa-resta-gacc8ard.jpg?resize=525%2C300&ssl=1 1.5x, https:\/\/i0.wp.com\/www.fjardhundraland.se\/wp-content\/uploads\/2017\/07\/tuva-tacc88ppa-resta-gacc8ard.jpg?resize=700%2C400&ssl=1 2x, https:\/\/i0.wp.com\/www.fjardhundraland.se\/wp-content\/uploads\/2017\/07\/tuva-tacc88ppa-resta-gacc8ard.jpg?resize=1050%2C600&ssl=1 3x, https:\/\/i0.wp.com\/www.fjardhundraland.se\/wp-content\/uploads\/2017\/07\/tuva-tacc88ppa-resta-gacc8ard.jpg?resize=1400%2C800&ssl=1 4x"},"classes":[]},{"id":5318,"url":"https:\/\/www.fjardhundraland.se\/nl\/tuva-tappa\/2018\/tuva-tappa-tradgardsrunda-2018\/","url_meta":{"origin":16006,"position":2},"title":"Tuva &amp; T\u00e4ppa 2018","author":"Mats Thorburn","date":"15 juli 2018","format":false,"excerpt":"Tuva &amp; T\u00e4ppa - Fj\u00e4rdhundraland's tuinrondleiding Bezoek de showtuinen en plantages op zaterdag 28 juli van 11.00 tot 17.00 uur. Praat over tuinieren en kweken met de enthousiastelingen en professionele kwekers. Doe inspiratie op en krijg tips over wat je thuis in je eigen tuin kunt doen. Deelnemers Lisa Frisk Melberg H\u00e4rnevi Rotbrunna 12 75696 Enk\u00f6ping Pia Hansson H\u00e4rnevi Rotbrunna...","rel":"","context":"In &quot;Tuva &amp; T\u00e4ppa&quot;","block_context":{"text":"Tuva &amp; T\u00e4ppa","link":"https:\/\/www.fjardhundraland.se\/nl\/tuva-tappa\/"},"img":{"alt_text":"Tuva & T\u00e4ppa - bild p\u00e5 blommor i rabatt","src":"https:\/\/i0.wp.com\/www.fjardhundraland.se\/wp-content\/uploads\/2018\/07\/tuva-tappa.jpg?resize=350%2C200&ssl=1","width":350,"height":200,"srcset":"https:\/\/i0.wp.com\/www.fjardhundraland.se\/wp-content\/uploads\/2018\/07\/tuva-tappa.jpg?resize=350%2C200&ssl=1 1x, https:\/\/i0.wp.com\/www.fjardhundraland.se\/wp-content\/uploads\/2018\/07\/tuva-tappa.jpg?resize=525%2C300&ssl=1 1.5x, https:\/\/i0.wp.com\/www.fjardhundraland.se\/wp-content\/uploads\/2018\/07\/tuva-tappa.jpg?resize=700%2C400&ssl=1 2x, https:\/\/i0.wp.com\/www.fjardhundraland.se\/wp-content\/uploads\/2018\/07\/tuva-tappa.jpg?resize=1050%2C600&ssl=1 3x, https:\/\/i0.wp.com\/www.fjardhundraland.se\/wp-content\/uploads\/2018\/07\/tuva-tappa.jpg?resize=1400%2C800&ssl=1 4x"},"classes":[]},{"id":9741,"url":"https:\/\/www.fjardhundraland.se\/nl\/inlagg\/2022\/fjardhundraland-2022\/","url_meta":{"origin":16006,"position":3},"title":"Fj\u00e4rdhundraland 2022","author":"Mats Thorburn","date":"10 februari 2022","format":false,"excerpt":"Welkom in 2022! We kijken uit naar een geweldig jaar, hopelijk met minder impact van de pandemie, maar nog steeds geweldige ervaringen op het platteland in de buurt van de grote stad. Hier zijn enkele van de dingen die gebeuren tijdens het jaar: Actuele tips worden voortdurend toegevoegd aan de pagina Fj\u00e4rdhundraland nu.De fototentoonstelling L\u00f6vskugga met de internationaal geprezen portretten van John Alinder...","rel":"","context":"In &quot;\u00c4ldre inl\u00e4gg&quot;","block_context":{"text":"\u00c4ldre inl\u00e4gg","link":"https:\/\/www.fjardhundraland.se\/nl\/aldre-inlagg\/"},"img":{"alt_text":"","src":"https:\/\/i0.wp.com\/www.fjardhundraland.se\/wp-content\/uploads\/2022\/02\/vag-raps-fjardhundraland.jpeg?resize=350%2C200&ssl=1","width":350,"height":200,"srcset":"https:\/\/i0.wp.com\/www.fjardhundraland.se\/wp-content\/uploads\/2022\/02\/vag-raps-fjardhundraland.jpeg?resize=350%2C200&ssl=1 1x, https:\/\/i0.wp.com\/www.fjardhundraland.se\/wp-content\/uploads\/2022\/02\/vag-raps-fjardhundraland.jpeg?resize=525%2C300&ssl=1 1.5x, https:\/\/i0.wp.com\/www.fjardhundraland.se\/wp-content\/uploads\/2022\/02\/vag-raps-fjardhundraland.jpeg?resize=700%2C400&ssl=1 2x, https:\/\/i0.wp.com\/www.fjardhundraland.se\/wp-content\/uploads\/2022\/02\/vag-raps-fjardhundraland.jpeg?resize=1050%2C600&ssl=1 3x, https:\/\/i0.wp.com\/www.fjardhundraland.se\/wp-content\/uploads\/2022\/02\/vag-raps-fjardhundraland.jpeg?resize=1400%2C800&ssl=1 4x"},"classes":[]},{"id":8656,"url":"https:\/\/www.fjardhundraland.se\/nl\/tradgard\/2021\/tuva-tappa-2021\/","url_meta":{"origin":16006,"position":4},"title":"Tuva &amp; t\u00e4ppa 2021","author":"Carl-Erik Ekblom","date":"26 mei 2021","format":false,"excerpt":"Welkom bij Tuva &amp; T\u00e4ppa 2021 Zondag 4 juli om 11-17 uur Tuva &amp; T\u00e4ppa is een tuinwandeling op het platteland tussen Stockholm, Uppsala, V\u00e4ster\u00e5s, Sala en Enk\u00f6ping. 16 deelnemers - kwekerijen, telers en priv\u00e9tuinen - nemen dit jaar deel aan Tuva &amp; T\u00e4ppa.  Bij kwekerijen en telers krijg je zowel inspiratie als de mogelijkheid om...","rel":"","context":"In &quot;\u00c4ldre inl\u00e4gg&quot;","block_context":{"text":"\u00c4ldre inl\u00e4gg","link":"https:\/\/www.fjardhundraland.se\/nl\/aldre-inlagg\/"},"img":{"alt_text":"Tuva & t\u00e4ppa","src":"https:\/\/i0.wp.com\/www.fjardhundraland.se\/wp-content\/uploads\/2021\/05\/tuva.jpg?resize=350%2C200&ssl=1","width":350,"height":200,"srcset":"https:\/\/i0.wp.com\/www.fjardhundraland.se\/wp-content\/uploads\/2021\/05\/tuva.jpg?resize=350%2C200&ssl=1 1x, https:\/\/i0.wp.com\/www.fjardhundraland.se\/wp-content\/uploads\/2021\/05\/tuva.jpg?resize=525%2C300&ssl=1 1.5x, https:\/\/i0.wp.com\/www.fjardhundraland.se\/wp-content\/uploads\/2021\/05\/tuva.jpg?resize=700%2C400&ssl=1 2x, https:\/\/i0.wp.com\/www.fjardhundraland.se\/wp-content\/uploads\/2021\/05\/tuva.jpg?resize=1050%2C600&ssl=1 3x, https:\/\/i0.wp.com\/www.fjardhundraland.se\/wp-content\/uploads\/2021\/05\/tuva.jpg?resize=1400%2C800&ssl=1 4x"},"classes":[]},{"id":10896,"url":"https:\/\/www.fjardhundraland.se\/nl\/tradgard\/2022\/tuva-tappa-2022\/","url_meta":{"origin":16006,"position":5},"title":"Tuva &amp; T\u00e4ppa 2022","author":"Carl-Erik Ekblom","date":"1 juli 2022","format":false,"excerpt":"Welkom bij Tuva &amp; T\u00e4ppa 2022 Zondag 31 juli om 11-17 uur Tuva &amp; T\u00e4ppa is een tuintocht op het platteland tussen Stockholm, Uppsala, V\u00e4ster\u00e5s, Sala en Enk\u00f6ping. Aan Tuva &amp; T\u00e4ppa doen dit jaar 14 deelnemers mee - kwekerijen, telers en priv\u00e9tuinen.  Bij kwekerijen en telers krijg je zowel inspiratie als de mogelijkheid om...","rel":"","context":"In &quot;Tr\u00e4dg\u00e5rd&quot;","block_context":{"text":"Tr\u00e4dg\u00e5rd","link":"https:\/\/www.fjardhundraland.se\/nl\/tradgard\/"},"img":{"alt_text":"Tuva & Ta\u0308ppa 2022","src":"https:\/\/i0.wp.com\/www.fjardhundraland.se\/wp-content\/uploads\/2022\/07\/tuva-tappa-2022.jpg?resize=350%2C200&ssl=1","width":350,"height":200,"srcset":"https:\/\/i0.wp.com\/www.fjardhundraland.se\/wp-content\/uploads\/2022\/07\/tuva-tappa-2022.jpg?resize=350%2C200&ssl=1 1x, https:\/\/i0.wp.com\/www.fjardhundraland.se\/wp-content\/uploads\/2022\/07\/tuva-tappa-2022.jpg?resize=525%2C300&ssl=1 1.5x, https:\/\/i0.wp.com\/www.fjardhundraland.se\/wp-content\/uploads\/2022\/07\/tuva-tappa-2022.jpg?resize=700%2C400&ssl=1 2x, https:\/\/i0.wp.com\/www.fjardhundraland.se\/wp-content\/uploads\/2022\/07\/tuva-tappa-2022.jpg?resize=1050%2C600&ssl=1 3x, https:\/\/i0.wp.com\/www.fjardhundraland.se\/wp-content\/uploads\/2022\/07\/tuva-tappa-2022.jpg?resize=1400%2C800&ssl=1 4x"},"classes":[]}],"jetpack_sharing_enabled":true,"_links":{"self":[{"href":"https:\/\/www.fjardhundraland.se\/nl\/wp-json\/wp\/v2\/posts\/16006","targetHints":{"allow":["GET"]}}],"collection":[{"href":"https:\/\/www.fjardhundraland.se\/nl\/wp-json\/wp\/v2\/posts"}],"about":[{"href":"https:\/\/www.fjardhundraland.se\/nl\/wp-json\/wp\/v2\/types\/post"}],"author":[{"embeddable":true,"href":"https:\/\/www.fjardhundraland.se\/nl\/wp-json\/wp\/v2\/users\/45"}],"replies":[{"embeddable":true,"href":"https:\/\/www.fjardhundraland.se\/nl\/wp-json\/wp\/v2\/comments?post=16006"}],"version-history":[{"count":3,"href":"https:\/\/www.fjardhundraland.se\/nl\/wp-json\/wp\/v2\/posts\/16006\/revisions"}],"predecessor-version":[{"id":18640,"href":"https:\/\/www.fjardhundraland.se\/nl\/wp-json\/wp\/v2\/posts\/16006\/revisions\/18640"}],"wp:featuredmedia":[{"embeddable":true,"href":"https:\/\/www.fjardhundraland.se\/nl\/wp-json\/wp\/v2\/media\/16030"}],"wp:attachment":[{"href":"https:\/\/www.fjardhundraland.se\/nl\/wp-json\/wp\/v2\/media?parent=16006"}],"wp:term":[{"taxonomy":"category","embeddable":true,"href":"https:\/\/www.fjardhundraland.se\/nl\/wp-json\/wp\/v2\/categories?post=16006"},{"taxonomy":"post_tag","embeddable":true,"href":"https:\/\/www.fjardhundraland.se\/nl\/wp-json\/wp\/v2\/tags?post=16006"}],"curies":[{"name":"wp","href":"https:\/\/api.w.org\/{rel}","templated":true}]}}