
{"id":124,"date":"2011-05-11T19:29:51","date_gmt":"2011-05-11T17:29:51","guid":{"rendered":"http:\/\/www.fjardhundraland.se\/?p=124"},"modified":"2026-02-05T13:40:42","modified_gmt":"2026-02-05T12:40:42","slug":"het-programma-heeft","status":"publish","type":"post","link":"https:\/\/www.fjardhundraland.se\/nl\/externt\/2011\/programmet-ar-har\/","title":{"rendered":"Het programma is hier"},"content":{"rendered":"<p>Fj\u00e4rdhundraland biedt zaterdag een rijk programma op het plein in Enk\u00f6ping. Het programma voor het podium en de verteltent is nu klaar. <a title=\"Programma op zaterdag 14 mei\" href=\"https:\/\/www.fjardhundraland.se\/nl\/program-lordagen-den-14-maj\/\">Lees hier meer.<\/a><\/p>","protected":false},"excerpt":{"rendered":"<p>Fj\u00e4rdhundraland biedt zaterdag een rijk programma op het plein in Enk\u00f6ping. Het programma voor het podium en de verteltent is nu klaar. Lees hier meer.<\/p>","protected":false},"author":1,"featured_media":0,"comment_status":"open","ping_status":"open","sticky":false,"template":"","format":"standard","meta":{"_acf_changed":false,"_relevanssi_hide_post":"","_relevanssi_hide_content":"","_relevanssi_pin_for_all":"","_relevanssi_pin_keywords":"","_relevanssi_unpin_keywords":"","_relevanssi_related_keywords":"","_relevanssi_related_include_ids":"","_relevanssi_related_exclude_ids":"","_relevanssi_related_no_append":"","_relevanssi_related_not_related":"","_relevanssi_related_posts":"","_relevanssi_noindex_reason":"Rank Math Uteslut fr\u00e5n Relevanssi index","_genesis_hide_title":false,"_genesis_hide_breadcrumbs":false,"_genesis_hide_singular_image":false,"_genesis_hide_footer_widgets":false,"_genesis_custom_body_class":"","_genesis_custom_post_class":"","_genesis_layout":"","_jetpack_memberships_contains_paid_content":false,"footnotes":""},"categories":[353,18,19],"tags":[352],"class_list":{"0":"post-124","1":"post","2":"type-post","3":"status-publish","4":"format-standard","6":"category-aldre-inlagg","7":"category-externt","8":"category-forsmak-2","9":"tag-aldre-inlagg","10":"entry"},"acf":[],"visa":null,"geo_latitude":null,"geo_longitude":null,"jetpack_featured_media_url":"","featured_image_src":null,"featured_image_src_square":null,"author_info":{"display_name":"Mats Thorburn","author_link":"https:\/\/www.fjardhundraland.se\/nl\/author\/matst\/"},"jetpack-related-posts":[{"id":1847,"url":"https:\/\/www.fjardhundraland.se\/nl\/inlagg\/2014\/slaktforskningens-dag\/","url_meta":{"origin":124,"position":0},"title":"Dag van de Genealogie","author":"Mats Thorburn","date":"28 februari 2014","format":false,"excerpt":"Heb je erover nagedacht om te beginnen met genealogisch onderzoek? Of misschien wil je meer leren over je boerderij of dorp? Op zaterdag 15 maart biedt het dorpshuis van Fr\u00f6sthult je een dag vol lokale geschiedenis. Er worden genealogische tips gegeven en je kunt oude ansichtkaarten, foto's en kaarten bekijken. Je zult...","rel":"","context":"In &quot;\u00c4ldre inl\u00e4gg&quot;","block_context":{"text":"\u00c4ldre inl\u00e4gg","link":"https:\/\/www.fjardhundraland.se\/nl\/aldre-inlagg\/"},"img":{"alt_text":"FLY1563","src":"https:\/\/i0.wp.com\/www.fjardhundraland.se\/wp-content\/uploads\/2014\/02\/FLY1563-300x189.jpg?resize=350%2C200&ssl=1","width":350,"height":200},"classes":[]},{"id":2320,"url":"https:\/\/www.fjardhundraland.se\/nl\/hantverk\/2014\/varmarknad-historia\/","url_meta":{"origin":124,"position":1},"title":"Lentemarkt met geschiedenis","author":"Mats Thorburn","date":"22 mei 2014","format":false,"excerpt":"I helgen bjuder Dunderbo ljus & hantverk in till V\u00e5rmarknad. F\u00f6rutom f\u00f6rs\u00e4ljning av hantverk, och br\u00f6d och annat \u00e4tbart finns ett kaf\u00e9 d\u00e4r allt \u00e4r gott och hembakt. Dessutom kan du g\u00e5 den sp\u00e4nnande historiska vandringen Krigsstigen. Se programmet h\u00e4r.\u00a0[pdf].","rel":"","context":"In &quot;\u00c4ldre inl\u00e4gg&quot;","block_context":{"text":"\u00c4ldre inl\u00e4gg","link":"https:\/\/www.fjardhundraland.se\/nl\/aldre-inlagg\/"},"img":{"alt_text":"","src":"https:\/\/i0.wp.com\/www.fjardhundraland.se\/wp-content\/uploads\/2014\/05\/DunderboHantverk-Banner-vitsippor.jpg?resize=350%2C200&ssl=1","width":350,"height":200,"srcset":"https:\/\/i0.wp.com\/www.fjardhundraland.se\/wp-content\/uploads\/2014\/05\/DunderboHantverk-Banner-vitsippor.jpg?resize=350%2C200&ssl=1 1x, https:\/\/i0.wp.com\/www.fjardhundraland.se\/wp-content\/uploads\/2014\/05\/DunderboHantverk-Banner-vitsippor.jpg?resize=525%2C300&ssl=1 1.5x, https:\/\/i0.wp.com\/www.fjardhundraland.se\/wp-content\/uploads\/2014\/05\/DunderboHantverk-Banner-vitsippor.jpg?resize=700%2C400&ssl=1 2x"},"classes":[]},{"id":5439,"url":"https:\/\/www.fjardhundraland.se\/nl\/marknad-2\/2018\/julmarknad-salnecke-slott-2018\/","url_meta":{"origin":124,"position":2},"title":"Kerstmarkt op kasteel Salnecke","author":"Mats Thorburn","date":"7 november 2018","format":false,"excerpt":"Op 16 december om 11-16 uur is de premi\u00e8re van de nieuwe kerstmarkt op kasteel Salnecke, \u00d6rsundsbro! In de grote serre onder het kasteel worden historische en moderne gerechten geserveerd voor de kersttafel - kaas, worst, brood, Upplandskubb. Daarnaast vullen we aan met hoogwaardige, lokale ambachten en activiteiten rond het kasteel. Een 17e eeuws kasteel in een...","rel":"","context":"In &quot;Marknad&quot;","block_context":{"text":"Marknad","link":"https:\/\/www.fjardhundraland.se\/nl\/marknad-2\/"},"img":{"alt_text":"Salnecke julmarknad","src":"https:\/\/i0.wp.com\/www.fjardhundraland.se\/wp-content\/uploads\/2018\/11\/salnecke-julmarknad.jpg?resize=350%2C200&ssl=1","width":350,"height":200,"srcset":"https:\/\/i0.wp.com\/www.fjardhundraland.se\/wp-content\/uploads\/2018\/11\/salnecke-julmarknad.jpg?resize=350%2C200&ssl=1 1x, https:\/\/i0.wp.com\/www.fjardhundraland.se\/wp-content\/uploads\/2018\/11\/salnecke-julmarknad.jpg?resize=525%2C300&ssl=1 1.5x, https:\/\/i0.wp.com\/www.fjardhundraland.se\/wp-content\/uploads\/2018\/11\/salnecke-julmarknad.jpg?resize=700%2C400&ssl=1 2x, https:\/\/i0.wp.com\/www.fjardhundraland.se\/wp-content\/uploads\/2018\/11\/salnecke-julmarknad.jpg?resize=1050%2C600&ssl=1 3x, https:\/\/i0.wp.com\/www.fjardhundraland.se\/wp-content\/uploads\/2018\/11\/salnecke-julmarknad.jpg?resize=1400%2C800&ssl=1 4x"},"classes":[]},{"id":942,"url":"https:\/\/www.fjardhundraland.se\/nl\/inlagg\/2012\/pa-krigsstigen-i-fjardhundraland\/","url_meta":{"origin":124,"position":3},"title":"Op oorlogspad in Fj\u00e4rdhundraland","author":"Mats Thorburn","date":"19 mei 2012","format":false,"excerpt":"Op zaterdag en zondag om 11.00 en 13.00 uur leidt G\u00f6ran Mellstr\u00f6m je door het soldatendorp in Dunderbo (routebeschrijving). Er is ook een voorjaarsmarkt in Dunderbo van 10.00 tot 16.00 uur - ga daarna naar een van de vele bezienswaardigheden in Fj\u00e4rdhundraland. Bekijk de witte anemonen in H\u00e5rsb\u00e4cksdalen, op zaterdag misschien gecombineerd met een bezoek aan Lagerl\u00f6fska...","rel":"","context":"In &quot;\u00c4ldre inl\u00e4gg&quot;","block_context":{"text":"\u00c4ldre inl\u00e4gg","link":"https:\/\/www.fjardhundraland.se\/nl\/aldre-inlagg\/"},"img":{"alt_text":"Krigsstigen soldattorp","src":"https:\/\/i0.wp.com\/www.fjardhundraland.se\/wp-content\/uploads\/2012\/05\/krigsstigen-1024x682.jpg?resize=350%2C200&ssl=1","width":350,"height":200,"srcset":"https:\/\/i0.wp.com\/www.fjardhundraland.se\/wp-content\/uploads\/2012\/05\/krigsstigen-1024x682.jpg?resize=350%2C200&ssl=1 1x, https:\/\/i0.wp.com\/www.fjardhundraland.se\/wp-content\/uploads\/2012\/05\/krigsstigen-1024x682.jpg?resize=525%2C300&ssl=1 1.5x"},"classes":[]},{"id":2950,"url":"https:\/\/www.fjardhundraland.se\/nl\/inlagg\/2015\/sekelskiftesmarknad-pa-hostglod-i-fjardhundraland\/","url_meta":{"origin":124,"position":4},"title":"Sekelskiftes markt in H\u00f6stgl\u00f6d in Fj\u00e4rdhundraland","author":"Mats Thorburn","date":"28 september 2015","format":false,"excerpt":"Op 10 en 11 oktober nodigt Fj\u00e4rdhundraland je uit voor een ouderwetse markt in het dorp Altuna. Je ontmoet leden van Fj\u00e4rdhundraland en een aantal uitgenodigde standhouders, luistert naar muziek en nog veel meer. Lees hier meer.","rel":"","context":"In &quot;\u00c4ldre inl\u00e4gg&quot;","block_context":{"text":"\u00c4ldre inl\u00e4gg","link":"https:\/\/www.fjardhundraland.se\/nl\/aldre-inlagg\/"},"img":{"alt_text":"","src":"","width":0,"height":0},"classes":[]},{"id":3619,"url":"https:\/\/www.fjardhundraland.se\/nl\/musik\/2016\/sprakande-hostglod-8-9-oktober\/","url_meta":{"origin":124,"position":5},"title":"Sprankelende Herfstgloed 8 &amp; 9 oktober","author":"Mats Thorburn","date":"29 september 2016","format":false,"excerpt":"Helgen 8\u20139 oktober sprakar Fj\u00e4rdhundra av H\u00f6stgl\u00f6d. Tv\u00e5 dagar fyllda av samtal, m\u00e4nskliga ber\u00e4ttelser och m\u00e5ngfald f\u00f6r alla \u00e5ldrar! Gratis aktiviteter. Insamling till All V\u00e4rldens Barn! H\u00e4r finns programmet att skriva ut [pdf]. Mel\u2019s Drive in l\u00f6rdag och s\u00f6ndag kl 11\u00a0till 16 Marknad - Hantverkare och Mathantverkare fr\u00e5n Fj\u00e4rdhundraland och\u2026","rel":"","context":"In &quot;\u00c4ldre inl\u00e4gg&quot;","block_context":{"text":"\u00c4ldre inl\u00e4gg","link":"https:\/\/www.fjardhundraland.se\/nl\/aldre-inlagg\/"},"img":{"alt_text":"","src":"https:\/\/i0.wp.com\/www.fjardhundraland.se\/wp-content\/uploads\/2015\/10\/hostglod-banner1.jpg?resize=350%2C200&ssl=1","width":350,"height":200,"srcset":"https:\/\/i0.wp.com\/www.fjardhundraland.se\/wp-content\/uploads\/2015\/10\/hostglod-banner1.jpg?resize=350%2C200&ssl=1 1x, https:\/\/i0.wp.com\/www.fjardhundraland.se\/wp-content\/uploads\/2015\/10\/hostglod-banner1.jpg?resize=525%2C300&ssl=1 1.5x, https:\/\/i0.wp.com\/www.fjardhundraland.se\/wp-content\/uploads\/2015\/10\/hostglod-banner1.jpg?resize=700%2C400&ssl=1 2x, https:\/\/i0.wp.com\/www.fjardhundraland.se\/wp-content\/uploads\/2015\/10\/hostglod-banner1.jpg?resize=1050%2C600&ssl=1 3x, https:\/\/i0.wp.com\/www.fjardhundraland.se\/wp-content\/uploads\/2015\/10\/hostglod-banner1.jpg?resize=1400%2C800&ssl=1 4x"},"classes":[]}],"jetpack_sharing_enabled":true,"_links":{"self":[{"href":"https:\/\/www.fjardhundraland.se\/nl\/wp-json\/wp\/v2\/posts\/124","targetHints":{"allow":["GET"]}}],"collection":[{"href":"https:\/\/www.fjardhundraland.se\/nl\/wp-json\/wp\/v2\/posts"}],"about":[{"href":"https:\/\/www.fjardhundraland.se\/nl\/wp-json\/wp\/v2\/types\/post"}],"author":[{"embeddable":true,"href":"https:\/\/www.fjardhundraland.se\/nl\/wp-json\/wp\/v2\/users\/1"}],"replies":[{"embeddable":true,"href":"https:\/\/www.fjardhundraland.se\/nl\/wp-json\/wp\/v2\/comments?post=124"}],"version-history":[{"count":1,"href":"https:\/\/www.fjardhundraland.se\/nl\/wp-json\/wp\/v2\/posts\/124\/revisions"}],"predecessor-version":[{"id":19771,"href":"https:\/\/www.fjardhundraland.se\/nl\/wp-json\/wp\/v2\/posts\/124\/revisions\/19771"}],"wp:attachment":[{"href":"https:\/\/www.fjardhundraland.se\/nl\/wp-json\/wp\/v2\/media?parent=124"}],"wp:term":[{"taxonomy":"category","embeddable":true,"href":"https:\/\/www.fjardhundraland.se\/nl\/wp-json\/wp\/v2\/categories?post=124"},{"taxonomy":"post_tag","embeddable":true,"href":"https:\/\/www.fjardhundraland.se\/nl\/wp-json\/wp\/v2\/tags?post=124"}],"curies":[{"name":"wp","href":"https:\/\/api.w.org\/{rel}","templated":true}]}}