
{"id":10606,"date":"2022-06-09T10:12:14","date_gmt":"2022-06-09T08:12:14","guid":{"rendered":"https:\/\/www.fjardhundraland.se\/?p=10606"},"modified":"2026-02-05T13:42:56","modified_gmt":"2026-02-05T12:42:56","slug":"portretkunst-met-aanwezigheid-fotos-van-john-alinder-nu-te-zien-in-fjardhundraland","status":"publish","type":"post","link":"https:\/\/www.fjardhundraland.se\/nl\/inlagg\/2022\/portrattkonst-med-narvaro-nu-visas-john-alinders-fotografier-i-fjardhundraland\/","title":{"rendered":"Portretten met aanwezigheid - bekijk de foto's van John Alinder"},"content":{"rendered":"<p class=\"wp-block-paragraph\"><strong>Deze zomer worden de portretten van fotograaf John Alinder gepresenteerd in een grote tentoonstelling in een samenwerking tussen Fj\u00e4rdhundraland en Upplandsmuseet. Welkom op de opening op zondag 19 juni om 11 uur!<\/strong><\/p>\n\n\n\n<p class=\"wp-block-paragraph\">Op de openingsdag, 19 juni, openen we de tentoonstelling, maar houden we ook een Cultuurdag, met muziek, kindertheater en een kunstnijverheidsmarkt. <a href=\"https:\/\/www.fjardhundraland.se\/nl\/aanbod\/kulturdag-vernissage\/\" data-type=\"erbjudande\" data-id=\"10573\">Lees hier meer!<\/a><\/p>\n\n\n\n<p class=\"wp-block-paragraph\"><a href=\"https:\/\/www.mynewsdesk.com\/se\/fjardhundraland\/pressreleases\/portraettkonst-med-naervaro-nu-visas-john-alinders-fotografier-paa-plats-i-fjaerdhundraland-3186348\" target=\"_blank\" rel=\"noopener\">Lees meer op Mynewsdesk.<\/a><\/p>","protected":false},"excerpt":{"rendered":"<p>Deze zomer worden de portretten van fotograaf John Alinder gepresenteerd in een grote tentoonstelling in een samenwerking tussen Fj\u00e4rdhundraland en Upplandsmuseet. Welkom op de opening op zondag 19 juni om 11 uur! Op de openingsdag 19\/6 openen we de tentoonstelling, maar hebben we ook een Cultuurdag, met muziek, kindertheater en ambachtelijke markt. Lees hier meer! Lees meer op Mynewsdesk.<\/p>","protected":false},"author":1,"featured_media":10493,"comment_status":"closed","ping_status":"closed","sticky":false,"template":"","format":"standard","meta":{"_acf_changed":false,"_relevanssi_hide_post":"","_relevanssi_hide_content":"","_relevanssi_pin_for_all":"","_relevanssi_pin_keywords":"","_relevanssi_unpin_keywords":"","_relevanssi_related_keywords":"","_relevanssi_related_include_ids":"","_relevanssi_related_exclude_ids":"","_relevanssi_related_no_append":"","_relevanssi_related_not_related":"","_relevanssi_related_posts":"","_relevanssi_noindex_reason":"","_genesis_hide_title":false,"_genesis_hide_breadcrumbs":false,"_genesis_hide_singular_image":false,"_genesis_hide_footer_widgets":false,"_genesis_custom_body_class":"","_genesis_custom_post_class":"","_genesis_layout":"","_jetpack_newsletter_access":"","_jetpack_dont_email_post_to_subs":false,"_jetpack_newsletter_tier_id":0,"_jetpack_memberships_contains_paywalled_content":false,"_jetpack_memberships_contains_paid_content":false,"footnotes":"","jetpack_post_was_ever_published":false},"categories":[353,1],"tags":[],"class_list":["post-10606","post","type-post","status-publish","format-standard","has-post-thumbnail","category-aldre-inlagg","category-inlagg","entry"],"acf":[],"featured_image_src":"https:\/\/www.fjardhundraland.se\/wp-content\/uploads\/2022\/05\/alinder-trad.jpg","featured_image_src_square":"https:\/\/www.fjardhundraland.se\/wp-content\/uploads\/2022\/05\/alinder-trad.jpg","author_info":{"display_name":"Mats Thorburn","author_link":"https:\/\/www.fjardhundraland.se\/nl\/author\/matst\/"},"jetpack-related-posts":[{"id":31,"url":"https:\/\/www.fjardhundraland.se\/nl\/externt\/2010\/welcome-to-fjardhundraland\/","url_meta":{"origin":10606,"position":0},"title":"Welkom bij Fj\u00e4rdhundraland","author":"Mats Thorburn","date":"12 oktober 2010","format":false,"excerpt":"De middeleeuwse provincie Fj\u00e4drundaland maakt tegenwoordig deel uit van Uppland, Zweden. Vandaag werken we met een moderne aanpassing; Fj\u00e4rdhundraland. Het platteland rondom de gemeente Fj\u00e4rdhundra biedt je een bezoek aan een van de oudste en meest interessante historische regio's van Zweden - en een bloeiende ondernemersgemeenschap die op je wacht...","rel":"","context":"In &quot;\u00c4ldre inl\u00e4gg&quot;","block_context":{"text":"\u00c4ldre inl\u00e4gg","link":"https:\/\/www.fjardhundraland.se\/nl\/aldre-inlagg\/"},"img":{"alt_text":"","src":"","width":0,"height":0},"classes":[]}],"jetpack_sharing_enabled":true,"jetpack_featured_media_url":"https:\/\/www.fjardhundraland.se\/wp-content\/uploads\/2022\/05\/alinder-trad.jpg","_links":{"self":[{"href":"https:\/\/www.fjardhundraland.se\/nl\/wp-json\/wp\/v2\/posts\/10606","targetHints":{"allow":["GET"]}}],"collection":[{"href":"https:\/\/www.fjardhundraland.se\/nl\/wp-json\/wp\/v2\/posts"}],"about":[{"href":"https:\/\/www.fjardhundraland.se\/nl\/wp-json\/wp\/v2\/types\/post"}],"author":[{"embeddable":true,"href":"https:\/\/www.fjardhundraland.se\/nl\/wp-json\/wp\/v2\/users\/1"}],"replies":[{"embeddable":true,"href":"https:\/\/www.fjardhundraland.se\/nl\/wp-json\/wp\/v2\/comments?post=10606"}],"version-history":[{"count":1,"href":"https:\/\/www.fjardhundraland.se\/nl\/wp-json\/wp\/v2\/posts\/10606\/revisions"}],"predecessor-version":[{"id":19779,"href":"https:\/\/www.fjardhundraland.se\/nl\/wp-json\/wp\/v2\/posts\/10606\/revisions\/19779"}],"wp:featuredmedia":[{"embeddable":true,"href":"https:\/\/www.fjardhundraland.se\/nl\/wp-json\/wp\/v2\/media\/10493"}],"wp:attachment":[{"href":"https:\/\/www.fjardhundraland.se\/nl\/wp-json\/wp\/v2\/media?parent=10606"}],"wp:term":[{"taxonomy":"category","embeddable":true,"href":"https:\/\/www.fjardhundraland.se\/nl\/wp-json\/wp\/v2\/categories?post=10606"},{"taxonomy":"post_tag","embeddable":true,"href":"https:\/\/www.fjardhundraland.se\/nl\/wp-json\/wp\/v2\/tags?post=10606"}],"curies":[{"name":"wp","href":"https:\/\/api.w.org\/{rel}","templated":true}]}}