
{"id":942,"date":"2012-05-19T10:01:09","date_gmt":"2012-05-19T08:01:09","guid":{"rendered":"http:\/\/www.fjardhundraland.se\/?p=942"},"modified":"2026-02-05T13:41:12","modified_gmt":"2026-02-05T12:41:12","slug":"en-pie-de-guerra-en-fjardhundralandia","status":"publish","type":"post","link":"https:\/\/www.fjardhundraland.se\/es\/inlagg\/2012\/pa-krigsstigen-i-fjardhundraland\/","title":{"rendered":"En pie de guerra en Fj\u00e4rdhundraland"},"content":{"rendered":"<p><a href=\"https:\/\/www.fjardhundraland.se\/wp-content\/uploads\/2012\/05\/krigsstigen.jpg\"><img decoding=\"async\" class=\"alignleft size-large wp-image-945\" title=\"Warpath, pueblo de soldados. Fotograf\u00eda: Mats Thorburn.\" src=\"https:\/\/www.fjardhundraland.se\/wp-content\/uploads\/2012\/05\/krigsstigen-1024x682.jpg\" alt=\"Aldea de soldados Warpath\" width=\"640\" height=\"426\" \/><\/a><\/p>\n<p>S\u00e1bado y domingo, a las 11.00 y a las 13.00 horas, G\u00f6ran Mellstr\u00f6m le guiar\u00e1 por la aldea de los soldados en <a title=\"Mapa de Dunderbo\" href=\"https:\/\/maps.google.se\/maps?q=59.74764,16.918774&amp;num=1&amp;t=h&amp;z=15\" target=\"_blank\" rel=\"noopener\">Dunderbo<\/a>. (<a title=\"C\u00f3mo llegar al centro\" href=\"https:\/\/www.ateljedunderbo.com\/v%C3%A4gbeskrivning-728566\" target=\"_blank\" rel=\"noopener\">C\u00f3mo llegar al centro<\/a>.) A los 10-16 a\u00f1os tambi\u00e9n es <a title=\"Mercado de primavera en Dunderbo\" href=\"https:\/\/www.fjardhundraland.se\/es\/2012\/05\/mercado-caliente-en-dunderbo\/\">Mercado de primavera en Dunderbo<\/a> - y luego pasar a una de las muchas cosas que ver en Fj\u00e4rdhundraland. Eche un vistazo a los pechiblancos en H\u00e5rsb\u00e4cksdalen, el s\u00e1bado quiz\u00e1s combinado con una visita a <a title=\"Revista Lagerl\u00f6fska\" href=\"https:\/\/lagerlofska.se\/\" target=\"_blank\" rel=\"noopener\">Revista Lagerl\u00f6fska<\/a>. Por ejemplo, puede tomar caf\u00e9 en <a title=\"Caf\u00e9 del molino de Forsby\" href=\"https:\/\/www.forsbykvarnkafe.se\" target=\"_blank\" rel=\"noopener\">Caf\u00e9 del molino de Forsby<\/a>.<\/p>","protected":false},"excerpt":{"rendered":"<p>L\u00f6rdag och s\u00f6ndag kl 11 och 13 guidar G\u00f6ran Mellstr\u00f6m bland soldattorpen i Dunderbo. (V\u00e4gbeskrivning.) Kl\u00a010\u201316 \u00e4r det ocks\u00e5 v\u00e5rmarknad i Dunderbo \u2013 \u00e5k sedan vidare till n\u00e5got av allt som finns att se i Fj\u00e4rdhundraland. Titta till vitsipporna i H\u00e5rsb\u00e4cksdalen, p\u00e5 l\u00f6rdagen kanske kombinerat med ett bes\u00f6k hos Lagerl\u00f6fska magasinet. Fika kan du till [&hellip;]<\/p>\n","protected":false},"author":1,"featured_media":0,"comment_status":"open","ping_status":"open","sticky":false,"template":"","format":"standard","meta":{"_acf_changed":false,"_relevanssi_hide_post":"","_relevanssi_hide_content":"","_relevanssi_pin_for_all":"","_relevanssi_pin_keywords":"","_relevanssi_unpin_keywords":"","_relevanssi_related_keywords":"","_relevanssi_related_include_ids":"","_relevanssi_related_exclude_ids":"","_relevanssi_related_no_append":"","_relevanssi_related_not_related":"","_relevanssi_related_posts":"","_relevanssi_noindex_reason":"Rank Math Uteslut fr\u00e5n Relevanssi index","_genesis_hide_title":false,"_genesis_hide_breadcrumbs":false,"_genesis_hide_singular_image":false,"_genesis_hide_footer_widgets":false,"_genesis_custom_body_class":"","_genesis_custom_post_class":"","_genesis_layout":"","_jetpack_memberships_contains_paid_content":false,"footnotes":""},"categories":[353,1],"tags":[352],"class_list":{"0":"post-942","1":"post","2":"type-post","3":"status-publish","4":"format-standard","6":"category-aldre-inlagg","7":"category-inlagg","8":"tag-aldre-inlagg","9":"entry"},"acf":[],"visa":null,"geo_latitude":null,"geo_longitude":null,"jetpack_featured_media_url":"","featured_image_src":null,"featured_image_src_square":null,"author_info":{"display_name":"Mats Thorburn","author_link":"https:\/\/www.fjardhundraland.se\/es\/author\/matst\/"},"jetpack-related-posts":[{"id":683,"url":"https:\/\/www.fjardhundraland.se\/es\/hantverk\/2011\/skordemarknad-och-soldattorp\/","url_meta":{"origin":942,"position":0},"title":"Mercado de la cosecha y aldea de soldados","author":"Mats Thorburn","date":"1 septiembre 2011","format":false,"excerpt":"En Dunderbo, Fj\u00e4rdhundra, los s\u00e1bados y domingos puede acudir al mercado de la cosecha, con un caf\u00e9 y un recorrido por la \"ruta de la guerra\" alrededor del pueblo de los soldados de Dunderbo.","rel":"","context":"En \u00ab\u00c4ldre inl\u00e4gg\u00bb","block_context":{"text":"\u00c4ldre inl\u00e4gg","link":"https:\/\/www.fjardhundraland.se\/es\/aldre-inlagg\/"},"img":{"alt_text":"Sk\u00f6rdemarknad i Dunderbo","src":"https:\/\/i0.wp.com\/www.fjardhundraland.se\/wp-content\/uploads\/2011\/09\/IMG_1215-630x472.jpg?resize=350%2C200&ssl=1","width":350,"height":200,"srcset":"https:\/\/i0.wp.com\/www.fjardhundraland.se\/wp-content\/uploads\/2011\/09\/IMG_1215-630x472.jpg?resize=350%2C200&ssl=1 1x, https:\/\/i0.wp.com\/www.fjardhundraland.se\/wp-content\/uploads\/2011\/09\/IMG_1215-630x472.jpg?resize=525%2C300&ssl=1 1.5x"},"classes":[]},{"id":298,"url":"https:\/\/www.fjardhundraland.se\/es\/externt\/2011\/det-har-hander-i-helgen\/","url_meta":{"origin":942,"position":1},"title":"Esto es lo que ocurre este fin de semana","author":"Mats Thorburn","date":"27 mayo 2011","format":false,"excerpt":"Aqu\u00ed tiene algunas sugerencias de actividades en torno al Fj\u00e4rdhundraland durante el pr\u00f3ximo fin de semana: S\u00e1bado-domingo 28-29 de mayo 10-16: Mercado de primavera en Dunderbo. Exposici\u00f3n de comida tradicional, servicio de caf\u00e9 con reposter\u00eda casera. Flores de verano, mermeladas, g\u00e9neros de punto, velas, etc. Visitas guiadas en Krigsstigen a las 11 h y a las 14 h. 073-65 77 906 Arr: Dunderbo Ljus &amp; hantverk. S\u00e1bado y domingo, 28 y 29 de mayo...","rel":"","context":"En \u00ab\u00c4ldre inl\u00e4gg\u00bb","block_context":{"text":"\u00c4ldre inl\u00e4gg","link":"https:\/\/www.fjardhundraland.se\/es\/aldre-inlagg\/"},"img":{"alt_text":"","src":"","width":0,"height":0},"classes":[]},{"id":1440,"url":"https:\/\/www.fjardhundraland.se\/es\/externt\/2013\/hostmarknad-i-dunderbo-2\/","url_meta":{"origin":942,"position":2},"title":"Mercado de oto\u00f1o en Dunderbo","author":"Ylva Fontell","date":"9 septiembre 2013","format":false,"excerpt":"14-15 de septiembre es el mercado de oto\u00f1o en Dunderbo velas y artesan\u00edas con miel, mermelada, manzanas, setas y un mont\u00f3n de artesan\u00edas. Se servir\u00e1 caf\u00e9 y pasteles caseros y ambos d\u00edas se podr\u00e1 dar un paseo guiado por el Sendero de la Guerra a las 13.00. El mercado abre de 10.00 a 16.00. El programa completo est\u00e1 disponible en www.dunderbohantverk.se.","rel":"","context":"En \u00ab\u00c4ldre inl\u00e4gg\u00bb","block_context":{"text":"\u00c4ldre inl\u00e4gg","link":"https:\/\/www.fjardhundraland.se\/es\/aldre-inlagg\/"},"img":{"alt_text":"","src":"","width":0,"height":0},"classes":[]},{"id":590,"url":"https:\/\/www.fjardhundraland.se\/es\/hantverk\/2011\/ljus-hantverk-lordagskafe-i-dunderbo\/","url_meta":{"origin":942,"position":3},"title":"Velas, artesan\u00eda y caf\u00e9 los s\u00e1bados en Dunderbo","author":"Mats Thorburn","date":"13 agosto 2011","format":false,"excerpt":"En Dunderbo Candles &amp; Crafts se pueden comprar velas hechas a mano y artesan\u00eda local, y los s\u00e1bados hay cafeter\u00eda.","rel":"","context":"En \u00ab\u00c4ldre inl\u00e4gg\u00bb","block_context":{"text":"\u00c4ldre inl\u00e4gg","link":"https:\/\/www.fjardhundraland.se\/es\/aldre-inlagg\/"},"img":{"alt_text":"Dunderbo ljus och hantverk","src":"https:\/\/dunderbohantverk.files.wordpress.com\/2010\/10\/boden1.jpg?w=350&h=200&crop=1","width":350,"height":200},"classes":[]},{"id":1444,"url":"https:\/\/www.fjardhundraland.se\/es\/externt\/2013\/fjardhundralands-hostglod\/","url_meta":{"origin":942,"position":4},"title":"Fj\u00e4rdhundralands resplandor oto\u00f1al","author":"Ylva Fontell","date":"30 septiembre 2013","format":false,"excerpt":"El domingo 13 de octubre te invitamos a una colorida cabalgata oto\u00f1al en la Galer\u00eda Lundellska de Simtuna. Podr\u00e1s comprar productos locales, recibir consejos de salud y un masaje en el invernadero, asistir a una exposici\u00f3n de setas con la asesora Eva Allestedt o recibir consejos sobre las mejores variedades de manzana. Habr\u00e1 m\u00fasica y la experta en jardiner\u00eda Lena M\u00e5nsson hablar\u00e1 sobre bulbos. Tome ...","rel":"","context":"En \u00ab\u00c4ldre inl\u00e4gg\u00bb","block_context":{"text":"\u00c4ldre inl\u00e4gg","link":"https:\/\/www.fjardhundraland.se\/es\/aldre-inlagg\/"},"img":{"alt_text":"","src":"","width":0,"height":0},"classes":[]},{"id":1257,"url":"https:\/\/www.fjardhundraland.se\/es\/gardsbutiker\/2013\/varen-planerad-i-dunderbo\/","url_meta":{"origin":942,"position":5},"title":"Primavera prevista en Dunderbo","author":"Mats Thorburn","date":"17 marzo 2013","format":false,"excerpt":"El calendario de primavera ya est\u00e1 actualizado en Dunderbo Ljus &amp; Hantverk. Eche un vistazo y planifique una visita.","rel":"","context":"En \u00ab\u00c4ldre inl\u00e4gg\u00bb","block_context":{"text":"\u00c4ldre inl\u00e4gg","link":"https:\/\/www.fjardhundraland.se\/es\/aldre-inlagg\/"},"img":{"alt_text":"","src":"","width":0,"height":0},"classes":[]}],"jetpack_sharing_enabled":true,"_links":{"self":[{"href":"https:\/\/www.fjardhundraland.se\/es\/wp-json\/wp\/v2\/posts\/942","targetHints":{"allow":["GET"]}}],"collection":[{"href":"https:\/\/www.fjardhundraland.se\/es\/wp-json\/wp\/v2\/posts"}],"about":[{"href":"https:\/\/www.fjardhundraland.se\/es\/wp-json\/wp\/v2\/types\/post"}],"author":[{"embeddable":true,"href":"https:\/\/www.fjardhundraland.se\/es\/wp-json\/wp\/v2\/users\/1"}],"replies":[{"embeddable":true,"href":"https:\/\/www.fjardhundraland.se\/es\/wp-json\/wp\/v2\/comments?post=942"}],"version-history":[{"count":1,"href":"https:\/\/www.fjardhundraland.se\/es\/wp-json\/wp\/v2\/posts\/942\/revisions"}],"predecessor-version":[{"id":19720,"href":"https:\/\/www.fjardhundraland.se\/es\/wp-json\/wp\/v2\/posts\/942\/revisions\/19720"}],"wp:attachment":[{"href":"https:\/\/www.fjardhundraland.se\/es\/wp-json\/wp\/v2\/media?parent=942"}],"wp:term":[{"taxonomy":"category","embeddable":true,"href":"https:\/\/www.fjardhundraland.se\/es\/wp-json\/wp\/v2\/categories?post=942"},{"taxonomy":"post_tag","embeddable":true,"href":"https:\/\/www.fjardhundraland.se\/es\/wp-json\/wp\/v2\/tags?post=942"}],"curies":[{"name":"wp","href":"https:\/\/api.w.org\/{rel}","templated":true}]}}