
{"id":933,"date":"2012-05-12T10:35:46","date_gmt":"2012-05-12T08:35:46","guid":{"rendered":"http:\/\/www.fjardhundraland.se\/?p=933"},"modified":"2026-02-05T13:41:12","modified_gmt":"2026-02-05T12:41:12","slug":"mercado-caliente-en-dunderbo","status":"publish","type":"post","link":"https:\/\/www.fjardhundraland.se\/es\/hantverk\/2012\/varmarknad-i-dunderbo\/","title":{"rendered":"Mercado de primavera en Dunderbo"},"content":{"rendered":"<p>Durante el fin de semana del 19 y 20 de mayo <a title=\"Dunderbo Luz y Artesan\u00eda\" href=\"https:\/\/www.dunderbohantverk.com\/\" target=\"_blank\" rel=\"noopener\">Dunderbo Luz y Artesan\u00eda<\/a> mercado de primavera.<br \/>\nHabr\u00e1 artesan\u00eda local, como cuchillos, joyas y alfombras de trapo. Tambi\u00e9n se vender\u00e1n alimentos locales, como mermeladas, chutneys, pan, miel y mucho m\u00e1s.<\/p>\n<p>En relaci\u00f3n con el mercado, tambi\u00e9n se organizan visitas guiadas por el Sendero de la Guerra.<br \/>\nSeguir leyendo <a href=\"https:\/\/www.dunderbohantverk.com\/\" target=\"_blank\" rel=\"noopener\">aqu\u00ed<\/a> horarios de apertura y c\u00f3mo llegar a Dunderbo<\/p>","protected":false},"excerpt":{"rendered":"<p>Under helgen 19-20 maj h\u00e5ller Dunderbo Ljus &amp; Hantverk v\u00e5rmarknad. D\u00e4r kommer det att finnas lokalproducerat hantverk i form av till exempel knivar, smycken och trasmattor. Det s\u00e4ljs ocks\u00e5 mat fr\u00e5n bygden; marmelader, chutney, br\u00f6d, honung och mycket mer. I anslutning till marknaden finns ocks\u00e5 guidade turer p\u00e5 Krigsstigen. L\u00e4s mer h\u00e4r om \u00f6ppettider och [&hellip;]<\/p>\n","protected":false},"author":4,"featured_media":0,"comment_status":"open","ping_status":"open","sticky":false,"template":"","format":"standard","meta":{"_acf_changed":false,"_relevanssi_hide_post":"","_relevanssi_hide_content":"","_relevanssi_pin_for_all":"","_relevanssi_pin_keywords":"","_relevanssi_unpin_keywords":"","_relevanssi_related_keywords":"","_relevanssi_related_include_ids":"","_relevanssi_related_exclude_ids":"","_relevanssi_related_no_append":"","_relevanssi_related_not_related":"","_relevanssi_related_posts":"","_relevanssi_noindex_reason":"Rank Math Uteslut fr\u00e5n Relevanssi index","_genesis_hide_title":false,"_genesis_hide_breadcrumbs":false,"_genesis_hide_singular_image":false,"_genesis_hide_footer_widgets":false,"_genesis_custom_body_class":"","_genesis_custom_post_class":"","_genesis_layout":"","_jetpack_memberships_contains_paid_content":false,"footnotes":""},"categories":[353,15,78,22,25,87],"tags":[352],"class_list":{"0":"post-933","1":"post","2":"type-post","3":"status-publish","4":"format-standard","6":"category-aldre-inlagg","7":"category-hantverk","8":"category-marknad-2","9":"category-mat","10":"category-upplevelser","11":"category-utflykt","12":"tag-aldre-inlagg","13":"entry"},"acf":[],"visa":null,"geo_latitude":null,"geo_longitude":null,"jetpack_featured_media_url":"","featured_image_src":null,"featured_image_src_square":null,"author_info":{"display_name":"Ylva Fontell","author_link":"https:\/\/www.fjardhundraland.se\/es\/author\/ylva\/"},"jetpack-related-posts":[{"id":2320,"url":"https:\/\/www.fjardhundraland.se\/es\/hantverk\/2014\/varmarknad-historia\/","url_meta":{"origin":933,"position":0},"title":"Mercado de primavera con historia","author":"Mats Thorburn","date":"22 mayo 2014","format":false,"excerpt":"I helgen bjuder Dunderbo ljus & hantverk in till V\u00e5rmarknad. F\u00f6rutom f\u00f6rs\u00e4ljning av hantverk, och br\u00f6d och annat \u00e4tbart finns ett kaf\u00e9 d\u00e4r allt \u00e4r gott och hembakt. Dessutom kan du g\u00e5 den sp\u00e4nnande historiska vandringen Krigsstigen. Se programmet h\u00e4r.\u00a0[pdf].","rel":"","context":"En \u00ab\u00c4ldre inl\u00e4gg\u00bb","block_context":{"text":"\u00c4ldre inl\u00e4gg","link":"https:\/\/www.fjardhundraland.se\/es\/aldre-inlagg\/"},"img":{"alt_text":"","src":"https:\/\/i0.wp.com\/www.fjardhundraland.se\/wp-content\/uploads\/2014\/05\/DunderboHantverk-Banner-vitsippor.jpg?resize=350%2C200&ssl=1","width":350,"height":200,"srcset":"https:\/\/i0.wp.com\/www.fjardhundraland.se\/wp-content\/uploads\/2014\/05\/DunderboHantverk-Banner-vitsippor.jpg?resize=350%2C200&ssl=1 1x, https:\/\/i0.wp.com\/www.fjardhundraland.se\/wp-content\/uploads\/2014\/05\/DunderboHantverk-Banner-vitsippor.jpg?resize=525%2C300&ssl=1 1.5x, https:\/\/i0.wp.com\/www.fjardhundraland.se\/wp-content\/uploads\/2014\/05\/DunderboHantverk-Banner-vitsippor.jpg?resize=700%2C400&ssl=1 2x"},"classes":[]},{"id":1297,"url":"https:\/\/www.fjardhundraland.se\/es\/gardsbutiker\/2013\/varmarknad-i-dunderbo-2\/","url_meta":{"origin":933,"position":1},"title":"Mercado de primavera en Dunderbo","author":"Ylva Fontell","date":"28 mayo 2013","format":false,"excerpt":"Este fin de semana, 1 y 2 de junio, llega la hora del mercado de primavera en Dunderbo ljus &amp; hantverk. El mercado se ha convertido en una apreciada tradici\u00f3n con una rica selecci\u00f3n de artesan\u00eda, flores de verano y delicias comestibles. A las 11 y a las 13 horas hay visitas guiadas por Krigsstigen. Por supuesto, \u00a1habr\u00e1 caf\u00e9 con reposter\u00eda casera! M\u00e1s...","rel":"","context":"En \u00ab\u00c4ldre inl\u00e4gg\u00bb","block_context":{"text":"\u00c4ldre inl\u00e4gg","link":"https:\/\/www.fjardhundraland.se\/es\/aldre-inlagg\/"},"img":{"alt_text":"Mattor-Annika-Jodensvi","src":"https:\/\/i0.wp.com\/www.fjardhundraland.se\/wp-content\/uploads\/2013\/05\/Mattor-Annika-Jodensvi-300x200.jpg?resize=350%2C200&ssl=1","width":350,"height":200},"classes":[]},{"id":590,"url":"https:\/\/www.fjardhundraland.se\/es\/hantverk\/2011\/ljus-hantverk-lordagskafe-i-dunderbo\/","url_meta":{"origin":933,"position":2},"title":"Velas, artesan\u00eda y caf\u00e9 los s\u00e1bados en Dunderbo","author":"Mats Thorburn","date":"13 agosto 2011","format":false,"excerpt":"En Dunderbo Candles &amp; Crafts se pueden comprar velas hechas a mano y artesan\u00eda local, y los s\u00e1bados hay cafeter\u00eda.","rel":"","context":"En \u00ab\u00c4ldre inl\u00e4gg\u00bb","block_context":{"text":"\u00c4ldre inl\u00e4gg","link":"https:\/\/www.fjardhundraland.se\/es\/aldre-inlagg\/"},"img":{"alt_text":"Dunderbo ljus och hantverk","src":"https:\/\/dunderbohantverk.files.wordpress.com\/2010\/10\/boden1.jpg?w=350&h=200&crop=1","width":350,"height":200},"classes":[]},{"id":683,"url":"https:\/\/www.fjardhundraland.se\/es\/hantverk\/2011\/skordemarknad-och-soldattorp\/","url_meta":{"origin":933,"position":3},"title":"Mercado de la cosecha y aldea de soldados","author":"Mats Thorburn","date":"1 septiembre 2011","format":false,"excerpt":"En Dunderbo, Fj\u00e4rdhundra, los s\u00e1bados y domingos puede acudir al mercado de la cosecha, con un caf\u00e9 y un recorrido por la \"ruta de la guerra\" alrededor del pueblo de los soldados de Dunderbo.","rel":"","context":"En \u00ab\u00c4ldre inl\u00e4gg\u00bb","block_context":{"text":"\u00c4ldre inl\u00e4gg","link":"https:\/\/www.fjardhundraland.se\/es\/aldre-inlagg\/"},"img":{"alt_text":"Sk\u00f6rdemarknad i Dunderbo","src":"https:\/\/i0.wp.com\/www.fjardhundraland.se\/wp-content\/uploads\/2011\/09\/IMG_1215-630x472.jpg?resize=350%2C200&ssl=1","width":350,"height":200,"srcset":"https:\/\/i0.wp.com\/www.fjardhundraland.se\/wp-content\/uploads\/2011\/09\/IMG_1215-630x472.jpg?resize=350%2C200&ssl=1 1x, https:\/\/i0.wp.com\/www.fjardhundraland.se\/wp-content\/uploads\/2011\/09\/IMG_1215-630x472.jpg?resize=525%2C300&ssl=1 1.5x"},"classes":[]},{"id":942,"url":"https:\/\/www.fjardhundraland.se\/es\/inlagg\/2012\/pa-krigsstigen-i-fjardhundraland\/","url_meta":{"origin":933,"position":4},"title":"En pie de guerra en Fj\u00e4rdhundraland","author":"Mats Thorburn","date":"19 mayo 2012","format":false,"excerpt":"El s\u00e1bado y el domingo, a las 11.00 y a las 13.00 horas, G\u00f6ran Mellstr\u00f6m le guiar\u00e1 por la aldea de los soldados de Dunderbo. (Indicaciones.) Tambi\u00e9n hay un mercado de primavera en Dunderbo, de 10.00 a 16.00 horas; despu\u00e9s, vaya a una de las muchas cosas que ver en Fj\u00e4rdhundraland. Vea las an\u00e9monas blancas en H\u00e5rsb\u00e4cksdalen, el s\u00e1bado quiz\u00e1s combinado con una visita a Lagerl\u00f6fska...","rel":"","context":"En \u00ab\u00c4ldre inl\u00e4gg\u00bb","block_context":{"text":"\u00c4ldre inl\u00e4gg","link":"https:\/\/www.fjardhundraland.se\/es\/aldre-inlagg\/"},"img":{"alt_text":"Krigsstigen soldattorp","src":"https:\/\/i0.wp.com\/www.fjardhundraland.se\/wp-content\/uploads\/2012\/05\/krigsstigen-1024x682.jpg?resize=350%2C200&ssl=1","width":350,"height":200,"srcset":"https:\/\/i0.wp.com\/www.fjardhundraland.se\/wp-content\/uploads\/2012\/05\/krigsstigen-1024x682.jpg?resize=350%2C200&ssl=1 1x, https:\/\/i0.wp.com\/www.fjardhundraland.se\/wp-content\/uploads\/2012\/05\/krigsstigen-1024x682.jpg?resize=525%2C300&ssl=1 1.5x"},"classes":[]},{"id":1257,"url":"https:\/\/www.fjardhundraland.se\/es\/gardsbutiker\/2013\/varen-planerad-i-dunderbo\/","url_meta":{"origin":933,"position":5},"title":"Primavera prevista en Dunderbo","author":"Mats Thorburn","date":"17 marzo 2013","format":false,"excerpt":"El calendario de primavera ya est\u00e1 actualizado en Dunderbo Ljus &amp; Hantverk. Eche un vistazo y planifique una visita.","rel":"","context":"En \u00ab\u00c4ldre inl\u00e4gg\u00bb","block_context":{"text":"\u00c4ldre inl\u00e4gg","link":"https:\/\/www.fjardhundraland.se\/es\/aldre-inlagg\/"},"img":{"alt_text":"","src":"","width":0,"height":0},"classes":[]}],"jetpack_sharing_enabled":true,"_links":{"self":[{"href":"https:\/\/www.fjardhundraland.se\/es\/wp-json\/wp\/v2\/posts\/933","targetHints":{"allow":["GET"]}}],"collection":[{"href":"https:\/\/www.fjardhundraland.se\/es\/wp-json\/wp\/v2\/posts"}],"about":[{"href":"https:\/\/www.fjardhundraland.se\/es\/wp-json\/wp\/v2\/types\/post"}],"author":[{"embeddable":true,"href":"https:\/\/www.fjardhundraland.se\/es\/wp-json\/wp\/v2\/users\/4"}],"replies":[{"embeddable":true,"href":"https:\/\/www.fjardhundraland.se\/es\/wp-json\/wp\/v2\/comments?post=933"}],"version-history":[{"count":1,"href":"https:\/\/www.fjardhundraland.se\/es\/wp-json\/wp\/v2\/posts\/933\/revisions"}],"predecessor-version":[{"id":19721,"href":"https:\/\/www.fjardhundraland.se\/es\/wp-json\/wp\/v2\/posts\/933\/revisions\/19721"}],"wp:attachment":[{"href":"https:\/\/www.fjardhundraland.se\/es\/wp-json\/wp\/v2\/media?parent=933"}],"wp:term":[{"taxonomy":"category","embeddable":true,"href":"https:\/\/www.fjardhundraland.se\/es\/wp-json\/wp\/v2\/categories?post=933"},{"taxonomy":"post_tag","embeddable":true,"href":"https:\/\/www.fjardhundraland.se\/es\/wp-json\/wp\/v2\/tags?post=933"}],"curies":[{"name":"wp","href":"https:\/\/api.w.org\/{rel}","templated":true}]}}