
{"id":920,"date":"2012-04-30T08:00:00","date_gmt":"2012-04-30T06:00:00","guid":{"rendered":"http:\/\/www.fjardhundraland.se\/?p=920"},"modified":"2026-02-05T13:41:12","modified_gmt":"2026-02-05T12:41:12","slug":"comida-musica-y-hastar-de-portugal","status":"publish","type":"post","link":"https:\/\/www.fjardhundraland.se\/es\/mat\/2012\/mat-musik-och-hastar-fran-portugal\/","title":{"rendered":"Comida, m\u00fasica y caballos de Portugal"},"content":{"rendered":"<p>El 12 de mayo podr\u00e1 asistir a la velada portuguesa, con degustaci\u00f3n de vinos, cena portuguesa de tres platos y caballos lusitanos. Lugar: granja de caballos y cursos Rotbrunna. M\u00e1s informaci\u00f3n en <a title=\"Centro ecuestre y de adiestramiento de Rotbrunna\" href=\"https:\/\/www.rotbrunna.se\/\" target=\"_blank\" rel=\"noopener\">rotbrunna.se<\/a>.<\/p>\n<p>&nbsp;<\/p>","protected":false},"excerpt":{"rendered":"<p>El 12 de mayo podr\u00e1 asistir a la velada portuguesa, con degustaci\u00f3n de vinos, cena portuguesa de tres platos y caballos lusitanos. Lugar: Centro ecuestre y de adiestramiento de Rotbrunna. M\u00e1s informaci\u00f3n en rotbrunna.se. &nbsp;<\/p>","protected":false},"author":1,"featured_media":0,"comment_status":"open","ping_status":"open","sticky":false,"template":"","format":"standard","meta":{"_acf_changed":false,"_relevanssi_hide_post":"","_relevanssi_hide_content":"","_relevanssi_pin_for_all":"","_relevanssi_pin_keywords":"","_relevanssi_unpin_keywords":"","_relevanssi_related_keywords":"","_relevanssi_related_include_ids":"","_relevanssi_related_exclude_ids":"","_relevanssi_related_no_append":"","_relevanssi_related_not_related":"","_relevanssi_related_posts":"","_relevanssi_noindex_reason":"Rank Math Uteslut fr\u00e5n Relevanssi index","_genesis_hide_title":false,"_genesis_hide_breadcrumbs":false,"_genesis_hide_singular_image":false,"_genesis_hide_footer_widgets":false,"_genesis_custom_body_class":"","_genesis_custom_post_class":"","_genesis_layout":"","_jetpack_memberships_contains_paid_content":false,"footnotes":""},"categories":[353,22,25],"tags":[352],"class_list":{"0":"post-920","1":"post","2":"type-post","3":"status-publish","4":"format-standard","6":"category-aldre-inlagg","7":"category-mat","8":"category-upplevelser","9":"tag-aldre-inlagg","10":"entry"},"acf":[],"visa":null,"geo_latitude":null,"geo_longitude":null,"jetpack_featured_media_url":"","featured_image_src":null,"featured_image_src_square":null,"author_info":{"display_name":"Mats Thorburn","author_link":"https:\/\/www.fjardhundraland.se\/es\/author\/matst\/"},"jetpack-related-posts":[{"id":546,"url":"https:\/\/www.fjardhundraland.se\/es\/djur\/2011\/ridlektioner-i-harmoni-med-hasten\/","url_meta":{"origin":920,"position":0},"title":"Clases de equitaci\u00f3n en armon\u00eda con el caballo","author":"Mats Thorburn","date":"6 agosto 2011","format":false,"excerpt":"En la granja de caballos Rotbrunna podr\u00e1 desarrollar sus habilidades ecuestres mediante clases y cursos sobre el caballo taurino portugu\u00e9s Lusitano.","rel":"","context":"En \u00ab\u00c4ldre inl\u00e4gg\u00bb","block_context":{"text":"\u00c4ldre inl\u00e4gg","link":"https:\/\/www.fjardhundraland.se\/es\/aldre-inlagg\/"},"img":{"alt_text":"Delicada, Lusitano p\u00e5 Rotbrunna h\u00e4stg\u00e5rd","src":"https:\/\/i0.wp.com\/www.fjardhundraland.se\/wp-content\/uploads\/2011\/08\/delicada1-630x840.jpg?resize=350%2C200&ssl=1","width":350,"height":200,"srcset":"https:\/\/i0.wp.com\/www.fjardhundraland.se\/wp-content\/uploads\/2011\/08\/delicada1-630x840.jpg?resize=350%2C200&ssl=1 1x, https:\/\/i0.wp.com\/www.fjardhundraland.se\/wp-content\/uploads\/2011\/08\/delicada1-630x840.jpg?resize=525%2C300&ssl=1 1.5x"},"classes":[]},{"id":2294,"url":"https:\/\/www.fjardhundraland.se\/es\/mat\/2014\/sondagsutflykt-med-hast-och-vagn\/","url_meta":{"origin":920,"position":1},"title":"\"Excursi\u00f3n dominical\" en coche de caballos","author":"Mats Thorburn","date":"21 mayo 2014","format":false,"excerpt":"El D\u00eda de la Madre y el D\u00eda de la Ascensi\u00f3n, podr\u00e1 dar un paseo en Fj\u00e4rdhundraland, a paso lento en coche de caballos. Por el camino almorzar\u00e1s en la cafeter\u00eda Forsby kvarn y tomar\u00e1s el caf\u00e9 de la tarde en la panader\u00eda de la granja de la abuela Elsa. Organiza: H\u00e4stkraft Fj\u00e4rdhundra.","rel":"","context":"En \u00ab\u00c4ldre inl\u00e4gg\u00bb","block_context":{"text":"\u00c4ldre inl\u00e4gg","link":"https:\/\/www.fjardhundraland.se\/es\/aldre-inlagg\/"},"img":{"alt_text":"","src":"","width":0,"height":0},"classes":[]},{"id":463,"url":"https:\/\/www.fjardhundraland.se\/es\/externt\/2011\/med-nordsvensk-hast-och-vagn\/","url_meta":{"origin":920,"position":2},"title":"En coche de caballos del norte de Suecia","author":"Mats Thorburn","date":"26 julio 2011","format":false,"excerpt":"D\u00e9 un paseo en coche de caballos en Fj\u00e4rdhundraland. H\u00e4stkraft Fj\u00e4rdhundra conduce con caballos del norte de Suecia para un viaje m\u00e1s corto o m\u00e1s largo, con comida o caf\u00e9.","rel":"","context":"En \u00ab\u00c4ldre inl\u00e4gg\u00bb","block_context":{"text":"\u00c4ldre inl\u00e4gg","link":"https:\/\/www.fjardhundraland.se\/es\/aldre-inlagg\/"},"img":{"alt_text":"","src":"https:\/\/i0.wp.com\/hastkraftfjardhundra.se\/069.JPG-for-web-large.jpg?resize=350%2C200&ssl=1","width":350,"height":200,"srcset":"https:\/\/i0.wp.com\/hastkraftfjardhundra.se\/069.JPG-for-web-large.jpg?resize=350%2C200&ssl=1 1x, https:\/\/i0.wp.com\/hastkraftfjardhundra.se\/069.JPG-for-web-large.jpg?resize=525%2C300&ssl=1 1.5x"},"classes":[]},{"id":719,"url":"https:\/\/www.fjardhundraland.se\/es\/djur\/2011\/uppvisning-och-saluvisning-av-lusitanohastar\/","url_meta":{"origin":920,"position":3},"title":"Jornada de puertas abiertas en Rotbrunna H\u00e4st &amp; Kursg\u00e5rd","author":"Mats Thorburn","date":"27 noviembre 2011","format":false,"excerpt":"El s\u00e1bado 3 de diciembre a las 15.00-17.00 podr\u00e1 visitar Rotbrunna H\u00e4st &amp; Kursg\u00e5rd y su nueva gran sala de equitaci\u00f3n. Presentaci\u00f3n del caballo lusitano y de las actividades en la granja. Venta de caballos j\u00f3venes y demostraci\u00f3n de equitaci\u00f3n acad\u00e9mica. Rotbrunna recibir\u00e1 la visita de Tiago Albergaria, de la yeguada Entre Tejo e Sorraia de Portugal, que tambi\u00e9n impartir\u00e1 un clinic de doma...","rel":"","context":"En \u00ab\u00c4ldre inl\u00e4gg\u00bb","block_context":{"text":"\u00c4ldre inl\u00e4gg","link":"https:\/\/www.fjardhundraland.se\/es\/aldre-inlagg\/"},"img":{"alt_text":"Nya stallet Rotbrunna","src":"https:\/\/i0.wp.com\/fbcdn-sphotos-a.akamaihd.net\/hphotos-ak-ash4\/s720x720\/308198_312797062066800_290968917582948_1277406_1473628709_n.jpg?resize=350%2C200&ssl=1","width":350,"height":200,"srcset":"https:\/\/i0.wp.com\/fbcdn-sphotos-a.akamaihd.net\/hphotos-ak-ash4\/s720x720\/308198_312797062066800_290968917582948_1277406_1473628709_n.jpg?resize=350%2C200&ssl=1 1x, https:\/\/i0.wp.com\/fbcdn-sphotos-a.akamaihd.net\/hphotos-ak-ash4\/s720x720\/308198_312797062066800_290968917582948_1277406_1473628709_n.jpg?resize=525%2C300&ssl=1 1.5x"},"classes":[]},{"id":1229,"url":"https:\/\/www.fjardhundraland.se\/es\/externt\/2012\/oppet-hus-for-djurvanner\/","url_meta":{"origin":920,"position":4},"title":"Jornada de puertas abiertas para los amantes de los animales","author":"Mats Thorburn","date":"10 noviembre 2012","format":false,"excerpt":"\u00a1Este domingo es el d\u00eda de puertas abiertas en el Centro Veterinario del Distrito en Fj\u00e4rdhundra! Descuentos muy favorables en todo, desde comida hasta cajas de emergencia para perros, gatos y caballos. Caf\u00e9 y boller\u00eda casera. La ronda de consejos te guiar\u00e1 por toda la recepci\u00f3n. \u00a1Bienvenido a las 12-16! Mostrar mapa m\u00e1s grande","rel":"","context":"En \u00ab\u00c4ldre inl\u00e4gg\u00bb","block_context":{"text":"\u00c4ldre inl\u00e4gg","link":"https:\/\/www.fjardhundraland.se\/es\/aldre-inlagg\/"},"img":{"alt_text":"","src":"https:\/\/i0.wp.com\/fbcdn-sphotos-c-a.akamaihd.net\/hphotos-ak-ash3\/527719_355690774517095_618485706_n.jpg?resize=350%2C200&ssl=1","width":350,"height":200,"srcset":"https:\/\/i0.wp.com\/fbcdn-sphotos-c-a.akamaihd.net\/hphotos-ak-ash3\/527719_355690774517095_618485706_n.jpg?resize=350%2C200&ssl=1 1x, https:\/\/i0.wp.com\/fbcdn-sphotos-c-a.akamaihd.net\/hphotos-ak-ash3\/527719_355690774517095_618485706_n.jpg?resize=525%2C300&ssl=1 1.5x"},"classes":[]},{"id":3568,"url":"https:\/\/www.fjardhundraland.se\/es\/mat\/2016\/mat-manniskor-2016\/","url_meta":{"origin":920,"position":5},"title":"Alimentos y personas 2016","author":"Mats Thorburn","date":"6 septiembre 2016","format":false,"excerpt":"El domingo 25 de septiembre de 2016, de 11:00 a 17:00, \u00a1es la hora de Food &amp; People! Recorrer\u00e1s las hermosas callejuelas del Fj\u00e4rdhundraland de lugar en lugar, comiendo y picoteando, probando la comida - y conociendo a la gente que hay detr\u00e1s. Aqu\u00ed tienes el men\u00fa y el mapa. \u00bfDif\u00edcil de encontrar? Aqu\u00ed tienes direcciones, coordenadas e indicaciones para llegar. As\u00ed se hace: Imprime...","rel":"","context":"En \u00abMat\u00bb","block_context":{"text":"Mat","link":"https:\/\/www.fjardhundraland.se\/es\/mat\/"},"img":{"alt_text":"","src":"https:\/\/i0.wp.com\/www.fjardhundraland.se\/wp-content\/uploads\/2016\/09\/mmfb.jpg?resize=350%2C200&ssl=1","width":350,"height":200,"srcset":"https:\/\/i0.wp.com\/www.fjardhundraland.se\/wp-content\/uploads\/2016\/09\/mmfb.jpg?resize=350%2C200&ssl=1 1x, https:\/\/i0.wp.com\/www.fjardhundraland.se\/wp-content\/uploads\/2016\/09\/mmfb.jpg?resize=525%2C300&ssl=1 1.5x, https:\/\/i0.wp.com\/www.fjardhundraland.se\/wp-content\/uploads\/2016\/09\/mmfb.jpg?resize=700%2C400&ssl=1 2x, https:\/\/i0.wp.com\/www.fjardhundraland.se\/wp-content\/uploads\/2016\/09\/mmfb.jpg?resize=1050%2C600&ssl=1 3x"},"classes":[]}],"jetpack_sharing_enabled":true,"_links":{"self":[{"href":"https:\/\/www.fjardhundraland.se\/es\/wp-json\/wp\/v2\/posts\/920","targetHints":{"allow":["GET"]}}],"collection":[{"href":"https:\/\/www.fjardhundraland.se\/es\/wp-json\/wp\/v2\/posts"}],"about":[{"href":"https:\/\/www.fjardhundraland.se\/es\/wp-json\/wp\/v2\/types\/post"}],"author":[{"embeddable":true,"href":"https:\/\/www.fjardhundraland.se\/es\/wp-json\/wp\/v2\/users\/1"}],"replies":[{"embeddable":true,"href":"https:\/\/www.fjardhundraland.se\/es\/wp-json\/wp\/v2\/comments?post=920"}],"version-history":[{"count":1,"href":"https:\/\/www.fjardhundraland.se\/es\/wp-json\/wp\/v2\/posts\/920\/revisions"}],"predecessor-version":[{"id":19723,"href":"https:\/\/www.fjardhundraland.se\/es\/wp-json\/wp\/v2\/posts\/920\/revisions\/19723"}],"wp:attachment":[{"href":"https:\/\/www.fjardhundraland.se\/es\/wp-json\/wp\/v2\/media?parent=920"}],"wp:term":[{"taxonomy":"category","embeddable":true,"href":"https:\/\/www.fjardhundraland.se\/es\/wp-json\/wp\/v2\/categories?post=920"},{"taxonomy":"post_tag","embeddable":true,"href":"https:\/\/www.fjardhundraland.se\/es\/wp-json\/wp\/v2\/tags?post=920"}],"curies":[{"name":"wp","href":"https:\/\/api.w.org\/{rel}","templated":true}]}}