
{"id":7448,"date":"2020-12-01T07:00:00","date_gmt":"2020-12-01T06:00:00","guid":{"rendered":"https:\/\/www.fjardhundraland.se\/?p=7448"},"modified":"2026-02-05T13:42:56","modified_gmt":"2026-02-05T12:42:56","slug":"navidad-en-fjardhundraland-2020","status":"publish","type":"post","link":"https:\/\/www.fjardhundraland.se\/es\/inlagg\/2020\/jul-i-fjardhundraland-2020\/","title":{"rendered":"Navidad en Fj\u00e4rdhundraland 2020"},"content":{"rendered":"<p><strong>2020 es un a\u00f1o sin mercados navide\u00f1os, pero con m\u00e1s Navidad. \u00a1Haz un viaje en Fj\u00e4rdhundraland!<\/strong><\/p>\n\n\n\n<p>En los dos \u00faltimos a\u00f1os, Fj\u00e4rdhundraland ha terminado el a\u00f1o por todo lo alto. Ha habido un mercado navide\u00f1o en los castillos de Salnecke y Wik, miles de visitantes y mucha comida y artesan\u00eda local: festivo y concurrido, abarrotado y encantador. Exactamente lo que menos queremos en 2020.<\/p>\n\n\n\n<p>Pero, \u00bfqu\u00e9 hacemos este a\u00f1o, cuando m\u00e1s que nunca queremos comida local en la mesa, y estamos encantados de hacer un esfuerzo adicional para conseguir buena calidad al tiempo que ayudamos a un peque\u00f1o empresario local a llevar comida a su mesa navide\u00f1a? <\/p>\n\n\n\n<h3 class=\"wp-block-heading\">La Navidad est\u00e1 en Fj\u00e4rdhundraland<\/h3>\n\n\n\n<p>Todo lo que vio en los mercados navide\u00f1os del castillo de Salnecke y el castillo de Wik el a\u00f1o pasado y el anterior, tambi\u00e9n est\u00e1 all\u00ed ahora. En cierto modo, es incluso mejor, porque tienes la oportunidad de ir al lugar donde se cultivan y cr\u00edan los alimentos, hablar con el propio agricultor y con alguien que realmente sabe lo que hace. Trae tus botas y siente la bonnlera de Uppland ? All\u00ed es donde crecen los alimentos.<\/p>\n\n\n\n<h3 class=\"wp-block-heading\">Un mercado navide\u00f1o sobre ruedas<\/h3>\n\n\n\n<p>En todo el Fj\u00e4rdhundraland hay granjas y cafeter\u00edas abiertas para usted estas Navidades. Aprovecha la oportunidad de llenar tu mesa y tu casa con mejores alimentos y regalos que importan. <\/p>\n\n\n\n<p><a href=\"https:\/\/www.fjardhundraland.se\/nu\/\" class=\"rank-math-link\">Estos son algunos consejos sobre lo que ocurre en v\u00edsperas de Navidad<\/a>.<\/p>","protected":false},"excerpt":{"rendered":"<p>2020 \u00e4r ett \u00e5r utan julmarknader, men med extra mycket jul. G\u00f6r en utflykt i Fj\u00e4rdhundraland! De senaste tv\u00e5 \u00e5ren har Fj\u00e4rdhundraland avslutat \u00e5ret med en fanfar! Det har varit julmarknad p\u00e5 Salnecke slott och Wiks slott, tusentals bes\u00f6kare och massor med lokalt mathantverk och hantverk \u2013 festligt och fullsatt, tr\u00e5ngt och h\u00e4rligt. Allts\u00e5 precis [&hellip;]<\/p>\n","protected":false},"author":1,"featured_media":7424,"comment_status":"closed","ping_status":"closed","sticky":false,"template":"","format":"standard","meta":{"_acf_changed":false,"_relevanssi_hide_post":"","_relevanssi_hide_content":"","_relevanssi_pin_for_all":"","_relevanssi_pin_keywords":"","_relevanssi_unpin_keywords":"","_relevanssi_related_keywords":"","_relevanssi_related_include_ids":"","_relevanssi_related_exclude_ids":"","_relevanssi_related_no_append":"","_relevanssi_related_not_related":"","_relevanssi_related_posts":"","_relevanssi_noindex_reason":"","_genesis_hide_title":false,"_genesis_hide_breadcrumbs":false,"_genesis_hide_singular_image":false,"_genesis_hide_footer_widgets":false,"_genesis_custom_body_class":"","_genesis_custom_post_class":"","_genesis_layout":"","_jetpack_memberships_contains_paid_content":false,"footnotes":""},"categories":[353,1],"tags":[],"class_list":{"0":"post-7448","1":"post","2":"type-post","3":"status-publish","4":"format-standard","5":"has-post-thumbnail","7":"category-aldre-inlagg","8":"category-inlagg","9":"entry"},"acf":[],"visa":null,"geo_latitude":null,"geo_longitude":null,"jetpack_featured_media_url":"https:\/\/www.fjardhundraland.se\/wp-content\/uploads\/2020\/12\/saffransbrod-1963979.jpg","featured_image_src":"https:\/\/www.fjardhundraland.se\/wp-content\/uploads\/2020\/12\/saffransbrod-1963979.jpg","featured_image_src_square":"https:\/\/www.fjardhundraland.se\/wp-content\/uploads\/2020\/12\/saffransbrod-1963979.jpg","author_info":{"display_name":"Mats Thorburn","author_link":"https:\/\/www.fjardhundraland.se\/es\/author\/matst\/"},"jetpack-related-posts":[{"id":5439,"url":"https:\/\/www.fjardhundraland.se\/es\/marknad-2\/2018\/julmarknad-salnecke-slott-2018\/","url_meta":{"origin":7448,"position":0},"title":"Mercado navide\u00f1o en el castillo de Salnecke","author":"Mats Thorburn","date":"7 noviembre 2018","format":false,"excerpt":"\u00a1El 16 de diciembre a las 11-16 es el estreno del nuevo mercado navide\u00f1o en el castillo de Salnecke, \u00d6rsundsbro! En el gran invernadero situado bajo el castillo, se servir\u00e1n productos artesanales hist\u00f3ricos y modernos para la mesa navide\u00f1a: queso, salchichas, pan, Upplandskubb. Adem\u00e1s, complementamos con artesan\u00eda local de alto nivel y actividades alrededor del castillo. Un castillo del siglo XVII en...","rel":"","context":"En \u00abMarknad\u00bb","block_context":{"text":"Marknad","link":"https:\/\/www.fjardhundraland.se\/es\/marknad-2\/"},"img":{"alt_text":"Salnecke julmarknad","src":"https:\/\/i0.wp.com\/www.fjardhundraland.se\/wp-content\/uploads\/2018\/11\/salnecke-julmarknad.jpg?resize=350%2C200&ssl=1","width":350,"height":200,"srcset":"https:\/\/i0.wp.com\/www.fjardhundraland.se\/wp-content\/uploads\/2018\/11\/salnecke-julmarknad.jpg?resize=350%2C200&ssl=1 1x, https:\/\/i0.wp.com\/www.fjardhundraland.se\/wp-content\/uploads\/2018\/11\/salnecke-julmarknad.jpg?resize=525%2C300&ssl=1 1.5x, https:\/\/i0.wp.com\/www.fjardhundraland.se\/wp-content\/uploads\/2018\/11\/salnecke-julmarknad.jpg?resize=700%2C400&ssl=1 2x, https:\/\/i0.wp.com\/www.fjardhundraland.se\/wp-content\/uploads\/2018\/11\/salnecke-julmarknad.jpg?resize=1050%2C600&ssl=1 3x, https:\/\/i0.wp.com\/www.fjardhundraland.se\/wp-content\/uploads\/2018\/11\/salnecke-julmarknad.jpg?resize=1400%2C800&ssl=1 4x"},"classes":[]},{"id":19177,"url":"https:\/\/www.fjardhundraland.se\/es\/inlagg\/2025\/jul-i-fjardhundraland-2025\/","url_meta":{"origin":7448,"position":1},"title":"Navidad en Fj\u00e4rdhundraland 2025","author":"Mats Thorburn","date":"20 noviembre 2025","format":false,"excerpt":"Mercadillos navide\u00f1os, mesas navide\u00f1as, acogedores caf\u00e9s y hermosos paseos invernales: en Fj\u00e4rdhundraland hay muchas formas de contagiarse del esp\u00edritu navide\u00f1o. Aqu\u00ed podr\u00e1 encontrar alimentos de primera calidad producidos localmente para realzar su mesa navide\u00f1a, encontrar regalos especiales de Navidad y experimentar los sabores del Adviento. Esp\u00edritu navide\u00f1o en el campo Muchos de los miembros de Fj\u00e4rdhundraland est\u00e1n abiertos durante diciembre,...","rel":"","context":"En \u00abInl\u00e4gg\u00bb","block_context":{"text":"Inl\u00e4gg","link":"https:\/\/www.fjardhundraland.se\/es\/inlagg\/"},"img":{"alt_text":"","src":"https:\/\/i0.wp.com\/www.fjardhundraland.se\/wp-content\/uploads\/2025\/11\/image0-edited.jpeg?resize=350%2C200&ssl=1","width":350,"height":200,"srcset":"https:\/\/i0.wp.com\/www.fjardhundraland.se\/wp-content\/uploads\/2025\/11\/image0-edited.jpeg?resize=350%2C200&ssl=1 1x, https:\/\/i0.wp.com\/www.fjardhundraland.se\/wp-content\/uploads\/2025\/11\/image0-edited.jpeg?resize=525%2C300&ssl=1 1.5x, https:\/\/i0.wp.com\/www.fjardhundraland.se\/wp-content\/uploads\/2025\/11\/image0-edited.jpeg?resize=700%2C400&ssl=1 2x, https:\/\/i0.wp.com\/www.fjardhundraland.se\/wp-content\/uploads\/2025\/11\/image0-edited.jpeg?resize=1050%2C600&ssl=1 3x"},"classes":[]},{"id":6890,"url":"https:\/\/www.fjardhundraland.se\/es\/utflykt\/2020\/boka-hemester-i-fjardhundraland\/","url_meta":{"origin":7448,"position":2},"title":"Reserve su casa de vacaciones en Fj\u00e4rdhundraland 2020","author":"Mats Thorburn","date":"29 mayo 2020","format":false,"excerpt":"Fj\u00e4rdhundraland es el ganador del Stora Turismpriset 2019, que re\u00fane una gran cantidad de naturaleza, cultura y artesan\u00eda gastron\u00f3mica local convenientemente a una hora de Estocolmo. Es el destino veraniego perfecto para una escapada urbana, con tiempo suficiente para varios d\u00edas de aventuras campestres. Reserve su alojamiento y l\u00e1ncese a explorar. I...","rel":"","context":"En \u00ab\u00c4ldre inl\u00e4gg\u00bb","block_context":{"text":"\u00c4ldre inl\u00e4gg","link":"https:\/\/www.fjardhundraland.se\/es\/aldre-inlagg\/"},"img":{"alt_text":"","src":"https:\/\/i0.wp.com\/www.fjardhundraland.se\/wp-content\/uploads\/2020\/05\/img_20200527_200216.jpg?resize=350%2C200&ssl=1","width":350,"height":200,"srcset":"https:\/\/i0.wp.com\/www.fjardhundraland.se\/wp-content\/uploads\/2020\/05\/img_20200527_200216.jpg?resize=350%2C200&ssl=1 1x, https:\/\/i0.wp.com\/www.fjardhundraland.se\/wp-content\/uploads\/2020\/05\/img_20200527_200216.jpg?resize=525%2C300&ssl=1 1.5x, https:\/\/i0.wp.com\/www.fjardhundraland.se\/wp-content\/uploads\/2020\/05\/img_20200527_200216.jpg?resize=700%2C400&ssl=1 2x, https:\/\/i0.wp.com\/www.fjardhundraland.se\/wp-content\/uploads\/2020\/05\/img_20200527_200216.jpg?resize=1050%2C600&ssl=1 3x, https:\/\/i0.wp.com\/www.fjardhundraland.se\/wp-content\/uploads\/2020\/05\/img_20200527_200216.jpg?resize=1400%2C800&ssl=1 4x"},"classes":[]},{"id":10641,"url":"https:\/\/www.fjardhundraland.se\/es\/inlagg\/2022\/nya-samarbeten-kring-narproducerad-mat-i-uppland-2\/","url_meta":{"origin":7448,"position":3},"title":"Nuevas colaboraciones sobre alimentos producidos localmente en Uppland","author":"Mats Thorburn","date":"13 junio 2022","format":false,"excerpt":"Fj\u00e4rdhundraland dirigi\u00f3 el proyecto Nuevas colaboraciones en alimentos producidos localmente en Uppland. Los socios -adem\u00e1s de Fj\u00e4rdhundraland- son Smaka p\u00e5 V\u00e4stmanland, Bondens mat i Uppland y los anillos REKO de Uppsala y Enk\u00f6ping. La idea del proyecto era establecer una cooperaci\u00f3n entre varias redes diferentes de productores de alimentos. Como parte del proyecto, organizamos un acto de creaci\u00f3n de redes de...","rel":"","context":"En \u00ab\u00c4ldre inl\u00e4gg\u00bb","block_context":{"text":"\u00c4ldre inl\u00e4gg","link":"https:\/\/www.fjardhundraland.se\/es\/aldre-inlagg\/"},"img":{"alt_text":"","src":"https:\/\/i0.wp.com\/www.fjardhundraland.se\/wp-content\/uploads\/2022\/06\/img-6445.jpg?resize=350%2C200&ssl=1","width":350,"height":200,"srcset":"https:\/\/i0.wp.com\/www.fjardhundraland.se\/wp-content\/uploads\/2022\/06\/img-6445.jpg?resize=350%2C200&ssl=1 1x, https:\/\/i0.wp.com\/www.fjardhundraland.se\/wp-content\/uploads\/2022\/06\/img-6445.jpg?resize=525%2C300&ssl=1 1.5x, https:\/\/i0.wp.com\/www.fjardhundraland.se\/wp-content\/uploads\/2022\/06\/img-6445.jpg?resize=700%2C400&ssl=1 2x, https:\/\/i0.wp.com\/www.fjardhundraland.se\/wp-content\/uploads\/2022\/06\/img-6445.jpg?resize=1050%2C600&ssl=1 3x, https:\/\/i0.wp.com\/www.fjardhundraland.se\/wp-content\/uploads\/2022\/06\/img-6445.jpg?resize=1400%2C800&ssl=1 4x"},"classes":[]},{"id":7937,"url":"https:\/\/www.fjardhundraland.se\/es\/upplevelser\/2021\/upplevelsepaket\/","url_meta":{"origin":7448,"position":4},"title":"Paquetes de experiencias","author":"Mats Thorburn","date":"31 marzo 2021","format":false,"excerpt":"Ahora estamos invirtiendo en m\u00e1s experiencias ya preparadas en Fj\u00e4rdhundraland, donde puede reservar todo en uno, incluido el alojamiento, la comida y las actividades. El jard\u00edn secreto: de la idea a la realidad En Ramsj\u00f6 G\u00e5rd podr\u00e1 pasar dos d\u00edas aprendiendo a planificar, dar estilo y decorar su terraza, balc\u00f3n u orangery....","rel":"","context":"En \u00abPaketresor\u00bb","block_context":{"text":"Paketresor","link":"https:\/\/www.fjardhundraland.se\/es\/paketresor\/"},"img":{"alt_text":"","src":"https:\/\/i0.wp.com\/www.fjardhundraland.se\/wp-content\/uploads\/2020\/06\/wiks_slott_foto_vasilis_theodorou.jpg?resize=350%2C200&ssl=1","width":350,"height":200,"srcset":"https:\/\/i0.wp.com\/www.fjardhundraland.se\/wp-content\/uploads\/2020\/06\/wiks_slott_foto_vasilis_theodorou.jpg?resize=350%2C200&ssl=1 1x, https:\/\/i0.wp.com\/www.fjardhundraland.se\/wp-content\/uploads\/2020\/06\/wiks_slott_foto_vasilis_theodorou.jpg?resize=525%2C300&ssl=1 1.5x, https:\/\/i0.wp.com\/www.fjardhundraland.se\/wp-content\/uploads\/2020\/06\/wiks_slott_foto_vasilis_theodorou.jpg?resize=700%2C400&ssl=1 2x, https:\/\/i0.wp.com\/www.fjardhundraland.se\/wp-content\/uploads\/2020\/06\/wiks_slott_foto_vasilis_theodorou.jpg?resize=1050%2C600&ssl=1 3x, https:\/\/i0.wp.com\/www.fjardhundraland.se\/wp-content\/uploads\/2020\/06\/wiks_slott_foto_vasilis_theodorou.jpg?resize=1400%2C800&ssl=1 4x"},"classes":[]},{"id":5950,"url":"https:\/\/www.fjardhundraland.se\/es\/utflykt\/2022\/o-ringen-uppsala-2022-utflykter-aktiviteter\/","url_meta":{"origin":7448,"position":5},"title":"Juntas t\u00f3ricas Uppsala 2022","author":"Mats Thorburn","date":"1 junio 2022","format":false,"excerpt":"O-ringen Uppsala - excursiones, actividades y destinos tur\u00edsticos \u00bfEst\u00e1 en el O-ringen Uppsala y planea una excursi\u00f3n? A un corto trayecto en coche o bicicleta, encontrar\u00e1s Fj\u00e4rdhundraland, la tierra entre Uppsala, V\u00e4ster\u00e5s, Enk\u00f6ping y Estocolmo, con lo mejor de la naturaleza, la gastronom\u00eda y la cultura. \u00a1Una Toscana en miniatura a una c\u00f3moda distancia de la ciudad del anillo O! 29 plazas...","rel":"","context":"En \u00abUtflykt\u00bb","block_context":{"text":"Utflykt","link":"https:\/\/www.fjardhundraland.se\/es\/utflykt\/"},"img":{"alt_text":"Orientering Oringen Uppsala aktivitetsdag","src":"https:\/\/i0.wp.com\/www.fjardhundraland.se\/wp-content\/uploads\/2022\/06\/orintering-oringen-uppsala-aktivitetsdag.jpg?resize=350%2C200&ssl=1","width":350,"height":200,"srcset":"https:\/\/i0.wp.com\/www.fjardhundraland.se\/wp-content\/uploads\/2022\/06\/orintering-oringen-uppsala-aktivitetsdag.jpg?resize=350%2C200&ssl=1 1x, https:\/\/i0.wp.com\/www.fjardhundraland.se\/wp-content\/uploads\/2022\/06\/orintering-oringen-uppsala-aktivitetsdag.jpg?resize=525%2C300&ssl=1 1.5x, https:\/\/i0.wp.com\/www.fjardhundraland.se\/wp-content\/uploads\/2022\/06\/orintering-oringen-uppsala-aktivitetsdag.jpg?resize=700%2C400&ssl=1 2x, https:\/\/i0.wp.com\/www.fjardhundraland.se\/wp-content\/uploads\/2022\/06\/orintering-oringen-uppsala-aktivitetsdag.jpg?resize=1050%2C600&ssl=1 3x, https:\/\/i0.wp.com\/www.fjardhundraland.se\/wp-content\/uploads\/2022\/06\/orintering-oringen-uppsala-aktivitetsdag.jpg?resize=1400%2C800&ssl=1 4x"},"classes":[]}],"jetpack_sharing_enabled":true,"_links":{"self":[{"href":"https:\/\/www.fjardhundraland.se\/es\/wp-json\/wp\/v2\/posts\/7448","targetHints":{"allow":["GET"]}}],"collection":[{"href":"https:\/\/www.fjardhundraland.se\/es\/wp-json\/wp\/v2\/posts"}],"about":[{"href":"https:\/\/www.fjardhundraland.se\/es\/wp-json\/wp\/v2\/types\/post"}],"author":[{"embeddable":true,"href":"https:\/\/www.fjardhundraland.se\/es\/wp-json\/wp\/v2\/users\/1"}],"replies":[{"embeddable":true,"href":"https:\/\/www.fjardhundraland.se\/es\/wp-json\/wp\/v2\/comments?post=7448"}],"version-history":[{"count":1,"href":"https:\/\/www.fjardhundraland.se\/es\/wp-json\/wp\/v2\/posts\/7448\/revisions"}],"predecessor-version":[{"id":19783,"href":"https:\/\/www.fjardhundraland.se\/es\/wp-json\/wp\/v2\/posts\/7448\/revisions\/19783"}],"wp:featuredmedia":[{"embeddable":true,"href":"https:\/\/www.fjardhundraland.se\/es\/wp-json\/wp\/v2\/media\/7424"}],"wp:attachment":[{"href":"https:\/\/www.fjardhundraland.se\/es\/wp-json\/wp\/v2\/media?parent=7448"}],"wp:term":[{"taxonomy":"category","embeddable":true,"href":"https:\/\/www.fjardhundraland.se\/es\/wp-json\/wp\/v2\/categories?post=7448"},{"taxonomy":"post_tag","embeddable":true,"href":"https:\/\/www.fjardhundraland.se\/es\/wp-json\/wp\/v2\/tags?post=7448"}],"curies":[{"name":"wp","href":"https:\/\/api.w.org\/{rel}","templated":true}]}}