
{"id":7284,"date":"2023-08-23T09:48:07","date_gmt":"2023-08-23T07:48:07","guid":{"rendered":"https:\/\/www.fjardhundraland.se\/?p=7284"},"modified":"2026-02-05T13:42:56","modified_gmt":"2026-02-05T12:42:56","slug":"food-tour-food-people","status":"publish","type":"post","link":"https:\/\/www.fjardhundraland.se\/es\/upplevelser\/2023\/matrundan-mat-manniskor\/","title":{"rendered":"Gastronom\u00eda Comida y gente"},"content":{"rendered":"<p><a class=\"rank-math-link\" href=\"https:\/\/www.fjardhundraland.se\/es\/matomanniskor\/\">Comida y gente<\/a> es la ruta gastron\u00f3mica de Fj\u00e4rdhundraland, en la que se visita a agricultores, artesanos de la alimentaci\u00f3n y otras personas relacionadas con los alimentos, se degusta la comida y se conoce a la gente.<\/p>\n\n\n\n<p>M\u00e1s informaci\u00f3n sobre la comida y la gente de este a\u00f1o en <a class=\"rank-math-link\" href=\"https:\/\/www.fjardhundraland.se\/es\/matomanniskor\/\">el sitio web de food tour<\/a>!<\/p>","protected":false},"excerpt":{"rendered":"<p>Food &amp; People es la gira gastron\u00f3mica de Fj\u00e4rdhundraland, en la que se visita a agricultores, artesanos y otras personas relacionadas con la alimentaci\u00f3n, se degusta la comida y se conoce a la gente. Para m\u00e1s informaci\u00f3n sobre los alimentos y la gente de este a\u00f1o, visita el sitio web de la gira.<\/p>","protected":false},"author":1,"featured_media":5402,"comment_status":"closed","ping_status":"closed","sticky":false,"template":"","format":"standard","meta":{"_acf_changed":false,"_relevanssi_hide_post":"","_relevanssi_hide_content":"","_relevanssi_pin_for_all":"","_relevanssi_pin_keywords":"","_relevanssi_unpin_keywords":"","_relevanssi_related_keywords":"","_relevanssi_related_include_ids":"","_relevanssi_related_exclude_ids":"","_relevanssi_related_no_append":"","_relevanssi_related_not_related":"","_relevanssi_related_posts":"16533,16405,4687,5416,3568,6249","_relevanssi_noindex_reason":"","_genesis_hide_title":false,"_genesis_hide_breadcrumbs":false,"_genesis_hide_singular_image":false,"_genesis_hide_footer_widgets":false,"_genesis_custom_body_class":"","_genesis_custom_post_class":"","_genesis_layout":"","_jetpack_memberships_contains_paid_content":false,"footnotes":""},"categories":[353,253,25,87],"tags":[],"class_list":{"0":"post-7284","1":"post","2":"type-post","3":"status-publish","4":"format-standard","5":"has-post-thumbnail","7":"category-aldre-inlagg","8":"category-mat-manniskor","9":"category-upplevelser","10":"category-utflykt","11":"entry"},"acf":[],"visa":null,"geo_latitude":null,"geo_longitude":null,"jetpack_featured_media_url":"https:\/\/www.fjardhundraland.se\/wp-content\/uploads\/2018\/08\/mat-macc88nniskor-rocc88dbetor.jpg","featured_image_src":"https:\/\/www.fjardhundraland.se\/wp-content\/uploads\/2018\/08\/mat-macc88nniskor-rocc88dbetor.jpg","featured_image_src_square":"https:\/\/www.fjardhundraland.se\/wp-content\/uploads\/2018\/08\/mat-macc88nniskor-rocc88dbetor.jpg","author_info":{"display_name":"Mats Thorburn","author_link":"https:\/\/www.fjardhundraland.se\/es\/author\/matst\/"},"jetpack-related-posts":[{"id":16533,"url":"https:\/\/www.fjardhundraland.se\/es\/press\/2024\/maten-manniskorna-varda-resa\/","url_meta":{"origin":7284,"position":0},"title":"La comida y la gente por las que merece la pena viajar","author":"Mats Thorburn","date":"11 septiembre 2024","format":false,"excerpt":"Es la hora de la fiesta de la cosecha de Fj\u00e4rdhundraland Prepare sus neveras y aseg\u00farese de tener mucha hambre. El s\u00e1bado 21 de septiembre llega uno de los platos fuertes de Fj\u00e4rdhundraland: la ruta gastron\u00f3mica Food &amp; People. Podr\u00e1s viajar y probar tantos sabores diferentes como puedas.   El destino Fj\u00e4rdhundraland est\u00e1 creciendo como la espuma. M\u00e1s de...","rel":"","context":"En \u00abPress\u00bb","block_context":{"text":"Press","link":"https:\/\/www.fjardhundraland.se\/es\/press\/"},"img":{"alt_text":"","src":"https:\/\/i0.wp.com\/www.fjardhundraland.se\/wp-content\/uploads\/2024\/09\/mat-manniskor-pa-resta-gard-5.jpg?resize=350%2C200&ssl=1","width":350,"height":200,"srcset":"https:\/\/i0.wp.com\/www.fjardhundraland.se\/wp-content\/uploads\/2024\/09\/mat-manniskor-pa-resta-gard-5.jpg?resize=350%2C200&ssl=1 1x, https:\/\/i0.wp.com\/www.fjardhundraland.se\/wp-content\/uploads\/2024\/09\/mat-manniskor-pa-resta-gard-5.jpg?resize=525%2C300&ssl=1 1.5x, https:\/\/i0.wp.com\/www.fjardhundraland.se\/wp-content\/uploads\/2024\/09\/mat-manniskor-pa-resta-gard-5.jpg?resize=700%2C400&ssl=1 2x, https:\/\/i0.wp.com\/www.fjardhundraland.se\/wp-content\/uploads\/2024\/09\/mat-manniskor-pa-resta-gard-5.jpg?resize=1050%2C600&ssl=1 3x, https:\/\/i0.wp.com\/www.fjardhundraland.se\/wp-content\/uploads\/2024\/09\/mat-manniskor-pa-resta-gard-5.jpg?resize=1400%2C800&ssl=1 4x"},"classes":[]},{"id":4687,"url":"https:\/\/www.fjardhundraland.se\/es\/mat-manniskor\/2017\/mat-manniskor-2017\/","url_meta":{"origin":7284,"position":1},"title":"Comida y gente 2017","author":"Mats Thorburn","date":"21 agosto 2017","format":false,"excerpt":"El Food &amp; People food tour fue un gran \u00e9xito los dos primeros a\u00f1os, con miles de visitantes en busca de experiencias gastron\u00f3micas. El domingo 24 de septiembre de 2017, de 11:00 a 17:00, llega el turno de la tercera edici\u00f3n. Visita a productores y amantes de la gastronom\u00eda en plena \u00e9poca de cosecha. Usted elige entre quince lugares diferentes. En algunos lugares hay varios...","rel":"","context":"En \u00abMat &amp; m\u00e4nniskor\u00bb","block_context":{"text":"Mat &amp; m\u00e4nniskor","link":"https:\/\/www.fjardhundraland.se\/es\/mat-manniskor\/"},"img":{"alt_text":"S\u00f6rg\u00e5rden gr\u00f6nt Chili","src":"https:\/\/i0.wp.com\/www.fjardhundraland.se\/wp-content\/uploads\/2017\/08\/socc88rgacc8arden-grocc88nt-chili.jpg?resize=350%2C200&ssl=1","width":350,"height":200,"srcset":"https:\/\/i0.wp.com\/www.fjardhundraland.se\/wp-content\/uploads\/2017\/08\/socc88rgacc8arden-grocc88nt-chili.jpg?resize=350%2C200&ssl=1 1x, https:\/\/i0.wp.com\/www.fjardhundraland.se\/wp-content\/uploads\/2017\/08\/socc88rgacc8arden-grocc88nt-chili.jpg?resize=525%2C300&ssl=1 1.5x, https:\/\/i0.wp.com\/www.fjardhundraland.se\/wp-content\/uploads\/2017\/08\/socc88rgacc8arden-grocc88nt-chili.jpg?resize=700%2C400&ssl=1 2x, https:\/\/i0.wp.com\/www.fjardhundraland.se\/wp-content\/uploads\/2017\/08\/socc88rgacc8arden-grocc88nt-chili.jpg?resize=1050%2C600&ssl=1 3x, https:\/\/i0.wp.com\/www.fjardhundraland.se\/wp-content\/uploads\/2017\/08\/socc88rgacc8arden-grocc88nt-chili.jpg?resize=1400%2C800&ssl=1 4x"},"classes":[]},{"id":5416,"url":"https:\/\/www.fjardhundraland.se\/es\/mat-manniskor\/2018\/mat-manniskor-mathantverk-och-matupplevelser-pa-sondag\/","url_meta":{"origin":7284,"position":2},"title":"Comida y gente: artesan\u00eda alimentaria y experiencias gastron\u00f3micas","author":"Mats Thorburn","date":"18 septiembre 2018","format":false,"excerpt":"Food &amp; People es la gira gastron\u00f3mica de Fj\u00e4rdhundraland, en la que reunimos a nuestros artesanos de la alimentaci\u00f3n para pasar un d\u00eda de comida. Se va de un lugar a otro, se degusta, se compra y se tiene la oportunidad de ver c\u00f3mo se producen los alimentos. El domingo 23 de septiembre de 11 a 17 es la hora. M\u00e1s informaci\u00f3n en matomanniskor.se.","rel":"","context":"En \u00abMat &amp; m\u00e4nniskor\u00bb","block_context":{"text":"Mat &amp; m\u00e4nniskor","link":"https:\/\/www.fjardhundraland.se\/es\/mat-manniskor\/"},"img":{"alt_text":"Mat och ma\u0308nniskor bild med tomater och \u00e4gg i \u00e4ggkartong","src":"https:\/\/i0.wp.com\/www.fjardhundraland.se\/wp-content\/uploads\/2018\/08\/mat-och-macc88nniskor-header-2.jpg?resize=350%2C200&ssl=1","width":350,"height":200,"srcset":"https:\/\/i0.wp.com\/www.fjardhundraland.se\/wp-content\/uploads\/2018\/08\/mat-och-macc88nniskor-header-2.jpg?resize=350%2C200&ssl=1 1x, https:\/\/i0.wp.com\/www.fjardhundraland.se\/wp-content\/uploads\/2018\/08\/mat-och-macc88nniskor-header-2.jpg?resize=525%2C300&ssl=1 1.5x, https:\/\/i0.wp.com\/www.fjardhundraland.se\/wp-content\/uploads\/2018\/08\/mat-och-macc88nniskor-header-2.jpg?resize=700%2C400&ssl=1 2x, https:\/\/i0.wp.com\/www.fjardhundraland.se\/wp-content\/uploads\/2018\/08\/mat-och-macc88nniskor-header-2.jpg?resize=1050%2C600&ssl=1 3x, https:\/\/i0.wp.com\/www.fjardhundraland.se\/wp-content\/uploads\/2018\/08\/mat-och-macc88nniskor-header-2.jpg?resize=1400%2C800&ssl=1 4x"},"classes":[]},{"id":3563,"url":"https:\/\/www.fjardhundraland.se\/es\/mat\/2016\/har-ar-menyn-pa-mat-manniskor-2016\/","url_meta":{"origin":7284,"position":3},"title":"Este es el men\u00fa de Food &amp; People 2016","author":"Mats Thorburn","date":"3 septiembre 2016","format":false,"excerpt":"\u00bfQu\u00e9 pasar\u00eda si se diera a los ganaderos, agricultores y panaderos la tarea de hacer algo fuera de lo com\u00fan; un peque\u00f1o plato en el que la materia prima habitual se combinara con nuevos ingredientes, el aster de un colega o simplemente un favorito personal? Eso es lo que estamos probando aqu\u00ed. \u00a1Pruebe el Fj\u00e4rdhundraland en Food &amp; People! Bienvenido el 25 de septiembre. Aqu\u00ed tiene...","rel":"","context":"En \u00abMat\u00bb","block_context":{"text":"Mat","link":"https:\/\/www.fjardhundraland.se\/es\/mat\/"},"img":{"alt_text":"","src":"https:\/\/i0.wp.com\/www.fjardhundraland.se\/wp-content\/uploads\/2016\/09\/mmkartan.jpg?resize=350%2C200&ssl=1","width":350,"height":200,"srcset":"https:\/\/i0.wp.com\/www.fjardhundraland.se\/wp-content\/uploads\/2016\/09\/mmkartan.jpg?resize=350%2C200&ssl=1 1x, https:\/\/i0.wp.com\/www.fjardhundraland.se\/wp-content\/uploads\/2016\/09\/mmkartan.jpg?resize=525%2C300&ssl=1 1.5x, https:\/\/i0.wp.com\/www.fjardhundraland.se\/wp-content\/uploads\/2016\/09\/mmkartan.jpg?resize=700%2C400&ssl=1 2x, https:\/\/i0.wp.com\/www.fjardhundraland.se\/wp-content\/uploads\/2016\/09\/mmkartan.jpg?resize=1050%2C600&ssl=1 3x, https:\/\/i0.wp.com\/www.fjardhundraland.se\/wp-content\/uploads\/2016\/09\/mmkartan.jpg?resize=1400%2C800&ssl=1 4x"},"classes":[]},{"id":2922,"url":"https:\/\/www.fjardhundraland.se\/es\/mat\/2015\/mat-manniskor-vasteras\/","url_meta":{"origin":7284,"position":4},"title":"Comida y gente V\u00e4ster\u00e5s","author":"Mats Thorburn","date":"21 septiembre 2015","format":false,"excerpt":"\u00bfNo estar\u00eda bien que hubiera una zona centralizada a una distancia razonable de V\u00e4ster\u00e5s donde pudi\u00e9ramos visitar a los granjeros en las granjas, al lechero en la central lechera y conocer tanto al carnicero como al cerdo? Pues s\u00ed. Bienvenido a Food &amp; People, una ruta gastron\u00f3mica en Fj\u00e4rdhundraland el domingo 27 de septiembre. Se le ofrecer\u00e1 un men\u00fa con productos locales...","rel":"","context":"En \u00ab\u00c4ldre inl\u00e4gg\u00bb","block_context":{"text":"\u00c4ldre inl\u00e4gg","link":"https:\/\/www.fjardhundraland.se\/es\/aldre-inlagg\/"},"img":{"alt_text":"","src":"https:\/\/i0.wp.com\/www.fjardhundraland.se\/wp-content\/uploads\/2015\/09\/cropped-MoM-header-webb2.jpg?resize=350%2C200&ssl=1","width":350,"height":200,"srcset":"https:\/\/i0.wp.com\/www.fjardhundraland.se\/wp-content\/uploads\/2015\/09\/cropped-MoM-header-webb2.jpg?resize=350%2C200&ssl=1 1x, https:\/\/i0.wp.com\/www.fjardhundraland.se\/wp-content\/uploads\/2015\/09\/cropped-MoM-header-webb2.jpg?resize=525%2C300&ssl=1 1.5x, https:\/\/i0.wp.com\/www.fjardhundraland.se\/wp-content\/uploads\/2015\/09\/cropped-MoM-header-webb2.jpg?resize=700%2C400&ssl=1 2x"},"classes":[]},{"id":3568,"url":"https:\/\/www.fjardhundraland.se\/es\/mat\/2016\/mat-manniskor-2016\/","url_meta":{"origin":7284,"position":5},"title":"Alimentos y personas 2016","author":"Mats Thorburn","date":"6 septiembre 2016","format":false,"excerpt":"El domingo 25 de septiembre de 2016, de 11:00 a 17:00, \u00a1es la hora de Food &amp; People! Recorrer\u00e1s las hermosas callejuelas del Fj\u00e4rdhundraland de lugar en lugar, comiendo y picoteando, probando la comida - y conociendo a la gente que hay detr\u00e1s. Aqu\u00ed tienes el men\u00fa y el mapa. \u00bfDif\u00edcil de encontrar? Aqu\u00ed tienes direcciones, coordenadas e indicaciones para llegar. As\u00ed se hace: Imprime...","rel":"","context":"En \u00abMat\u00bb","block_context":{"text":"Mat","link":"https:\/\/www.fjardhundraland.se\/es\/mat\/"},"img":{"alt_text":"","src":"https:\/\/i0.wp.com\/www.fjardhundraland.se\/wp-content\/uploads\/2016\/09\/mmfb.jpg?resize=350%2C200&ssl=1","width":350,"height":200,"srcset":"https:\/\/i0.wp.com\/www.fjardhundraland.se\/wp-content\/uploads\/2016\/09\/mmfb.jpg?resize=350%2C200&ssl=1 1x, https:\/\/i0.wp.com\/www.fjardhundraland.se\/wp-content\/uploads\/2016\/09\/mmfb.jpg?resize=525%2C300&ssl=1 1.5x, https:\/\/i0.wp.com\/www.fjardhundraland.se\/wp-content\/uploads\/2016\/09\/mmfb.jpg?resize=700%2C400&ssl=1 2x, https:\/\/i0.wp.com\/www.fjardhundraland.se\/wp-content\/uploads\/2016\/09\/mmfb.jpg?resize=1050%2C600&ssl=1 3x"},"classes":[]}],"jetpack_sharing_enabled":true,"_links":{"self":[{"href":"https:\/\/www.fjardhundraland.se\/es\/wp-json\/wp\/v2\/posts\/7284","targetHints":{"allow":["GET"]}}],"collection":[{"href":"https:\/\/www.fjardhundraland.se\/es\/wp-json\/wp\/v2\/posts"}],"about":[{"href":"https:\/\/www.fjardhundraland.se\/es\/wp-json\/wp\/v2\/types\/post"}],"author":[{"embeddable":true,"href":"https:\/\/www.fjardhundraland.se\/es\/wp-json\/wp\/v2\/users\/1"}],"replies":[{"embeddable":true,"href":"https:\/\/www.fjardhundraland.se\/es\/wp-json\/wp\/v2\/comments?post=7284"}],"version-history":[{"count":1,"href":"https:\/\/www.fjardhundraland.se\/es\/wp-json\/wp\/v2\/posts\/7284\/revisions"}],"predecessor-version":[{"id":19782,"href":"https:\/\/www.fjardhundraland.se\/es\/wp-json\/wp\/v2\/posts\/7284\/revisions\/19782"}],"wp:featuredmedia":[{"embeddable":true,"href":"https:\/\/www.fjardhundraland.se\/es\/wp-json\/wp\/v2\/media\/5402"}],"wp:attachment":[{"href":"https:\/\/www.fjardhundraland.se\/es\/wp-json\/wp\/v2\/media?parent=7284"}],"wp:term":[{"taxonomy":"category","embeddable":true,"href":"https:\/\/www.fjardhundraland.se\/es\/wp-json\/wp\/v2\/categories?post=7284"},{"taxonomy":"post_tag","embeddable":true,"href":"https:\/\/www.fjardhundraland.se\/es\/wp-json\/wp\/v2\/tags?post=7284"}],"curies":[{"name":"wp","href":"https:\/\/api.w.org\/{rel}","templated":true}]}}