
{"id":6908,"date":"2020-06-05T00:36:03","date_gmt":"2020-06-04T22:36:03","guid":{"rendered":"https:\/\/www.fjardhundraland.se\/?p=6908"},"modified":"2020-06-05T00:48:28","modified_gmt":"2020-06-04T22:48:28","slug":"camionero-lento-fjardhundraland","status":"publish","type":"post","link":"https:\/\/www.fjardhundraland.se\/es\/upplevelser\/2020\/langsamhemester-fjardhundraland\/","title":{"rendered":"Sobre camiones lentos en Fj\u00e4rdhundraland"},"content":{"rendered":"<p><strong>\u00bfDebemos viajar en tiempos de corona? S\u00ed, queremos hacerlo. \u00a1Pero cerca y seguro! Eso es lo que pensaban Ingemar y Ann-Marie, que viajan por Europa y comparten sus aventuras en <a aria-label=\"The Vintage Man&#039;s Blog (se abre en una nueva pesta\u00f1a)\" href=\"https:\/\/vintagemannen.se\/\" target=\"_blank\" rel=\"noreferrer noopener\" class=\"rank-math-link\">Blog del hombre vintage<\/a> y <a href=\"https:\/\/www.instagram.com\/vintagemannen\/\" class=\"rank-math-link\" target=\"_blank\" rel=\"noopener\">Instagram<\/a>. Por eso nos fuimos de vacaciones a Fj\u00e4rdhundraland, a poca distancia de Estocolmo.<\/strong><\/p>\n\n\n\n<p>Todos los viajes del Hombre Vintage se basan en gu\u00edas antiguas y en ropa vintage, es decir, ropa acorde con la \u00e9poca (de entonces). El viaje en Fj\u00e4rdhundraland no fue una excepci\u00f3n. \u00a1Ad\u00e9ntrese en los a\u00f1os 60! <a href=\"https:\/\/vintagemannen.se\/\" class=\"rank-math-link\" target=\"_blank\" rel=\"noopener\">S\u00edgalo en una serie de entradas en <em>Hombres de \u00e9poca<\/em><\/a>.<\/p>\n\n\n\n<div class=\"wp-block-jetpack-tiled-gallery aligncenter is-style-rectangular\"><div class=\"tiled-gallery__gallery\"><div class=\"tiled-gallery__row\"><div class=\"tiled-gallery__col\"><figure class=\"tiled-gallery__item\"><img decoding=\"async\" data-attachment-id=\"6910\" data-permalink=\"https:\/\/www.fjardhundraland.se\/es\/upplevelser\/2020\/langsamhemester-fjardhundraland\/attachment\/rundan\/\" data-orig-file=\"https:\/\/www.fjardhundraland.se\/wp-content\/uploads\/2020\/06\/rundan.jpg\" data-orig-size=\"2048,870\" data-comments-opened=\"0\" data-image-meta=\"{&quot;aperture&quot;:&quot;0&quot;,&quot;credit&quot;:&quot;&quot;,&quot;camera&quot;:&quot;&quot;,&quot;caption&quot;:&quot;&quot;,&quot;created_timestamp&quot;:&quot;0&quot;,&quot;copyright&quot;:&quot;&quot;,&quot;focal_length&quot;:&quot;0&quot;,&quot;iso&quot;:&quot;0&quot;,&quot;shutter_speed&quot;:&quot;0&quot;,&quot;title&quot;:&quot;&quot;,&quot;orientation&quot;:&quot;0&quot;}\" data-image-title=\"rundan\" data-image-description=\"\" data-image-caption=\"\" data-large-file=\"https:\/\/www.fjardhundraland.se\/wp-content\/uploads\/2020\/06\/rundan.jpg\" role=\"button\" tabindex=\"0\" aria-label=\"Abrir la imagen 1 de 3 en pantalla completa\" srcset=\"https:\/\/i1.wp.com\/www.fjardhundraland.se\/wp-content\/uploads\/2020\/06\/rundan.jpg?strip=info&#038;w=600&#038;ssl=1 600w,https:\/\/i1.wp.com\/www.fjardhundraland.se\/wp-content\/uploads\/2020\/06\/rundan.jpg?strip=info&#038;w=900&#038;ssl=1 900w,https:\/\/i1.wp.com\/www.fjardhundraland.se\/wp-content\/uploads\/2020\/06\/rundan.jpg?strip=info&#038;w=1200&#038;ssl=1 1200w,https:\/\/i1.wp.com\/www.fjardhundraland.se\/wp-content\/uploads\/2020\/06\/rundan.jpg?strip=info&#038;w=1500&#038;ssl=1 1500w,https:\/\/i1.wp.com\/www.fjardhundraland.se\/wp-content\/uploads\/2020\/06\/rundan.jpg?strip=info&#038;w=1800&#038;ssl=1 1800w,https:\/\/i1.wp.com\/www.fjardhundraland.se\/wp-content\/uploads\/2020\/06\/rundan.jpg?strip=info&#038;w=2000&#038;ssl=1 2000w\" alt=\"\" data-height=\"870\" data-id=\"6910\" data-link=\"https:\/\/www.fjardhundraland.se\/?attachment_id=6910\" data-url=\"https:\/\/www.fjardhundraland.se\/wp-content\/uploads\/2020\/06\/rundan.jpg\" data-width=\"2048\" src=\"https:\/\/i1.wp.com\/www.fjardhundraland.se\/wp-content\/uploads\/2020\/06\/rundan.jpg?ssl=1\" title=\"\"><\/figure><\/div><\/div><div class=\"tiled-gallery__row\"><div class=\"tiled-gallery__col\"><figure class=\"tiled-gallery__item\"><img decoding=\"async\" data-attachment-id=\"6911\" data-permalink=\"https:\/\/www.fjardhundraland.se\/es\/upplevelser\/2020\/langsamhemester-fjardhundraland\/attachment\/p1800-bio-c396rsundsbro-4\/\" data-orig-file=\"https:\/\/www.fjardhundraland.se\/wp-content\/uploads\/2020\/06\/p1800-bio-c396rsundsbro-4.jpg\" data-orig-size=\"2048,1536\" data-comments-opened=\"0\" data-image-meta=\"{&quot;aperture&quot;:&quot;0&quot;,&quot;credit&quot;:&quot;&quot;,&quot;camera&quot;:&quot;&quot;,&quot;caption&quot;:&quot;&quot;,&quot;created_timestamp&quot;:&quot;0&quot;,&quot;copyright&quot;:&quot;&quot;,&quot;focal_length&quot;:&quot;0&quot;,&quot;iso&quot;:&quot;0&quot;,&quot;shutter_speed&quot;:&quot;0&quot;,&quot;title&quot;:&quot;&quot;,&quot;orientation&quot;:&quot;0&quot;}\" data-image-title=\"p1800-bio-c396rsundsbro-4\" data-image-description=\"\" data-image-caption=\"\" data-large-file=\"https:\/\/www.fjardhundraland.se\/wp-content\/uploads\/2020\/06\/p1800-bio-c396rsundsbro-4.jpg\" role=\"button\" tabindex=\"0\" aria-label=\"Abrir la imagen 2 de 3 en pantalla completa\" srcset=\"https:\/\/i0.wp.com\/www.fjardhundraland.se\/wp-content\/uploads\/2020\/06\/p1800-bio-c396rsundsbro-4.jpg?strip=info&#038;w=600&#038;ssl=1 600w,https:\/\/i0.wp.com\/www.fjardhundraland.se\/wp-content\/uploads\/2020\/06\/p1800-bio-c396rsundsbro-4.jpg?strip=info&#038;w=900&#038;ssl=1 900w,https:\/\/i0.wp.com\/www.fjardhundraland.se\/wp-content\/uploads\/2020\/06\/p1800-bio-c396rsundsbro-4.jpg?strip=info&#038;w=1200&#038;ssl=1 1200w,https:\/\/i0.wp.com\/www.fjardhundraland.se\/wp-content\/uploads\/2020\/06\/p1800-bio-c396rsundsbro-4.jpg?strip=info&#038;w=1500&#038;ssl=1 1500w,https:\/\/i0.wp.com\/www.fjardhundraland.se\/wp-content\/uploads\/2020\/06\/p1800-bio-c396rsundsbro-4.jpg?strip=info&#038;w=1800&#038;ssl=1 1800w,https:\/\/i0.wp.com\/www.fjardhundraland.se\/wp-content\/uploads\/2020\/06\/p1800-bio-c396rsundsbro-4.jpg?strip=info&#038;w=2000&#038;ssl=1 2000w\" alt=\"\" data-height=\"1536\" data-id=\"6911\" data-link=\"https:\/\/www.fjardhundraland.se\/?attachment_id=6911\" data-url=\"https:\/\/www.fjardhundraland.se\/wp-content\/uploads\/2020\/06\/p1800-bio-c396rsundsbro-4.jpg\" data-width=\"2048\" src=\"https:\/\/i0.wp.com\/www.fjardhundraland.se\/wp-content\/uploads\/2020\/06\/p1800-bio-c396rsundsbro-4.jpg?ssl=1\" title=\"\"><\/figure><\/div><div class=\"tiled-gallery__col\"><figure class=\"tiled-gallery__item\"><img decoding=\"async\" data-attachment-id=\"6912\" data-permalink=\"https:\/\/www.fjardhundraland.se\/es\/upplevelser\/2020\/langsamhemester-fjardhundraland\/attachment\/landsberga-gc3a5rd-2020-05-26-30\/\" data-orig-file=\"https:\/\/www.fjardhundraland.se\/wp-content\/uploads\/2020\/06\/landsberga-gc3a5rd-2020-05-26-30.jpg\" data-orig-size=\"2048,1365\" data-comments-opened=\"0\" data-image-meta=\"{&quot;aperture&quot;:&quot;0&quot;,&quot;credit&quot;:&quot;&quot;,&quot;camera&quot;:&quot;&quot;,&quot;caption&quot;:&quot;&quot;,&quot;created_timestamp&quot;:&quot;0&quot;,&quot;copyright&quot;:&quot;&quot;,&quot;focal_length&quot;:&quot;0&quot;,&quot;iso&quot;:&quot;0&quot;,&quot;shutter_speed&quot;:&quot;0&quot;,&quot;title&quot;:&quot;&quot;,&quot;orientation&quot;:&quot;0&quot;}\" data-image-title=\"landsberga-gc3a5rd-2020-05-26-30\" data-image-description=\"\" data-image-caption=\"\" data-large-file=\"https:\/\/www.fjardhundraland.se\/wp-content\/uploads\/2020\/06\/landsberga-gc3a5rd-2020-05-26-30.jpg\" role=\"button\" tabindex=\"0\" aria-label=\"Abrir la imagen 3 de 3 en pantalla completa\" srcset=\"https:\/\/i1.wp.com\/www.fjardhundraland.se\/wp-content\/uploads\/2020\/06\/landsberga-gc3a5rd-2020-05-26-30.jpg?strip=info&#038;w=600&#038;ssl=1 600w,https:\/\/i1.wp.com\/www.fjardhundraland.se\/wp-content\/uploads\/2020\/06\/landsberga-gc3a5rd-2020-05-26-30.jpg?strip=info&#038;w=900&#038;ssl=1 900w,https:\/\/i1.wp.com\/www.fjardhundraland.se\/wp-content\/uploads\/2020\/06\/landsberga-gc3a5rd-2020-05-26-30.jpg?strip=info&#038;w=1200&#038;ssl=1 1200w,https:\/\/i1.wp.com\/www.fjardhundraland.se\/wp-content\/uploads\/2020\/06\/landsberga-gc3a5rd-2020-05-26-30.jpg?strip=info&#038;w=1500&#038;ssl=1 1500w,https:\/\/i1.wp.com\/www.fjardhundraland.se\/wp-content\/uploads\/2020\/06\/landsberga-gc3a5rd-2020-05-26-30.jpg?strip=info&#038;w=1800&#038;ssl=1 1800w,https:\/\/i1.wp.com\/www.fjardhundraland.se\/wp-content\/uploads\/2020\/06\/landsberga-gc3a5rd-2020-05-26-30.jpg?strip=info&#038;w=2000&#038;ssl=1 2000w\" alt=\"\" data-height=\"1365\" data-id=\"6912\" data-link=\"https:\/\/www.fjardhundraland.se\/?attachment_id=6912\" data-url=\"https:\/\/www.fjardhundraland.se\/wp-content\/uploads\/2020\/06\/landsberga-gc3a5rd-2020-05-26-30.jpg\" data-width=\"2048\" src=\"https:\/\/i1.wp.com\/www.fjardhundraland.se\/wp-content\/uploads\/2020\/06\/landsberga-gc3a5rd-2020-05-26-30.jpg?ssl=1\" title=\"\"><\/figure><\/div><\/div><\/div><\/div>\n\n\n\n<figure class=\"wp-block-image size-large\"><img decoding=\"async\" width=\"2048\" height=\"1536\" data-attachment-id=\"6913\" data-permalink=\"https:\/\/www.fjardhundraland.se\/es\/upplevelser\/2020\/langsamhemester-fjardhundraland\/attachment\/fjc3a4rdhundraland-kc3a4llor-11\/\" data-orig-file=\"https:\/\/www.fjardhundraland.se\/wp-content\/uploads\/2020\/06\/fjc3a4rdhundraland-kc3a4llor-11.jpg\" data-orig-size=\"2048,1536\" data-comments-opened=\"0\" data-image-meta=\"{&quot;aperture&quot;:&quot;0&quot;,&quot;credit&quot;:&quot;&quot;,&quot;camera&quot;:&quot;&quot;,&quot;caption&quot;:&quot;&quot;,&quot;created_timestamp&quot;:&quot;0&quot;,&quot;copyright&quot;:&quot;&quot;,&quot;focal_length&quot;:&quot;0&quot;,&quot;iso&quot;:&quot;0&quot;,&quot;shutter_speed&quot;:&quot;0&quot;,&quot;title&quot;:&quot;&quot;,&quot;orientation&quot;:&quot;0&quot;}\" data-image-title=\"fjc3a4rdhundraland-kc3a4llor-11\" data-image-description=\"\" data-image-caption=\"\" data-large-file=\"https:\/\/www.fjardhundraland.se\/wp-content\/uploads\/2020\/06\/fjc3a4rdhundraland-kc3a4llor-11.jpg\" src=\"https:\/\/i1.wp.com\/www.fjardhundraland.se\/wp-content\/uploads\/2020\/06\/fjc3a4rdhundraland-kc3a4llor-11.jpg?fit=900%2C675&amp;ssl=1\" alt=\"\" class=\"wp-image-6913\" title=\"\"><\/figure>","protected":false},"excerpt":{"rendered":"<p>Ska vi ge oss ut och resa i corona-tider?&nbsp;Ja, vi vill. Men n\u00e4ra och s\u00e4kert! S\u00e5 t\u00e4nkte Ingemar och Ann-Marie, som brukar resa i Europa och ber\u00e4tta om sina \u00e4ventyr p\u00e5 Vintagemannens blogg och Instagram. D\u00e4rf\u00f6r blev det svemester i Fj\u00e4rdhundraland, en kort biltur fr\u00e5n Stockholm. Alla Vintagemannens resor g\u00e5r efter gamla guideb\u00f6cker och i [&hellip;]<\/p>\n","protected":false},"author":1,"featured_media":6911,"comment_status":"closed","ping_status":"closed","sticky":false,"template":"","format":"standard","meta":{"_acf_changed":false,"_relevanssi_hide_post":"","_relevanssi_hide_content":"","_relevanssi_pin_for_all":"","_relevanssi_pin_keywords":"","_relevanssi_unpin_keywords":"","_relevanssi_related_keywords":"","_relevanssi_related_include_ids":"","_relevanssi_related_exclude_ids":"","_relevanssi_related_no_append":"","_relevanssi_related_not_related":"","_relevanssi_related_posts":"","_relevanssi_noindex_reason":"","_genesis_hide_title":false,"_genesis_hide_breadcrumbs":false,"_genesis_hide_singular_image":false,"_genesis_hide_footer_widgets":false,"_genesis_custom_body_class":"","_genesis_custom_post_class":"","_genesis_layout":"","_jetpack_memberships_contains_paid_content":false,"footnotes":""},"categories":[290,25,87],"tags":[],"class_list":{"0":"post-6908","1":"post","2":"type-post","3":"status-publish","4":"format-standard","5":"has-post-thumbnail","7":"category-hemester","8":"category-upplevelser","9":"category-utflykt","10":"entry"},"acf":[],"visa":null,"geo_latitude":null,"geo_longitude":null,"jetpack_featured_media_url":"https:\/\/www.fjardhundraland.se\/wp-content\/uploads\/2020\/06\/p1800-bio-c396rsundsbro-4.jpg","featured_image_src":"https:\/\/www.fjardhundraland.se\/wp-content\/uploads\/2020\/06\/p1800-bio-c396rsundsbro-4.jpg","featured_image_src_square":"https:\/\/www.fjardhundraland.se\/wp-content\/uploads\/2020\/06\/p1800-bio-c396rsundsbro-4.jpg","author_info":{"display_name":"Mats Thorburn","author_link":"https:\/\/www.fjardhundraland.se\/es\/author\/matst\/"},"jetpack-related-posts":[{"id":16533,"url":"https:\/\/www.fjardhundraland.se\/es\/press\/2024\/maten-manniskorna-varda-resa\/","url_meta":{"origin":6908,"position":0},"title":"La comida y la gente por las que merece la pena viajar","author":"Mats Thorburn","date":"11 septiembre 2024","format":false,"excerpt":"Es la hora de la fiesta de la cosecha de Fj\u00e4rdhundraland Prepare sus neveras y aseg\u00farese de tener mucha hambre. El s\u00e1bado 21 de septiembre llega uno de los platos fuertes de Fj\u00e4rdhundraland: la ruta gastron\u00f3mica Food &amp; People. Podr\u00e1s viajar y probar tantos sabores diferentes como puedas.   El destino Fj\u00e4rdhundraland est\u00e1 creciendo como la espuma. M\u00e1s de...","rel":"","context":"En \u00abPress\u00bb","block_context":{"text":"Press","link":"https:\/\/www.fjardhundraland.se\/es\/press\/"},"img":{"alt_text":"","src":"https:\/\/i0.wp.com\/www.fjardhundraland.se\/wp-content\/uploads\/2024\/09\/mat-manniskor-pa-resta-gard-5.jpg?resize=350%2C200&ssl=1","width":350,"height":200,"srcset":"https:\/\/i0.wp.com\/www.fjardhundraland.se\/wp-content\/uploads\/2024\/09\/mat-manniskor-pa-resta-gard-5.jpg?resize=350%2C200&ssl=1 1x, https:\/\/i0.wp.com\/www.fjardhundraland.se\/wp-content\/uploads\/2024\/09\/mat-manniskor-pa-resta-gard-5.jpg?resize=525%2C300&ssl=1 1.5x, https:\/\/i0.wp.com\/www.fjardhundraland.se\/wp-content\/uploads\/2024\/09\/mat-manniskor-pa-resta-gard-5.jpg?resize=700%2C400&ssl=1 2x, https:\/\/i0.wp.com\/www.fjardhundraland.se\/wp-content\/uploads\/2024\/09\/mat-manniskor-pa-resta-gard-5.jpg?resize=1050%2C600&ssl=1 3x, https:\/\/i0.wp.com\/www.fjardhundraland.se\/wp-content\/uploads\/2024\/09\/mat-manniskor-pa-resta-gard-5.jpg?resize=1400%2C800&ssl=1 4x"},"classes":[]},{"id":6864,"url":"https:\/\/www.fjardhundraland.se\/es\/natur\/2020\/resa-inom-1-2-timmar-fran-stockholm\/","url_meta":{"origin":6908,"position":1},"title":"Viajar en 1-2 horas desde Estocolmo","author":"Mats Thorburn","date":"20 mayo 2020","format":false,"excerpt":"1-2 horas en coche desde casa. Estas son las recomendaciones para viajar a principios del verano de 2020. Fj\u00e4rdhundraland es el destino de viaje a una hora de Estocolmo, Uppsala, V\u00e4ster\u00e5s, Str\u00e4ngn\u00e4s y Eskilstuna. En dos horas tambi\u00e9n se puede llegar desde \u00d6rebro, S\u00f6dert\u00e4lje, G\u00e4vle, Borl\u00e4nge y Falun. As\u00ed que su casa de vacaciones desde Estocolmo puede ser...","rel":"","context":"En \u00abNatur\u00bb","block_context":{"text":"Natur","link":"https:\/\/www.fjardhundraland.se\/es\/natur\/"},"img":{"alt_text":"","src":"https:\/\/i0.wp.com\/www.fjardhundraland.se\/wp-content\/uploads\/2018\/06\/cropped-rebusrundan-vag-fjardhundraland.jpg?resize=350%2C200&ssl=1","width":350,"height":200,"srcset":"https:\/\/i0.wp.com\/www.fjardhundraland.se\/wp-content\/uploads\/2018\/06\/cropped-rebusrundan-vag-fjardhundraland.jpg?resize=350%2C200&ssl=1 1x, https:\/\/i0.wp.com\/www.fjardhundraland.se\/wp-content\/uploads\/2018\/06\/cropped-rebusrundan-vag-fjardhundraland.jpg?resize=525%2C300&ssl=1 1.5x, https:\/\/i0.wp.com\/www.fjardhundraland.se\/wp-content\/uploads\/2018\/06\/cropped-rebusrundan-vag-fjardhundraland.jpg?resize=700%2C400&ssl=1 2x, https:\/\/i0.wp.com\/www.fjardhundraland.se\/wp-content\/uploads\/2018\/06\/cropped-rebusrundan-vag-fjardhundraland.jpg?resize=1050%2C600&ssl=1 3x, https:\/\/i0.wp.com\/www.fjardhundraland.se\/wp-content\/uploads\/2018\/06\/cropped-rebusrundan-vag-fjardhundraland.jpg?resize=1400%2C800&ssl=1 4x"},"classes":[]},{"id":16405,"url":"https:\/\/www.fjardhundraland.se\/es\/magasin-fjardhundraland\/2024\/maten-som-ar-vard-en-resa\/","url_meta":{"origin":6908,"position":2},"title":"Alimentos por los que merece la pena viajar","author":"Mats Thorburn","date":"31 agosto 2024","format":false,"excerpt":"Viajar y comer A finales de septiembre llega Food &amp; People, la gran fiesta de la cosecha. Habr\u00e1 muchas oportunidades para degustar Fj\u00e4rdhundraland y conocer a la gente que hay detr\u00e1s de los alimentos. Texto y foto: Ann-Helen Meyer von Bremen Volvemos a Food &amp; People 2023. Cordero...","rel":"","context":"En \u00abMagasin Fj\u00e4rdhundraland\u00bb","block_context":{"text":"Magasin Fj\u00e4rdhundraland","link":"https:\/\/www.fjardhundraland.se\/es\/magasin-fjardhundraland\/"},"img":{"alt_text":"","src":"https:\/\/i0.wp.com\/www.fjardhundraland.se\/wp-content\/uploads\/2024\/08\/matomanniskor.jpg?resize=350%2C200&ssl=1","width":350,"height":200,"srcset":"https:\/\/i0.wp.com\/www.fjardhundraland.se\/wp-content\/uploads\/2024\/08\/matomanniskor.jpg?resize=350%2C200&ssl=1 1x, https:\/\/i0.wp.com\/www.fjardhundraland.se\/wp-content\/uploads\/2024\/08\/matomanniskor.jpg?resize=525%2C300&ssl=1 1.5x, https:\/\/i0.wp.com\/www.fjardhundraland.se\/wp-content\/uploads\/2024\/08\/matomanniskor.jpg?resize=700%2C400&ssl=1 2x, https:\/\/i0.wp.com\/www.fjardhundraland.se\/wp-content\/uploads\/2024\/08\/matomanniskor.jpg?resize=1050%2C600&ssl=1 3x, https:\/\/i0.wp.com\/www.fjardhundraland.se\/wp-content\/uploads\/2024\/08\/matomanniskor.jpg?resize=1400%2C800&ssl=1 4x"},"classes":[]},{"id":3363,"url":"https:\/\/www.fjardhundraland.se\/es\/inlagg\/2016\/midsommar-fjardhundraland-2016\/","url_meta":{"origin":6908,"position":3},"title":"Solsticio de verano en Fj\u00e4rdhundraland 2016","author":"Ylva Fontell","date":"21 junio 2016","format":false,"excerpt":"El solsticio de verano debe celebrarse en el campo. Y entonces encaja bien con el campo que est\u00e1 cerca tanto de Enk\u00f6ping como de V\u00e4ster\u00e5s, Sala, Uppsala y Estocolmo. \u00a1Bienvenido a una excursi\u00f3n de solsticio de verano! Fiesta de verano en H\u00e4rledg\u00e5rden, Torstuna. Baile alrededor del poste en H\u00e4rledg\u00e5rden. Entretenimiento. Baile folcl\u00f3rico. Servicio de caf\u00e9. Entrada gratuita. 13.30 h Entrada y montaje del m\u00e1stil de verano m\u00e1s informaci\u00f3n Fiesta de verano...","rel":"","context":"En \u00ab\u00c4ldre inl\u00e4gg\u00bb","block_context":{"text":"\u00c4ldre inl\u00e4gg","link":"https:\/\/www.fjardhundraland.se\/es\/aldre-inlagg\/"},"img":{"alt_text":"Folkdanslag p\u00e5 H\u00e4rledg\u00e5rden p\u00e5 midsommar","src":"https:\/\/i0.wp.com\/www.fjardhundraland.se\/wp-content\/uploads\/2012\/05\/H%C3%A4rledg%C3%A5rden.jpg?resize=350%2C200&ssl=1","width":350,"height":200,"srcset":"https:\/\/i0.wp.com\/www.fjardhundraland.se\/wp-content\/uploads\/2012\/05\/H%C3%A4rledg%C3%A5rden.jpg?resize=350%2C200&ssl=1 1x, https:\/\/i0.wp.com\/www.fjardhundraland.se\/wp-content\/uploads\/2012\/05\/H%C3%A4rledg%C3%A5rden.jpg?resize=525%2C300&ssl=1 1.5x, https:\/\/i0.wp.com\/www.fjardhundraland.se\/wp-content\/uploads\/2012\/05\/H%C3%A4rledg%C3%A5rden.jpg?resize=700%2C400&ssl=1 2x, https:\/\/i0.wp.com\/www.fjardhundraland.se\/wp-content\/uploads\/2012\/05\/H%C3%A4rledg%C3%A5rden.jpg?resize=1050%2C600&ssl=1 3x, https:\/\/i0.wp.com\/www.fjardhundraland.se\/wp-content\/uploads\/2012\/05\/H%C3%A4rledg%C3%A5rden.jpg?resize=1400%2C800&ssl=1 4x"},"classes":[]},{"id":1191,"url":"https:\/\/www.fjardhundraland.se\/es\/inlagg\/2012\/oppet-hus-i-fjardhundraland-18-november\/","url_meta":{"origin":6908,"position":4},"title":"Jornada de puertas abiertas en Fj\u00e4rdhundraland 18 de noviembre","author":"Mats Thorburn","date":"2 octubre 2012","format":false,"excerpt":"El domingo 18 de noviembre, de 16 a 19.30 horas, le invitamos a hablar de Fj\u00e4rdhundraland en la Casa de la Iglesia de Fj\u00e4rdhundra. Proyectamos un extracto de la pel\u00edcula del \u00e9xito teatral de este verano \u201dDet susar\u201d a las 17-18. Mini feria con los peque\u00f1os comercios del pueblo. Aproveche la oportunidad de comprar alimentos y caf\u00e9 de producci\u00f3n local. Aprende m\u00e1s sobre iniciativa empresarial con el proyecto Iniciativa empresarial en...","rel":"","context":"En \u00ab\u00c4ldre inl\u00e4gg\u00bb","block_context":{"text":"\u00c4ldre inl\u00e4gg","link":"https:\/\/www.fjardhundraland.se\/es\/aldre-inlagg\/"},"img":{"alt_text":"Det susar","src":"https:\/\/i0.wp.com\/www.fjardhundraland.se\/wp-content\/uploads\/2012\/10\/detsusar-630x403.jpg?resize=350%2C200&ssl=1","width":350,"height":200,"srcset":"https:\/\/i0.wp.com\/www.fjardhundraland.se\/wp-content\/uploads\/2012\/10\/detsusar-630x403.jpg?resize=350%2C200&ssl=1 1x, https:\/\/i0.wp.com\/www.fjardhundraland.se\/wp-content\/uploads\/2012\/10\/detsusar-630x403.jpg?resize=525%2C300&ssl=1 1.5x"},"classes":[]},{"id":264,"url":"https:\/\/www.fjardhundraland.se\/es\/externt\/2011\/premiartur-i-fjardhundraland\/","url_meta":{"origin":6908,"position":5},"title":"Viaje de estreno en Fj\u00e4rdhundraland","author":"Ylva Fontell","date":"19 mayo 2011","format":false,"excerpt":"El mi\u00e9rcoles 18 de mayo fue el estreno de los viajes organizados en el pueblo. El primer grupo disfrut\u00f3 de un d\u00eda soleado con delicias de producci\u00f3n local, corderitos de peluche y Fj\u00e4rdhundraland en colores primaverales. Ahora esperamos nuevos visitantes satisfechos en los viajes restantes. M\u00e1s informaci\u00f3n en Viajes combinados.","rel":"","context":"En \u00ab\u00c4ldre inl\u00e4gg\u00bb","block_context":{"text":"\u00c4ldre inl\u00e4gg","link":"https:\/\/www.fjardhundraland.se\/es\/aldre-inlagg\/"},"img":{"alt_text":"","src":"","width":0,"height":0},"classes":[]}],"jetpack_sharing_enabled":true,"_links":{"self":[{"href":"https:\/\/www.fjardhundraland.se\/es\/wp-json\/wp\/v2\/posts\/6908","targetHints":{"allow":["GET"]}}],"collection":[{"href":"https:\/\/www.fjardhundraland.se\/es\/wp-json\/wp\/v2\/posts"}],"about":[{"href":"https:\/\/www.fjardhundraland.se\/es\/wp-json\/wp\/v2\/types\/post"}],"author":[{"embeddable":true,"href":"https:\/\/www.fjardhundraland.se\/es\/wp-json\/wp\/v2\/users\/1"}],"replies":[{"embeddable":true,"href":"https:\/\/www.fjardhundraland.se\/es\/wp-json\/wp\/v2\/comments?post=6908"}],"version-history":[{"count":0,"href":"https:\/\/www.fjardhundraland.se\/es\/wp-json\/wp\/v2\/posts\/6908\/revisions"}],"wp:featuredmedia":[{"embeddable":true,"href":"https:\/\/www.fjardhundraland.se\/es\/wp-json\/wp\/v2\/media\/6911"}],"wp:attachment":[{"href":"https:\/\/www.fjardhundraland.se\/es\/wp-json\/wp\/v2\/media?parent=6908"}],"wp:term":[{"taxonomy":"category","embeddable":true,"href":"https:\/\/www.fjardhundraland.se\/es\/wp-json\/wp\/v2\/categories?post=6908"},{"taxonomy":"post_tag","embeddable":true,"href":"https:\/\/www.fjardhundraland.se\/es\/wp-json\/wp\/v2\/tags?post=6908"}],"curies":[{"name":"wp","href":"https:\/\/api.w.org\/{rel}","templated":true}]}}