
{"id":69,"date":"2011-04-21T15:13:11","date_gmt":"2011-04-21T13:13:11","guid":{"rendered":"http:\/\/www.fjardhundraland.se\/?p=69"},"modified":"2026-02-05T13:40:42","modified_gmt":"2026-02-05T12:40:42","slug":"degustacion-de-fjardhundralandia","status":"publish","type":"post","link":"https:\/\/www.fjardhundraland.se\/es\/externt\/2011\/forsmak-pa-fjardhundraland\/","title":{"rendered":"Prueba de Fj\u00e4rdhundraland"},"content":{"rendered":"<p>Durante dos fines de semana de mayo, Fj\u00e4rdhundraland y Enk\u00f6ping ofrecer\u00e1n experiencias. Los d\u00edas 14 y 21 de mayo podr\u00e1 visitar la plaza de Enk\u00f6ping, y los d\u00edas 15 y 22 de mayo podr\u00e1 ir en autob\u00fas a Fj\u00e4rdhundraland. <a title=\"Explorar Fj\u00e4rdhundraland\" href=\"https:\/\/www.fjardhundraland.se\/es\/degustacion-de-fjardhundraland-2\/\">Seguir leyendo<\/a>.<\/p>","protected":false},"excerpt":{"rendered":"<p>Durante dos fines de semana de mayo, Fj\u00e4rdhundraland y Enk\u00f6ping ofrecer\u00e1n experiencias. Los d\u00edas 14 y 21 de mayo podr\u00e1 visitar la plaza de Enk\u00f6ping, y los d\u00edas 15 y 22 de mayo podr\u00e1 ir en autob\u00fas a Fj\u00e4rdhundraland. M\u00e1s informaci\u00f3n.<\/p>","protected":false},"author":1,"featured_media":0,"comment_status":"open","ping_status":"open","sticky":false,"template":"","format":"standard","meta":{"_acf_changed":false,"_relevanssi_hide_post":"","_relevanssi_hide_content":"","_relevanssi_pin_for_all":"","_relevanssi_pin_keywords":"","_relevanssi_unpin_keywords":"","_relevanssi_related_keywords":"","_relevanssi_related_include_ids":"","_relevanssi_related_exclude_ids":"","_relevanssi_related_no_append":"","_relevanssi_related_not_related":"","_relevanssi_related_posts":"","_relevanssi_noindex_reason":"Rank Math Uteslut fr\u00e5n Relevanssi index","_genesis_hide_title":false,"_genesis_hide_breadcrumbs":false,"_genesis_hide_singular_image":false,"_genesis_hide_footer_widgets":false,"_genesis_custom_body_class":"","_genesis_custom_post_class":"","_genesis_layout":"","_jetpack_memberships_contains_paid_content":false,"footnotes":""},"categories":[353,18,19],"tags":[352],"class_list":{"0":"post-69","1":"post","2":"type-post","3":"status-publish","4":"format-standard","6":"category-aldre-inlagg","7":"category-externt","8":"category-forsmak-2","9":"tag-aldre-inlagg","10":"entry"},"acf":[],"visa":null,"geo_latitude":null,"geo_longitude":null,"jetpack_featured_media_url":"","featured_image_src":null,"featured_image_src_square":null,"author_info":{"display_name":"Mats Thorburn","author_link":"https:\/\/www.fjardhundraland.se\/es\/author\/matst\/"},"jetpack-related-posts":[{"id":80,"url":"https:\/\/www.fjardhundraland.se\/es\/externt\/2011\/forsmak-pa-fjardhundraland-2\/","url_meta":{"origin":69,"position":0},"title":"Viaje a Fj\u00e4rdhundraland","author":"Ylva Fontell","date":"3 mayo 2011","format":false,"excerpt":"Siga antiguos senderos vikingos en autob\u00fas hasta el Fj\u00e4rdhundraland y experimente con todos sus sentidos un viaje por la magn\u00edfica naturaleza.  Entre en antiguos recintos culturales, escuche hermosos cantos y marav\u00edllese con las pinturas de la iglesia de Pictor. Disfrute de caf\u00e9 y pasteles caseros en el hermoso H\u00e4rledsg\u00e5rden, que data del siglo XVIII. La excursi\u00f3n en autob\u00fas sale del plan Gustav Adolfs...","rel":"","context":"En \u00ab\u00c4ldre inl\u00e4gg\u00bb","block_context":{"text":"\u00c4ldre inl\u00e4gg","link":"https:\/\/www.fjardhundraland.se\/es\/aldre-inlagg\/"},"img":{"alt_text":"","src":"","width":0,"height":0},"classes":[]},{"id":204,"url":"https:\/\/www.fjardhundraland.se\/es\/externt\/2011\/fjardhundringen-ger-dig-rabatt\/","url_meta":{"origin":69,"position":1},"title":"El anillo remoto para perros te da un descuento","author":"Mats Thorburn","date":"13 mayo 2011","format":false,"excerpt":"Fj\u00e4rdhundringen se presentar\u00e1 en la degustaci\u00f3n de ma\u00f1ana en Fj\u00e4rdhundraland en Enk\u00f6ping. Fj\u00e4rdhundringen es un billete propio de Fj\u00e4rdhundraland que ofrece descuentos y ofertas en varios lugares del pueblo. Ven a por el tuyo a F\u00f6rsmak en Fj\u00e4rdhundraland los s\u00e1bados 14 y 21 de mayo. M\u00e1s informaci\u00f3n sobre d\u00f3nde se aplica Fj\u00e4rdhundringen.","rel":"","context":"En \u00ab\u00c4ldre inl\u00e4gg\u00bb","block_context":{"text":"\u00c4ldre inl\u00e4gg","link":"https:\/\/www.fjardhundraland.se\/es\/aldre-inlagg\/"},"img":{"alt_text":"","src":"","width":0,"height":0},"classes":[]},{"id":85,"url":"https:\/\/www.fjardhundraland.se\/es\/externt\/2011\/historia-och-fjarilar-i-eget-talt\/","url_meta":{"origin":69,"position":2},"title":"Historia y mariposas en su propia tienda","author":"Ylva Fontell","date":"5 mayo 2011","format":false,"excerpt":"Durante los dos s\u00e1bados de mayo en que Fj\u00e4rdhundraland se presenta en la plaza en Enk\u00f6ping, la Carpa de los Cuentos es un lugar dado para sentarse. Habr\u00e1 charlas sobre piedras r\u00fanicas, Albertus Pictor y mariposas. Entre charla y charla, se proyectar\u00e1 la pel\u00edcula sobre las atracciones de Fj\u00e4rdhundraland. Est\u00e9 atento a esta p\u00e1gina...","rel":"","context":"En \u00ab\u00c4ldre inl\u00e4gg\u00bb","block_context":{"text":"\u00c4ldre inl\u00e4gg","link":"https:\/\/www.fjardhundraland.se\/es\/aldre-inlagg\/"},"img":{"alt_text":"","src":"","width":0,"height":0},"classes":[]},{"id":218,"url":"https:\/\/www.fjardhundraland.se\/es\/externt\/2011\/forsmak-med-mersmak\/","url_meta":{"origin":69,"position":3},"title":"Degustaci\u00f3n con sabor a\u00f1adido","author":"Mats Thorburn","date":"16 mayo 2011","format":false,"excerpt":"El s\u00e1bado 14 de mayo, el Fj\u00e4rdhundraland empez\u00f3 con buen pie: el tiempo acompa\u00f1\u00f3, mucha gente simp\u00e1tica se reuni\u00f3 con el Fj\u00e4rdhundraland y pudimos vivir desde el d\u00e9cimo aniversario de Ludmilla la Payasa hasta el debut de Marta &amp; Magnus. Los artesanos gastron\u00f3micos de Fj\u00e4rdhundraland nos deleitaron con degustaciones de manjares locales, pudimos...","rel":"","context":"En \u00ab\u00c4ldre inl\u00e4gg\u00bb","block_context":{"text":"\u00c4ldre inl\u00e4gg","link":"https:\/\/www.fjardhundraland.se\/es\/aldre-inlagg\/"},"img":{"alt_text":"","src":"https:\/\/a7.sphotos.ak.fbcdn.net\/hphotos-ak-snc6\/229217_10150182280099234_624654233_6892614_148079_n.jpg","width":350,"height":200},"classes":[]},{"id":124,"url":"https:\/\/www.fjardhundraland.se\/es\/externt\/2011\/programmet-ar-har\/","url_meta":{"origin":69,"position":4},"title":"El programa est\u00e1 aqu\u00ed","author":"Mats Thorburn","date":"11 mayo 2011","format":false,"excerpt":"Fj\u00e4rdhundraland ofrece el s\u00e1bado un rico programa en la plaza de Enk\u00f6ping. Ya est\u00e1 listo el programa para el escenario y la carpa de cuentacuentos. M\u00e1s informaci\u00f3n aqu\u00ed.","rel":"","context":"En \u00ab\u00c4ldre inl\u00e4gg\u00bb","block_context":{"text":"\u00c4ldre inl\u00e4gg","link":"https:\/\/www.fjardhundraland.se\/es\/aldre-inlagg\/"},"img":{"alt_text":"","src":"","width":0,"height":0},"classes":[]},{"id":280,"url":"https:\/\/www.fjardhundraland.se\/es\/externt\/2011\/upptacksfard-i-fjardhundraland\/","url_meta":{"origin":69,"position":5},"title":"Explorar Fj\u00e4rdhundraland","author":"Mats Thorburn","date":"24 mayo 2011","format":false,"excerpt":"Durante dos fines de semana de mayo, Fj\u00e4rdhundraland convirti\u00f3 la plaza de Enk\u00f6ping en un mundo en s\u00ed mismo, con una muestra de todo lo que hay para los visitantes de la zona norte de Enk\u00f6ping. Los domingos hubo visitas guiadas en autob\u00fas, sorpresas culturales y aperitivos locales. \u00a1Gracias a todos los que nos visitaron! Ahora continuamos...","rel":"","context":"En \u00ab\u00c4ldre inl\u00e4gg\u00bb","block_context":{"text":"\u00c4ldre inl\u00e4gg","link":"https:\/\/www.fjardhundraland.se\/es\/aldre-inlagg\/"},"img":{"alt_text":"","src":"","width":0,"height":0},"classes":[]}],"jetpack_sharing_enabled":true,"_links":{"self":[{"href":"https:\/\/www.fjardhundraland.se\/es\/wp-json\/wp\/v2\/posts\/69","targetHints":{"allow":["GET"]}}],"collection":[{"href":"https:\/\/www.fjardhundraland.se\/es\/wp-json\/wp\/v2\/posts"}],"about":[{"href":"https:\/\/www.fjardhundraland.se\/es\/wp-json\/wp\/v2\/types\/post"}],"author":[{"embeddable":true,"href":"https:\/\/www.fjardhundraland.se\/es\/wp-json\/wp\/v2\/users\/1"}],"replies":[{"embeddable":true,"href":"https:\/\/www.fjardhundraland.se\/es\/wp-json\/wp\/v2\/comments?post=69"}],"version-history":[{"count":1,"href":"https:\/\/www.fjardhundraland.se\/es\/wp-json\/wp\/v2\/posts\/69\/revisions"}],"predecessor-version":[{"id":19774,"href":"https:\/\/www.fjardhundraland.se\/es\/wp-json\/wp\/v2\/posts\/69\/revisions\/19774"}],"wp:attachment":[{"href":"https:\/\/www.fjardhundraland.se\/es\/wp-json\/wp\/v2\/media?parent=69"}],"wp:term":[{"taxonomy":"category","embeddable":true,"href":"https:\/\/www.fjardhundraland.se\/es\/wp-json\/wp\/v2\/categories?post=69"},{"taxonomy":"post_tag","embeddable":true,"href":"https:\/\/www.fjardhundraland.se\/es\/wp-json\/wp\/v2\/tags?post=69"}],"curies":[{"name":"wp","href":"https:\/\/api.w.org\/{rel}","templated":true}]}}