
{"id":6864,"date":"2020-05-20T09:24:02","date_gmt":"2020-05-20T07:24:02","guid":{"rendered":"https:\/\/www.fjardhundraland.se\/?p=6864"},"modified":"2020-06-23T10:23:41","modified_gmt":"2020-06-23T08:23:41","slug":"viajar-en-1-2-horas-desde-estocolmo","status":"publish","type":"post","link":"https:\/\/www.fjardhundraland.se\/es\/natur\/2020\/resa-inom-1-2-timmar-fran-stockholm\/","title":{"rendered":"Viajar en 1-2 horas desde Estocolmo"},"content":{"rendered":"<p><strong>A 1-2 horas en coche de su ciudad de origen. Es <a href=\"https:\/\/sverigesradio.se\/sida\/artikel.aspx?programid=83&amp;artikel=7472677\" class=\"rank-math-link\" target=\"_blank\" rel=\"noopener\">recomendaciones para viajar<\/a> a principios del verano de 2020. <a href=\"https:\/\/www.fjardhundraland.se\/es\/\" class=\"rank-math-link\">Fj\u00e4rdhundraland<\/a> es el destino del viaje <em>a menos de una hora de Estocolmo, Uppsala, V\u00e4ster\u00e5s, Str\u00e4ngn\u00e4s y Eskilstuna<\/em>. En dos horas tambi\u00e9n se puede llegar desde \u00d6rebro, S\u00f6dert\u00e4lje, G\u00e4vle, Borl\u00e4nge y Falun.<\/strong><\/p>\n\n\n\n<p><a href=\"https:\/\/www.fjardhundraland.se\/es\/2020\/05\/reserve-sus-vacaciones-en-fjardhundraland\/\" class=\"rank-math-link\">Inicio estrella<\/a> de Estocolmo pueden ir al campo a s\u00f3lo una hora de distancia. <a class=\"rank-math-link\" href=\"https:\/\/www.fjardhundraland.se\/es\/los-sitios\/gora\/naturaleza\/\">Naturaleza<\/a>, <a class=\"rank-math-link\" href=\"https:\/\/www.fjardhundraland.se\/es\/los-sitios\/gora\/historia\/\">cultura<\/a>, <a class=\"rank-math-link\" href=\"https:\/\/www.fjardhundraland.se\/es\/los-sitios\/ata\/cafes\/\">caf\u00e9s<\/a>, <a class=\"rank-math-link\" href=\"https:\/\/www.fjardhundraland.se\/es\/los-sitios\/tienda\/\">granjas<\/a> y <a class=\"rank-math-link\" href=\"https:\/\/www.fjardhundraland.se\/es\/los-sitios\/tienda\/\">alimentos de producci\u00f3n local<\/a> es denso en Fj\u00e4rdhundraland, las zonas naturales invitan a pasear y <a class=\"rank-math-link\" href=\"https:\/\/www.fjardhundraland.se\/es\/rutas\/cykelleder\/\">carriles bici<\/a> serpentea a trav\u00e9s de un paisaje agr\u00edcola abierto.<\/p>\n\n\n\n<p>Bienvenido, \u00a1tambi\u00e9n en tiempos de Corona! Aqu\u00ed encontrar\u00e1 lo que <a href=\"https:\/\/www.fjardhundraland.se\/nu\/\" class=\"rank-math-link\">en curso en este momento<\/a>.<\/p>","protected":false},"excerpt":{"rendered":"<p>1\u20132 timmar med bil fr\u00e5n hemorten. Det \u00e4r rekommendationerna f\u00f6r resor under b\u00f6rjan av sommaren 2020. Fj\u00e4rdhundraland \u00e4r resedestinationen inom en timme fr\u00e5n Stockholm, Uppsala, V\u00e4ster\u00e5s, Str\u00e4ngn\u00e4s och Eskilstuna. Inom tv\u00e5 timmar kommer du hit ocks\u00e5 fr\u00e5n \u00d6rebro, S\u00f6dert\u00e4lje, G\u00e4vle, Borl\u00e4nge och Falun. Hemestern fr\u00e5n Stockholm kan allts\u00e5 g\u00e5 ut p\u00e5 landet bara en timme [&hellip;]<\/p>\n","protected":false},"author":1,"featured_media":5208,"comment_status":"closed","ping_status":"closed","sticky":false,"template":"","format":"standard","meta":{"_acf_changed":false,"_relevanssi_hide_post":"","_relevanssi_hide_content":"","_relevanssi_pin_for_all":"","_relevanssi_pin_keywords":"","_relevanssi_unpin_keywords":"","_relevanssi_related_keywords":"","_relevanssi_related_include_ids":"","_relevanssi_related_exclude_ids":"","_relevanssi_related_no_append":"","_relevanssi_related_not_related":"","_relevanssi_related_posts":"","_relevanssi_noindex_reason":"","_genesis_hide_title":false,"_genesis_hide_breadcrumbs":false,"_genesis_hide_singular_image":false,"_genesis_hide_footer_widgets":false,"_genesis_custom_body_class":"","_genesis_custom_post_class":"","_genesis_layout":"","_jetpack_memberships_contains_paid_content":false,"footnotes":""},"categories":[51,87],"tags":[],"class_list":{"0":"post-6864","1":"post","2":"type-post","3":"status-publish","4":"format-standard","5":"has-post-thumbnail","7":"category-natur","8":"category-utflykt","9":"entry"},"acf":[],"visa":null,"geo_latitude":null,"geo_longitude":null,"jetpack_featured_media_url":"https:\/\/www.fjardhundraland.se\/wp-content\/uploads\/2018\/06\/cropped-rebusrundan-vag-fjardhundraland.jpg","featured_image_src":"https:\/\/www.fjardhundraland.se\/wp-content\/uploads\/2018\/06\/cropped-rebusrundan-vag-fjardhundraland.jpg","featured_image_src_square":"https:\/\/www.fjardhundraland.se\/wp-content\/uploads\/2018\/06\/cropped-rebusrundan-vag-fjardhundraland.jpg","author_info":{"display_name":"Mats Thorburn","author_link":"https:\/\/www.fjardhundraland.se\/es\/author\/matst\/"},"jetpack-related-posts":[{"id":8497,"url":"https:\/\/www.fjardhundraland.se\/es\/kultur\/2021\/bestall-fjardhundralands-magasin\/","url_meta":{"origin":6864,"position":0},"title":"Pida Fj\u00e4rdhundraland a domicilio","author":"Mats Thorburn","date":"10 mayo 2021","format":false,"excerpt":"La revista 2021 de Fj\u00e4rdhundraland le informa sobre la gente y los destinos de Fj\u00e4rdhundraland, la zona de visitantes entre Estocolmo, Uppsala Sala, V\u00e4ster\u00e5s y Enk\u00f6ping. Muestra todos los destinos en un mapa grande y detallado por el que puedes navegar. Ahora puede pedir sus ejemplares gratuitamente a su buz\u00f3n. As\u00ed se hace Vaya a sverigeturisten.se.S\u00f6k...","rel":"","context":"En \u00abKultur\u00bb","block_context":{"text":"Kultur","link":"https:\/\/www.fjardhundraland.se\/es\/kultur\/"},"img":{"alt_text":"Omslag Fja\u0308rdhundraland magasin","src":"https:\/\/i0.wp.com\/www.fjardhundraland.se\/wp-content\/uploads\/2021\/05\/omslag-fjardhundraland-magasin.jpg?resize=350%2C200&ssl=1","width":350,"height":200,"srcset":"https:\/\/i0.wp.com\/www.fjardhundraland.se\/wp-content\/uploads\/2021\/05\/omslag-fjardhundraland-magasin.jpg?resize=350%2C200&ssl=1 1x, https:\/\/i0.wp.com\/www.fjardhundraland.se\/wp-content\/uploads\/2021\/05\/omslag-fjardhundraland-magasin.jpg?resize=525%2C300&ssl=1 1.5x, https:\/\/i0.wp.com\/www.fjardhundraland.se\/wp-content\/uploads\/2021\/05\/omslag-fjardhundraland-magasin.jpg?resize=700%2C400&ssl=1 2x, https:\/\/i0.wp.com\/www.fjardhundraland.se\/wp-content\/uploads\/2021\/05\/omslag-fjardhundraland-magasin.jpg?resize=1050%2C600&ssl=1 3x, https:\/\/i0.wp.com\/www.fjardhundraland.se\/wp-content\/uploads\/2021\/05\/omslag-fjardhundraland-magasin.jpg?resize=1400%2C800&ssl=1 4x"},"classes":[]},{"id":6890,"url":"https:\/\/www.fjardhundraland.se\/es\/utflykt\/2020\/boka-hemester-i-fjardhundraland\/","url_meta":{"origin":6864,"position":1},"title":"Reserve su casa de vacaciones en Fj\u00e4rdhundraland 2020","author":"Mats Thorburn","date":"29 mayo 2020","format":false,"excerpt":"Fj\u00e4rdhundraland es el ganador del Stora Turismpriset 2019, que re\u00fane una gran cantidad de naturaleza, cultura y artesan\u00eda gastron\u00f3mica local convenientemente a una hora de Estocolmo. Es el destino veraniego perfecto para una escapada urbana, con tiempo suficiente para varios d\u00edas de aventuras campestres. Reserve su alojamiento y l\u00e1ncese a explorar. I...","rel":"","context":"En \u00ab\u00c4ldre inl\u00e4gg\u00bb","block_context":{"text":"\u00c4ldre inl\u00e4gg","link":"https:\/\/www.fjardhundraland.se\/es\/aldre-inlagg\/"},"img":{"alt_text":"","src":"https:\/\/i0.wp.com\/www.fjardhundraland.se\/wp-content\/uploads\/2020\/05\/img_20200527_200216.jpg?resize=350%2C200&ssl=1","width":350,"height":200,"srcset":"https:\/\/i0.wp.com\/www.fjardhundraland.se\/wp-content\/uploads\/2020\/05\/img_20200527_200216.jpg?resize=350%2C200&ssl=1 1x, https:\/\/i0.wp.com\/www.fjardhundraland.se\/wp-content\/uploads\/2020\/05\/img_20200527_200216.jpg?resize=525%2C300&ssl=1 1.5x, https:\/\/i0.wp.com\/www.fjardhundraland.se\/wp-content\/uploads\/2020\/05\/img_20200527_200216.jpg?resize=700%2C400&ssl=1 2x, https:\/\/i0.wp.com\/www.fjardhundraland.se\/wp-content\/uploads\/2020\/05\/img_20200527_200216.jpg?resize=1050%2C600&ssl=1 3x, https:\/\/i0.wp.com\/www.fjardhundraland.se\/wp-content\/uploads\/2020\/05\/img_20200527_200216.jpg?resize=1400%2C800&ssl=1 4x"},"classes":[]},{"id":16533,"url":"https:\/\/www.fjardhundraland.se\/es\/press\/2024\/maten-manniskorna-varda-resa\/","url_meta":{"origin":6864,"position":2},"title":"La comida y la gente por las que merece la pena viajar","author":"Mats Thorburn","date":"11 septiembre 2024","format":false,"excerpt":"Es la hora de la fiesta de la cosecha de Fj\u00e4rdhundraland Prepare sus neveras y aseg\u00farese de tener mucha hambre. El s\u00e1bado 21 de septiembre llega uno de los platos fuertes de Fj\u00e4rdhundraland: la ruta gastron\u00f3mica Food &amp; People. Podr\u00e1s viajar y probar tantos sabores diferentes como puedas.   El destino Fj\u00e4rdhundraland est\u00e1 creciendo como la espuma. M\u00e1s de...","rel":"","context":"En \u00abPress\u00bb","block_context":{"text":"Press","link":"https:\/\/www.fjardhundraland.se\/es\/press\/"},"img":{"alt_text":"","src":"https:\/\/i0.wp.com\/www.fjardhundraland.se\/wp-content\/uploads\/2024\/09\/mat-manniskor-pa-resta-gard-5.jpg?resize=350%2C200&ssl=1","width":350,"height":200,"srcset":"https:\/\/i0.wp.com\/www.fjardhundraland.se\/wp-content\/uploads\/2024\/09\/mat-manniskor-pa-resta-gard-5.jpg?resize=350%2C200&ssl=1 1x, https:\/\/i0.wp.com\/www.fjardhundraland.se\/wp-content\/uploads\/2024\/09\/mat-manniskor-pa-resta-gard-5.jpg?resize=525%2C300&ssl=1 1.5x, https:\/\/i0.wp.com\/www.fjardhundraland.se\/wp-content\/uploads\/2024\/09\/mat-manniskor-pa-resta-gard-5.jpg?resize=700%2C400&ssl=1 2x, https:\/\/i0.wp.com\/www.fjardhundraland.se\/wp-content\/uploads\/2024\/09\/mat-manniskor-pa-resta-gard-5.jpg?resize=1050%2C600&ssl=1 3x, https:\/\/i0.wp.com\/www.fjardhundraland.se\/wp-content\/uploads\/2024\/09\/mat-manniskor-pa-resta-gard-5.jpg?resize=1400%2C800&ssl=1 4x"},"classes":[]},{"id":3905,"url":"https:\/\/www.fjardhundraland.se\/es\/turismutveckling\/2017\/augmented-export\/","url_meta":{"origin":6864,"position":3},"title":"Exportaci\u00f3n aumentada - sobre comida, naturaleza y cultura","author":"Mats Thorburn","date":"11 febrero 2017","format":false,"excerpt":"\u00bfQu\u00e9 tipo de comida quieren los visitantes cuando visitan Escandinavia? \u00bfC\u00f3mo podemos aprovechar la calidad que tenemos para encontrar visitantes que quieran una estancia personalizada a peque\u00f1a escala en Suecia? Para responder a estas preguntas, estamos llevando a cabo un proyecto sobre la comida en combinaci\u00f3n con la naturaleza...","rel":"","context":"En \u00abTurismutveckling\u00bb","block_context":{"text":"Turismutveckling","link":"https:\/\/www.fjardhundraland.se\/es\/turismutveckling\/"},"img":{"alt_text":"","src":"","width":0,"height":0},"classes":[]},{"id":80,"url":"https:\/\/www.fjardhundraland.se\/es\/externt\/2011\/forsmak-pa-fjardhundraland-2\/","url_meta":{"origin":6864,"position":4},"title":"Viaje a Fj\u00e4rdhundraland","author":"Ylva Fontell","date":"3 mayo 2011","format":false,"excerpt":"Siga antiguos senderos vikingos en autob\u00fas hasta el Fj\u00e4rdhundraland y experimente con todos sus sentidos un viaje por la magn\u00edfica naturaleza.  Entre en antiguos recintos culturales, escuche hermosos cantos y marav\u00edllese con las pinturas de la iglesia de Pictor. Disfrute de caf\u00e9 y pasteles caseros en el hermoso H\u00e4rledsg\u00e5rden, que data del siglo XVIII. La excursi\u00f3n en autob\u00fas sale del plan Gustav Adolfs...","rel":"","context":"En \u00ab\u00c4ldre inl\u00e4gg\u00bb","block_context":{"text":"\u00c4ldre inl\u00e4gg","link":"https:\/\/www.fjardhundraland.se\/es\/aldre-inlagg\/"},"img":{"alt_text":"","src":"","width":0,"height":0},"classes":[]},{"id":12584,"url":"https:\/\/www.fjardhundraland.se\/es\/inlagg\/2023\/tuva-tappa-2023\/","url_meta":{"origin":6864,"position":5},"title":"Tuva y T\u00e4ppa 2023","author":"Carl-Erik Ekblom","date":"27 abril 2023","format":false,"excerpt":"S\u00e1bado 17 de junio, 11-17 \u00a1Bienvenidos al Fj\u00e4rdhundraland en pleno esplendor estival! Cuando la naturaleza est\u00e1 en su m\u00e1ximo esplendor, le invitamos a Tuva y T\u00e4ppa, el recorrido para quienes se interesan por el cultivo y la jardiner\u00eda, o simplemente disfrutan de la naturaleza tomando una taza de caf\u00e9. D\u00e9 un paseo por los sinuosos...","rel":"","context":"En \u00abInl\u00e4gg\u00bb","block_context":{"text":"Inl\u00e4gg","link":"https:\/\/www.fjardhundraland.se\/es\/inlagg\/"},"img":{"alt_text":"Tuva & t\u00e4ppa - bild p\u00e5 v\u00e4xthus fr\u00e5n Lundellska galleriet","src":"https:\/\/i0.wp.com\/www.fjardhundraland.se\/wp-content\/uploads\/2023\/04\/img-20190629-121643-effects.jpg?resize=350%2C200&ssl=1","width":350,"height":200,"srcset":"https:\/\/i0.wp.com\/www.fjardhundraland.se\/wp-content\/uploads\/2023\/04\/img-20190629-121643-effects.jpg?resize=350%2C200&ssl=1 1x, https:\/\/i0.wp.com\/www.fjardhundraland.se\/wp-content\/uploads\/2023\/04\/img-20190629-121643-effects.jpg?resize=525%2C300&ssl=1 1.5x, https:\/\/i0.wp.com\/www.fjardhundraland.se\/wp-content\/uploads\/2023\/04\/img-20190629-121643-effects.jpg?resize=700%2C400&ssl=1 2x, https:\/\/i0.wp.com\/www.fjardhundraland.se\/wp-content\/uploads\/2023\/04\/img-20190629-121643-effects.jpg?resize=1050%2C600&ssl=1 3x, https:\/\/i0.wp.com\/www.fjardhundraland.se\/wp-content\/uploads\/2023\/04\/img-20190629-121643-effects.jpg?resize=1400%2C800&ssl=1 4x"},"classes":[]}],"jetpack_sharing_enabled":true,"_links":{"self":[{"href":"https:\/\/www.fjardhundraland.se\/es\/wp-json\/wp\/v2\/posts\/6864","targetHints":{"allow":["GET"]}}],"collection":[{"href":"https:\/\/www.fjardhundraland.se\/es\/wp-json\/wp\/v2\/posts"}],"about":[{"href":"https:\/\/www.fjardhundraland.se\/es\/wp-json\/wp\/v2\/types\/post"}],"author":[{"embeddable":true,"href":"https:\/\/www.fjardhundraland.se\/es\/wp-json\/wp\/v2\/users\/1"}],"replies":[{"embeddable":true,"href":"https:\/\/www.fjardhundraland.se\/es\/wp-json\/wp\/v2\/comments?post=6864"}],"version-history":[{"count":0,"href":"https:\/\/www.fjardhundraland.se\/es\/wp-json\/wp\/v2\/posts\/6864\/revisions"}],"wp:featuredmedia":[{"embeddable":true,"href":"https:\/\/www.fjardhundraland.se\/es\/wp-json\/wp\/v2\/media\/5208"}],"wp:attachment":[{"href":"https:\/\/www.fjardhundraland.se\/es\/wp-json\/wp\/v2\/media?parent=6864"}],"wp:term":[{"taxonomy":"category","embeddable":true,"href":"https:\/\/www.fjardhundraland.se\/es\/wp-json\/wp\/v2\/categories?post=6864"},{"taxonomy":"post_tag","embeddable":true,"href":"https:\/\/www.fjardhundraland.se\/es\/wp-json\/wp\/v2\/tags?post=6864"}],"curies":[{"name":"wp","href":"https:\/\/api.w.org\/{rel}","templated":true}]}}