
{"id":683,"date":"2011-09-01T19:11:13","date_gmt":"2011-09-01T17:11:13","guid":{"rendered":"http:\/\/www.fjardhundraland.se\/?p=683"},"modified":"2026-02-05T13:40:40","modified_gmt":"2026-02-05T12:40:40","slug":"mercado-del-calzado-y-aldea-de-soldados","status":"publish","type":"post","link":"https:\/\/www.fjardhundraland.se\/es\/hantverk\/2011\/skordemarknad-och-soldattorp\/","title":{"rendered":"Mercado de la cosecha y aldea de soldados"},"content":{"rendered":"<p>En Dunderbo, Fj\u00e4rdhundra, el s\u00e1bado y el domingo, de 10.00 a 16.00 horas, podr\u00e1 experimentar el mercado anual de la cosecha, con venta de alfombras de trapo, brotes de flores, especias, mermeladas, cuchillos, joyas y \u00a1mucho m\u00e1s!<\/p>\n<p>Tambi\u00e9n podr\u00e1 escuchar a G\u00f6ran Mellstr\u00f6m hablar sobre la aldea de soldados de Dunderbo y su fascinante historia a las 11.00 y a las 14.00 horas. Adem\u00e1s, podr\u00e1 dar un paseo por el Sendero de la Guerra <a title=\"Potencia Fj\u00e4rdhundra\" href=\"https:\/\/www.hastkraftfjardhundra.se\/sida2.html\" target=\"_blank\" rel=\"noopener\">en coche de caballos<\/a>!<\/p>\n<p>Servicio de caf\u00e9 con pan casero y otras delicias. <a title=\"Artesan\u00eda Dunderbo\" href=\"https:\/\/dunderbohantverk.wordpress.com\/\" target=\"_blank\" rel=\"noopener\">M\u00e1s informaci\u00f3n en Dunderbo hantverk.<\/a><\/p>\n<p><a href=\"https:\/\/www.fjardhundraland.se\/es\/blog\/2011\/09\/01\/mercado-del-calzado-y-aldea-de-soldados\/img_1215\/\" rel=\"attachment wp-att-684\"><img decoding=\"async\" class=\"alignleft size-medium wp-image-684\" title=\"Mercado de la cosecha en Dunderbo\" src=\"https:\/\/www.fjardhundraland.se\/wp-content\/uploads\/2011\/09\/IMG_1215-630x472.jpg\" alt=\"Mercado de la cosecha en Dunderbo\" width=\"630\" height=\"472\" \/><\/a><em>\u00a1Bienvenidos al mercado de la cosecha! dice Annika Jodensvi, de Dunderbo.<\/em><\/p>","protected":false},"excerpt":{"rendered":"<p>En Dunderbo, Fj\u00e4rdhundra, los s\u00e1bados y domingos puede acudir al mercado de la cosecha, con un caf\u00e9 y un recorrido por la \"ruta de la guerra\" alrededor del pueblo de los soldados de Dunderbo.<\/p>","protected":false},"author":1,"featured_media":0,"comment_status":"open","ping_status":"open","sticky":false,"template":"","format":"standard","meta":{"_acf_changed":false,"_relevanssi_hide_post":"","_relevanssi_hide_content":"","_relevanssi_pin_for_all":"","_relevanssi_pin_keywords":"","_relevanssi_unpin_keywords":"","_relevanssi_related_keywords":"","_relevanssi_related_include_ids":"","_relevanssi_related_exclude_ids":"","_relevanssi_related_no_append":"","_relevanssi_related_not_related":"","_relevanssi_related_posts":"","_relevanssi_noindex_reason":"Rank Math Uteslut fr\u00e5n Relevanssi index","_genesis_hide_title":false,"_genesis_hide_breadcrumbs":false,"_genesis_hide_singular_image":false,"_genesis_hide_footer_widgets":false,"_genesis_custom_body_class":"","_genesis_custom_post_class":"","_genesis_layout":"","_jetpack_memberships_contains_paid_content":false,"footnotes":""},"categories":[353,15],"tags":[352],"class_list":{"0":"post-683","1":"post","2":"type-post","3":"status-publish","4":"format-standard","6":"category-aldre-inlagg","7":"category-hantverk","8":"tag-aldre-inlagg","9":"entry"},"acf":[],"visa":null,"geo_latitude":null,"geo_longitude":null,"jetpack_featured_media_url":"","featured_image_src":null,"featured_image_src_square":null,"author_info":{"display_name":"Mats Thorburn","author_link":"https:\/\/www.fjardhundraland.se\/es\/author\/matst\/"},"jetpack-related-posts":[{"id":942,"url":"https:\/\/www.fjardhundraland.se\/es\/inlagg\/2012\/pa-krigsstigen-i-fjardhundraland\/","url_meta":{"origin":683,"position":0},"title":"En pie de guerra en Fj\u00e4rdhundraland","author":"Mats Thorburn","date":"19 mayo 2012","format":false,"excerpt":"El s\u00e1bado y el domingo, a las 11.00 y a las 13.00 horas, G\u00f6ran Mellstr\u00f6m le guiar\u00e1 por la aldea de los soldados de Dunderbo. (Indicaciones.) Tambi\u00e9n hay un mercado de primavera en Dunderbo, de 10.00 a 16.00 horas; despu\u00e9s, vaya a una de las muchas cosas que ver en Fj\u00e4rdhundraland. Vea las an\u00e9monas blancas en H\u00e5rsb\u00e4cksdalen, el s\u00e1bado quiz\u00e1s combinado con una visita a Lagerl\u00f6fska...","rel":"","context":"En \u00ab\u00c4ldre inl\u00e4gg\u00bb","block_context":{"text":"\u00c4ldre inl\u00e4gg","link":"https:\/\/www.fjardhundraland.se\/es\/aldre-inlagg\/"},"img":{"alt_text":"Krigsstigen soldattorp","src":"https:\/\/i0.wp.com\/www.fjardhundraland.se\/wp-content\/uploads\/2012\/05\/krigsstigen-1024x682.jpg?resize=350%2C200&ssl=1","width":350,"height":200,"srcset":"https:\/\/i0.wp.com\/www.fjardhundraland.se\/wp-content\/uploads\/2012\/05\/krigsstigen-1024x682.jpg?resize=350%2C200&ssl=1 1x, https:\/\/i0.wp.com\/www.fjardhundraland.se\/wp-content\/uploads\/2012\/05\/krigsstigen-1024x682.jpg?resize=525%2C300&ssl=1 1.5x"},"classes":[]},{"id":590,"url":"https:\/\/www.fjardhundraland.se\/es\/hantverk\/2011\/ljus-hantverk-lordagskafe-i-dunderbo\/","url_meta":{"origin":683,"position":1},"title":"Velas, artesan\u00eda y caf\u00e9 los s\u00e1bados en Dunderbo","author":"Mats Thorburn","date":"13 agosto 2011","format":false,"excerpt":"En Dunderbo Candles &amp; Crafts se pueden comprar velas hechas a mano y artesan\u00eda local, y los s\u00e1bados hay cafeter\u00eda.","rel":"","context":"En \u00ab\u00c4ldre inl\u00e4gg\u00bb","block_context":{"text":"\u00c4ldre inl\u00e4gg","link":"https:\/\/www.fjardhundraland.se\/es\/aldre-inlagg\/"},"img":{"alt_text":"Dunderbo ljus och hantverk","src":"https:\/\/dunderbohantverk.files.wordpress.com\/2010\/10\/boden1.jpg?w=350&h=200&crop=1","width":350,"height":200},"classes":[]},{"id":298,"url":"https:\/\/www.fjardhundraland.se\/es\/externt\/2011\/det-har-hander-i-helgen\/","url_meta":{"origin":683,"position":2},"title":"Esto es lo que ocurre este fin de semana","author":"Mats Thorburn","date":"27 mayo 2011","format":false,"excerpt":"Aqu\u00ed tiene algunas sugerencias de actividades en torno al Fj\u00e4rdhundraland durante el pr\u00f3ximo fin de semana: S\u00e1bado-domingo 28-29 de mayo 10-16: Mercado de primavera en Dunderbo. Exposici\u00f3n de comida tradicional, servicio de caf\u00e9 con reposter\u00eda casera. Flores de verano, mermeladas, g\u00e9neros de punto, velas, etc. Visitas guiadas en Krigsstigen a las 11 h y a las 14 h. 073-65 77 906 Arr: Dunderbo Ljus &amp; hantverk. S\u00e1bado y domingo, 28 y 29 de mayo...","rel":"","context":"En \u00ab\u00c4ldre inl\u00e4gg\u00bb","block_context":{"text":"\u00c4ldre inl\u00e4gg","link":"https:\/\/www.fjardhundraland.se\/es\/aldre-inlagg\/"},"img":{"alt_text":"","src":"","width":0,"height":0},"classes":[]},{"id":1178,"url":"https:\/\/www.fjardhundraland.se\/es\/gardsbutiker\/2012\/hostmarknad-i-dunderbo\/","url_meta":{"origin":683,"position":3},"title":"Mercado de oto\u00f1o en Dunderbo","author":"Ylva Fontell","date":"23 agosto 2012","format":false,"excerpt":"Durante el primer fin de semana de septiembre, habr\u00e1 un mercado de oto\u00f1o en Dunderbo Ljus &amp; Hantverk. Habr\u00e1 a la venta velas hechas a mano, cuchillos, alfombras de trapo y mucho m\u00e1s. Durante el fin de semana tambi\u00e9n habr\u00e1 la oportunidad de escuchar a G\u00f6ran Mellstr\u00f6m, que hablar\u00e1 sobre la aldea de soldados de Dunderbo. Servicio de caf\u00e9 con pan casero. El mercado es...","rel":"","context":"En \u00ab\u00c4ldre inl\u00e4gg\u00bb","block_context":{"text":"\u00c4ldre inl\u00e4gg","link":"https:\/\/www.fjardhundraland.se\/es\/aldre-inlagg\/"},"img":{"alt_text":"","src":"","width":0,"height":0},"classes":[]},{"id":1440,"url":"https:\/\/www.fjardhundraland.se\/es\/externt\/2013\/hostmarknad-i-dunderbo-2\/","url_meta":{"origin":683,"position":4},"title":"Mercado de oto\u00f1o en Dunderbo","author":"Ylva Fontell","date":"9 septiembre 2013","format":false,"excerpt":"14-15 de septiembre es el mercado de oto\u00f1o en Dunderbo velas y artesan\u00edas con miel, mermelada, manzanas, setas y un mont\u00f3n de artesan\u00edas. Se servir\u00e1 caf\u00e9 y pasteles caseros y ambos d\u00edas se podr\u00e1 dar un paseo guiado por el Sendero de la Guerra a las 13.00. El mercado abre de 10.00 a 16.00. El programa completo est\u00e1 disponible en www.dunderbohantverk.se.","rel":"","context":"En \u00ab\u00c4ldre inl\u00e4gg\u00bb","block_context":{"text":"\u00c4ldre inl\u00e4gg","link":"https:\/\/www.fjardhundraland.se\/es\/aldre-inlagg\/"},"img":{"alt_text":"","src":"","width":0,"height":0},"classes":[]},{"id":933,"url":"https:\/\/www.fjardhundraland.se\/es\/hantverk\/2012\/varmarknad-i-dunderbo\/","url_meta":{"origin":683,"position":5},"title":"Mercado de primavera en Dunderbo","author":"Ylva Fontell","date":"12 mayo 2012","format":false,"excerpt":"El fin de semana del 19 y 20 de mayo, Dunderbo Ljus &amp; Hantverk celebra un mercado de primavera. Habr\u00e1 artesan\u00eda local en forma de, por ejemplo, cuchillos, joyas y alfombras de trapo. Tambi\u00e9n habr\u00e1 comida local a la venta: mermeladas, chutney, pan, miel y mucho m\u00e1s. En relaci\u00f3n con el mercado, tambi\u00e9n habr\u00e1 visitas guiadas por el Sendero de la Guerra. M\u00e1s informaci\u00f3n...","rel":"","context":"En \u00ab\u00c4ldre inl\u00e4gg\u00bb","block_context":{"text":"\u00c4ldre inl\u00e4gg","link":"https:\/\/www.fjardhundraland.se\/es\/aldre-inlagg\/"},"img":{"alt_text":"","src":"","width":0,"height":0},"classes":[]}],"jetpack_sharing_enabled":true,"_links":{"self":[{"href":"https:\/\/www.fjardhundraland.se\/es\/wp-json\/wp\/v2\/posts\/683","targetHints":{"allow":["GET"]}}],"collection":[{"href":"https:\/\/www.fjardhundraland.se\/es\/wp-json\/wp\/v2\/posts"}],"about":[{"href":"https:\/\/www.fjardhundraland.se\/es\/wp-json\/wp\/v2\/types\/post"}],"author":[{"embeddable":true,"href":"https:\/\/www.fjardhundraland.se\/es\/wp-json\/wp\/v2\/users\/1"}],"replies":[{"embeddable":true,"href":"https:\/\/www.fjardhundraland.se\/es\/wp-json\/wp\/v2\/comments?post=683"}],"version-history":[{"count":1,"href":"https:\/\/www.fjardhundraland.se\/es\/wp-json\/wp\/v2\/posts\/683\/revisions"}],"predecessor-version":[{"id":19735,"href":"https:\/\/www.fjardhundraland.se\/es\/wp-json\/wp\/v2\/posts\/683\/revisions\/19735"}],"wp:attachment":[{"href":"https:\/\/www.fjardhundraland.se\/es\/wp-json\/wp\/v2\/media?parent=683"}],"wp:term":[{"taxonomy":"category","embeddable":true,"href":"https:\/\/www.fjardhundraland.se\/es\/wp-json\/wp\/v2\/categories?post=683"},{"taxonomy":"post_tag","embeddable":true,"href":"https:\/\/www.fjardhundraland.se\/es\/wp-json\/wp\/v2\/tags?post=683"}],"curies":[{"name":"wp","href":"https:\/\/api.w.org\/{rel}","templated":true}]}}