
{"id":6753,"date":"2020-04-21T18:22:12","date_gmt":"2020-04-21T16:22:12","guid":{"rendered":"https:\/\/www.fjardhundraland.se\/?p=6753"},"modified":"2023-02-10T10:24:14","modified_gmt":"2023-02-10T09:24:14","slug":"nuevas-colaboraciones-sobre-produccion-alimentaria-en-uppland","status":"publish","type":"post","link":"https:\/\/www.fjardhundraland.se\/es\/inlagg\/2020\/nya-samarbeten-kring-narproducerad-mat-i-uppland\/","title":{"rendered":"Nuevas colaboraciones sobre alimentos producidos localmente en Uppland"},"content":{"rendered":"<p class=\"wp-block-paragraph\">Fj\u00e4rdhundraland ek. f\u00f6r. ha recibido una ayuda dentro del Programa de Desarrollo Rural para el proyecto Nuevas colaboraciones en alimentos producidos localmente en Uppland. El proyecto se lleva a cabo en estrecha colaboraci\u00f3n con otros agentes de la alimentaci\u00f3n local: Bondens Mat i Uppland, Smaka p\u00e5 V\u00e4stmanland y los anillos REKO de Enk\u00f6ping y Uppsala. Tambi\u00e9n hemos explorado el inter\u00e9s de S\u00f6rmlands Matkluster y Roslagsmat.&nbsp;<\/p>\n\n\n\n<p class=\"wp-block-paragraph\">El objetivo del proyecto es reunir a varios artesanos alimentarios\/productores de alimentos locales para organizar un acto de creaci\u00f3n de redes para artesanos alimentarios interesados y actividades informativas sobre alimentos locales durante un mercado de alimentos el D\u00eda de la Huerta en Enk\u00f6ping. El proyecto quiere dar a m\u00e1s consumidores la oportunidad de encontrar alimentos locales buenos y producidos de forma justa.<\/p>\n\n\n\n<p class=\"wp-block-paragraph\">Las preguntas sobre el proyecto deben dirigirse al director del proyecto, Titti Str\u00f6mne, Glada F\u00e5ret, tel. 070-589 32 33 o titti@gladafaret.se.&nbsp;<\/p>\n\n\n\n<figure class=\"wp-block-image size-large is-resized\"><img loading=\"lazy\" decoding=\"async\" data-attachment-id=\"6754\" data-permalink=\"https:\/\/www.fjardhundraland.se\/es\/inlagg\/2020\/nya-samarbeten-kring-narproducerad-mat-i-uppland\/attachment\/eu-flaggaeuropeiskajordbruksfonden\/\" data-orig-file=\"https:\/\/www.fjardhundraland.se\/wp-content\/uploads\/2020\/04\/eu-flaggaeuropeiskajordbruksfonden.svg\" data-orig-size=\"3175,3209\" data-comments-opened=\"0\" data-image-title=\"EU-flagga+Europeiska+Jordbruksfonden\" data-image-description=\"\" data-image-caption=\"\" data-large-file=\"https:\/\/www.fjardhundraland.se\/wp-content\/uploads\/2020\/04\/eu-flaggaeuropeiskajordbruksfonden.svg\" src=\"https:\/\/www.fjardhundraland.se\/wp-content\/uploads\/2020\/04\/eu-flaggaeuropeiskajordbruksfonden.svg\" alt=\"Bandera de la UE Fondo Europeo Agr\u00edcola\" class=\"wp-image-6754\" width=\"226\" height=\"228\" title=\"\"><\/figure>","protected":false},"excerpt":{"rendered":"<p>Fj\u00e4rdhundraland ek. f\u00f6r. har beviljats projektst\u00f6d inom Landsbygdsprogrammet till projektet Nya samarbeten kring n\u00e4rproducerad mat i Uppland. Projektet genomf\u00f6r i n\u00e4ra samarbete med andra akt\u00f6rer inom lokal mat: Bondens Mat i Uppland, Smaka p\u00e5 V\u00e4stmanland och REKO-ringarna i Enk\u00f6ping och Uppsala. Vi har \u00e4ven sonderat intresse hos S\u00f6rmlands Matkluster och Roslagsmat.&nbsp; Projektets syfte \u00e4r att [&hellip;]<\/p>\n","protected":false},"author":1,"featured_media":4919,"comment_status":"closed","ping_status":"closed","sticky":false,"template":"","format":"standard","meta":{"_acf_changed":false,"_relevanssi_hide_post":"","_relevanssi_hide_content":"","_relevanssi_pin_for_all":"","_relevanssi_pin_keywords":"","_relevanssi_unpin_keywords":"","_relevanssi_related_keywords":"","_relevanssi_related_include_ids":"","_relevanssi_related_exclude_ids":"","_relevanssi_related_no_append":"","_relevanssi_related_not_related":"","_relevanssi_related_posts":"","_relevanssi_noindex_reason":"","_genesis_hide_title":false,"_genesis_hide_breadcrumbs":false,"_genesis_hide_singular_image":false,"_genesis_hide_footer_widgets":false,"_genesis_custom_body_class":"","_genesis_custom_post_class":"","_genesis_layout":"","_jetpack_newsletter_access":"","_jetpack_dont_email_post_to_subs":false,"_jetpack_newsletter_tier_id":0,"_jetpack_memberships_contains_paywalled_content":false,"_jetpack_memberships_contains_paid_content":false,"footnotes":"","jetpack_post_was_ever_published":false},"categories":[1],"tags":[],"class_list":["post-6753","post","type-post","status-publish","format-standard","has-post-thumbnail","category-inlagg","entry"],"acf":[],"featured_image_src":"https:\/\/www.fjardhundraland.se\/wp-content\/uploads\/2017\/11\/svartbackengronsaks.jpg","featured_image_src_square":"https:\/\/www.fjardhundraland.se\/wp-content\/uploads\/2017\/11\/svartbackengronsaks.jpg","author_info":{"display_name":"Mats Thorburn","author_link":"https:\/\/www.fjardhundraland.se\/es\/author\/matst\/"},"jetpack-related-posts":[{"id":31,"url":"https:\/\/www.fjardhundraland.se\/es\/externt\/2010\/welcome-to-fjardhundraland\/","url_meta":{"origin":6753,"position":0},"title":"Bienvenido a Fj\u00e4rdhundraland","author":"Mats Thorburn","date":"12 octubre 2010","format":false,"excerpt":"La provincia medieval de Fj\u00e4drundaland forma parte hoy en d\u00eda de Uppland, Suecia. Hoy trabajamos con una adaptaci\u00f3n moderna; Fj\u00e4rdhundraland. El campo que rodea el municipio Fj\u00e4rdhundra puede ofrecerle una visita a una de las regiones hist\u00f3ricas m\u00e1s antiguas e interesantes de Suecia - y una pr\u00f3spera comunidad empresarial esperando para servirle...","rel":"","context":"En \u00ab\u00c4ldre inl\u00e4gg\u00bb","block_context":{"text":"\u00c4ldre inl\u00e4gg","link":"https:\/\/www.fjardhundraland.se\/es\/aldre-inlagg\/"},"img":{"alt_text":"","src":"","width":0,"height":0},"classes":[]}],"jetpack_sharing_enabled":true,"jetpack_featured_media_url":"https:\/\/www.fjardhundraland.se\/wp-content\/uploads\/2017\/11\/svartbackengronsaks.jpg","_links":{"self":[{"href":"https:\/\/www.fjardhundraland.se\/es\/wp-json\/wp\/v2\/posts\/6753","targetHints":{"allow":["GET"]}}],"collection":[{"href":"https:\/\/www.fjardhundraland.se\/es\/wp-json\/wp\/v2\/posts"}],"about":[{"href":"https:\/\/www.fjardhundraland.se\/es\/wp-json\/wp\/v2\/types\/post"}],"author":[{"embeddable":true,"href":"https:\/\/www.fjardhundraland.se\/es\/wp-json\/wp\/v2\/users\/1"}],"replies":[{"embeddable":true,"href":"https:\/\/www.fjardhundraland.se\/es\/wp-json\/wp\/v2\/comments?post=6753"}],"version-history":[{"count":0,"href":"https:\/\/www.fjardhundraland.se\/es\/wp-json\/wp\/v2\/posts\/6753\/revisions"}],"wp:featuredmedia":[{"embeddable":true,"href":"https:\/\/www.fjardhundraland.se\/es\/wp-json\/wp\/v2\/media\/4919"}],"wp:attachment":[{"href":"https:\/\/www.fjardhundraland.se\/es\/wp-json\/wp\/v2\/media?parent=6753"}],"wp:term":[{"taxonomy":"category","embeddable":true,"href":"https:\/\/www.fjardhundraland.se\/es\/wp-json\/wp\/v2\/categories?post=6753"},{"taxonomy":"post_tag","embeddable":true,"href":"https:\/\/www.fjardhundraland.se\/es\/wp-json\/wp\/v2\/tags?post=6753"}],"curies":[{"name":"wp","href":"https:\/\/api.w.org\/{rel}","templated":true}]}}