
{"id":674,"date":"2011-08-31T14:50:49","date_gmt":"2011-08-31T12:50:49","guid":{"rendered":"http:\/\/www.fjardhundraland.se\/?p=674"},"modified":"2026-02-05T13:40:40","modified_gmt":"2026-02-05T12:40:40","slug":"musica-y-objetos-de-osterunda","status":"publish","type":"post","link":"https:\/\/www.fjardhundraland.se\/es\/externt\/2011\/musik-och-fornfynd-fran-osterunda\/","title":{"rendered":"M\u00fasica y objetos de \u00d6sterunda"},"content":{"rendered":"<p>Ma\u00f1ana, jueves 1 de septiembre, a las 19:00 horas, Berndt Andersson y Sture Eriksson hablar\u00e1n sobre hallazgos antiguos y tocar\u00e1n m\u00fasica escrita en \u00d6sterunda. \u00a1Trae una cesta de caf\u00e9 y ven a la caba\u00f1a de la iglesia de \u00d6sterunda!<br \/>\n<a href=\"https:\/\/www.fjardhundraland.se\/es\/blog\/2011\/08\/31\/musica-y-objetos-de-osterunda\/osterunda_kyrka\/\" rel=\"attachment wp-att-676\"><br \/>\n<img decoding=\"async\" src=\"https:\/\/www.fjardhundraland.se\/wp-content\/uploads\/2011\/08\/Osterunda_kyrka-630x419.jpg\" alt=\"\" title=\"Iglesia_Osterunda\" width=\"630\" height=\"419\" class=\"alignleft size-medium wp-image-676\"><\/a><\/p>","protected":false},"excerpt":{"rendered":"<p>Ma\u00f1ana, jueves 1 de septiembre, a las 19:00 horas, Berndt Andersson y Sture Eriksson hablar\u00e1n de antiguos hallazgos e interpretar\u00e1n m\u00fasica escrita en \u00d6sterunda.<\/p>","protected":false},"author":1,"featured_media":0,"comment_status":"open","ping_status":"open","sticky":false,"template":"","format":"standard","meta":{"_acf_changed":false,"_relevanssi_hide_post":"","_relevanssi_hide_content":"","_relevanssi_pin_for_all":"","_relevanssi_pin_keywords":"","_relevanssi_unpin_keywords":"","_relevanssi_related_keywords":"","_relevanssi_related_include_ids":"","_relevanssi_related_exclude_ids":"","_relevanssi_related_no_append":"","_relevanssi_related_not_related":"","_relevanssi_related_posts":"","_relevanssi_noindex_reason":"Rank Math Uteslut fr\u00e5n Relevanssi index","_genesis_hide_title":false,"_genesis_hide_breadcrumbs":false,"_genesis_hide_singular_image":false,"_genesis_hide_footer_widgets":false,"_genesis_custom_body_class":"","_genesis_custom_post_class":"","_genesis_layout":"","_jetpack_memberships_contains_paid_content":false,"footnotes":""},"categories":[353,18,23],"tags":[352],"class_list":{"0":"post-674","1":"post","2":"type-post","3":"status-publish","4":"format-standard","6":"category-aldre-inlagg","7":"category-externt","8":"category-musik","9":"tag-aldre-inlagg","10":"entry"},"acf":[],"visa":null,"geo_latitude":null,"geo_longitude":null,"jetpack_featured_media_url":"","featured_image_src":null,"featured_image_src_square":null,"author_info":{"display_name":"Mats Thorburn","author_link":"https:\/\/www.fjardhundraland.se\/es\/author\/matst\/"},"jetpack-related-posts":[{"id":699,"url":"https:\/\/www.fjardhundraland.se\/es\/externt\/2011\/flamenco-fusion\/","url_meta":{"origin":674,"position":0},"title":"Flamenco Fusi\u00f3n","author":"Mats Thorburn","date":"16 septiembre 2011","format":false,"excerpt":"\u00bfListo para una noche de flamenco en el campo? Ma\u00f1ana, 17 de septiembre, el ayuntamiento de \u00d6sterunda acoger\u00e1 una velada con Erik Steen Flamenco Fusion.","rel":"","context":"En \u00ab\u00c4ldre inl\u00e4gg\u00bb","block_context":{"text":"\u00c4ldre inl\u00e4gg","link":"https:\/\/www.fjardhundraland.se\/es\/aldre-inlagg\/"},"img":{"alt_text":"","src":"","width":0,"height":0},"classes":[]},{"id":298,"url":"https:\/\/www.fjardhundraland.se\/es\/externt\/2011\/det-har-hander-i-helgen\/","url_meta":{"origin":674,"position":1},"title":"Esto es lo que ocurre este fin de semana","author":"Mats Thorburn","date":"27 mayo 2011","format":false,"excerpt":"Aqu\u00ed tiene algunas sugerencias de actividades en torno al Fj\u00e4rdhundraland durante el pr\u00f3ximo fin de semana: S\u00e1bado-domingo 28-29 de mayo 10-16: Mercado de primavera en Dunderbo. Exposici\u00f3n de comida tradicional, servicio de caf\u00e9 con reposter\u00eda casera. Flores de verano, mermeladas, g\u00e9neros de punto, velas, etc. Visitas guiadas en Krigsstigen a las 11 h y a las 14 h. 073-65 77 906 Arr: Dunderbo Ljus &amp; hantverk. S\u00e1bado y domingo, 28 y 29 de mayo...","rel":"","context":"En \u00ab\u00c4ldre inl\u00e4gg\u00bb","block_context":{"text":"\u00c4ldre inl\u00e4gg","link":"https:\/\/www.fjardhundraland.se\/es\/aldre-inlagg\/"},"img":{"alt_text":"","src":"","width":0,"height":0},"classes":[]},{"id":417,"url":"https:\/\/www.fjardhundraland.se\/es\/gardsbutiker\/2011\/bed-breakfast-brod-hantverk\/","url_meta":{"origin":674,"position":2},"title":"Alojamiento y desayuno, pan y artesan\u00eda","author":"Mats Thorburn","date":"21 julio 2011","format":false,"excerpt":"Todos los domingos se puede tomar un caf\u00e9 y comprar en la panader\u00eda de Kr\u00e5kvilan, en Hammarby. Se venden galletas, pan crujiente, fina piel de oveja y artesan\u00eda de fieltro. Kr\u00e5kvilan ha abierto ahora un bed &amp; breakfast. En la panader\u00eda puedes alojarte en una de las dos acogedoras habitaciones.","rel":"","context":"En \u00ab\u00c4ldre inl\u00e4gg\u00bb","block_context":{"text":"\u00c4ldre inl\u00e4gg","link":"https:\/\/www.fjardhundraland.se\/es\/aldre-inlagg\/"},"img":{"alt_text":"","src":"","width":0,"height":0},"classes":[]},{"id":2376,"url":"https:\/\/www.fjardhundraland.se\/es\/inlagg\/2014\/midsommar-fjardhundraland-2014\/","url_meta":{"origin":674,"position":3},"title":"Solsticio de verano en Fj\u00e4rdhundraland 2014","author":"Mats Thorburn","date":"5 junio 2014","format":false,"excerpt":"Celebre el solsticio de verano en el hermoso Fj\u00e4rdhundraland, en H\u00e4rkeberga, H\u00e4rledg\u00e5rden, Altuna, Biskopskulla y Fr\u00f6sthult. Haga una excursi\u00f3n de verano desde Enk\u00f6ping, V\u00e4ster\u00e5s, Sala o Uppsala: \u00a1un verano perfecto en el campo! Fiesta de San Juan a las 13:30 en H\u00e4rledg\u00e5rden. Baile alrededor del poste. Entretenimiento. Baile folcl\u00f3rico. Servicio de caf\u00e9. Entrada gratuita. Organiza: Torstuna Hembygdsf\u00f6rening Tel: 070-859 32 84 https:\/\/www.hembygd.se\/uppland\/torstuna Fiesta de San Juan en Altuna...","rel":"","context":"En \u00ab\u00c4ldre inl\u00e4gg\u00bb","block_context":{"text":"\u00c4ldre inl\u00e4gg","link":"https:\/\/www.fjardhundraland.se\/es\/aldre-inlagg\/"},"img":{"alt_text":"Folkdanslag p\u00e5 H\u00e4rledg\u00e5rden p\u00e5 midsommar","src":"https:\/\/i0.wp.com\/www.fjardhundraland.se\/wp-content\/uploads\/2012\/05\/H%C3%A4rledg%C3%A5rden.jpg?resize=350%2C200&ssl=1","width":350,"height":200,"srcset":"https:\/\/i0.wp.com\/www.fjardhundraland.se\/wp-content\/uploads\/2012\/05\/H%C3%A4rledg%C3%A5rden.jpg?resize=350%2C200&ssl=1 1x, https:\/\/i0.wp.com\/www.fjardhundraland.se\/wp-content\/uploads\/2012\/05\/H%C3%A4rledg%C3%A5rden.jpg?resize=525%2C300&ssl=1 1.5x, https:\/\/i0.wp.com\/www.fjardhundraland.se\/wp-content\/uploads\/2012\/05\/H%C3%A4rledg%C3%A5rden.jpg?resize=700%2C400&ssl=1 2x, https:\/\/i0.wp.com\/www.fjardhundraland.se\/wp-content\/uploads\/2012\/05\/H%C3%A4rledg%C3%A5rden.jpg?resize=1050%2C600&ssl=1 3x, https:\/\/i0.wp.com\/www.fjardhundraland.se\/wp-content\/uploads\/2012\/05\/H%C3%A4rledg%C3%A5rden.jpg?resize=1400%2C800&ssl=1 4x"},"classes":[]},{"id":1844,"url":"https:\/\/www.fjardhundraland.se\/es\/inlagg\/2014\/teater-i-frosthult\/","url_meta":{"origin":674,"position":4},"title":"Teatro en Fr\u00f6sthult","author":"Mats Thorburn","date":"25 febrero 2014","format":false,"excerpt":"El viernes 14 de marzo a las 19:00, Panikteatern llega a la sala de fiestas de Fr\u00f6sthult y representa \u00c4lskade Elvis Una representaci\u00f3n teatral sobre los sue\u00f1os y la cruda realidad, sobre las esperanzas, sobre la reconciliaci\u00f3n, sobre lo que quer\u00edamos y sobre c\u00f3mo result\u00f3 todo. Un poco de coraz\u00f3n y un poco de dolor, una dosis de comedia y una pizca de tragedia, y todo el tinglado...","rel":"","context":"En \u00ab\u00c4ldre inl\u00e4gg\u00bb","block_context":{"text":"\u00c4ldre inl\u00e4gg","link":"https:\/\/www.fjardhundraland.se\/es\/aldre-inlagg\/"},"img":{"alt_text":"photo36","src":"https:\/\/i0.wp.com\/www.fjardhundraland.se\/wp-content\/uploads\/2014\/03\/photo36-300x200.jpg?resize=350%2C200&ssl=1","width":350,"height":200},"classes":[]},{"id":5762,"url":"https:\/\/www.fjardhundraland.se\/es\/tuva-tappa\/2019\/tuva-tappa-2019\/","url_meta":{"origin":674,"position":5},"title":"Tuva y el edred\u00f3n 2019","author":"Mats Thorburn","date":"4 junio 2019","format":false,"excerpt":"\u00a1Es tiempo de verde! Lo celebramos con un recorrido veraniego por jardines y viveros privados que est\u00e1n abiertos y ofrecen experiencias y conocimientos. Podr\u00e1 visitar estos lugares el s\u00e1bado 29 de junio de 11 a 17. (Aqu\u00ed tiene un mapa imprimible.) Participantes Lundellska Galleriet Simtuna Karleby 8 74971 Fj\u00e4rdhundra Vernissage con KreaLera, gres relacionado con el jard\u00edn...","rel":"","context":"En \u00abTuva &amp; T\u00e4ppa\u00bb","block_context":{"text":"Tuva &amp; T\u00e4ppa","link":"https:\/\/www.fjardhundraland.se\/es\/tuva-tappa\/"},"img":{"alt_text":"Bild p\u00e5 blomsterrabatt under tr\u00e4dg\u00e5rdsrundan Tuva & T\u00e4ppa","src":"https:\/\/i0.wp.com\/www.fjardhundraland.se\/wp-content\/uploads\/2019\/06\/tuva-tacc88ppa-tracc88dgacc8ardsrunda.jpg?resize=350%2C200&ssl=1","width":350,"height":200,"srcset":"https:\/\/i0.wp.com\/www.fjardhundraland.se\/wp-content\/uploads\/2019\/06\/tuva-tacc88ppa-tracc88dgacc8ardsrunda.jpg?resize=350%2C200&ssl=1 1x, https:\/\/i0.wp.com\/www.fjardhundraland.se\/wp-content\/uploads\/2019\/06\/tuva-tacc88ppa-tracc88dgacc8ardsrunda.jpg?resize=525%2C300&ssl=1 1.5x, https:\/\/i0.wp.com\/www.fjardhundraland.se\/wp-content\/uploads\/2019\/06\/tuva-tacc88ppa-tracc88dgacc8ardsrunda.jpg?resize=700%2C400&ssl=1 2x, https:\/\/i0.wp.com\/www.fjardhundraland.se\/wp-content\/uploads\/2019\/06\/tuva-tacc88ppa-tracc88dgacc8ardsrunda.jpg?resize=1050%2C600&ssl=1 3x, https:\/\/i0.wp.com\/www.fjardhundraland.se\/wp-content\/uploads\/2019\/06\/tuva-tacc88ppa-tracc88dgacc8ardsrunda.jpg?resize=1400%2C800&ssl=1 4x"},"classes":[]}],"jetpack_sharing_enabled":true,"_links":{"self":[{"href":"https:\/\/www.fjardhundraland.se\/es\/wp-json\/wp\/v2\/posts\/674","targetHints":{"allow":["GET"]}}],"collection":[{"href":"https:\/\/www.fjardhundraland.se\/es\/wp-json\/wp\/v2\/posts"}],"about":[{"href":"https:\/\/www.fjardhundraland.se\/es\/wp-json\/wp\/v2\/types\/post"}],"author":[{"embeddable":true,"href":"https:\/\/www.fjardhundraland.se\/es\/wp-json\/wp\/v2\/users\/1"}],"replies":[{"embeddable":true,"href":"https:\/\/www.fjardhundraland.se\/es\/wp-json\/wp\/v2\/comments?post=674"}],"version-history":[{"count":1,"href":"https:\/\/www.fjardhundraland.se\/es\/wp-json\/wp\/v2\/posts\/674\/revisions"}],"predecessor-version":[{"id":19736,"href":"https:\/\/www.fjardhundraland.se\/es\/wp-json\/wp\/v2\/posts\/674\/revisions\/19736"}],"wp:attachment":[{"href":"https:\/\/www.fjardhundraland.se\/es\/wp-json\/wp\/v2\/media?parent=674"}],"wp:term":[{"taxonomy":"category","embeddable":true,"href":"https:\/\/www.fjardhundraland.se\/es\/wp-json\/wp\/v2\/categories?post=674"},{"taxonomy":"post_tag","embeddable":true,"href":"https:\/\/www.fjardhundraland.se\/es\/wp-json\/wp\/v2\/tags?post=674"}],"curies":[{"name":"wp","href":"https:\/\/api.w.org\/{rel}","templated":true}]}}