
{"id":671,"date":"2011-08-26T16:42:42","date_gmt":"2011-08-26T14:42:42","guid":{"rendered":"http:\/\/www.fjardhundraland.se\/blog\/2011\/08\/26\/aventyrslajv-och-medeltidsby-i-skattmanso\/"},"modified":"2026-02-05T13:40:40","modified_gmt":"2026-02-05T12:40:40","slug":"esclavos-aventureros-y-un-pueblo-medieval","status":"publish","type":"post","link":"https:\/\/www.fjardhundraland.se\/es\/externt\/2011\/aventyrslajv-och-medeltidsby-i-skattmanso\/","title":{"rendered":"Campamento de aventura y pueblo medieval en Skattmans\u00f6"},"content":{"rendered":"<p>Ma\u00f1ana, s\u00e1bado 27 de agosto, podr\u00e1 visitar un fabuloso pueblo y mercado medieval en Skattmans\u00f6\u00e5dalen. \u00a1Se promete buen tiempo! Habr\u00e1 comida y venta de verduras, pan, cer\u00e1mica, b\u00e1lsamos de hierbas, experiencias y otras golosinas. El pueblo bulle de vida y actividad...<br \/>\nPara los que tienen entre 7 y 14 a\u00f1os, es el Campamento de Aventura. Puedes entrar en la zona LARP en Skattmans\u00f6 a trav\u00e9s del portal, puedes disfrazarte y conseguir un papel, resolver tareas y con qui\u00e9n te encuentras es un secreto s\u00f3lo para ti, tu grupo y el l\u00edder del juego. Cuesta 80 SEK. Te puedes apuntar en hannah@rydstedt.info o llamando\/textando al 070-2525518.<br \/>\n<img decoding=\"async\" class=\"alignnone\" title=\"De la batalla de Gestilren, Asociaci\u00f3n Cultural Paddebo\" src=\"https:\/\/a5.sphotos.ak.fbcdn.net\/hphotos-ak-ash2\/45432_419186919233_624654233_4834790_8326518_n.jpg\" alt=\"De la batalla de Gestilren\" width=\"604\" height=\"403\" \/><\/p>\n<p><img decoding=\"async\" class=\"alignnone\" title=\"De la batalla de Gestilren\" src=\"https:\/\/a2.sphotos.ak.fbcdn.net\/hphotos-ak-snc4\/40788_419186044233_624654233_4834768_7922618_n.jpg\" alt=\"De la batalla de Gestilren\" width=\"604\" height=\"403\" \/><\/p>","protected":false},"excerpt":{"rendered":"<p>I morgon l\u00f6rdag 27 augusti kan du bes\u00f6ka en sagolik medeltidsby och marknad i Skattmans\u00f6\u00e5dalen. Fint v\u00e4der \u00e4r utlovat! D\u00e4r v\u00e4ntar matservering och f\u00f6rs\u00e4ljning av gr\u00f6nsaker, br\u00f6d, keramik, \u00f6rtsalvor, upplevelser och annat sm\u00e5tt och gott. Det sjuder av liv och r\u00f6relse i byn&#8230; F\u00f6r dig som \u00e4r \u00e4r 7-14 \u00e5r det \u00c4ventyrslajv. Du f\u00e5r genom [&hellip;]<\/p>\n","protected":false},"author":1,"featured_media":0,"comment_status":"open","ping_status":"open","sticky":false,"template":"","format":"standard","meta":{"_acf_changed":false,"_relevanssi_hide_post":"","_relevanssi_hide_content":"","_relevanssi_pin_for_all":"","_relevanssi_pin_keywords":"","_relevanssi_unpin_keywords":"","_relevanssi_related_keywords":"","_relevanssi_related_include_ids":"","_relevanssi_related_exclude_ids":"","_relevanssi_related_no_append":"","_relevanssi_related_not_related":"","_relevanssi_related_posts":"","_relevanssi_noindex_reason":"Rank Math Uteslut fr\u00e5n Relevanssi index","_genesis_hide_title":false,"_genesis_hide_breadcrumbs":false,"_genesis_hide_singular_image":false,"_genesis_hide_footer_widgets":false,"_genesis_custom_body_class":"","_genesis_custom_post_class":"","_genesis_layout":"","_jetpack_memberships_contains_paid_content":false,"footnotes":""},"categories":[353,48,18,45,22,51,50,25],"tags":[352,49,74,75],"class_list":{"0":"post-671","1":"post","2":"type-post","3":"status-publish","4":"format-standard","6":"category-aldre-inlagg","7":"category-barn","8":"category-externt","9":"category-kultur","10":"category-mat","11":"category-natur","12":"category-teater","13":"category-upplevelser","14":"tag-aldre-inlagg","15":"tag-lajv","16":"tag-medeltid","17":"tag-skattmanso","18":"entry"},"acf":[],"visa":null,"geo_latitude":"59.768286","geo_longitude":"17.396302","jetpack_featured_media_url":"","featured_image_src":null,"featured_image_src_square":null,"author_info":{"display_name":"Mats Thorburn","author_link":"https:\/\/www.fjardhundraland.se\/es\/author\/matst\/"},"jetpack-related-posts":[{"id":425,"url":"https:\/\/www.fjardhundraland.se\/es\/externt\/2011\/valkommen-pa-medeltida-lajvaventyr\/","url_meta":{"origin":671,"position":0},"title":"\u00a1Bienvenido a una aventura LARP medieval!","author":"Mats Thorburn","date":"28 julio 2011","format":false,"excerpt":"\u00bfTienes entre 7 y 14 a\u00f1os y te gusta la aventura? Ven a Skattmans\u00f6 el 27 de agosto a las 11-16 y ad\u00e9ntrate en un mundo medieval ...","rel":"","context":"En \u00ab\u00c4ldre inl\u00e4gg\u00bb","block_context":{"text":"\u00c4ldre inl\u00e4gg","link":"https:\/\/www.fjardhundraland.se\/es\/aldre-inlagg\/"},"img":{"alt_text":"Fr\u00e5n Slaget vid Gestilren","src":"https:\/\/a5.sphotos.ak.fbcdn.net\/hphotos-ak-ash2\/45432_419186919233_624654233_4834790_8326518_n.jpg","width":350,"height":200,"srcset":"https:\/\/a5.sphotos.ak.fbcdn.net\/hphotos-ak-ash2\/45432_419186919233_624654233_4834790_8326518_n.jpg 1x, https:\/\/a5.sphotos.ak.fbcdn.net\/hphotos-ak-ash2\/45432_419186919233_624654233_4834790_8326518_n.jpg 1.5x"},"classes":[]},{"id":5226,"url":"https:\/\/www.fjardhundraland.se\/es\/upplevelser\/2018\/filmsommar-pa-gamla-bion\/","url_meta":{"origin":671,"position":1},"title":"Verano de cine en Gamla Bion","author":"Ylva Fontell","date":"27 junio 2018","format":false,"excerpt":"Vaya, \u00a1qu\u00e9 verano de pel\u00edculas nos espera! El Old Cinema de \u00d6rsundsbro ha preparado un extenso programa de pel\u00edculas nuevas de calidad, complementado con la novedad de este a\u00f1o, la Semana de los Cl\u00e1sicos. El calendario de eventos presenta todas las pel\u00edculas con m\u00e1s detalle, pero aqu\u00ed tiene un adelanto: 3\/7 Aquarius, 10\/7 Three Billboards outside Ebbing, Missouri, 17\/7 Loving Vincent, 24\/7 Amateurs, 31\/7...","rel":"","context":"En \u00ab\u00c4ldre inl\u00e4gg\u00bb","block_context":{"text":"\u00c4ldre inl\u00e4gg","link":"https:\/\/www.fjardhundraland.se\/es\/aldre-inlagg\/"},"img":{"alt_text":"Gamla bion i \u00d6rsundsbro","src":"https:\/\/i0.wp.com\/www.fjardhundraland.se\/wp-content\/uploads\/2017\/02\/gamla-bion.jpg?resize=350%2C200&ssl=1","width":350,"height":200,"srcset":"https:\/\/i0.wp.com\/www.fjardhundraland.se\/wp-content\/uploads\/2017\/02\/gamla-bion.jpg?resize=350%2C200&ssl=1 1x, https:\/\/i0.wp.com\/www.fjardhundraland.se\/wp-content\/uploads\/2017\/02\/gamla-bion.jpg?resize=525%2C300&ssl=1 1.5x, https:\/\/i0.wp.com\/www.fjardhundraland.se\/wp-content\/uploads\/2017\/02\/gamla-bion.jpg?resize=700%2C400&ssl=1 2x, https:\/\/i0.wp.com\/www.fjardhundraland.se\/wp-content\/uploads\/2017\/02\/gamla-bion.jpg?resize=1050%2C600&ssl=1 3x, https:\/\/i0.wp.com\/www.fjardhundraland.se\/wp-content\/uploads\/2017\/02\/gamla-bion.jpg?resize=1400%2C800&ssl=1 4x"},"classes":[]},{"id":5295,"url":"https:\/\/www.fjardhundraland.se\/es\/upplevelser\/2018\/tva-sommarjubileer\/","url_meta":{"origin":671,"position":2},"title":"Dos aniversarios de verano","author":"Ylva Fontell","date":"10 julio 2018","format":false,"excerpt":"Felicidades a Salnecke Slottscaf\u00e9 y Dunderbo Ljus &amp; Hantverk, que celebran su aniversario en julio. Son dos lugares maravillosos que hacen de la vida en el campo una experiencia m\u00e1s agradable. Hace un a\u00f1o, Salnecke Castle Caf\u00e9, Cheese &amp; Deli inici\u00f3 su actividad. Por supuesto, \u00a1hay que celebrar el primer aniversario! El s\u00e1bado 14 de julio habr\u00e1...","rel":"","context":"En \u00ab\u00c4ldre inl\u00e4gg\u00bb","block_context":{"text":"\u00c4ldre inl\u00e4gg","link":"https:\/\/www.fjardhundraland.se\/es\/aldre-inlagg\/"},"img":{"alt_text":"","src":"https:\/\/i0.wp.com\/www.fjardhundraland.se\/wp-content\/uploads\/2018\/07\/pr_stkragar-2017-juni-28-20-57-09-59_4852_-n-17_632_-e-1.jpg?resize=350%2C200&ssl=1","width":350,"height":200,"srcset":"https:\/\/i0.wp.com\/www.fjardhundraland.se\/wp-content\/uploads\/2018\/07\/pr_stkragar-2017-juni-28-20-57-09-59_4852_-n-17_632_-e-1.jpg?resize=350%2C200&ssl=1 1x, https:\/\/i0.wp.com\/www.fjardhundraland.se\/wp-content\/uploads\/2018\/07\/pr_stkragar-2017-juni-28-20-57-09-59_4852_-n-17_632_-e-1.jpg?resize=525%2C300&ssl=1 1.5x, https:\/\/i0.wp.com\/www.fjardhundraland.se\/wp-content\/uploads\/2018\/07\/pr_stkragar-2017-juni-28-20-57-09-59_4852_-n-17_632_-e-1.jpg?resize=700%2C400&ssl=1 2x, https:\/\/i0.wp.com\/www.fjardhundraland.se\/wp-content\/uploads\/2018\/07\/pr_stkragar-2017-juni-28-20-57-09-59_4852_-n-17_632_-e-1.jpg?resize=1050%2C600&ssl=1 3x, https:\/\/i0.wp.com\/www.fjardhundraland.se\/wp-content\/uploads\/2018\/07\/pr_stkragar-2017-juni-28-20-57-09-59_4852_-n-17_632_-e-1.jpg?resize=1400%2C800&ssl=1 4x"},"classes":[]},{"id":4872,"url":"https:\/\/www.fjardhundraland.se\/es\/djur\/2018\/algen-olivia-fjardhundraland\/","url_meta":{"origin":671,"position":3},"title":"Olivia el alce en Fj\u00e4rdhundraland","author":"Ylva Fontell","date":"9 febrero 2018","format":false,"excerpt":"Olivia, la alce del Parque de Alces de G\u00e5rdsj\u00f6, como ladrona de tulipanes, se ha convertido en un mega\u00e9xito que se est\u00e1 extendiendo por todo el mundo. En el Parque de los Alces de G\u00e5rdsj\u00f6 te acercas a los alces y los conoces en su entorno natural (no, no es dentro de la cocina de Leffe e Ilona, sino fuera, en el recinto). Es impactante y se convierte en...","rel":"","context":"En \u00abDjur\u00bb","block_context":{"text":"Djur","link":"https:\/\/www.fjardhundraland.se\/es\/djur\/"},"img":{"alt_text":"M\u00f6t \u00e4lgar i G\u00e5rdsj\u00f6 \u00e4lgpark","src":"https:\/\/i0.wp.com\/www.fjardhundraland.se\/wp-content\/uploads\/2018\/02\/algsafari3.jpg?resize=350%2C200&ssl=1","width":350,"height":200,"srcset":"https:\/\/i0.wp.com\/www.fjardhundraland.se\/wp-content\/uploads\/2018\/02\/algsafari3.jpg?resize=350%2C200&ssl=1 1x, https:\/\/i0.wp.com\/www.fjardhundraland.se\/wp-content\/uploads\/2018\/02\/algsafari3.jpg?resize=525%2C300&ssl=1 1.5x, https:\/\/i0.wp.com\/www.fjardhundraland.se\/wp-content\/uploads\/2018\/02\/algsafari3.jpg?resize=700%2C400&ssl=1 2x, https:\/\/i0.wp.com\/www.fjardhundraland.se\/wp-content\/uploads\/2018\/02\/algsafari3.jpg?resize=1050%2C600&ssl=1 3x, https:\/\/i0.wp.com\/www.fjardhundraland.se\/wp-content\/uploads\/2018\/02\/algsafari3.jpg?resize=1400%2C800&ssl=1 4x"},"classes":[]},{"id":4945,"url":"https:\/\/www.fjardhundraland.se\/es\/inlagg\/2018\/jag-vantar-vid-min-mila\/","url_meta":{"origin":671,"position":4},"title":"Estoy esperando en mi mila...","author":"Ylva Fontell","date":"8 marzo 2018","format":false,"excerpt":"Dan Andersson ha creado como nadie la imagen del carbonero solitario en el bosque. Antiguamente, el carb\u00f3n ard\u00eda por todos lados en los bosques, pero hoy en d\u00eda solemos entrar en contacto con el carb\u00f3n en una bolsa. En Messkog, a lo largo del camino de la iglesia entre Skekarsbo y Nora, se han levantado muchas milas y all\u00ed est\u00e1 la carbonera...","rel":"","context":"En \u00ab\u00c4ldre inl\u00e4gg\u00bb","block_context":{"text":"\u00c4ldre inl\u00e4gg","link":"https:\/\/www.fjardhundraland.se\/es\/aldre-inlagg\/"},"img":{"alt_text":"Kolmila","src":"https:\/\/i0.wp.com\/www.fjardhundraland.se\/wp-content\/uploads\/2018\/03\/kolmilan-2017-1-2.jpg?resize=350%2C200&ssl=1","width":350,"height":200,"srcset":"https:\/\/i0.wp.com\/www.fjardhundraland.se\/wp-content\/uploads\/2018\/03\/kolmilan-2017-1-2.jpg?resize=350%2C200&ssl=1 1x, https:\/\/i0.wp.com\/www.fjardhundraland.se\/wp-content\/uploads\/2018\/03\/kolmilan-2017-1-2.jpg?resize=525%2C300&ssl=1 1.5x, https:\/\/i0.wp.com\/www.fjardhundraland.se\/wp-content\/uploads\/2018\/03\/kolmilan-2017-1-2.jpg?resize=700%2C400&ssl=1 2x, https:\/\/i0.wp.com\/www.fjardhundraland.se\/wp-content\/uploads\/2018\/03\/kolmilan-2017-1-2.jpg?resize=1050%2C600&ssl=1 3x, https:\/\/i0.wp.com\/www.fjardhundraland.se\/wp-content\/uploads\/2018\/03\/kolmilan-2017-1-2.jpg?resize=1400%2C800&ssl=1 4x"},"classes":[]},{"id":3905,"url":"https:\/\/www.fjardhundraland.se\/es\/turismutveckling\/2017\/augmented-export\/","url_meta":{"origin":671,"position":5},"title":"Exportaci\u00f3n aumentada - sobre comida, naturaleza y cultura","author":"Mats Thorburn","date":"11 febrero 2017","format":false,"excerpt":"\u00bfQu\u00e9 tipo de comida quieren los visitantes cuando visitan Escandinavia? \u00bfC\u00f3mo podemos aprovechar la calidad que tenemos para encontrar visitantes que quieran una estancia personalizada a peque\u00f1a escala en Suecia? Para responder a estas preguntas, estamos llevando a cabo un proyecto sobre la comida en combinaci\u00f3n con la naturaleza...","rel":"","context":"En \u00abTurismutveckling\u00bb","block_context":{"text":"Turismutveckling","link":"https:\/\/www.fjardhundraland.se\/es\/turismutveckling\/"},"img":{"alt_text":"","src":"","width":0,"height":0},"classes":[]}],"jetpack_sharing_enabled":true,"_links":{"self":[{"href":"https:\/\/www.fjardhundraland.se\/es\/wp-json\/wp\/v2\/posts\/671","targetHints":{"allow":["GET"]}}],"collection":[{"href":"https:\/\/www.fjardhundraland.se\/es\/wp-json\/wp\/v2\/posts"}],"about":[{"href":"https:\/\/www.fjardhundraland.se\/es\/wp-json\/wp\/v2\/types\/post"}],"author":[{"embeddable":true,"href":"https:\/\/www.fjardhundraland.se\/es\/wp-json\/wp\/v2\/users\/1"}],"replies":[{"embeddable":true,"href":"https:\/\/www.fjardhundraland.se\/es\/wp-json\/wp\/v2\/comments?post=671"}],"version-history":[{"count":1,"href":"https:\/\/www.fjardhundraland.se\/es\/wp-json\/wp\/v2\/posts\/671\/revisions"}],"predecessor-version":[{"id":19737,"href":"https:\/\/www.fjardhundraland.se\/es\/wp-json\/wp\/v2\/posts\/671\/revisions\/19737"}],"wp:attachment":[{"href":"https:\/\/www.fjardhundraland.se\/es\/wp-json\/wp\/v2\/media?parent=671"}],"wp:term":[{"taxonomy":"category","embeddable":true,"href":"https:\/\/www.fjardhundraland.se\/es\/wp-json\/wp\/v2\/categories?post=671"},{"taxonomy":"post_tag","embeddable":true,"href":"https:\/\/www.fjardhundraland.se\/es\/wp-json\/wp\/v2\/tags?post=671"}],"curies":[{"name":"wp","href":"https:\/\/api.w.org\/{rel}","templated":true}]}}