
{"id":5910,"date":"2018-04-18T11:04:44","date_gmt":"2018-04-18T09:04:44","guid":{"rendered":"https:\/\/www.fjardhundraland.se\/?p=5910"},"modified":"2026-02-05T13:42:58","modified_gmt":"2026-02-05T12:42:58","slug":"excursiones-desde-estocolmo","status":"publish","type":"post","link":"https:\/\/www.fjardhundraland.se\/es\/inlagg\/2018\/dagsutflykter-fran-stockholm\/","title":{"rendered":"Excursiones de un d\u00eda desde Estocolmo"},"content":{"rendered":"<p>Todas las excursiones est\u00e1n a mano en Fj\u00e4rdhundraland. Eche un vistazo al mapa. Empieza en Kungs\u00e4ngen, luego el Fj\u00e4rdhundraland sigue por el Enk\u00f6ping hasta V\u00e4ster\u00e5s y el Uppsala.<\/p>\n\n\n\n<p><a href=\"https:\/\/www.fjardhundraland.se\/es\/\">Aqu\u00ed est\u00e1n todas las ubicaciones<\/a>.<\/p>\n\n\n\n\n\n\n\n<p>\u00bfQuiere pasar un d\u00eda fuera de la ciudad? Aqu\u00ed tiene nuestras sugerencias. M\u00e1s adelante.<\/p>\n\n\n\n<h2 class=\"wp-block-heading\">Excursi\u00f3n de un d\u00eda a la campi\u00f1a de Estocolmo<\/h2>\n\n\n\n<ul class=\"wp-block-list\"><li>Alquilar un coche <a href=\"https:\/\/www.snappcar.se\/?tduid=4e1679758548e3a138ef19d32e91c891&amp;utm_source=tradedoubler&amp;utm_medium=affiliate&amp;utm_campaign=Sponsorhuset.se\" target=\"_blank\" rel=\"noopener\">de un local <\/a>(asegurado y seguro) o desde <a href=\"https:\/\/clk.tradedoubler.com\/click?p=284579&amp;g=24075746&amp;a=1212080&amp;epi=186b805084c93261f59ca22eddc42d93\" target=\"_blank\" rel=\"noopener\">Avisos<\/a><\/li><li>Tome la E18 hacia el oeste. Ajuste el GPS a 59.66696, 17.44379 para llegar a <a href=\"https:\/\/test.fjardhundraland.se\/plats\/sussis-gardsbageri\/\">Panader\u00eda de la granja de Sussi<\/a>, una peque\u00f1a panader\u00eda en el campo, a cuarenta minutos de la ciudad de Estocolmo.<\/li><li>Desde all\u00ed puede dar un paseo o ir en coche hasta <a href=\"https:\/\/www.tripadvisor.co.uk\/Attraction_Review-g1572362-d10062225-Reviews-Hjalstaviken_Naturreservat-Enkoping_Uppsala_County.html\" target=\"_blank\" rel=\"noopener\">Hj\u00e4lstaviken<\/a>, un para\u00edso para los amantes de los p\u00e1jaros donde los ornit\u00f3logos (y los p\u00e1jaros) se re\u00fanen para ver muchas de las aves suecas comunes o no tan comunes.<\/li><\/ul>\n\n\n\n<ul class=\"wp-block-gallery columns-3 is-cropped wp-block-gallery-1 is-layout-flex wp-block-gallery-is-layout-flex\"><li class=\"blocks-gallery-item\"><figure><img decoding=\"async\" src=\"https:\/\/test.fjardhundraland.se\/english\/wp-content\/uploads\/2018\/04\/birds.jpg\" alt=\"\" data-id=\"606\" class=\"wp-image-606\" title=\"\"><\/figure><\/li><li class=\"blocks-gallery-item\"><figure><img decoding=\"async\" src=\"https:\/\/test.fjardhundraland.se\/english\/wp-content\/uploads\/2018\/04\/birdwatching-day-trip-stockholm.jpg\" alt=\"Observadores de aves en excursi\u00f3n Estocolmo\" data-id=\"607\" class=\"wp-image-607\" title=\"\"><\/figure><\/li><li class=\"blocks-gallery-item\"><figure><img decoding=\"async\" src=\"https:\/\/test.fjardhundraland.se\/english\/wp-content\/uploads\/2018\/04\/geese-hjacc88lstaviken.jpg\" alt=\"\" data-id=\"608\" class=\"wp-image-608\" title=\"\"><\/figure><\/li><\/ul>","protected":false},"excerpt":{"rendered":"<p>Alla utflykter \u00e4r n\u00e4ra tillhands i Fj\u00e4rdhundraland. Ta en titt p\u00e5 kartan. I Kungs\u00e4ngen b\u00f6rjar det, sedan forts\u00e4tter Fj\u00e4rdhundraland via Enk\u00f6ping till V\u00e4ster\u00e5s och Uppsala. H\u00e4r finns alla platser. Looking for a day out of the city? Here are our suggestions. More to follow! A day trip to the Stockholm Countryside Rent a car from [&hellip;]<\/p>\n","protected":false},"author":1,"featured_media":1580,"comment_status":"closed","ping_status":"closed","sticky":false,"template":"","format":"standard","meta":{"_acf_changed":false,"_relevanssi_hide_post":"","_relevanssi_hide_content":"","_relevanssi_pin_for_all":"","_relevanssi_pin_keywords":"","_relevanssi_unpin_keywords":"","_relevanssi_related_keywords":"","_relevanssi_related_include_ids":"","_relevanssi_related_exclude_ids":"","_relevanssi_related_no_append":"","_relevanssi_related_not_related":"","_relevanssi_related_posts":"","_relevanssi_noindex_reason":"","_genesis_hide_title":false,"_genesis_hide_breadcrumbs":false,"_genesis_hide_singular_image":false,"_genesis_hide_footer_widgets":false,"_genesis_custom_body_class":"","_genesis_custom_post_class":"","_genesis_layout":"","_jetpack_memberships_contains_paid_content":false,"footnotes":""},"categories":[353,1,280],"tags":[],"class_list":{"0":"post-5910","1":"post","2":"type-post","3":"status-publish","4":"format-standard","5":"has-post-thumbnail","7":"category-aldre-inlagg","8":"category-inlagg","9":"category-svensk-landsbygd","10":"entry"},"acf":[],"visa":null,"geo_latitude":null,"geo_longitude":null,"jetpack_featured_media_url":"https:\/\/www.fjardhundraland.se\/wp-content\/uploads\/2012\/05\/marstallen_ny.jpg","featured_image_src":"https:\/\/www.fjardhundraland.se\/wp-content\/uploads\/2012\/05\/marstallen_ny.jpg","featured_image_src_square":"https:\/\/www.fjardhundraland.se\/wp-content\/uploads\/2012\/05\/marstallen_ny.jpg","author_info":{"display_name":"Mats Thorburn","author_link":"https:\/\/www.fjardhundraland.se\/es\/author\/matst\/"},"jetpack-related-posts":[{"id":31,"url":"https:\/\/www.fjardhundraland.se\/es\/externt\/2010\/welcome-to-fjardhundraland\/","url_meta":{"origin":5910,"position":0},"title":"Bienvenido a Fj\u00e4rdhundraland","author":"Mats Thorburn","date":"12 octubre 2010","format":false,"excerpt":"La provincia medieval de Fj\u00e4drundaland forma parte hoy en d\u00eda de Uppland, Suecia. Hoy trabajamos con una adaptaci\u00f3n moderna; Fj\u00e4rdhundraland. El campo que rodea el municipio Fj\u00e4rdhundra puede ofrecerle una visita a una de las regiones hist\u00f3ricas m\u00e1s antiguas e interesantes de Suecia - y una pr\u00f3spera comunidad empresarial esperando para servirle...","rel":"","context":"En \u00ab\u00c4ldre inl\u00e4gg\u00bb","block_context":{"text":"\u00c4ldre inl\u00e4gg","link":"https:\/\/www.fjardhundraland.se\/es\/aldre-inlagg\/"},"img":{"alt_text":"","src":"","width":0,"height":0},"classes":[]},{"id":5897,"url":"https:\/\/www.fjardhundraland.se\/es\/turismutveckling\/2019\/stod-den-levande-landsbygden\/","url_meta":{"origin":5910,"position":1},"title":"Apoyar el campo vivo","author":"Mats Thorburn","date":"6 agosto 2019","format":false,"excerpt":"","rel":"","context":"En \u00abTurismutveckling\u00bb","block_context":{"text":"Turismutveckling","link":"https:\/\/www.fjardhundraland.se\/es\/turismutveckling\/"},"img":{"alt_text":"","src":"https:\/\/i0.wp.com\/www.fjardhundraland.se\/wp-content\/uploads\/2019\/08\/stocc88d-fjacc88rdhundraland.jpg?resize=350%2C200&ssl=1","width":350,"height":200,"srcset":"https:\/\/i0.wp.com\/www.fjardhundraland.se\/wp-content\/uploads\/2019\/08\/stocc88d-fjacc88rdhundraland.jpg?resize=350%2C200&ssl=1 1x, https:\/\/i0.wp.com\/www.fjardhundraland.se\/wp-content\/uploads\/2019\/08\/stocc88d-fjacc88rdhundraland.jpg?resize=525%2C300&ssl=1 1.5x, https:\/\/i0.wp.com\/www.fjardhundraland.se\/wp-content\/uploads\/2019\/08\/stocc88d-fjacc88rdhundraland.jpg?resize=700%2C400&ssl=1 2x, https:\/\/i0.wp.com\/www.fjardhundraland.se\/wp-content\/uploads\/2019\/08\/stocc88d-fjacc88rdhundraland.jpg?resize=1050%2C600&ssl=1 3x, https:\/\/i0.wp.com\/www.fjardhundraland.se\/wp-content\/uploads\/2019\/08\/stocc88d-fjacc88rdhundraland.jpg?resize=1400%2C800&ssl=1 4x"},"classes":[]},{"id":3363,"url":"https:\/\/www.fjardhundraland.se\/es\/inlagg\/2016\/midsommar-fjardhundraland-2016\/","url_meta":{"origin":5910,"position":2},"title":"Solsticio de verano en Fj\u00e4rdhundraland 2016","author":"Ylva Fontell","date":"21 junio 2016","format":false,"excerpt":"El solsticio de verano debe celebrarse en el campo. Y entonces encaja bien con el campo que est\u00e1 cerca tanto de Enk\u00f6ping como de V\u00e4ster\u00e5s, Sala, Uppsala y Estocolmo. \u00a1Bienvenido a una excursi\u00f3n de solsticio de verano! Fiesta de verano en H\u00e4rledg\u00e5rden, Torstuna. Baile alrededor del poste en H\u00e4rledg\u00e5rden. Entretenimiento. Baile folcl\u00f3rico. Servicio de caf\u00e9. Entrada gratuita. 13.30 h Entrada y montaje del m\u00e1stil de verano m\u00e1s informaci\u00f3n Fiesta de verano...","rel":"","context":"En \u00ab\u00c4ldre inl\u00e4gg\u00bb","block_context":{"text":"\u00c4ldre inl\u00e4gg","link":"https:\/\/www.fjardhundraland.se\/es\/aldre-inlagg\/"},"img":{"alt_text":"Folkdanslag p\u00e5 H\u00e4rledg\u00e5rden p\u00e5 midsommar","src":"https:\/\/i0.wp.com\/www.fjardhundraland.se\/wp-content\/uploads\/2012\/05\/H%C3%A4rledg%C3%A5rden.jpg?resize=350%2C200&ssl=1","width":350,"height":200,"srcset":"https:\/\/i0.wp.com\/www.fjardhundraland.se\/wp-content\/uploads\/2012\/05\/H%C3%A4rledg%C3%A5rden.jpg?resize=350%2C200&ssl=1 1x, https:\/\/i0.wp.com\/www.fjardhundraland.se\/wp-content\/uploads\/2012\/05\/H%C3%A4rledg%C3%A5rden.jpg?resize=525%2C300&ssl=1 1.5x, https:\/\/i0.wp.com\/www.fjardhundraland.se\/wp-content\/uploads\/2012\/05\/H%C3%A4rledg%C3%A5rden.jpg?resize=700%2C400&ssl=1 2x, https:\/\/i0.wp.com\/www.fjardhundraland.se\/wp-content\/uploads\/2012\/05\/H%C3%A4rledg%C3%A5rden.jpg?resize=1050%2C600&ssl=1 3x, https:\/\/i0.wp.com\/www.fjardhundraland.se\/wp-content\/uploads\/2012\/05\/H%C3%A4rledg%C3%A5rden.jpg?resize=1400%2C800&ssl=1 4x"},"classes":[]},{"id":6999,"url":"https:\/\/www.fjardhundraland.se\/es\/inlagg\/2020\/midsommar-i-fjardhundraland-2020\/","url_meta":{"origin":5910,"position":3},"title":"Solsticio de verano en Fj\u00e4rdhundraland 2020","author":"Mats Thorburn","date":"17 junio 2020","format":false,"excerpt":"\u00bfQuiere celebrar el solsticio de verano en el campo, cerca de Estocolmo, Uppsala, V\u00e4ster\u00e5s y Enk\u00f6ping? Este a\u00f1o ser\u00e1 diferente. Las grandes fiestas de San Juan se cancelan, pero las peque\u00f1as celebraciones las organizas t\u00fa mismo. Reserva en uno de nuestros bonitos alojamientos y celebra el solsticio de verano cerca de la naturaleza. Aqu\u00ed encontrar\u00e1s consejos sobre alojamiento. Y aqu\u00ed...","rel":"","context":"En \u00ab\u00c4ldre inl\u00e4gg\u00bb","block_context":{"text":"\u00c4ldre inl\u00e4gg","link":"https:\/\/www.fjardhundraland.se\/es\/aldre-inlagg\/"},"img":{"alt_text":"A\u0308ng med pra\u0308stkragar midsommar","src":"https:\/\/i0.wp.com\/www.fjardhundraland.se\/wp-content\/uploads\/2020\/06\/acc88ng-pracc88stkragar-midsommar-fjacc88rdhundraland.jpg?resize=350%2C200&ssl=1","width":350,"height":200,"srcset":"https:\/\/i0.wp.com\/www.fjardhundraland.se\/wp-content\/uploads\/2020\/06\/acc88ng-pracc88stkragar-midsommar-fjacc88rdhundraland.jpg?resize=350%2C200&ssl=1 1x, https:\/\/i0.wp.com\/www.fjardhundraland.se\/wp-content\/uploads\/2020\/06\/acc88ng-pracc88stkragar-midsommar-fjacc88rdhundraland.jpg?resize=525%2C300&ssl=1 1.5x, https:\/\/i0.wp.com\/www.fjardhundraland.se\/wp-content\/uploads\/2020\/06\/acc88ng-pracc88stkragar-midsommar-fjacc88rdhundraland.jpg?resize=700%2C400&ssl=1 2x, https:\/\/i0.wp.com\/www.fjardhundraland.se\/wp-content\/uploads\/2020\/06\/acc88ng-pracc88stkragar-midsommar-fjacc88rdhundraland.jpg?resize=1050%2C600&ssl=1 3x, https:\/\/i0.wp.com\/www.fjardhundraland.se\/wp-content\/uploads\/2020\/06\/acc88ng-pracc88stkragar-midsommar-fjacc88rdhundraland.jpg?resize=1400%2C800&ssl=1 4x"},"classes":[]},{"id":1345,"url":"https:\/\/www.fjardhundraland.se\/es\/turistinformation\/2013\/svang-a\/","url_meta":{"origin":5910,"position":4},"title":"Gire hacia el centro de informaci\u00f3n tur\u00edstica.","author":"Mats Thorburn","date":"7 junio 2013","format":false,"excerpt":"\u00bfQuiere saber m\u00e1s y obtener consejos personalizados sobre Fj\u00e4rdhundraland? Visite el Centro de Informaci\u00f3n Tur\u00edstica Fj\u00e4rdhundraland, en G\u00e4stre, justo al sur de Fj\u00e4rdhundra por la carretera 70 Enk\u00f6ping-Sala. A partir de hoy, 7 de junio, abre los viernes y s\u00e1bados de 12 a 16 (hasta el 7 de septiembre, con algunas excepciones - consulte el sitio web). \u00a1Bienvenido a un poco de informaci\u00f3n tur\u00edstica personalizada!","rel":"","context":"En \u00ab\u00c4ldre inl\u00e4gg\u00bb","block_context":{"text":"\u00c4ldre inl\u00e4gg","link":"https:\/\/www.fjardhundraland.se\/es\/aldre-inlagg\/"},"img":{"alt_text":"OLYMPUS DIGITAL CAMERA","src":"https:\/\/i0.wp.com\/www.fjardhundraland.se\/wp-content\/uploads\/2013\/06\/turistskylt.jpg?resize=350%2C200&ssl=1","width":350,"height":200,"srcset":"https:\/\/i0.wp.com\/www.fjardhundraland.se\/wp-content\/uploads\/2013\/06\/turistskylt.jpg?resize=350%2C200&ssl=1 1x, https:\/\/i0.wp.com\/www.fjardhundraland.se\/wp-content\/uploads\/2013\/06\/turistskylt.jpg?resize=525%2C300&ssl=1 1.5x, https:\/\/i0.wp.com\/www.fjardhundraland.se\/wp-content\/uploads\/2013\/06\/turistskylt.jpg?resize=700%2C400&ssl=1 2x, https:\/\/i0.wp.com\/www.fjardhundraland.se\/wp-content\/uploads\/2013\/06\/turistskylt.jpg?resize=1050%2C600&ssl=1 3x, https:\/\/i0.wp.com\/www.fjardhundraland.se\/wp-content\/uploads\/2013\/06\/turistskylt.jpg?resize=1400%2C800&ssl=1 4x"},"classes":[]},{"id":1440,"url":"https:\/\/www.fjardhundraland.se\/es\/externt\/2013\/hostmarknad-i-dunderbo-2\/","url_meta":{"origin":5910,"position":5},"title":"Mercado de oto\u00f1o en Dunderbo","author":"Ylva Fontell","date":"9 septiembre 2013","format":false,"excerpt":"14-15 de septiembre es el mercado de oto\u00f1o en Dunderbo velas y artesan\u00edas con miel, mermelada, manzanas, setas y un mont\u00f3n de artesan\u00edas. Se servir\u00e1 caf\u00e9 y pasteles caseros y ambos d\u00edas se podr\u00e1 dar un paseo guiado por el Sendero de la Guerra a las 13.00. El mercado abre de 10.00 a 16.00. El programa completo est\u00e1 disponible en www.dunderbohantverk.se.","rel":"","context":"En \u00ab\u00c4ldre inl\u00e4gg\u00bb","block_context":{"text":"\u00c4ldre inl\u00e4gg","link":"https:\/\/www.fjardhundraland.se\/es\/aldre-inlagg\/"},"img":{"alt_text":"","src":"","width":0,"height":0},"classes":[]}],"jetpack_sharing_enabled":true,"_links":{"self":[{"href":"https:\/\/www.fjardhundraland.se\/es\/wp-json\/wp\/v2\/posts\/5910","targetHints":{"allow":["GET"]}}],"collection":[{"href":"https:\/\/www.fjardhundraland.se\/es\/wp-json\/wp\/v2\/posts"}],"about":[{"href":"https:\/\/www.fjardhundraland.se\/es\/wp-json\/wp\/v2\/types\/post"}],"author":[{"embeddable":true,"href":"https:\/\/www.fjardhundraland.se\/es\/wp-json\/wp\/v2\/users\/1"}],"replies":[{"embeddable":true,"href":"https:\/\/www.fjardhundraland.se\/es\/wp-json\/wp\/v2\/comments?post=5910"}],"version-history":[{"count":1,"href":"https:\/\/www.fjardhundraland.se\/es\/wp-json\/wp\/v2\/posts\/5910\/revisions"}],"predecessor-version":[{"id":19795,"href":"https:\/\/www.fjardhundraland.se\/es\/wp-json\/wp\/v2\/posts\/5910\/revisions\/19795"}],"wp:featuredmedia":[{"embeddable":true,"href":"https:\/\/www.fjardhundraland.se\/es\/wp-json\/wp\/v2\/media\/1580"}],"wp:attachment":[{"href":"https:\/\/www.fjardhundraland.se\/es\/wp-json\/wp\/v2\/media?parent=5910"}],"wp:term":[{"taxonomy":"category","embeddable":true,"href":"https:\/\/www.fjardhundraland.se\/es\/wp-json\/wp\/v2\/categories?post=5910"},{"taxonomy":"post_tag","embeddable":true,"href":"https:\/\/www.fjardhundraland.se\/es\/wp-json\/wp\/v2\/tags?post=5910"}],"curies":[{"name":"wp","href":"https:\/\/api.w.org\/{rel}","templated":true}]}}