
{"id":590,"date":"2011-08-13T06:00:26","date_gmt":"2011-08-13T04:00:26","guid":{"rendered":"http:\/\/www.fjardhundraland.se\/?p=590"},"modified":"2026-02-05T13:40:41","modified_gmt":"2026-02-05T12:40:41","slug":"light-crafts-lord-day-cafe-en-dunderbo","status":"publish","type":"post","link":"https:\/\/www.fjardhundraland.se\/es\/hantverk\/2011\/ljus-hantverk-lordagskafe-i-dunderbo\/","title":{"rendered":"Velas, artesan\u00eda y caf\u00e9 los s\u00e1bados en Dunderbo"},"content":{"rendered":"<p>\u00bfEs hora de mantener vivo el verano con una excursi\u00f3n los s\u00e1bados?<\/p>\n<p><a title=\"Velas y artesan\u00eda Dunderbo\" href=\"https:\/\/dunderbohantverk.wordpress.com\/dunderbo-hantverk\/\" target=\"_blank\" rel=\"noopener\">Velas y artesan\u00eda Dunderbo<\/a> tiene cafeter\u00eda los s\u00e1bados. En el jard\u00edn podr\u00e1 disfrutar de bollos y pasteles caseros, zumo de caf\u00e9 o t\u00e9, o \u00bfpor qu\u00e9 no un buen helado?<\/p>\n<p>Tambi\u00e9n puede comprar velas hechas a mano y artesan\u00eda local. Aproveche tambi\u00e9n para ir\u00a0<a title=\"Atelj\u00e9 Dunderbo, Krigsstigen\" href=\"https:\/\/www.ateljedunderbo.com\/krigsstigen-2807538\" target=\"_blank\" rel=\"noopener\">La Escalera de Guerra<\/a> - un sendero educativo entre las aldeas de soldados de Dunderbo.<\/p>\n<p><img decoding=\"async\" class=\"alignleft\" title=\"Velas y artesan\u00eda Dunderbo\" src=\"https:\/\/dunderbohantverk.files.wordpress.com\/2010\/10\/boden1.jpg?w=300&amp;h=225\" alt=\"Velas y artesan\u00eda Dunderbo\" width=\"300\" height=\"224\" \/><img decoding=\"async\" class=\"alignleft\" title=\"Dunderbo candles &amp; crafts, el puesto\" src=\"https:\/\/dunderbohantverk.files.wordpress.com\/2010\/10\/boden.jpg?w=300&amp;h=225\" alt=\"Dunderbo candles &amp; crafts, el puesto\" width=\"300\" height=\"224\" \/><\/p>","protected":false},"excerpt":{"rendered":"<p>En Dunderbo Candles &amp; Crafts se pueden comprar velas hechas a mano y artesan\u00eda local, y los s\u00e1bados hay cafeter\u00eda.<\/p>","protected":false},"author":1,"featured_media":0,"comment_status":"open","ping_status":"open","sticky":false,"template":"","format":"standard","meta":{"_acf_changed":false,"_relevanssi_hide_post":"","_relevanssi_hide_content":"","_relevanssi_pin_for_all":"","_relevanssi_pin_keywords":"","_relevanssi_unpin_keywords":"","_relevanssi_related_keywords":"","_relevanssi_related_include_ids":"","_relevanssi_related_exclude_ids":"","_relevanssi_related_no_append":"","_relevanssi_related_not_related":"","_relevanssi_related_posts":"","_relevanssi_noindex_reason":"Rank Math Uteslut fr\u00e5n Relevanssi index","_genesis_hide_title":false,"_genesis_hide_breadcrumbs":false,"_genesis_hide_singular_image":false,"_genesis_hide_footer_widgets":false,"_genesis_custom_body_class":"","_genesis_custom_post_class":"","_genesis_layout":"","_jetpack_memberships_contains_paid_content":false,"footnotes":""},"categories":[353,18,15],"tags":[352,66,67],"class_list":{"0":"post-590","1":"post","2":"type-post","3":"status-publish","4":"format-standard","6":"category-aldre-inlagg","7":"category-externt","8":"category-hantverk","9":"tag-aldre-inlagg","10":"tag-dunderbo-ljus-hantverk","11":"tag-ljus","12":"entry"},"acf":[],"visa":null,"geo_latitude":null,"geo_longitude":null,"jetpack_featured_media_url":"","featured_image_src":null,"featured_image_src_square":null,"author_info":{"display_name":"Mats Thorburn","author_link":"https:\/\/www.fjardhundraland.se\/es\/author\/matst\/"},"jetpack-related-posts":[{"id":1178,"url":"https:\/\/www.fjardhundraland.se\/es\/gardsbutiker\/2012\/hostmarknad-i-dunderbo\/","url_meta":{"origin":590,"position":0},"title":"Mercado de oto\u00f1o en Dunderbo","author":"Ylva Fontell","date":"23 agosto 2012","format":false,"excerpt":"Durante el primer fin de semana de septiembre, habr\u00e1 un mercado de oto\u00f1o en Dunderbo Ljus &amp; Hantverk. Habr\u00e1 a la venta velas hechas a mano, cuchillos, alfombras de trapo y mucho m\u00e1s. Durante el fin de semana tambi\u00e9n habr\u00e1 la oportunidad de escuchar a G\u00f6ran Mellstr\u00f6m, que hablar\u00e1 sobre la aldea de soldados de Dunderbo. Servicio de caf\u00e9 con pan casero. El mercado es...","rel":"","context":"En \u00ab\u00c4ldre inl\u00e4gg\u00bb","block_context":{"text":"\u00c4ldre inl\u00e4gg","link":"https:\/\/www.fjardhundraland.se\/es\/aldre-inlagg\/"},"img":{"alt_text":"","src":"","width":0,"height":0},"classes":[]},{"id":2320,"url":"https:\/\/www.fjardhundraland.se\/es\/hantverk\/2014\/varmarknad-historia\/","url_meta":{"origin":590,"position":1},"title":"Mercado de primavera con historia","author":"Mats Thorburn","date":"22 mayo 2014","format":false,"excerpt":"I helgen bjuder Dunderbo ljus & hantverk in till V\u00e5rmarknad. F\u00f6rutom f\u00f6rs\u00e4ljning av hantverk, och br\u00f6d och annat \u00e4tbart finns ett kaf\u00e9 d\u00e4r allt \u00e4r gott och hembakt. Dessutom kan du g\u00e5 den sp\u00e4nnande historiska vandringen Krigsstigen. Se programmet h\u00e4r.\u00a0[pdf].","rel":"","context":"En \u00ab\u00c4ldre inl\u00e4gg\u00bb","block_context":{"text":"\u00c4ldre inl\u00e4gg","link":"https:\/\/www.fjardhundraland.se\/es\/aldre-inlagg\/"},"img":{"alt_text":"","src":"https:\/\/i0.wp.com\/www.fjardhundraland.se\/wp-content\/uploads\/2014\/05\/DunderboHantverk-Banner-vitsippor.jpg?resize=350%2C200&ssl=1","width":350,"height":200,"srcset":"https:\/\/i0.wp.com\/www.fjardhundraland.se\/wp-content\/uploads\/2014\/05\/DunderboHantverk-Banner-vitsippor.jpg?resize=350%2C200&ssl=1 1x, https:\/\/i0.wp.com\/www.fjardhundraland.se\/wp-content\/uploads\/2014\/05\/DunderboHantverk-Banner-vitsippor.jpg?resize=525%2C300&ssl=1 1.5x, https:\/\/i0.wp.com\/www.fjardhundraland.se\/wp-content\/uploads\/2014\/05\/DunderboHantverk-Banner-vitsippor.jpg?resize=700%2C400&ssl=1 2x"},"classes":[]},{"id":933,"url":"https:\/\/www.fjardhundraland.se\/es\/hantverk\/2012\/varmarknad-i-dunderbo\/","url_meta":{"origin":590,"position":2},"title":"Mercado de primavera en Dunderbo","author":"Ylva Fontell","date":"12 mayo 2012","format":false,"excerpt":"El fin de semana del 19 y 20 de mayo, Dunderbo Ljus &amp; Hantverk celebra un mercado de primavera. Habr\u00e1 artesan\u00eda local en forma de, por ejemplo, cuchillos, joyas y alfombras de trapo. Tambi\u00e9n habr\u00e1 comida local a la venta: mermeladas, chutney, pan, miel y mucho m\u00e1s. En relaci\u00f3n con el mercado, tambi\u00e9n habr\u00e1 visitas guiadas por el Sendero de la Guerra. M\u00e1s informaci\u00f3n...","rel":"","context":"En \u00ab\u00c4ldre inl\u00e4gg\u00bb","block_context":{"text":"\u00c4ldre inl\u00e4gg","link":"https:\/\/www.fjardhundraland.se\/es\/aldre-inlagg\/"},"img":{"alt_text":"","src":"","width":0,"height":0},"classes":[]},{"id":1204,"url":"https:\/\/www.fjardhundraland.se\/es\/externt\/2012\/oppet-hus-i-dunderbo\/","url_meta":{"origin":590,"position":3},"title":"Jornada de puertas abiertas en Dunderbo","author":"Ylva Fontell","date":"2 noviembre 2012","format":false,"excerpt":"Dunderbo Ljus &amp; Hantverk celebra una jornada de puertas abiertas del 2 al 4 de noviembre. Se venden velas caseras, alfombras de trapo y muchas otras artesan\u00edas del pueblo. El horario de apertura es de 10 a 18.","rel":"","context":"En \u00ab\u00c4ldre inl\u00e4gg\u00bb","block_context":{"text":"\u00c4ldre inl\u00e4gg","link":"https:\/\/www.fjardhundraland.se\/es\/aldre-inlagg\/"},"img":{"alt_text":"","src":"","width":0,"height":0},"classes":[]},{"id":1259,"url":"https:\/\/www.fjardhundraland.se\/es\/hantverk\/2013\/paskgott-och-paskoppet\/","url_meta":{"origin":590,"position":4},"title":"Dulces de Pascua y jornadas de puertas abiertas","author":"Mats Thorburn","date":"30 marzo 2013","format":false,"excerpt":"Algunos lugares en Fj\u00e4rdhundraland para visitar esta Semana Santa: Gyllene brunnen Dunderbo ljus och hantverk Forsby kvarn kaf\u00e9 Lundellska galleriet Farmor Elsas g\u00e5rdsbageri Kr\u00e5kvilan bageri DOMTA-grisen H\u00e4rnevi plantskola \u00a0","rel":"","context":"En \u00ab\u00c4ldre inl\u00e4gg\u00bb","block_context":{"text":"\u00c4ldre inl\u00e4gg","link":"https:\/\/www.fjardhundraland.se\/es\/aldre-inlagg\/"},"img":{"alt_text":"","src":"","width":0,"height":0},"classes":[]},{"id":1257,"url":"https:\/\/www.fjardhundraland.se\/es\/gardsbutiker\/2013\/varen-planerad-i-dunderbo\/","url_meta":{"origin":590,"position":5},"title":"Primavera prevista en Dunderbo","author":"Mats Thorburn","date":"17 marzo 2013","format":false,"excerpt":"El calendario de primavera ya est\u00e1 actualizado en Dunderbo Ljus &amp; Hantverk. Eche un vistazo y planifique una visita.","rel":"","context":"En \u00ab\u00c4ldre inl\u00e4gg\u00bb","block_context":{"text":"\u00c4ldre inl\u00e4gg","link":"https:\/\/www.fjardhundraland.se\/es\/aldre-inlagg\/"},"img":{"alt_text":"","src":"","width":0,"height":0},"classes":[]}],"jetpack_sharing_enabled":true,"_links":{"self":[{"href":"https:\/\/www.fjardhundraland.se\/es\/wp-json\/wp\/v2\/posts\/590","targetHints":{"allow":["GET"]}}],"collection":[{"href":"https:\/\/www.fjardhundraland.se\/es\/wp-json\/wp\/v2\/posts"}],"about":[{"href":"https:\/\/www.fjardhundraland.se\/es\/wp-json\/wp\/v2\/types\/post"}],"author":[{"embeddable":true,"href":"https:\/\/www.fjardhundraland.se\/es\/wp-json\/wp\/v2\/users\/1"}],"replies":[{"embeddable":true,"href":"https:\/\/www.fjardhundraland.se\/es\/wp-json\/wp\/v2\/comments?post=590"}],"version-history":[{"count":1,"href":"https:\/\/www.fjardhundraland.se\/es\/wp-json\/wp\/v2\/posts\/590\/revisions"}],"predecessor-version":[{"id":19742,"href":"https:\/\/www.fjardhundraland.se\/es\/wp-json\/wp\/v2\/posts\/590\/revisions\/19742"}],"wp:attachment":[{"href":"https:\/\/www.fjardhundraland.se\/es\/wp-json\/wp\/v2\/media?parent=590"}],"wp:term":[{"taxonomy":"category","embeddable":true,"href":"https:\/\/www.fjardhundraland.se\/es\/wp-json\/wp\/v2\/categories?post=590"},{"taxonomy":"post_tag","embeddable":true,"href":"https:\/\/www.fjardhundraland.se\/es\/wp-json\/wp\/v2\/tags?post=590"}],"curies":[{"name":"wp","href":"https:\/\/api.w.org\/{rel}","templated":true}]}}