
{"id":5379,"date":"2018-08-11T11:21:22","date_gmt":"2018-08-11T09:21:22","guid":{"rendered":"http:\/\/www.fjardhundraland.se\/?p=5379"},"modified":"2026-02-05T13:42:59","modified_gmt":"2026-02-05T12:42:59","slug":"sabores-de-galletas","status":"publish","type":"post","link":"https:\/\/www.fjardhundraland.se\/es\/mat\/2018\/smaker-pa-kvek\/","title":{"rendered":"Sabores de Kvek"},"content":{"rendered":"<h2 style=\"text-align: center;\">El Kvekg\u00e5rden del siglo XIX se encuentra con el Fj\u00e4rdhundraland de 2018<\/h2>\n<p>El domingo 19 de agosto, el proyecto invita a <em>Alimentos hist\u00f3ricos en Fj\u00e4rdhundraland<\/em> para un d\u00eda de comida e historia a peque\u00f1a escala en <a href=\"https:\/\/www.fjardhundraland.se\/es\/platos\/jardines-cuaqueros\/\">Granja cu\u00e1quera<\/a>, la antigua granja bien conservada a las afueras de \u00d6rsundsbro.<\/p>\n<p class=\"p1\">El evento ofrece una experiencia de sabores diferentes de la \u00e9poca en que se utilizaba la granja, pero tambi\u00e9n conocer\u00e1 a tres de los actuales artesanos alimentarios del pueblo. Conocer\u00e1 algunas de las antiguas razas de animales de la granja y escuchar\u00e1 las apasionantes historias de c\u00f3mo era la vida en Kvekg\u00e5rden a mediados del siglo XIX.<\/p>\n<p><strong>Hora:<\/strong> Domingo 19 de agosto 11-16.<\/p>\n<p><strong>Sociedad de Historia Local de Lagunda<\/strong> gu\u00edas a los 12 y 14 a\u00f1os.<\/p>\n<h2>Participantes<\/h2>\n<h3><strong>Sociedad de Historia Local de Lagunda<\/strong><\/h3>\n<p><em>Prueba el Sluring, un antiguo plato de la \u00e9poca de Kvekg\u00e5rden.<\/em><\/p>\n<h3><a href=\"https:\/\/www.fjardhundraland.se\/es\/platos\/charcuteria-franzens\/\">Franz\u00e9ns Charkuterier<\/a><\/h3>\n<p><em>Bandas de helado seg\u00fan una antigua receta.<\/em><\/p>\n<p>Durante el d\u00eda, Franz\u00e9ns Charkuterier vende una banda de helado seg\u00fan una antigua receta, y su charcuter\u00eda de alta calidad seg\u00fan m\u00e9todos artesanales modernos: salchichas y charcuter\u00eda sin nitritos ni otros aditivos innecesarios. Jamones secados al aire, salchichas frescas y carne de sus propios cerdos Linder\u00f6d, que han vivido una buena vida al aire libre con mucho arraigo en grandes dehesas.<\/p>\n<h3>Un oasis verde<\/h3>\n<p><em>Upplandskubb.<\/em><\/p>\n<p>Aqu\u00ed puede comprar Upplandskubben, un pan tradicional de Uppland tal y como se hac\u00eda antiguamente. El pan cocido se basa en una receta que data del periodo 1880-1899.<\/p>\n<p>En gr\u00f6n oas es una panader\u00eda y panader\u00eda de Grillby especializada en Upplandskubb. De producci\u00f3n local, ecol\u00f3gico y de comercio justo en la medida de lo posible.<\/p>\n<p>&nbsp;<\/p>\n<h3><a href=\"https:\/\/www.fjardhundraland.se\/es\/platos\/matlust-i-orsundsbro\/\">Caf\u00e9 Edibility<\/a><\/h3>\n<p><em>Caf\u00e9 cocido con galletas seg\u00fan antiguas recetas.<\/em><\/p>\n<p>La cafeter\u00eda Matlust se encuentra en la antigua tienda de la granja, junto a la granja de plantas perennes en el jard\u00edn Tuna, un poco al este de \u00d6rsundsbro. Sirve pasteles caseros, almuerzos ligeros y s\u00e1ndwiches. Tambi\u00e9n hay opciones para quienes no pueden comer gluten o lactosa, as\u00ed como pan vegano.<\/p>\n<h3><a href=\"https:\/\/www.fjardhundraland.se\/es\/platos\/guardia-restante\/\">Granja Resta<\/a><\/h3>\n<p><em>Animales de granja.<\/em><\/p>\n<p>Resta granja tiene algunos animales de granja de edad con \u00e9l.<\/p>\n<p>En la granja Resta, los animales llevan una vida natural todo el a\u00f1o, lejos de la producci\u00f3n de carne a gran escala. Aqu\u00ed, sabor, calidad y ecolog\u00eda van de la mano en el trabajo de producir los mejores ingredientes que nuestro paisaje puede producir. Tambi\u00e9n ofrecemos paquetes de experiencias en los que podr\u00e1 conocer a los animales y participar en diversas tareas. Ofrecemos cajas de carne y verduras y un puesto de autoservicio de productos l\u00e1cteos. Tambi\u00e9n tenemos una cafeter\u00eda.<\/p>\n<h3>Aldo M\u00fasica<\/h3>\n<p>M\u00fasica folk con viol\u00edn y guitarra.<\/p>\n<h3>Arreglos:<\/h3>\n<p>Proyecto de cultura alimentaria hist\u00f3rica en Fj\u00e4rdhundraland.<\/p>\n<p><a href=\"https:\/\/www.hembygd.se\/lagunda\/\" target=\"_blank\" rel=\"noopener\">Sociedad de historia local de Lagunda<\/a>,\u00a0<a href=\"https:\/\/www.fjardhundraland.se\/es\/\">Asociaci\u00f3n econ\u00f3mica Fj\u00e4rdhundraland<\/a>, <a href=\"https:\/\/www.hembygd.se\/uppland\/\" target=\"_blank\" rel=\"noopener\">Upplands fornminnesf\u00f6rening y hembygdsf\u00f6rbund<\/a>.<\/p>\n<p>Con el apoyo del Fondo Europeo Agr\u00edcola de Desarrollo Rural a trav\u00e9s del Consejo Sueco de Agricultura.<\/p>\n<p><img decoding=\"async\" data-attachment-id=\"5380\" data-permalink=\"https:\/\/www.fjardhundraland.se\/es\/mat\/2018\/smaker-pa-kvek\/attachment\/eu-flaggaeuropeiskajordbruksfondenfarg-2\/\" data-orig-file=\"https:\/\/www.fjardhundraland.se\/wp-content\/uploads\/2018\/08\/eu-flaggaeuropeiskajordbruksfondenfacc88rg.jpg\" data-orig-size=\"278,271\" data-comments-opened=\"0\" data-image-meta=\"{&quot;aperture&quot;:&quot;0&quot;,&quot;credit&quot;:&quot;&quot;,&quot;camera&quot;:&quot;&quot;,&quot;caption&quot;:&quot;&quot;,&quot;created_timestamp&quot;:&quot;0&quot;,&quot;copyright&quot;:&quot;&quot;,&quot;focal_length&quot;:&quot;0&quot;,&quot;iso&quot;:&quot;0&quot;,&quot;shutter_speed&quot;:&quot;0&quot;,&quot;title&quot;:&quot;&quot;,&quot;orientation&quot;:&quot;0&quot;}\" data-image-title=\"EU-flagga+Europeiska+jordbruksfonden+fa\u0308rg\" data-image-description=\"\" data-image-caption=\"\" data-large-file=\"https:\/\/www.fjardhundraland.se\/wp-content\/uploads\/2018\/08\/eu-flaggaeuropeiskajordbruksfondenfacc88rg.jpg\" class=\"alignnone wp-image-5380\" src=\"https:\/\/www.fjardhundraland.se\/wp-content\/uploads\/2018\/08\/eu-flaggaeuropeiskajordbruksfondenfacc88rg.jpg\" alt=\"\" width=\"203\" height=\"207\" title=\"\"><\/p>\n<p><img decoding=\"async\" data-attachment-id=\"5382\" data-permalink=\"https:\/\/www.fjardhundraland.se\/es\/mat\/2018\/smaker-pa-kvek\/attachment\/affischkvek-webb\/\" data-orig-file=\"https:\/\/www.fjardhundraland.se\/wp-content\/uploads\/2018\/08\/affischkvek-webb.jpg\" data-orig-size=\"1768,2500\" data-comments-opened=\"0\" data-image-meta=\"{&quot;aperture&quot;:&quot;0&quot;,&quot;credit&quot;:&quot;&quot;,&quot;camera&quot;:&quot;&quot;,&quot;caption&quot;:&quot;&quot;,&quot;created_timestamp&quot;:&quot;0&quot;,&quot;copyright&quot;:&quot;&quot;,&quot;focal_length&quot;:&quot;0&quot;,&quot;iso&quot;:&quot;0&quot;,&quot;shutter_speed&quot;:&quot;0&quot;,&quot;title&quot;:&quot;&quot;,&quot;orientation&quot;:&quot;0&quot;}\" data-image-title=\"Affisch Kvek-webb\" data-image-description=\"\" data-image-caption=\"\" data-large-file=\"https:\/\/www.fjardhundraland.se\/wp-content\/uploads\/2018\/08\/affischkvek-webb.jpg\" class=\"border alignnone wp-image-5382 size-large\" src=\"https:\/\/www.fjardhundraland.se\/wp-content\/uploads\/2018\/08\/affischkvek-webb-849x1200.jpg\" alt=\"Cartel Sabores de Kvek\" width=\"849\" height=\"1200\" title=\"\"><\/p>","protected":false},"excerpt":{"rendered":"<p>1800-talets Kvekg\u00e5rden m\u00f6ter 2018 \u00e5rs Fj\u00e4rdhundraland P\u00e5 s\u00f6ndag 19\/8 bjuder projektet Historisk mat i Fj\u00e4rdhundraland in till en dag med sm\u00e5skalig mat och historia p\u00e5 Kvekg\u00e5rden, den v\u00e4lbevarade gamla bondg\u00e5rden strax utanf\u00f6r \u00d6rsundsbro. Evenemanget ger en annorlunda smakupplevelse fr\u00e5n tiden d\u00e5 g\u00e5rden brukades, men du tr\u00e4ffar ocks\u00e5 tre av dagens mathantverkare fr\u00e5n bygden. Du f\u00e5r [&hellip;]<\/p>\n","protected":false},"author":1,"featured_media":5377,"comment_status":"closed","ping_status":"closed","sticky":false,"template":"","format":"standard","meta":{"_acf_changed":false,"_relevanssi_hide_post":"","_relevanssi_hide_content":"","_relevanssi_pin_for_all":"","_relevanssi_pin_keywords":"","_relevanssi_unpin_keywords":"","_relevanssi_related_keywords":"","_relevanssi_related_include_ids":"","_relevanssi_related_exclude_ids":"","_relevanssi_related_no_append":"","_relevanssi_related_not_related":"","_relevanssi_related_posts":"","_relevanssi_noindex_reason":"Rank Math Uteslut fr\u00e5n Relevanssi index","_genesis_hide_title":false,"_genesis_hide_breadcrumbs":false,"_genesis_hide_singular_image":false,"_genesis_hide_footer_widgets":false,"_genesis_custom_body_class":"","_genesis_custom_post_class":"","_genesis_layout":"","_jetpack_memberships_contains_paid_content":false,"footnotes":""},"categories":[353,22],"tags":[352],"class_list":{"0":"post-5379","1":"post","2":"type-post","3":"status-publish","4":"format-standard","5":"has-post-thumbnail","7":"category-aldre-inlagg","8":"category-mat","9":"tag-aldre-inlagg","10":"entry"},"acf":[],"visa":null,"geo_latitude":null,"geo_longitude":null,"jetpack_featured_media_url":"https:\/\/www.fjardhundraland.se\/wp-content\/uploads\/2018\/08\/kvekgacc8arden.jpg","featured_image_src":"https:\/\/www.fjardhundraland.se\/wp-content\/uploads\/2018\/08\/kvekgacc8arden.jpg","featured_image_src_square":"https:\/\/www.fjardhundraland.se\/wp-content\/uploads\/2018\/08\/kvekgacc8arden.jpg","author_info":{"display_name":"Mats Thorburn","author_link":"https:\/\/www.fjardhundraland.se\/es\/author\/matst\/"},"jetpack-related-posts":[{"id":6287,"url":"https:\/\/www.fjardhundraland.se\/es\/turismutveckling\/2019\/fjardhundraland-tilldelas-disa-gilles-pris-2020\/","url_meta":{"origin":5379,"position":0},"title":"Fj\u00e4rdhundraland recibe el Premio Disa Gilles 2020","author":"Mats Thorburn","date":"21 noviembre 2019","format":false,"excerpt":"El Premio Disa Gilles 2020 al \"trabajo ejemplar\" se concede a la asociaci\u00f3n Fj\u00e4rdhundraland. El premio, una beca de 10.000 coronas suecas, lo concede Upplands Fornminnesf\u00f6rening och Hembygdsf\u00f6rbund. La motivaci\u00f3n dice \u201dque la asociaci\u00f3n demuestra de forma ejemplar que el compromiso y la cooperaci\u00f3n pueden conducir a grandes \u00e9xitos, y que la voluntad de aprender unos de otros y...","rel":"","context":"En \u00abTurismutveckling\u00bb","block_context":{"text":"Turismutveckling","link":"https:\/\/www.fjardhundraland.se\/es\/turismutveckling\/"},"img":{"alt_text":"Kvekga\u030arden","src":"https:\/\/i0.wp.com\/www.fjardhundraland.se\/wp-content\/uploads\/2018\/08\/kvekgacc8arden.jpg?resize=350%2C200&ssl=1","width":350,"height":200,"srcset":"https:\/\/i0.wp.com\/www.fjardhundraland.se\/wp-content\/uploads\/2018\/08\/kvekgacc8arden.jpg?resize=350%2C200&ssl=1 1x, https:\/\/i0.wp.com\/www.fjardhundraland.se\/wp-content\/uploads\/2018\/08\/kvekgacc8arden.jpg?resize=525%2C300&ssl=1 1.5x, https:\/\/i0.wp.com\/www.fjardhundraland.se\/wp-content\/uploads\/2018\/08\/kvekgacc8arden.jpg?resize=700%2C400&ssl=1 2x, https:\/\/i0.wp.com\/www.fjardhundraland.se\/wp-content\/uploads\/2018\/08\/kvekgacc8arden.jpg?resize=1050%2C600&ssl=1 3x, https:\/\/i0.wp.com\/www.fjardhundraland.se\/wp-content\/uploads\/2018\/08\/kvekgacc8arden.jpg?resize=1400%2C800&ssl=1 4x"},"classes":[]},{"id":19177,"url":"https:\/\/www.fjardhundraland.se\/es\/inlagg\/2025\/jul-i-fjardhundraland-2025\/","url_meta":{"origin":5379,"position":1},"title":"Navidad en Fj\u00e4rdhundraland 2025","author":"Mats Thorburn","date":"20 noviembre 2025","format":false,"excerpt":"Mercadillos navide\u00f1os, mesas navide\u00f1as, acogedores caf\u00e9s y hermosos paseos invernales: en Fj\u00e4rdhundraland hay muchas formas de contagiarse del esp\u00edritu navide\u00f1o. Aqu\u00ed podr\u00e1 encontrar alimentos de primera calidad producidos localmente para realzar su mesa navide\u00f1a, encontrar regalos especiales de Navidad y experimentar los sabores del Adviento. Esp\u00edritu navide\u00f1o en el campo Muchos de los miembros de Fj\u00e4rdhundraland est\u00e1n abiertos durante diciembre,...","rel":"","context":"En \u00abInl\u00e4gg\u00bb","block_context":{"text":"Inl\u00e4gg","link":"https:\/\/www.fjardhundraland.se\/es\/inlagg\/"},"img":{"alt_text":"","src":"https:\/\/i0.wp.com\/www.fjardhundraland.se\/wp-content\/uploads\/2025\/11\/image0-edited.jpeg?resize=350%2C200&ssl=1","width":350,"height":200,"srcset":"https:\/\/i0.wp.com\/www.fjardhundraland.se\/wp-content\/uploads\/2025\/11\/image0-edited.jpeg?resize=350%2C200&ssl=1 1x, https:\/\/i0.wp.com\/www.fjardhundraland.se\/wp-content\/uploads\/2025\/11\/image0-edited.jpeg?resize=525%2C300&ssl=1 1.5x, https:\/\/i0.wp.com\/www.fjardhundraland.se\/wp-content\/uploads\/2025\/11\/image0-edited.jpeg?resize=700%2C400&ssl=1 2x, https:\/\/i0.wp.com\/www.fjardhundraland.se\/wp-content\/uploads\/2025\/11\/image0-edited.jpeg?resize=1050%2C600&ssl=1 3x"},"classes":[]},{"id":298,"url":"https:\/\/www.fjardhundraland.se\/es\/externt\/2011\/det-har-hander-i-helgen\/","url_meta":{"origin":5379,"position":2},"title":"Esto es lo que ocurre este fin de semana","author":"Mats Thorburn","date":"27 mayo 2011","format":false,"excerpt":"Aqu\u00ed tiene algunas sugerencias de actividades en torno al Fj\u00e4rdhundraland durante el pr\u00f3ximo fin de semana: S\u00e1bado-domingo 28-29 de mayo 10-16: Mercado de primavera en Dunderbo. Exposici\u00f3n de comida tradicional, servicio de caf\u00e9 con reposter\u00eda casera. Flores de verano, mermeladas, g\u00e9neros de punto, velas, etc. Visitas guiadas en Krigsstigen a las 11 h y a las 14 h. 073-65 77 906 Arr: Dunderbo Ljus &amp; hantverk. S\u00e1bado y domingo, 28 y 29 de mayo...","rel":"","context":"En \u00ab\u00c4ldre inl\u00e4gg\u00bb","block_context":{"text":"\u00c4ldre inl\u00e4gg","link":"https:\/\/www.fjardhundraland.se\/es\/aldre-inlagg\/"},"img":{"alt_text":"","src":"","width":0,"height":0},"classes":[]},{"id":1167,"url":"https:\/\/www.fjardhundraland.se\/es\/entreprenorskap-i-fjardhundraland\/2012\/vinnare-rebusrundan\/","url_meta":{"origin":5379,"position":3},"title":"Ganadores de la ronda de rebus","author":"Mats Thorburn","date":"22 agosto 2012","format":false,"excerpt":"\u00a1Gracias a todos los visitantes que viajaron en Fj\u00e4rdhundraland en el Rebus Tour! Enhorabuena tambi\u00e9n a los ganadores de los magn\u00edficos premios. En breve nos pondremos en contacto con vosotros. Nombre Lugar Ganador Maud Pettersson Fj\u00e4rdhundra Cheque regalo para \u201dTrivselkv\u00e4ll med underh\u00e5llning och gammeldags mat\u201d el 19\/8 a las 18. Donado por Altuna...","rel":"","context":"En \u00ab\u00c4ldre inl\u00e4gg\u00bb","block_context":{"text":"\u00c4ldre inl\u00e4gg","link":"https:\/\/www.fjardhundraland.se\/es\/aldre-inlagg\/"},"img":{"alt_text":"Bes\u00f6kare p\u00e5 Kr\u00e5kvilan. Foto: Mats Thorburn.","src":"https:\/\/i0.wp.com\/www.fjardhundraland.se\/wp-content\/uploads\/2012\/08\/2012-08-12-at-13-29-07-630x420.jpg?resize=350%2C200&ssl=1","width":350,"height":200,"srcset":"https:\/\/i0.wp.com\/www.fjardhundraland.se\/wp-content\/uploads\/2012\/08\/2012-08-12-at-13-29-07-630x420.jpg?resize=350%2C200&ssl=1 1x, https:\/\/i0.wp.com\/www.fjardhundraland.se\/wp-content\/uploads\/2012\/08\/2012-08-12-at-13-29-07-630x420.jpg?resize=525%2C300&ssl=1 1.5x"},"classes":[]},{"id":10768,"url":"https:\/\/www.fjardhundraland.se\/es\/inlagg\/2022\/midsommarafton-fjardhundraland-2022\/","url_meta":{"origin":5379,"position":4},"title":"Solsticio de verano en Fj\u00e4rdhundraland 2023","author":"Mats Thorburn","date":"21 junio 2022","format":false,"excerpt":"He aqu\u00ed algunas celebraciones tradicionales del solsticio de verano entre los miembros de Fj\u00e4rdhundraland. Se trata de celebraciones rurales del solsticio de verano, con un poste, cantos, hierba y flores, \u00a1como debe ser! Husby-Sjutolftsg\u00e5rden a las 13.00 h. Levantamiento y baile alrededor del poste del solsticio de verano, Spelem\u00e4n. Paseo en un frondoso serpent\u00edn, estanque de peces y loter\u00edas. Venta de fika casero. No dude en traer ...","rel":"","context":"En \u00ab\u00c4ldre inl\u00e4gg\u00bb","block_context":{"text":"\u00c4ldre inl\u00e4gg","link":"https:\/\/www.fjardhundraland.se\/es\/aldre-inlagg\/"},"img":{"alt_text":"Folkdanslag p\u00e5 H\u00e4rledg\u00e5rden p\u00e5 midsommar","src":"https:\/\/i0.wp.com\/www.fjardhundraland.se\/wp-content\/uploads\/2012\/05\/H%C3%A4rledg%C3%A5rden.jpg?resize=350%2C200&ssl=1","width":350,"height":200,"srcset":"https:\/\/i0.wp.com\/www.fjardhundraland.se\/wp-content\/uploads\/2012\/05\/H%C3%A4rledg%C3%A5rden.jpg?resize=350%2C200&ssl=1 1x, https:\/\/i0.wp.com\/www.fjardhundraland.se\/wp-content\/uploads\/2012\/05\/H%C3%A4rledg%C3%A5rden.jpg?resize=525%2C300&ssl=1 1.5x, https:\/\/i0.wp.com\/www.fjardhundraland.se\/wp-content\/uploads\/2012\/05\/H%C3%A4rledg%C3%A5rden.jpg?resize=700%2C400&ssl=1 2x, https:\/\/i0.wp.com\/www.fjardhundraland.se\/wp-content\/uploads\/2012\/05\/H%C3%A4rledg%C3%A5rden.jpg?resize=1050%2C600&ssl=1 3x, https:\/\/i0.wp.com\/www.fjardhundraland.se\/wp-content\/uploads\/2012\/05\/H%C3%A4rledg%C3%A5rden.jpg?resize=1400%2C800&ssl=1 4x"},"classes":[]},{"id":3568,"url":"https:\/\/www.fjardhundraland.se\/es\/mat\/2016\/mat-manniskor-2016\/","url_meta":{"origin":5379,"position":5},"title":"Alimentos y personas 2016","author":"Mats Thorburn","date":"6 septiembre 2016","format":false,"excerpt":"El domingo 25 de septiembre de 2016, de 11:00 a 17:00, \u00a1es la hora de Food &amp; People! Recorrer\u00e1s las hermosas callejuelas del Fj\u00e4rdhundraland de lugar en lugar, comiendo y picoteando, probando la comida - y conociendo a la gente que hay detr\u00e1s. Aqu\u00ed tienes el men\u00fa y el mapa. \u00bfDif\u00edcil de encontrar? Aqu\u00ed tienes direcciones, coordenadas e indicaciones para llegar. As\u00ed se hace: Imprime...","rel":"","context":"En \u00abMat\u00bb","block_context":{"text":"Mat","link":"https:\/\/www.fjardhundraland.se\/es\/mat\/"},"img":{"alt_text":"","src":"https:\/\/i0.wp.com\/www.fjardhundraland.se\/wp-content\/uploads\/2016\/09\/mmfb.jpg?resize=350%2C200&ssl=1","width":350,"height":200,"srcset":"https:\/\/i0.wp.com\/www.fjardhundraland.se\/wp-content\/uploads\/2016\/09\/mmfb.jpg?resize=350%2C200&ssl=1 1x, https:\/\/i0.wp.com\/www.fjardhundraland.se\/wp-content\/uploads\/2016\/09\/mmfb.jpg?resize=525%2C300&ssl=1 1.5x, https:\/\/i0.wp.com\/www.fjardhundraland.se\/wp-content\/uploads\/2016\/09\/mmfb.jpg?resize=700%2C400&ssl=1 2x, https:\/\/i0.wp.com\/www.fjardhundraland.se\/wp-content\/uploads\/2016\/09\/mmfb.jpg?resize=1050%2C600&ssl=1 3x"},"classes":[]}],"jetpack_sharing_enabled":true,"_links":{"self":[{"href":"https:\/\/www.fjardhundraland.se\/es\/wp-json\/wp\/v2\/posts\/5379","targetHints":{"allow":["GET"]}}],"collection":[{"href":"https:\/\/www.fjardhundraland.se\/es\/wp-json\/wp\/v2\/posts"}],"about":[{"href":"https:\/\/www.fjardhundraland.se\/es\/wp-json\/wp\/v2\/types\/post"}],"author":[{"embeddable":true,"href":"https:\/\/www.fjardhundraland.se\/es\/wp-json\/wp\/v2\/users\/1"}],"replies":[{"embeddable":true,"href":"https:\/\/www.fjardhundraland.se\/es\/wp-json\/wp\/v2\/comments?post=5379"}],"version-history":[{"count":1,"href":"https:\/\/www.fjardhundraland.se\/es\/wp-json\/wp\/v2\/posts\/5379\/revisions"}],"predecessor-version":[{"id":19600,"href":"https:\/\/www.fjardhundraland.se\/es\/wp-json\/wp\/v2\/posts\/5379\/revisions\/19600"}],"wp:featuredmedia":[{"embeddable":true,"href":"https:\/\/www.fjardhundraland.se\/es\/wp-json\/wp\/v2\/media\/5377"}],"wp:attachment":[{"href":"https:\/\/www.fjardhundraland.se\/es\/wp-json\/wp\/v2\/media?parent=5379"}],"wp:term":[{"taxonomy":"category","embeddable":true,"href":"https:\/\/www.fjardhundraland.se\/es\/wp-json\/wp\/v2\/categories?post=5379"},{"taxonomy":"post_tag","embeddable":true,"href":"https:\/\/www.fjardhundraland.se\/es\/wp-json\/wp\/v2\/tags?post=5379"}],"curies":[{"name":"wp","href":"https:\/\/api.w.org\/{rel}","templated":true}]}}