
{"id":5318,"date":"2018-07-15T11:43:07","date_gmt":"2018-07-15T09:43:07","guid":{"rendered":"http:\/\/www.fjardhundraland.se\/?p=5318"},"modified":"2026-02-05T13:42:59","modified_gmt":"2026-02-05T12:42:59","slug":"tuva-tappa-tradgards-round-2018","status":"publish","type":"post","link":"https:\/\/www.fjardhundraland.se\/es\/tuva-tappa\/2018\/tuva-tappa-tradgardsrunda-2018\/","title":{"rendered":"Tuva y T\u00e4ppa 2018"},"content":{"rendered":"<h2>Tuva &amp; T\u00e4ppa - Visita a los jardines de Fj\u00e4rdhundraland<\/h2>\n<p>Visitar jardines y granjas\u00a0<strong>S\u00e1bado 28 de julio<\/strong> en <strong>11-17<\/strong>. Hable de jardiner\u00eda y cultivo con aficionados y cultivadores profesionales. Obtenga inspiraci\u00f3n y consejos sobre lo que puede hacer en casa en su propio huerto.<\/p>\n<h3>Participantes<\/h3>\n<p><strong>Lisa Frisk Melberg<\/strong> H\u00e4rnevi Rotbrunna 12 75696 Enk\u00f6ping<br \/>\n<strong>Sra. Pia Hansson<\/strong> H\u00e4rnevi Rotbrunna 11 75696 Enk\u00f6ping<br \/>\nDos vecinos que comparten el inter\u00e9s por la jardiner\u00eda - dos jardines completamente diferentes tanto en color como en forma. Servicio de caf\u00e9 disponible.<\/p>\n<p><strong>Granja de Sunnansj\u00f6<\/strong> \u00d6sterunda K\u00e4lsta 7, 74496 J\u00e4rl\u00e5sa<br \/>\nHuerta, vivero, avellanos y manzanos y un gran jard\u00edn ornamental con plantas perennes y una rosaleda reci\u00e9n plantada. Fika.<br \/>\nVisitas organizadas a las 12:00 y a las 14:00.<\/p>\n<p><strong>Jard\u00edn Jultorpet<\/strong> Julmyra239 Jultorpet 74491 Heby<br \/>\nUna interesante mezcla de artesan\u00eda, mermeladas y cultivo de diversas hortalizas y flores.<\/p>\n<p><strong>Jard\u00edn de at\u00fan<\/strong> 74962 \u00d6rsundsbro<br \/>\nDurante la jornada de jardiner\u00eda, Tuna tendr\u00e1 a la venta una gran colecci\u00f3n de rosas diferentes, donde podr\u00e1 obtener informaci\u00f3n sobre la rosa concreta que le interese. Plantaci\u00f3n<wbr \/>consejos de cuidado. Cafeter\u00eda<\/p>\n<p><strong>Galer\u00eda Lundellska<\/strong> Simtuna Kokkola 8 74971 Fj\u00e4rdhundra<br \/>\nLa galer\u00eda acoger\u00e1 una exposici\u00f3n participativa con el jard\u00edn como inspiraci\u00f3n. 7 se\u00f1oras han trabajado la arcilla y expondr\u00e1n sus obras en la galer\u00eda. Acuarela de Gunilla Lundell. Bonito jard\u00edn con diferentes salas y muchas plantas y esculturas especiales. Aqui hay cafe con sandwich hecho en casa......<\/p>\n<p><strong>Marianne Sj\u00f6din\u00a0<\/strong>Kr\u00e5kvilan Nys\u00e4tra Hammarby 21 74963 \u00d6rsundsbro.<br \/>\nTambi\u00e9n hay caf\u00e9 con pan casero y un maravilloso jard\u00edn donde diferentes macizos de flores se suceden en un patr\u00f3n armonioso y claro, aqu\u00ed usted encontrar\u00e1 el ligeramente diferente e interesante en muchas plantas.<\/p>\n<p><strong>El jard\u00edn de Svartb\u00e4ckens<\/strong>, Nys\u00e4tra Svartb\u00e4cken 74963 \u00d6rsundsbro<br \/>\nCultivo de hortalizas, sino tambi\u00e9n \u00e1rboles frutales y flores donde se puede encontrar el \u00e1rbol un poco diferente para comprar.<\/p>\n<p><iframe src=\"https:\/\/www.google.com\/maps\/d\/u\/3\/embed?mid=1v2KOG05HjNCW7DqPm97eWMsjWQraaz0c\" width=\"100%\" height=\"680\"><\/iframe><\/p>","protected":false},"excerpt":{"rendered":"<p>Tuva &amp; T\u00e4ppa \u2013 Fj\u00e4rdhundralands tr\u00e4dg\u00e5rdsrunda Bes\u00f6k visningstr\u00e4dg\u00e5rdar och odlingar\u00a0l\u00f6rdagen den 28 juli kl 11\u201317. Prata tr\u00e4dg\u00e5rd och odling med entusiasterna och yrkesodlarna. F\u00e5 inspiration och tips om hur du kan g\u00f6ra hemma i din egen t\u00e4ppa. Medverkande Lisa Frisk Melberg H\u00e4rnevi Rotbrunna 12 75696 Enk\u00f6ping Pia Hansson H\u00e4rnevi Rotbrunna 11 75696 Enk\u00f6ping Tv\u00e5 grannar [&hellip;]<\/p>\n","protected":false},"author":1,"featured_media":5348,"comment_status":"closed","ping_status":"closed","sticky":false,"template":"","format":"standard","meta":{"_acf_changed":false,"_relevanssi_hide_post":"","_relevanssi_hide_content":"","_relevanssi_pin_for_all":"","_relevanssi_pin_keywords":"","_relevanssi_unpin_keywords":"","_relevanssi_related_keywords":"","_relevanssi_related_include_ids":"","_relevanssi_related_exclude_ids":"","_relevanssi_related_no_append":"","_relevanssi_related_not_related":"","_relevanssi_related_posts":"","_relevanssi_noindex_reason":"Rank Math Uteslut fr\u00e5n Relevanssi index","_genesis_hide_title":false,"_genesis_hide_breadcrumbs":false,"_genesis_hide_singular_image":false,"_genesis_hide_footer_widgets":false,"_genesis_custom_body_class":"","_genesis_custom_post_class":"","_genesis_layout":"","_jetpack_memberships_contains_paid_content":false,"footnotes":""},"categories":[250,353,24,25,87],"tags":[352],"class_list":{"0":"post-5318","1":"post","2":"type-post","3":"status-publish","4":"format-standard","5":"has-post-thumbnail","7":"category-tuva-tappa","8":"category-aldre-inlagg","9":"category-tradgard","10":"category-upplevelser","11":"category-utflykt","12":"tag-aldre-inlagg","13":"entry"},"acf":[],"visa":null,"geo_latitude":null,"geo_longitude":null,"jetpack_featured_media_url":"https:\/\/www.fjardhundraland.se\/wp-content\/uploads\/2018\/07\/tuva-tappa.jpg","featured_image_src":"https:\/\/www.fjardhundraland.se\/wp-content\/uploads\/2018\/07\/tuva-tappa.jpg","featured_image_src_square":"https:\/\/www.fjardhundraland.se\/wp-content\/uploads\/2018\/07\/tuva-tappa.jpg","author_info":{"display_name":"Mats Thorburn","author_link":"https:\/\/www.fjardhundraland.se\/es\/author\/matst\/"},"jetpack-related-posts":[{"id":5762,"url":"https:\/\/www.fjardhundraland.se\/es\/tuva-tappa\/2019\/tuva-tappa-2019\/","url_meta":{"origin":5318,"position":0},"title":"Tuva y el edred\u00f3n 2019","author":"Mats Thorburn","date":"4 junio 2019","format":false,"excerpt":"\u00a1Es tiempo de verde! Lo celebramos con un recorrido veraniego por jardines y viveros privados que est\u00e1n abiertos y ofrecen experiencias y conocimientos. Podr\u00e1 visitar estos lugares el s\u00e1bado 29 de junio de 11 a 17. (Aqu\u00ed tiene un mapa imprimible.) Participantes Lundellska Galleriet Simtuna Karleby 8 74971 Fj\u00e4rdhundra Vernissage con KreaLera, gres relacionado con el jard\u00edn...","rel":"","context":"En \u00abTuva &amp; T\u00e4ppa\u00bb","block_context":{"text":"Tuva &amp; T\u00e4ppa","link":"https:\/\/www.fjardhundraland.se\/es\/tuva-tappa\/"},"img":{"alt_text":"Bild p\u00e5 blomsterrabatt under tr\u00e4dg\u00e5rdsrundan Tuva & T\u00e4ppa","src":"https:\/\/i0.wp.com\/www.fjardhundraland.se\/wp-content\/uploads\/2019\/06\/tuva-tacc88ppa-tracc88dgacc8ardsrunda.jpg?resize=350%2C200&ssl=1","width":350,"height":200,"srcset":"https:\/\/i0.wp.com\/www.fjardhundraland.se\/wp-content\/uploads\/2019\/06\/tuva-tacc88ppa-tracc88dgacc8ardsrunda.jpg?resize=350%2C200&ssl=1 1x, https:\/\/i0.wp.com\/www.fjardhundraland.se\/wp-content\/uploads\/2019\/06\/tuva-tacc88ppa-tracc88dgacc8ardsrunda.jpg?resize=525%2C300&ssl=1 1.5x, https:\/\/i0.wp.com\/www.fjardhundraland.se\/wp-content\/uploads\/2019\/06\/tuva-tacc88ppa-tracc88dgacc8ardsrunda.jpg?resize=700%2C400&ssl=1 2x, https:\/\/i0.wp.com\/www.fjardhundraland.se\/wp-content\/uploads\/2019\/06\/tuva-tacc88ppa-tracc88dgacc8ardsrunda.jpg?resize=1050%2C600&ssl=1 3x, https:\/\/i0.wp.com\/www.fjardhundraland.se\/wp-content\/uploads\/2019\/06\/tuva-tacc88ppa-tracc88dgacc8ardsrunda.jpg?resize=1400%2C800&ssl=1 4x"},"classes":[]},{"id":8656,"url":"https:\/\/www.fjardhundraland.se\/es\/tradgard\/2021\/tuva-tappa-2021\/","url_meta":{"origin":5318,"position":1},"title":"Tuva y t\u00e4ppa 2021","author":"Carl-Erik Ekblom","date":"26 mayo 2021","format":false,"excerpt":"Bienvenido a Tuva &amp; T\u00e4ppa 2021 Domingo 4 de julio a las 11-17 Tuva &amp; T\u00e4ppa es un recorrido por jardines en el campo entre Estocolmo, Uppsala, V\u00e4ster\u00e5s, Sala y Enk\u00f6ping. 16 participantes - viveros, cultivadores y jardines privados - participan en la edici\u00f3n de este a\u00f1o de Tuva &amp; T\u00e4ppa.  En los viveros y cultivadores obtendr\u00e1 tanto inspiraci\u00f3n como la oportunidad de...","rel":"","context":"En \u00ab\u00c4ldre inl\u00e4gg\u00bb","block_context":{"text":"\u00c4ldre inl\u00e4gg","link":"https:\/\/www.fjardhundraland.se\/es\/aldre-inlagg\/"},"img":{"alt_text":"Tuva & t\u00e4ppa","src":"https:\/\/i0.wp.com\/www.fjardhundraland.se\/wp-content\/uploads\/2021\/05\/tuva.jpg?resize=350%2C200&ssl=1","width":350,"height":200,"srcset":"https:\/\/i0.wp.com\/www.fjardhundraland.se\/wp-content\/uploads\/2021\/05\/tuva.jpg?resize=350%2C200&ssl=1 1x, https:\/\/i0.wp.com\/www.fjardhundraland.se\/wp-content\/uploads\/2021\/05\/tuva.jpg?resize=525%2C300&ssl=1 1.5x, https:\/\/i0.wp.com\/www.fjardhundraland.se\/wp-content\/uploads\/2021\/05\/tuva.jpg?resize=700%2C400&ssl=1 2x, https:\/\/i0.wp.com\/www.fjardhundraland.se\/wp-content\/uploads\/2021\/05\/tuva.jpg?resize=1050%2C600&ssl=1 3x, https:\/\/i0.wp.com\/www.fjardhundraland.se\/wp-content\/uploads\/2021\/05\/tuva.jpg?resize=1400%2C800&ssl=1 4x"},"classes":[]},{"id":10896,"url":"https:\/\/www.fjardhundraland.se\/es\/tradgard\/2022\/tuva-tappa-2022\/","url_meta":{"origin":5318,"position":2},"title":"Tuva y T\u00e4ppa 2022","author":"Carl-Erik Ekblom","date":"1 julio 2022","format":false,"excerpt":"Bienvenido a Tuva &amp; T\u00e4ppa 2022 Domingo 31 de julio a las 11-17 Tuva &amp; T\u00e4ppa es un recorrido por jardines en el campo entre Estocolmo, Uppsala, V\u00e4ster\u00e5s, Sala y Enk\u00f6ping. En la edici\u00f3n de este a\u00f1o de Tuva &amp; T\u00e4ppa participan 14 entidades: viveros, cultivadores y jardines privados.  En los viveros y cultivadores se obtiene tanto inspiraci\u00f3n como la oportunidad de...","rel":"","context":"En \u00abTr\u00e4dg\u00e5rd\u00bb","block_context":{"text":"Tr\u00e4dg\u00e5rd","link":"https:\/\/www.fjardhundraland.se\/es\/tradgard\/"},"img":{"alt_text":"Tuva & Ta\u0308ppa 2022","src":"https:\/\/i0.wp.com\/www.fjardhundraland.se\/wp-content\/uploads\/2022\/07\/tuva-tappa-2022.jpg?resize=350%2C200&ssl=1","width":350,"height":200,"srcset":"https:\/\/i0.wp.com\/www.fjardhundraland.se\/wp-content\/uploads\/2022\/07\/tuva-tappa-2022.jpg?resize=350%2C200&ssl=1 1x, https:\/\/i0.wp.com\/www.fjardhundraland.se\/wp-content\/uploads\/2022\/07\/tuva-tappa-2022.jpg?resize=525%2C300&ssl=1 1.5x, https:\/\/i0.wp.com\/www.fjardhundraland.se\/wp-content\/uploads\/2022\/07\/tuva-tappa-2022.jpg?resize=700%2C400&ssl=1 2x, https:\/\/i0.wp.com\/www.fjardhundraland.se\/wp-content\/uploads\/2022\/07\/tuva-tappa-2022.jpg?resize=1050%2C600&ssl=1 3x, https:\/\/i0.wp.com\/www.fjardhundraland.se\/wp-content\/uploads\/2022\/07\/tuva-tappa-2022.jpg?resize=1400%2C800&ssl=1 4x"},"classes":[]},{"id":12584,"url":"https:\/\/www.fjardhundraland.se\/es\/inlagg\/2023\/tuva-tappa-2023\/","url_meta":{"origin":5318,"position":3},"title":"Tuva y T\u00e4ppa 2023","author":"Carl-Erik Ekblom","date":"27 abril 2023","format":false,"excerpt":"S\u00e1bado 17 de junio, 11-17 \u00a1Bienvenidos al Fj\u00e4rdhundraland en pleno esplendor estival! Cuando la naturaleza est\u00e1 en su m\u00e1ximo esplendor, le invitamos a Tuva y T\u00e4ppa, el recorrido para quienes se interesan por el cultivo y la jardiner\u00eda, o simplemente disfrutan de la naturaleza tomando una taza de caf\u00e9. D\u00e9 un paseo por los sinuosos...","rel":"","context":"En \u00abInl\u00e4gg\u00bb","block_context":{"text":"Inl\u00e4gg","link":"https:\/\/www.fjardhundraland.se\/es\/inlagg\/"},"img":{"alt_text":"Tuva & t\u00e4ppa - bild p\u00e5 v\u00e4xthus fr\u00e5n Lundellska galleriet","src":"https:\/\/i0.wp.com\/www.fjardhundraland.se\/wp-content\/uploads\/2023\/04\/img-20190629-121643-effects.jpg?resize=350%2C200&ssl=1","width":350,"height":200,"srcset":"https:\/\/i0.wp.com\/www.fjardhundraland.se\/wp-content\/uploads\/2023\/04\/img-20190629-121643-effects.jpg?resize=350%2C200&ssl=1 1x, https:\/\/i0.wp.com\/www.fjardhundraland.se\/wp-content\/uploads\/2023\/04\/img-20190629-121643-effects.jpg?resize=525%2C300&ssl=1 1.5x, https:\/\/i0.wp.com\/www.fjardhundraland.se\/wp-content\/uploads\/2023\/04\/img-20190629-121643-effects.jpg?resize=700%2C400&ssl=1 2x, https:\/\/i0.wp.com\/www.fjardhundraland.se\/wp-content\/uploads\/2023\/04\/img-20190629-121643-effects.jpg?resize=1050%2C600&ssl=1 3x, https:\/\/i0.wp.com\/www.fjardhundraland.se\/wp-content\/uploads\/2023\/04\/img-20190629-121643-effects.jpg?resize=1400%2C800&ssl=1 4x"},"classes":[]},{"id":623,"url":"https:\/\/www.fjardhundraland.se\/es\/gardsbutiker\/2011\/skordetid-i-harnevi\/","url_meta":{"origin":5318,"position":4},"title":"\u00c9poca de cosecha en H\u00e4rnevi","author":"Mats Thorburn","date":"20 agosto 2011","format":false,"excerpt":"El vivero H\u00e4rnevi es muy conocido en la zona por sus magn\u00edficas plantas de flor de cultivo propio. Pero en esta \u00e9poca del a\u00f1o tambi\u00e9n tienen una excelente selecci\u00f3n de verduras de cultivo propio y local.","rel":"","context":"En \u00ab\u00c4ldre inl\u00e4gg\u00bb","block_context":{"text":"\u00c4ldre inl\u00e4gg","link":"https:\/\/www.fjardhundraland.se\/es\/aldre-inlagg\/"},"img":{"alt_text":"Gr\u00f6nsaker fr\u00e5n H\u00e4rnevi plantskola","src":"https:\/\/i0.wp.com\/www.fjardhundraland.se\/wp-content\/uploads\/2011\/08\/harnevi-1-630x420.jpg?resize=350%2C200&ssl=1","width":350,"height":200,"srcset":"https:\/\/i0.wp.com\/www.fjardhundraland.se\/wp-content\/uploads\/2011\/08\/harnevi-1-630x420.jpg?resize=350%2C200&ssl=1 1x, https:\/\/i0.wp.com\/www.fjardhundraland.se\/wp-content\/uploads\/2011\/08\/harnevi-1-630x420.jpg?resize=525%2C300&ssl=1 1.5x"},"classes":[]},{"id":4395,"url":"https:\/\/www.fjardhundraland.se\/es\/tuva-tappa\/2017\/tyck-till-om-tuva-tappa\/","url_meta":{"origin":5318,"position":5},"title":"\u00a1Opina sobre Tuva y T\u00e4ppa!","author":"Mats Thorburn","date":"9 julio 2017","format":false,"excerpt":"\u00a1Gracias a todos los amantes de la jardiner\u00eda que vinieron a Tuva &amp; T\u00e4ppa! \u00bfQu\u00e9 os ha parecido? Ay\u00fadanos a que la pr\u00f3xima edici\u00f3n de Tuva &amp; t\u00e4ppa sea a\u00fan mejor respondiendo a algunas preguntas. Muchas gracias. Haz clic aqu\u00ed para abrir la encuesta.","rel":"","context":"En \u00abTuva &amp; T\u00e4ppa\u00bb","block_context":{"text":"Tuva &amp; T\u00e4ppa","link":"https:\/\/www.fjardhundraland.se\/es\/tuva-tappa\/"},"img":{"alt_text":"Gr\u00f6nsaker p\u00e5 tr\u00e4dg\u00e5rdsrunda Tuva & T\u00e4ppa","src":"https:\/\/i0.wp.com\/www.fjardhundraland.se\/wp-content\/uploads\/2017\/07\/tuva-tacc88ppa-resta-gacc8ard.jpg?resize=350%2C200&ssl=1","width":350,"height":200,"srcset":"https:\/\/i0.wp.com\/www.fjardhundraland.se\/wp-content\/uploads\/2017\/07\/tuva-tacc88ppa-resta-gacc8ard.jpg?resize=350%2C200&ssl=1 1x, https:\/\/i0.wp.com\/www.fjardhundraland.se\/wp-content\/uploads\/2017\/07\/tuva-tacc88ppa-resta-gacc8ard.jpg?resize=525%2C300&ssl=1 1.5x, https:\/\/i0.wp.com\/www.fjardhundraland.se\/wp-content\/uploads\/2017\/07\/tuva-tacc88ppa-resta-gacc8ard.jpg?resize=700%2C400&ssl=1 2x, https:\/\/i0.wp.com\/www.fjardhundraland.se\/wp-content\/uploads\/2017\/07\/tuva-tacc88ppa-resta-gacc8ard.jpg?resize=1050%2C600&ssl=1 3x, https:\/\/i0.wp.com\/www.fjardhundraland.se\/wp-content\/uploads\/2017\/07\/tuva-tacc88ppa-resta-gacc8ard.jpg?resize=1400%2C800&ssl=1 4x"},"classes":[]}],"jetpack_sharing_enabled":true,"_links":{"self":[{"href":"https:\/\/www.fjardhundraland.se\/es\/wp-json\/wp\/v2\/posts\/5318","targetHints":{"allow":["GET"]}}],"collection":[{"href":"https:\/\/www.fjardhundraland.se\/es\/wp-json\/wp\/v2\/posts"}],"about":[{"href":"https:\/\/www.fjardhundraland.se\/es\/wp-json\/wp\/v2\/types\/post"}],"author":[{"embeddable":true,"href":"https:\/\/www.fjardhundraland.se\/es\/wp-json\/wp\/v2\/users\/1"}],"replies":[{"embeddable":true,"href":"https:\/\/www.fjardhundraland.se\/es\/wp-json\/wp\/v2\/comments?post=5318"}],"version-history":[{"count":1,"href":"https:\/\/www.fjardhundraland.se\/es\/wp-json\/wp\/v2\/posts\/5318\/revisions"}],"predecessor-version":[{"id":19601,"href":"https:\/\/www.fjardhundraland.se\/es\/wp-json\/wp\/v2\/posts\/5318\/revisions\/19601"}],"wp:featuredmedia":[{"embeddable":true,"href":"https:\/\/www.fjardhundraland.se\/es\/wp-json\/wp\/v2\/media\/5348"}],"wp:attachment":[{"href":"https:\/\/www.fjardhundraland.se\/es\/wp-json\/wp\/v2\/media?parent=5318"}],"wp:term":[{"taxonomy":"category","embeddable":true,"href":"https:\/\/www.fjardhundraland.se\/es\/wp-json\/wp\/v2\/categories?post=5318"},{"taxonomy":"post_tag","embeddable":true,"href":"https:\/\/www.fjardhundraland.se\/es\/wp-json\/wp\/v2\/tags?post=5318"}],"curies":[{"name":"wp","href":"https:\/\/api.w.org\/{rel}","templated":true}]}}