
{"id":5295,"date":"2018-07-10T15:45:43","date_gmt":"2018-07-10T13:45:43","guid":{"rendered":"http:\/\/www.fjardhundraland.se\/?p=5295"},"modified":"2026-02-05T13:42:59","modified_gmt":"2026-02-05T12:42:59","slug":"dos-aniversarios-de-verano","status":"publish","type":"post","link":"https:\/\/www.fjardhundraland.se\/es\/upplevelser\/2018\/tva-sommarjubileer\/","title":{"rendered":"Dos aniversarios de verano"},"content":{"rendered":"<p>Enhorabuena a\u00a0\u00a0<a href=\"https:\/\/www.fjardhundraland.se\/es\/platos\/cafe-del-castillo-de-salnecke\/\">Caf\u00e9 del castillo de Salnecke<\/a> y <a href=\"https:\/\/www.fjardhundraland.se\/es\/platos\/dunderbo-velas-y-artesania\/\">Dunderbo Luz y Artesan\u00eda <\/a>\u00a0que celebra su aniversario en julio. Son dos lugares maravillosos que hacen de la vida en el campo una experiencia m\u00e1s agradable.<\/p>\n<p>Hace un a\u00f1o, empezamos <a href=\"https:\/\/www.fjardhundraland.se\/es\/platos\/cafe-del-castillo-de-salnecke\/\">Caf\u00e9, Queso y Deli del Castillo de Salnecke<\/a> sus actividades. Por supuesto, hay que celebrar el primer aniversario. El s\u00e1bado 14 de julio habr\u00e1 un mercado con productos locales fuera del caf\u00e9. Dentro, como de costumbre, podr\u00e1s comprar los buenos quesos de Skogsbacken y almorzar o tomar un caf\u00e9 con reposter\u00eda casera. \u00bfQuiz\u00e1 quieras celebrar tu primer cumplea\u00f1os con algo m\u00e1s fuerte en un vaso? No pasa nada, Salnecke Slottscaf\u00e9 ya tiene pleno derecho.<\/p>\n<p>El fin de semana siguiente, 21 y 22 de julio, habr\u00e1 otro aniversario. Ser\u00e1 entonces cuando celebremos <a href=\"https:\/\/www.fjardhundraland.se\/es\/platos\/dunderbo-velas-y-artesania\/\">Dunderbo Luz y Artesan\u00eda<\/a> que han pasado diez a\u00f1os desde que el acogedor puesto de artesan\u00eda abri\u00f3 sus puertas por primera vez. En honor al aniversario, Annika y B\u00f6rje han preparado una exposici\u00f3n de comida tradicional.<\/p>\n<p>En el jard\u00edn se instalar\u00e1 una cafeter\u00eda con bollos y pasteles caseros.<\/p>\n<div class=\"tiled-gallery type-rectangular tiled-gallery-unresized\" data-original-width=\"500\" data-carousel-extra='{&quot;blog_id&quot;:1,&quot;permalink&quot;:&quot;https:\\\/\\\/www.fjardhundraland.se\\\/es\\\/upplevelser\\\/2018\\\/tva-sommarjubileer\\\/&quot;,&quot;likes_blog_id&quot;:66652000}' itemscope itemtype=\"http:\/\/schema.org\/ImageGallery\" > <div class=\"gallery-row\" style=\"width: 500px; height: 250px;\" data-original-width=\"500\" data-original-height=\"250\" > <div class=\"gallery-group images-1\" style=\"width: 332px; height: 250px;\" data-original-width=\"332\" data-original-height=\"250\" > <div class=\"tiled-gallery-item tiled-gallery-item-large\" itemprop=\"associatedMedia\" itemscope itemtype=\"http:\/\/schema.org\/ImageObject\"> <a href=\"https:\/\/www.fjardhundraland.se\/es\/upplevelser\/2018\/tva-sommarjubileer\/attachment\/dunderbo-ljus-hantverk\/\" border=\"0\" itemprop=\"url\"> <meta itemprop=\"width\" content=\"328\"> <meta itemprop=\"height\" content=\"246\"> <img decoding=\"async\" class=\"\" data-attachment-id=\"5297\" data-orig-file=\"https:\/\/www.fjardhundraland.se\/wp-content\/uploads\/2018\/07\/dunderbo-ljus-hantverk-fjardhundraland-loppisrundan-loppisrundan2018-200518-47.jpg\" data-orig-size=\"2500,1877\" data-comments-opened=\"\" data-image-meta=\"{&quot;aperture&quot;:&quot;3.5&quot;,&quot;credit&quot;:&quot;&quot;,&quot;camera&quot;:&quot;DMC-G80&quot;,&quot;caption&quot;:&quot;&quot;,&quot;created_timestamp&quot;:&quot;1526816687&quot;,&quot;copyright&quot;:&quot;&quot;,&quot;focal_length&quot;:&quot;12&quot;,&quot;iso&quot;:&quot;200&quot;,&quot;shutter_speed&quot;:&quot;0.01&quot;,&quot;title&quot;:&quot;Dunderbo Ljus \\u0026amp; hantverk&quot;,&quot;orientation&quot;:&quot;1&quot;}\" data-image-title=\"Dunderbo Ljus &amp;#038; hantverk-Fj\u00e4rdhundraland, Loppisrundan, Loppisrundan2018-200518-47\" data-image-description=\"\" data-medium-file=\"https:\/\/www.fjardhundraland.se\/wp-content\/uploads\/2018\/07\/dunderbo-ljus-hantverk-fjardhundraland-loppisrundan-loppisrundan2018-200518-47.jpg\" data-large-file=\"https:\/\/www.fjardhundraland.se\/wp-content\/uploads\/2018\/07\/dunderbo-ljus-hantverk-fjardhundraland-loppisrundan-loppisrundan2018-200518-47.jpg\" src=\"https:\/\/i0.wp.com\/www.fjardhundraland.se\/wp-content\/uploads\/2018\/07\/dunderbo-ljus-hantverk-fjardhundraland-loppisrundan-loppisrundan2018-200518-47.jpg?w=328&#038;h=246&#038;ssl=1\" width=\"328\" height=\"246\" loading=\"lazy\" data-original-width=\"328\" data-original-height=\"246\" itemprop=\"http:\/\/schema.org\/image\" title=\"Dunderbo Candles &amp; Crafts-Fj\u00e4rdhundraland, Loppisrundan, Loppisrundan2018-200518-47\" alt=\"Dunderbo Candles &amp; Crafts-Fj\u00e4rdhundraland, Loppisrundan, Loppisrundan2018-200518-47\" style=\"width: 328px; height: 246px;\" \/> <\/a> <\/div> <\/div> <!-- close group --> <div class=\"gallery-group images-1\" style=\"width: 168px; height: 250px;\" data-original-width=\"168\" data-original-height=\"250\" > <div class=\"tiled-gallery-item tiled-gallery-item-small\" itemprop=\"associatedMedia\" itemscope itemtype=\"http:\/\/schema.org\/ImageObject\"> <a href=\"https:\/\/www.fjardhundraland.se\/es\/upplevelser\/2018\/tva-sommarjubileer\/attachment\/salnecke-slottscafe-6\/\" border=\"0\" itemprop=\"url\"> <meta itemprop=\"width\" content=\"164\"> <meta itemprop=\"height\" content=\"246\"> <img decoding=\"async\" class=\"\" data-attachment-id=\"5298\" data-orig-file=\"https:\/\/www.fjardhundraland.se\/wp-content\/uploads\/2018\/07\/salnecke-slottscafe-2017-juli-14-15-25-02-594422_-n-172014_-e.jpg\" data-orig-size=\"1667,2500\" data-comments-opened=\"\" data-image-meta=\"{&quot;aperture&quot;:&quot;5.6&quot;,&quot;credit&quot;:&quot;&quot;,&quot;camera&quot;:&quot;Canon EOS 50D&quot;,&quot;caption&quot;:&quot;&quot;,&quot;created_timestamp&quot;:&quot;1500045902&quot;,&quot;copyright&quot;:&quot;&quot;,&quot;focal_length&quot;:&quot;30&quot;,&quot;iso&quot;:&quot;100&quot;,&quot;shutter_speed&quot;:&quot;0.016666666666667&quot;,&quot;title&quot;:&quot;Salnecke slottscaf\\u00e9&quot;,&quot;orientation&quot;:&quot;1&quot;}\" data-image-title=\"Salnecke slottscaf\u00e9&amp;#8211;2017.juli.14-15.25.02 &amp;#8211; 59\u00b044&amp;#8217;22_ N 17\u00b020&amp;#8217;14_ E\" data-image-description=\"\" data-medium-file=\"https:\/\/www.fjardhundraland.se\/wp-content\/uploads\/2018\/07\/salnecke-slottscafe-2017-juli-14-15-25-02-594422_-n-172014_-e.jpg\" data-large-file=\"https:\/\/www.fjardhundraland.se\/wp-content\/uploads\/2018\/07\/salnecke-slottscafe-2017-juli-14-15-25-02-594422_-n-172014_-e.jpg\" src=\"https:\/\/i0.wp.com\/www.fjardhundraland.se\/wp-content\/uploads\/2018\/07\/salnecke-slottscafe-2017-juli-14-15-25-02-594422_-n-172014_-e.jpg?w=164&#038;h=246&#038;ssl=1\" width=\"164\" height=\"246\" loading=\"lazy\" data-original-width=\"164\" data-original-height=\"246\" itemprop=\"http:\/\/schema.org\/image\" title=\"Caf\u00e9 del castillo de Salnecke--2017.July.14-15.25.02 - 59\u00b044&#039;22_ N 17\u00b020&#039;14_ E\" alt=\"Caf\u00e9 del castillo de Salnecke--2017.July.14-15.25.02 - 59\u00b044&#039;22_ N 17\u00b020&#039;14_ E\" style=\"width: 164px; height: 246px;\" \/> <\/a> <\/div> <\/div> <!-- close group --> <\/div> <!-- close row --> <div class=\"gallery-row\" style=\"width: 500px; height: 345px;\" data-original-width=\"500\" data-original-height=\"345\" > <div class=\"gallery-group images-2\" style=\"width: 240px; height: 345px;\" data-original-width=\"240\" data-original-height=\"345\" > <div class=\"tiled-gallery-item tiled-gallery-item-small\" itemprop=\"associatedMedia\" itemscope itemtype=\"http:\/\/schema.org\/ImageObject\"> <a href=\"https:\/\/www.fjardhundraland.se\/es\/upplevelser\/2018\/tva-sommarjubileer\/attachment\/img_20180427_120725\/\" border=\"0\" itemprop=\"url\"> <meta itemprop=\"width\" content=\"236\"> <meta itemprop=\"height\" content=\"160\"> <img decoding=\"async\" class=\"\" data-attachment-id=\"5299\" data-orig-file=\"https:\/\/www.fjardhundraland.se\/wp-content\/uploads\/2018\/07\/img_20180427_120725.jpg\" data-orig-size=\"2500,1700\" data-comments-opened=\"\" data-image-meta=\"{&quot;aperture&quot;:&quot;1.7&quot;,&quot;credit&quot;:&quot;&quot;,&quot;camera&quot;:&quot;ONEPLUS A5010&quot;,&quot;caption&quot;:&quot;&quot;,&quot;created_timestamp&quot;:&quot;1524830845&quot;,&quot;copyright&quot;:&quot;&quot;,&quot;focal_length&quot;:&quot;4.103&quot;,&quot;iso&quot;:&quot;1000&quot;,&quot;shutter_speed&quot;:&quot;0.02&quot;,&quot;title&quot;:&quot;&quot;,&quot;orientation&quot;:&quot;1&quot;}\" data-image-title=\"IMG_20180427_120725\" data-image-description=\"\" data-medium-file=\"https:\/\/www.fjardhundraland.se\/wp-content\/uploads\/2018\/07\/img_20180427_120725.jpg\" data-large-file=\"https:\/\/www.fjardhundraland.se\/wp-content\/uploads\/2018\/07\/img_20180427_120725.jpg\" src=\"https:\/\/i0.wp.com\/www.fjardhundraland.se\/wp-content\/uploads\/2018\/07\/img_20180427_120725.jpg?w=236&#038;h=160&#038;ssl=1\" width=\"236\" height=\"160\" loading=\"lazy\" data-original-width=\"236\" data-original-height=\"160\" itemprop=\"http:\/\/schema.org\/image\" title=\"IMG_20180427_120725\" alt=\"IMG_20180427_120725\" style=\"width: 236px; height: 160px;\" \/> <\/a> <\/div> <div class=\"tiled-gallery-item tiled-gallery-item-small\" itemprop=\"associatedMedia\" itemscope itemtype=\"http:\/\/schema.org\/ImageObject\"> <a href=\"https:\/\/www.fjardhundraland.se\/es\/upplevelser\/2018\/tva-sommarjubileer\/attachment\/dunderbo-ljus-hantverk-2\/\" border=\"0\" itemprop=\"url\"> <meta itemprop=\"width\" content=\"236\"> <meta itemprop=\"height\" content=\"177\"> <img decoding=\"async\" class=\"\" data-attachment-id=\"5301\" data-orig-file=\"https:\/\/www.fjardhundraland.se\/wp-content\/uploads\/2018\/07\/dunderbo-ljus-hantverk-fjardhundraland-loppisrundan-loppisrundan2018-200518-42.jpg\" data-orig-size=\"2500,1877\" data-comments-opened=\"\" data-image-meta=\"{&quot;aperture&quot;:&quot;3.5&quot;,&quot;credit&quot;:&quot;&quot;,&quot;camera&quot;:&quot;DMC-G80&quot;,&quot;caption&quot;:&quot;&quot;,&quot;created_timestamp&quot;:&quot;1526816636&quot;,&quot;copyright&quot;:&quot;&quot;,&quot;focal_length&quot;:&quot;12&quot;,&quot;iso&quot;:&quot;200&quot;,&quot;shutter_speed&quot;:&quot;0.008&quot;,&quot;title&quot;:&quot;Dunderbo Ljus \\u0026amp; hantverk&quot;,&quot;orientation&quot;:&quot;1&quot;}\" data-image-title=\"Dunderbo Ljus &amp;#038; hantverk-Fj\u00e4rdhundraland, Loppisrundan, Loppisrundan2018-200518-42\" data-image-description=\"\" data-medium-file=\"https:\/\/www.fjardhundraland.se\/wp-content\/uploads\/2018\/07\/dunderbo-ljus-hantverk-fjardhundraland-loppisrundan-loppisrundan2018-200518-42.jpg\" data-large-file=\"https:\/\/www.fjardhundraland.se\/wp-content\/uploads\/2018\/07\/dunderbo-ljus-hantverk-fjardhundraland-loppisrundan-loppisrundan2018-200518-42.jpg\" src=\"https:\/\/i0.wp.com\/www.fjardhundraland.se\/wp-content\/uploads\/2018\/07\/dunderbo-ljus-hantverk-fjardhundraland-loppisrundan-loppisrundan2018-200518-42.jpg?w=236&#038;h=177&#038;ssl=1\" width=\"236\" height=\"177\" loading=\"lazy\" data-original-width=\"236\" data-original-height=\"177\" itemprop=\"http:\/\/schema.org\/image\" title=\"Dunderbo Candles &amp; Crafts-Fj\u00e4rdhundraland, Loppisrundan, Loppisrundan2018-200518-42\" alt=\"Dunderbo Candles &amp; Crafts-Fj\u00e4rdhundraland, Loppisrundan, Loppisrundan2018-200518-42\" style=\"width: 236px; height: 177px;\" \/> <\/a> <\/div> <\/div> <!-- close group --> <div class=\"gallery-group images-1\" style=\"width: 260px; height: 345px;\" data-original-width=\"260\" data-original-height=\"345\" > <div class=\"tiled-gallery-item tiled-gallery-item-large\" itemprop=\"associatedMedia\" itemscope itemtype=\"http:\/\/schema.org\/ImageObject\"> <a href=\"https:\/\/www.fjardhundraland.se\/es\/upplevelser\/2018\/tva-sommarjubileer\/attachment\/img_20180427_120704\/\" border=\"0\" itemprop=\"url\"> <meta itemprop=\"width\" content=\"256\"> <meta itemprop=\"height\" content=\"341\"> <img decoding=\"async\" class=\"\" data-attachment-id=\"5303\" data-orig-file=\"https:\/\/www.fjardhundraland.se\/wp-content\/uploads\/2018\/07\/img_20180427_120704.jpg\" data-orig-size=\"1875,2500\" data-comments-opened=\"\" data-image-meta=\"{&quot;aperture&quot;:&quot;1.7&quot;,&quot;credit&quot;:&quot;&quot;,&quot;camera&quot;:&quot;ONEPLUS A5010&quot;,&quot;caption&quot;:&quot;&quot;,&quot;created_timestamp&quot;:&quot;1524830825&quot;,&quot;copyright&quot;:&quot;&quot;,&quot;focal_length&quot;:&quot;4.103&quot;,&quot;iso&quot;:&quot;320&quot;,&quot;shutter_speed&quot;:&quot;0.02&quot;,&quot;title&quot;:&quot;&quot;,&quot;orientation&quot;:&quot;1&quot;}\" data-image-title=\"IMG_20180427_120704\" data-image-description=\"\" data-medium-file=\"https:\/\/www.fjardhundraland.se\/wp-content\/uploads\/2018\/07\/img_20180427_120704.jpg\" data-large-file=\"https:\/\/www.fjardhundraland.se\/wp-content\/uploads\/2018\/07\/img_20180427_120704.jpg\" src=\"https:\/\/i0.wp.com\/www.fjardhundraland.se\/wp-content\/uploads\/2018\/07\/img_20180427_120704.jpg?w=256&#038;h=341&#038;ssl=1\" width=\"256\" height=\"341\" loading=\"lazy\" data-original-width=\"256\" data-original-height=\"341\" itemprop=\"http:\/\/schema.org\/image\" title=\"IMG_20180427_120704\" alt=\"IMG_20180427_120704\" style=\"width: 256px; height: 341px;\" \/> <\/a> <\/div> <\/div> <!-- close group --> <\/div> <!-- close row --> <\/div>","protected":false},"excerpt":{"rendered":"<p>Stort grattis till\u00a0\u00a0Salnecke slottscaf\u00e9 och Dunderbo Ljus &amp; Hantverk \u00a0som jubileumsfirar i juli! Det \u00e4r tv\u00e5 h\u00e4rliga st\u00e4llen som g\u00f6r livet p\u00e5 landet till en sk\u00f6nare upplevelse. F\u00f6r ett \u00e5r sedan startade Salnecke slottscaf\u00e9, ost &amp; deli sin verksamhet. Ett\u00e5rsjubil\u00e9et ska sj\u00e4lvklart firas! P\u00e5 l\u00f6rdag den 14 juli blir det marknad med lokalproducerat utanf\u00f6r caf\u00e9et. [&hellip;]<\/p>\n","protected":false},"author":4,"featured_media":5306,"comment_status":"closed","ping_status":"closed","sticky":false,"template":"","format":"standard","meta":{"_acf_changed":false,"_relevanssi_hide_post":"","_relevanssi_hide_content":"","_relevanssi_pin_for_all":"","_relevanssi_pin_keywords":"","_relevanssi_unpin_keywords":"","_relevanssi_related_keywords":"","_relevanssi_related_include_ids":"","_relevanssi_related_exclude_ids":"","_relevanssi_related_no_append":"","_relevanssi_related_not_related":"","_relevanssi_related_posts":"","_relevanssi_noindex_reason":"Rank Math Uteslut fr\u00e5n Relevanssi index","_genesis_hide_title":false,"_genesis_hide_breadcrumbs":false,"_genesis_hide_singular_image":false,"_genesis_hide_footer_widgets":false,"_genesis_custom_body_class":"","_genesis_custom_post_class":"","_genesis_layout":"","_jetpack_memberships_contains_paid_content":false,"footnotes":""},"categories":[353,25,87],"tags":[352],"class_list":{"0":"post-5295","1":"post","2":"type-post","3":"status-publish","4":"format-standard","5":"has-post-thumbnail","7":"category-aldre-inlagg","8":"category-upplevelser","9":"category-utflykt","10":"tag-aldre-inlagg","11":"entry"},"acf":[],"visa":null,"geo_latitude":null,"geo_longitude":null,"jetpack_featured_media_url":"https:\/\/www.fjardhundraland.se\/wp-content\/uploads\/2018\/07\/pr_stkragar-2017-juni-28-20-57-09-59_4852_-n-17_632_-e-1.jpg","featured_image_src":"https:\/\/www.fjardhundraland.se\/wp-content\/uploads\/2018\/07\/pr_stkragar-2017-juni-28-20-57-09-59_4852_-n-17_632_-e-1.jpg","featured_image_src_square":"https:\/\/www.fjardhundraland.se\/wp-content\/uploads\/2018\/07\/pr_stkragar-2017-juni-28-20-57-09-59_4852_-n-17_632_-e-1.jpg","author_info":{"display_name":"Ylva Fontell","author_link":"https:\/\/www.fjardhundraland.se\/es\/author\/ylva\/"},"jetpack-related-posts":[{"id":4259,"url":"https:\/\/www.fjardhundraland.se\/es\/rebusrunda\/2017\/medverkande-rebusrundan-2017\/","url_meta":{"origin":5295,"position":0},"title":"Participantes en la Ronda Rebus 2017","author":"Ylva Fontell","date":"5 junio 2017","format":false,"excerpt":"Este a\u00f1o podr\u00e1 visitar nada menos que 40 organizaciones diferentes en la Gira Rebus. Aqu\u00ed tiene la lista completa. Haga clic en los enlaces para obtener m\u00e1s informaci\u00f3n sobre cada lugar. Alsta tr\u00e4dg\u00e5rdar - Caf\u00e9 jard\u00edn, galer\u00eda y jard\u00edn inspirador. Comida y caf\u00e9 de nuestra propia cocina. Exposiciones divertidas e imaginativas. Altuna bygdeg\u00e5rdsf\u00f6rening - Catering con caf\u00e9...","rel":"","context":"En \u00abRebusrunda\u00bb","block_context":{"text":"Rebusrunda","link":"https:\/\/www.fjardhundraland.se\/es\/rebusrunda\/"},"img":{"alt_text":"Startkort Rebusrundan","src":"https:\/\/i0.wp.com\/www.fjardhundraland.se\/wp-content\/uploads\/2017\/07\/startkort.jpg?resize=350%2C200&ssl=1","width":350,"height":200,"srcset":"https:\/\/i0.wp.com\/www.fjardhundraland.se\/wp-content\/uploads\/2017\/07\/startkort.jpg?resize=350%2C200&ssl=1 1x, https:\/\/i0.wp.com\/www.fjardhundraland.se\/wp-content\/uploads\/2017\/07\/startkort.jpg?resize=525%2C300&ssl=1 1.5x, https:\/\/i0.wp.com\/www.fjardhundraland.se\/wp-content\/uploads\/2017\/07\/startkort.jpg?resize=700%2C400&ssl=1 2x, https:\/\/i0.wp.com\/www.fjardhundraland.se\/wp-content\/uploads\/2017\/07\/startkort.jpg?resize=1050%2C600&ssl=1 3x, https:\/\/i0.wp.com\/www.fjardhundraland.se\/wp-content\/uploads\/2017\/07\/startkort.jpg?resize=1400%2C800&ssl=1 4x"},"classes":[]},{"id":5439,"url":"https:\/\/www.fjardhundraland.se\/es\/marknad-2\/2018\/julmarknad-salnecke-slott-2018\/","url_meta":{"origin":5295,"position":1},"title":"Mercado navide\u00f1o en el castillo de Salnecke","author":"Mats Thorburn","date":"7 noviembre 2018","format":false,"excerpt":"\u00a1El 16 de diciembre a las 11-16 es el estreno del nuevo mercado navide\u00f1o en el castillo de Salnecke, \u00d6rsundsbro! En el gran invernadero situado bajo el castillo, se servir\u00e1n productos artesanales hist\u00f3ricos y modernos para la mesa navide\u00f1a: queso, salchichas, pan, Upplandskubb. Adem\u00e1s, complementamos con artesan\u00eda local de alto nivel y actividades alrededor del castillo. Un castillo del siglo XVII en...","rel":"","context":"En \u00abMarknad\u00bb","block_context":{"text":"Marknad","link":"https:\/\/www.fjardhundraland.se\/es\/marknad-2\/"},"img":{"alt_text":"Salnecke julmarknad","src":"https:\/\/i0.wp.com\/www.fjardhundraland.se\/wp-content\/uploads\/2018\/11\/salnecke-julmarknad.jpg?resize=350%2C200&ssl=1","width":350,"height":200,"srcset":"https:\/\/i0.wp.com\/www.fjardhundraland.se\/wp-content\/uploads\/2018\/11\/salnecke-julmarknad.jpg?resize=350%2C200&ssl=1 1x, https:\/\/i0.wp.com\/www.fjardhundraland.se\/wp-content\/uploads\/2018\/11\/salnecke-julmarknad.jpg?resize=525%2C300&ssl=1 1.5x, https:\/\/i0.wp.com\/www.fjardhundraland.se\/wp-content\/uploads\/2018\/11\/salnecke-julmarknad.jpg?resize=700%2C400&ssl=1 2x, https:\/\/i0.wp.com\/www.fjardhundraland.se\/wp-content\/uploads\/2018\/11\/salnecke-julmarknad.jpg?resize=1050%2C600&ssl=1 3x, https:\/\/i0.wp.com\/www.fjardhundraland.se\/wp-content\/uploads\/2018\/11\/salnecke-julmarknad.jpg?resize=1400%2C800&ssl=1 4x"},"classes":[]},{"id":4723,"url":"https:\/\/www.fjardhundraland.se\/es\/mat-manniskor\/2017\/det-hander-pa-mat-manniskor\/","url_meta":{"origin":5295,"position":2},"title":"Qu\u00e9 est\u00e1 pasando en Food &amp; People","author":"Mats Thorburn","date":"23 septiembre 2017","format":false,"excerpt":"Aqu\u00ed se puede almorzar Kromsta lantbod Grills propias hamburguesas con pan. Sin l\u00e1cteos ni gluten. Caf\u00e9 del castillo de Salnecke Tarta de queso, Tarta de queso y jam\u00f3n y Sopa de cebolla con queso y jam\u00f3n, plato de queso\/deli. Todo hecho con nuestro propio queso Skogsbacken e ingredientes de producci\u00f3n local. S\u00f6rg\u00e5rden sopa de tomate verde de nuestros propios tomates con accesorios. Resta granja de chile de Texas...","rel":"","context":"En \u00abMat &amp; m\u00e4nniskor\u00bb","block_context":{"text":"Mat &amp; m\u00e4nniskor","link":"https:\/\/www.fjardhundraland.se\/es\/mat-manniskor\/"},"img":{"alt_text":"Smakprover p\u00e5 Mat & m\u00e4nniskor","src":"https:\/\/i0.wp.com\/www.fjardhundraland.se\/wp-content\/uploads\/2017\/09\/img_20160925_111803.jpg?resize=350%2C200&ssl=1","width":350,"height":200,"srcset":"https:\/\/i0.wp.com\/www.fjardhundraland.se\/wp-content\/uploads\/2017\/09\/img_20160925_111803.jpg?resize=350%2C200&ssl=1 1x, https:\/\/i0.wp.com\/www.fjardhundraland.se\/wp-content\/uploads\/2017\/09\/img_20160925_111803.jpg?resize=525%2C300&ssl=1 1.5x, https:\/\/i0.wp.com\/www.fjardhundraland.se\/wp-content\/uploads\/2017\/09\/img_20160925_111803.jpg?resize=700%2C400&ssl=1 2x, https:\/\/i0.wp.com\/www.fjardhundraland.se\/wp-content\/uploads\/2017\/09\/img_20160925_111803.jpg?resize=1050%2C600&ssl=1 3x, https:\/\/i0.wp.com\/www.fjardhundraland.se\/wp-content\/uploads\/2017\/09\/img_20160925_111803.jpg?resize=1400%2C800&ssl=1 4x"},"classes":[]},{"id":4687,"url":"https:\/\/www.fjardhundraland.se\/es\/mat-manniskor\/2017\/mat-manniskor-2017\/","url_meta":{"origin":5295,"position":3},"title":"Comida y gente 2017","author":"Mats Thorburn","date":"21 agosto 2017","format":false,"excerpt":"El Food &amp; People food tour fue un gran \u00e9xito los dos primeros a\u00f1os, con miles de visitantes en busca de experiencias gastron\u00f3micas. El domingo 24 de septiembre de 2017, de 11:00 a 17:00, llega el turno de la tercera edici\u00f3n. Visita a productores y amantes de la gastronom\u00eda en plena \u00e9poca de cosecha. Usted elige entre quince lugares diferentes. En algunos lugares hay varios...","rel":"","context":"En \u00abMat &amp; m\u00e4nniskor\u00bb","block_context":{"text":"Mat &amp; m\u00e4nniskor","link":"https:\/\/www.fjardhundraland.se\/es\/mat-manniskor\/"},"img":{"alt_text":"S\u00f6rg\u00e5rden gr\u00f6nt Chili","src":"https:\/\/i0.wp.com\/www.fjardhundraland.se\/wp-content\/uploads\/2017\/08\/socc88rgacc8arden-grocc88nt-chili.jpg?resize=350%2C200&ssl=1","width":350,"height":200,"srcset":"https:\/\/i0.wp.com\/www.fjardhundraland.se\/wp-content\/uploads\/2017\/08\/socc88rgacc8arden-grocc88nt-chili.jpg?resize=350%2C200&ssl=1 1x, https:\/\/i0.wp.com\/www.fjardhundraland.se\/wp-content\/uploads\/2017\/08\/socc88rgacc8arden-grocc88nt-chili.jpg?resize=525%2C300&ssl=1 1.5x, https:\/\/i0.wp.com\/www.fjardhundraland.se\/wp-content\/uploads\/2017\/08\/socc88rgacc8arden-grocc88nt-chili.jpg?resize=700%2C400&ssl=1 2x, https:\/\/i0.wp.com\/www.fjardhundraland.se\/wp-content\/uploads\/2017\/08\/socc88rgacc8arden-grocc88nt-chili.jpg?resize=1050%2C600&ssl=1 3x, https:\/\/i0.wp.com\/www.fjardhundraland.se\/wp-content\/uploads\/2017\/08\/socc88rgacc8arden-grocc88nt-chili.jpg?resize=1400%2C800&ssl=1 4x"},"classes":[]},{"id":4981,"url":"https:\/\/www.fjardhundraland.se\/es\/upplevelser\/2018\/pask-i-fjardhundraland-2018\/","url_meta":{"origin":5295,"position":4},"title":"Compras de Semana Santa en Fj\u00e4rdhundraland","author":"Mats Thorburn","date":"28 marzo 2018","format":false,"excerpt":"Semana Santa es el comienzo de la temporada en serio en Fj\u00e4rdhundraland. He aqu\u00ed algunos de los lugares que abren este fin de semana. Disfrute del sol primaveral en plena naturaleza. Haz clic en el titular para obtener m\u00e1s informaci\u00f3n sobre cada lugar. Kvarnnibble shop and muster house Abre la tienda de la granja repleta de carne, huevos, quesos y otras golosinas....","rel":"","context":"En \u00ab\u00c4ldre inl\u00e4gg\u00bb","block_context":{"text":"\u00c4ldre inl\u00e4gg","link":"https:\/\/www.fjardhundraland.se\/es\/aldre-inlagg\/"},"img":{"alt_text":"Tupp Ho\u0308ns Ha\u0308rnevi plantskola","src":"https:\/\/i0.wp.com\/www.fjardhundraland.se\/wp-content\/uploads\/2018\/03\/tupp-hocc88ns-hacc88rnevi-plantskola-2017-april-15-12-00-45-_.jpg?resize=350%2C200&ssl=1","width":350,"height":200,"srcset":"https:\/\/i0.wp.com\/www.fjardhundraland.se\/wp-content\/uploads\/2018\/03\/tupp-hocc88ns-hacc88rnevi-plantskola-2017-april-15-12-00-45-_.jpg?resize=350%2C200&ssl=1 1x, https:\/\/i0.wp.com\/www.fjardhundraland.se\/wp-content\/uploads\/2018\/03\/tupp-hocc88ns-hacc88rnevi-plantskola-2017-april-15-12-00-45-_.jpg?resize=525%2C300&ssl=1 1.5x, https:\/\/i0.wp.com\/www.fjardhundraland.se\/wp-content\/uploads\/2018\/03\/tupp-hocc88ns-hacc88rnevi-plantskola-2017-april-15-12-00-45-_.jpg?resize=700%2C400&ssl=1 2x, https:\/\/i0.wp.com\/www.fjardhundraland.se\/wp-content\/uploads\/2018\/03\/tupp-hocc88ns-hacc88rnevi-plantskola-2017-april-15-12-00-45-_.jpg?resize=1050%2C600&ssl=1 3x, https:\/\/i0.wp.com\/www.fjardhundraland.se\/wp-content\/uploads\/2018\/03\/tupp-hocc88ns-hacc88rnevi-plantskola-2017-april-15-12-00-45-_.jpg?resize=1400%2C800&ssl=1 4x"},"classes":[]},{"id":19177,"url":"https:\/\/www.fjardhundraland.se\/es\/inlagg\/2025\/jul-i-fjardhundraland-2025\/","url_meta":{"origin":5295,"position":5},"title":"Navidad en Fj\u00e4rdhundraland 2025","author":"Mats Thorburn","date":"20 noviembre 2025","format":false,"excerpt":"Mercadillos navide\u00f1os, mesas navide\u00f1as, acogedores caf\u00e9s y hermosos paseos invernales: en Fj\u00e4rdhundraland hay muchas formas de contagiarse del esp\u00edritu navide\u00f1o. Aqu\u00ed podr\u00e1 encontrar alimentos de primera calidad producidos localmente para realzar su mesa navide\u00f1a, encontrar regalos especiales de Navidad y experimentar los sabores del Adviento. Esp\u00edritu navide\u00f1o en el campo Muchos de los miembros de Fj\u00e4rdhundraland est\u00e1n abiertos durante diciembre,...","rel":"","context":"En \u00abInl\u00e4gg\u00bb","block_context":{"text":"Inl\u00e4gg","link":"https:\/\/www.fjardhundraland.se\/es\/inlagg\/"},"img":{"alt_text":"","src":"https:\/\/i0.wp.com\/www.fjardhundraland.se\/wp-content\/uploads\/2025\/11\/image0-edited.jpeg?resize=350%2C200&ssl=1","width":350,"height":200,"srcset":"https:\/\/i0.wp.com\/www.fjardhundraland.se\/wp-content\/uploads\/2025\/11\/image0-edited.jpeg?resize=350%2C200&ssl=1 1x, https:\/\/i0.wp.com\/www.fjardhundraland.se\/wp-content\/uploads\/2025\/11\/image0-edited.jpeg?resize=525%2C300&ssl=1 1.5x, https:\/\/i0.wp.com\/www.fjardhundraland.se\/wp-content\/uploads\/2025\/11\/image0-edited.jpeg?resize=700%2C400&ssl=1 2x, https:\/\/i0.wp.com\/www.fjardhundraland.se\/wp-content\/uploads\/2025\/11\/image0-edited.jpeg?resize=1050%2C600&ssl=1 3x"},"classes":[]}],"jetpack_sharing_enabled":true,"_links":{"self":[{"href":"https:\/\/www.fjardhundraland.se\/es\/wp-json\/wp\/v2\/posts\/5295","targetHints":{"allow":["GET"]}}],"collection":[{"href":"https:\/\/www.fjardhundraland.se\/es\/wp-json\/wp\/v2\/posts"}],"about":[{"href":"https:\/\/www.fjardhundraland.se\/es\/wp-json\/wp\/v2\/types\/post"}],"author":[{"embeddable":true,"href":"https:\/\/www.fjardhundraland.se\/es\/wp-json\/wp\/v2\/users\/4"}],"replies":[{"embeddable":true,"href":"https:\/\/www.fjardhundraland.se\/es\/wp-json\/wp\/v2\/comments?post=5295"}],"version-history":[{"count":1,"href":"https:\/\/www.fjardhundraland.se\/es\/wp-json\/wp\/v2\/posts\/5295\/revisions"}],"predecessor-version":[{"id":19603,"href":"https:\/\/www.fjardhundraland.se\/es\/wp-json\/wp\/v2\/posts\/5295\/revisions\/19603"}],"wp:featuredmedia":[{"embeddable":true,"href":"https:\/\/www.fjardhundraland.se\/es\/wp-json\/wp\/v2\/media\/5306"}],"wp:attachment":[{"href":"https:\/\/www.fjardhundraland.se\/es\/wp-json\/wp\/v2\/media?parent=5295"}],"wp:term":[{"taxonomy":"category","embeddable":true,"href":"https:\/\/www.fjardhundraland.se\/es\/wp-json\/wp\/v2\/categories?post=5295"},{"taxonomy":"post_tag","embeddable":true,"href":"https:\/\/www.fjardhundraland.se\/es\/wp-json\/wp\/v2\/tags?post=5295"}],"curies":[{"name":"wp","href":"https:\/\/api.w.org\/{rel}","templated":true}]}}