
{"id":5226,"date":"2018-06-27T12:31:47","date_gmt":"2018-06-27T10:31:47","guid":{"rendered":"http:\/\/www.fjardhundraland.se\/?p=5226"},"modified":"2026-02-05T13:42:59","modified_gmt":"2026-02-05T12:42:59","slug":"verano-de-cine-en-el-antiguo-cine","status":"publish","type":"post","link":"https:\/\/www.fjardhundraland.se\/es\/upplevelser\/2018\/filmsommar-pa-gamla-bion\/","title":{"rendered":"Verano de cine en Gamla Bion"},"content":{"rendered":"<p>Vaya, \u00a1qu\u00e9 verano de pel\u00edculas nos espera! El Old Cinema de \u00d6rsundsbro ha preparado un amplio programa de pel\u00edculas de calidad, complementado con la novedad de este a\u00f1o, la Semana de los Cl\u00e1sicos. El calendario de eventos presenta todas las pel\u00edculas con m\u00e1s detalle, pero aqu\u00ed tiene una gu\u00eda r\u00e1pida: 3\/7 Aquarius, 10\/7 Three Billboards outside Ebbing, Missouri, 17\/7 Loving Vincent, 24\/7 Amateurs, 31\/7 Una mujer fant\u00e1stica, 7\/8 Darkest Hour, 14\/8 The Shape of Water, 21\/8 Chaplin's Boy, 23\/8 The Smile of a Summer Night, 26\/8 In the Heat, 28\/8 Hair.<\/p>\n<p>Para los que a\u00fan no hay\u00e1is estado en el Old Cinema, os puedo decir que es algo mucho m\u00e1s que una visita al cine al uso. Ambiente de cine antiguo con una acogedora pausa en mitad de la pel\u00edcula (as\u00ed era antes, cuando hab\u00eda que cambiar de bobina en el \u00fanico proyector). Es un placer para las noches de verano.<\/p>\n<p>El Old Cinema funciona como un cineclub, por lo que es necesario ser socio para ver las pel\u00edculas. Hay que pagar, as\u00ed que ag\u00e1rrate fuerte, <strong>100 kr<\/strong> y podr\u00e1s ver todas las pel\u00edculas. No solo es una de las mejores experiencias vacacionales, sino tambi\u00e9n la m\u00e1s barata.<\/p>","protected":false},"excerpt":{"rendered":"<p>Wow, vilken filmsommar som v\u00e4ntar! Gamla Bion i \u00d6rsundsbro har satt ihop ett omfattande program med alldeles f\u00e4rska kvalitetsfilmer, kompletterat med \u00e5rets nyhet, klassikerveckan. I evenemangskalendariet presenteras alla filmerna mer grundligt, men h\u00e4r kommer en bl\u00e4nkare: 3\/7 Aquarius, 10\/7 Three Billboards outside Ebbing, Missouri, 17\/7 Loving Vincent, 24\/7 Amat\u00f6rer, 31\/7 En fantastisk kvinna, 7\/8 Darkest [&hellip;]<\/p>\n","protected":false},"author":4,"featured_media":4515,"comment_status":"closed","ping_status":"closed","sticky":false,"template":"","format":"standard","meta":{"_acf_changed":false,"_relevanssi_hide_post":"","_relevanssi_hide_content":"","_relevanssi_pin_for_all":"","_relevanssi_pin_keywords":"","_relevanssi_unpin_keywords":"","_relevanssi_related_keywords":"","_relevanssi_related_include_ids":"","_relevanssi_related_exclude_ids":"","_relevanssi_related_no_append":"","_relevanssi_related_not_related":"","_relevanssi_related_posts":"","_relevanssi_noindex_reason":"Rank Math Uteslut fr\u00e5n Relevanssi index","_genesis_hide_title":false,"_genesis_hide_breadcrumbs":false,"_genesis_hide_singular_image":false,"_genesis_hide_footer_widgets":false,"_genesis_custom_body_class":"","_genesis_custom_post_class":"","_genesis_layout":"","_jetpack_memberships_contains_paid_content":false,"footnotes":""},"categories":[353,45,25],"tags":[352],"class_list":{"0":"post-5226","1":"post","2":"type-post","3":"status-publish","4":"format-standard","5":"has-post-thumbnail","7":"category-aldre-inlagg","8":"category-kultur","9":"category-upplevelser","10":"tag-aldre-inlagg","11":"entry"},"acf":[],"visa":null,"geo_latitude":null,"geo_longitude":null,"jetpack_featured_media_url":"https:\/\/www.fjardhundraland.se\/wp-content\/uploads\/2017\/02\/gamla-bion.jpg","featured_image_src":"https:\/\/www.fjardhundraland.se\/wp-content\/uploads\/2017\/02\/gamla-bion.jpg","featured_image_src_square":"https:\/\/www.fjardhundraland.se\/wp-content\/uploads\/2017\/02\/gamla-bion.jpg","author_info":{"display_name":"Ylva Fontell","author_link":"https:\/\/www.fjardhundraland.se\/es\/author\/ylva\/"},"jetpack-related-posts":[{"id":5270,"url":"https:\/\/www.fjardhundraland.se\/es\/loppis\/2018\/rallyloppis-2018\/","url_meta":{"origin":5226,"position":0},"title":"Rallyloppis 2018 no organizado por Fj\u00e4rdhundraland","author":"Mats Thorburn","date":"4 julio 2018","format":false,"excerpt":"Este a\u00f1o, Fj\u00e4rdhundraland no participa en la organizaci\u00f3n de Rallyloppis en Fj\u00e4rdhundrabygden. En su lugar, organizamos Loppisrundan en mayo. Pero los d\u00edas 7 y 8 de julio, la asociaci\u00f3n Fj\u00e4rd100% te invita al Rallyloppis, con, entre otros, nuestros miembros Lundellska Galleriet, Altunag\u00e5rden, H\u00e5rsb\u00e4cks Bed &amp; Breakfast (Kajsa Karins Diversehandel) y H\u00e4rnevi Plantskola. Para m\u00e1s informaci\u00f3n, p\u00f3ngase en contacto con Tina Bergman,...","rel":"","context":"En \u00abLoppis\u00bb","block_context":{"text":"Loppis","link":"https:\/\/www.fjardhundraland.se\/es\/loppis\/"},"img":{"alt_text":"Annons f\u00f6r Rallyloppis","src":"https:\/\/i0.wp.com\/www.fjardhundraland.se\/wp-content\/uploads\/2018\/07\/rallyloppis.jpg?resize=350%2C200&ssl=1","width":350,"height":200,"srcset":"https:\/\/i0.wp.com\/www.fjardhundraland.se\/wp-content\/uploads\/2018\/07\/rallyloppis.jpg?resize=350%2C200&ssl=1 1x, https:\/\/i0.wp.com\/www.fjardhundraland.se\/wp-content\/uploads\/2018\/07\/rallyloppis.jpg?resize=525%2C300&ssl=1 1.5x, https:\/\/i0.wp.com\/www.fjardhundraland.se\/wp-content\/uploads\/2018\/07\/rallyloppis.jpg?resize=700%2C400&ssl=1 2x, https:\/\/i0.wp.com\/www.fjardhundraland.se\/wp-content\/uploads\/2018\/07\/rallyloppis.jpg?resize=1050%2C600&ssl=1 3x, https:\/\/i0.wp.com\/www.fjardhundraland.se\/wp-content\/uploads\/2018\/07\/rallyloppis.jpg?resize=1400%2C800&ssl=1 4x"},"classes":[]},{"id":2685,"url":"https:\/\/www.fjardhundraland.se\/es\/rebusrunda\/2016\/valkommen-pa-rebusrundan\/","url_meta":{"origin":5226,"position":1},"title":"Bienvenido al Rebus Tour 2016","author":"","date":"2 marzo 2016","format":false,"excerpt":"\u00a0 \u00a1Fj\u00e4rdhundraland se carga con un n\u00famero r\u00e9cord de destinos durante el Rebusrunda de este a\u00f1o! Rebusrundan es una excursi\u00f3n por el hermoso Fj\u00e4rdhundraland (entre Enk\u00f6ping, V\u00e4ster\u00e5s, Sala, Uppsala y Estocolmo), en la que se resuelven rebus mientras se visitan granjas y otras atracciones. El recorrido de rebus tiene lugar los domingos 7\/8 y 14\/8 a las 11-17. Aqu\u00ed encontrar\u00e1...","rel":"","context":"En \u00abRebusrunda\u00bb","block_context":{"text":"Rebusrunda","link":"https:\/\/www.fjardhundraland.se\/es\/rebusrunda\/"},"img":{"alt_text":"StartkortRebus16_webb","src":"https:\/\/i0.wp.com\/www.fjardhundraland.se\/wp-content\/uploads\/2016\/07\/startkortrebus16_webb-1024x734.jpg?resize=350%2C200&ssl=1","width":350,"height":200,"srcset":"https:\/\/i0.wp.com\/www.fjardhundraland.se\/wp-content\/uploads\/2016\/07\/startkortrebus16_webb-1024x734.jpg?resize=350%2C200&ssl=1 1x, https:\/\/i0.wp.com\/www.fjardhundraland.se\/wp-content\/uploads\/2016\/07\/startkortrebus16_webb-1024x734.jpg?resize=525%2C300&ssl=1 1.5x, https:\/\/i0.wp.com\/www.fjardhundraland.se\/wp-content\/uploads\/2016\/07\/startkortrebus16_webb-1024x734.jpg?resize=700%2C400&ssl=1 2x"},"classes":[]},{"id":1485,"url":"https:\/\/www.fjardhundraland.se\/es\/externt\/2013\/adventstider-hos-lundellska-galleriet\/","url_meta":{"origin":5226,"position":2},"title":"Adviento en la Galer\u00eda Lundellska","author":"Ylva Fontell","date":"22 noviembre 2013","format":false,"excerpt":"La Galer\u00eda Lundellska de Kokkola abre el primer y el segundo fin de semana de Adviento e invita a hacer compras navide\u00f1as en un ambiente tranquilo y armonioso. Encontrar\u00e1s obras de arte y cer\u00e1mica de Gunilla Lundell, y los artesanos alimentarios locales ofrecen mermelada, queso, pan, mostaza y confitura. \u00a1Bienvenido a la tienda! Abierto los s\u00e1bados y domingos de 12 a 17 (30\/11-1\/12 y 7-8\/12) La galer\u00eda Lundelska...","rel":"","context":"En \u00ab\u00c4ldre inl\u00e4gg\u00bb","block_context":{"text":"\u00c4ldre inl\u00e4gg","link":"https:\/\/www.fjardhundraland.se\/es\/aldre-inlagg\/"},"img":{"alt_text":"ljusstake Gunilla Lundell","src":"https:\/\/i0.wp.com\/www.fjardhundraland.se\/wp-content\/uploads\/2013\/11\/hand_ljusstake-300x225.jpg?resize=350%2C200&ssl=1","width":350,"height":200},"classes":[]},{"id":10783,"url":"https:\/\/www.fjardhundraland.se\/es\/utflykt\/2022\/aktivitetsdag-oringen\/","url_meta":{"origin":5226,"position":3},"title":"D\u00eda de la actividad t\u00f3rica 27 de julio","author":"Mats Thorburn","date":"21 junio 2022","format":false,"excerpt":"Estamos abiertos al menos 11-17 en el d\u00eda de actividad durante el anillo O Uppsala 2022 Todos los lugares aqu\u00ed est\u00e1n abiertos durante el d\u00eda de actividad 27\/7. Aqu\u00ed hay un mapa con todos los lugares (mapas de Google)Haga clic en la direcci\u00f3n para el mapa de Google para el lugar individualHaga clic en el t\u00edtulo para obtener m\u00e1s informaci\u00f3n acerca de cada lugar. El horario de apertura 27\/7 es de 11 a 17 o m\u00e1s. Axel&amp;Gren...","rel":"","context":"En \u00abOrientering\u00bb","block_context":{"text":"Orientering","link":"https:\/\/www.fjardhundraland.se\/es\/orientering\/"},"img":{"alt_text":"Orientering Oringen Uppsala aktivitetsdag","src":"https:\/\/i0.wp.com\/www.fjardhundraland.se\/wp-content\/uploads\/2022\/06\/orintering-oringen-uppsala-aktivitetsdag.jpg?resize=350%2C200&ssl=1","width":350,"height":200,"srcset":"https:\/\/i0.wp.com\/www.fjardhundraland.se\/wp-content\/uploads\/2022\/06\/orintering-oringen-uppsala-aktivitetsdag.jpg?resize=350%2C200&ssl=1 1x, https:\/\/i0.wp.com\/www.fjardhundraland.se\/wp-content\/uploads\/2022\/06\/orintering-oringen-uppsala-aktivitetsdag.jpg?resize=525%2C300&ssl=1 1.5x, https:\/\/i0.wp.com\/www.fjardhundraland.se\/wp-content\/uploads\/2022\/06\/orintering-oringen-uppsala-aktivitetsdag.jpg?resize=700%2C400&ssl=1 2x, https:\/\/i0.wp.com\/www.fjardhundraland.se\/wp-content\/uploads\/2022\/06\/orintering-oringen-uppsala-aktivitetsdag.jpg?resize=1050%2C600&ssl=1 3x, https:\/\/i0.wp.com\/www.fjardhundraland.se\/wp-content\/uploads\/2022\/06\/orintering-oringen-uppsala-aktivitetsdag.jpg?resize=1400%2C800&ssl=1 4x"},"classes":[]},{"id":5762,"url":"https:\/\/www.fjardhundraland.se\/es\/tuva-tappa\/2019\/tuva-tappa-2019\/","url_meta":{"origin":5226,"position":4},"title":"Tuva y el edred\u00f3n 2019","author":"Mats Thorburn","date":"4 junio 2019","format":false,"excerpt":"\u00a1Es tiempo de verde! Lo celebramos con un recorrido veraniego por jardines y viveros privados que est\u00e1n abiertos y ofrecen experiencias y conocimientos. Podr\u00e1 visitar estos lugares el s\u00e1bado 29 de junio de 11 a 17. (Aqu\u00ed tiene un mapa imprimible.) Participantes Lundellska Galleriet Simtuna Karleby 8 74971 Fj\u00e4rdhundra Vernissage con KreaLera, gres relacionado con el jard\u00edn...","rel":"","context":"En \u00abTuva &amp; T\u00e4ppa\u00bb","block_context":{"text":"Tuva &amp; T\u00e4ppa","link":"https:\/\/www.fjardhundraland.se\/es\/tuva-tappa\/"},"img":{"alt_text":"Bild p\u00e5 blomsterrabatt under tr\u00e4dg\u00e5rdsrundan Tuva & T\u00e4ppa","src":"https:\/\/i0.wp.com\/www.fjardhundraland.se\/wp-content\/uploads\/2019\/06\/tuva-tacc88ppa-tracc88dgacc8ardsrunda.jpg?resize=350%2C200&ssl=1","width":350,"height":200,"srcset":"https:\/\/i0.wp.com\/www.fjardhundraland.se\/wp-content\/uploads\/2019\/06\/tuva-tacc88ppa-tracc88dgacc8ardsrunda.jpg?resize=350%2C200&ssl=1 1x, https:\/\/i0.wp.com\/www.fjardhundraland.se\/wp-content\/uploads\/2019\/06\/tuva-tacc88ppa-tracc88dgacc8ardsrunda.jpg?resize=525%2C300&ssl=1 1.5x, https:\/\/i0.wp.com\/www.fjardhundraland.se\/wp-content\/uploads\/2019\/06\/tuva-tacc88ppa-tracc88dgacc8ardsrunda.jpg?resize=700%2C400&ssl=1 2x, https:\/\/i0.wp.com\/www.fjardhundraland.se\/wp-content\/uploads\/2019\/06\/tuva-tacc88ppa-tracc88dgacc8ardsrunda.jpg?resize=1050%2C600&ssl=1 3x, https:\/\/i0.wp.com\/www.fjardhundraland.se\/wp-content\/uploads\/2019\/06\/tuva-tacc88ppa-tracc88dgacc8ardsrunda.jpg?resize=1400%2C800&ssl=1 4x"},"classes":[]},{"id":5318,"url":"https:\/\/www.fjardhundraland.se\/es\/tuva-tappa\/2018\/tuva-tappa-tradgardsrunda-2018\/","url_meta":{"origin":5226,"position":5},"title":"Tuva y T\u00e4ppa 2018","author":"Mats Thorburn","date":"15 julio 2018","format":false,"excerpt":"Tuva &amp; T\u00e4ppa - Visita a los jardines de Fj\u00e4rdhundraland Visite los jardines y plantaciones expuestos el s\u00e1bado 28 de julio de 11.00 a 17.00 h. Hable de jardiner\u00eda y cultivo con los entusiastas y cultivadores profesionales. Obtenga inspiraci\u00f3n y consejos sobre lo que puede hacer en casa en su propio huerto. Participantes Lisa Frisk Melberg H\u00e4rnevi Rotbrunna 12 75696 Enk\u00f6ping Pia Hansson H\u00e4rnevi Rotbrunna...","rel":"","context":"En \u00abTuva &amp; T\u00e4ppa\u00bb","block_context":{"text":"Tuva &amp; T\u00e4ppa","link":"https:\/\/www.fjardhundraland.se\/es\/tuva-tappa\/"},"img":{"alt_text":"Tuva & T\u00e4ppa - bild p\u00e5 blommor i rabatt","src":"https:\/\/i0.wp.com\/www.fjardhundraland.se\/wp-content\/uploads\/2018\/07\/tuva-tappa.jpg?resize=350%2C200&ssl=1","width":350,"height":200,"srcset":"https:\/\/i0.wp.com\/www.fjardhundraland.se\/wp-content\/uploads\/2018\/07\/tuva-tappa.jpg?resize=350%2C200&ssl=1 1x, https:\/\/i0.wp.com\/www.fjardhundraland.se\/wp-content\/uploads\/2018\/07\/tuva-tappa.jpg?resize=525%2C300&ssl=1 1.5x, https:\/\/i0.wp.com\/www.fjardhundraland.se\/wp-content\/uploads\/2018\/07\/tuva-tappa.jpg?resize=700%2C400&ssl=1 2x, https:\/\/i0.wp.com\/www.fjardhundraland.se\/wp-content\/uploads\/2018\/07\/tuva-tappa.jpg?resize=1050%2C600&ssl=1 3x, https:\/\/i0.wp.com\/www.fjardhundraland.se\/wp-content\/uploads\/2018\/07\/tuva-tappa.jpg?resize=1400%2C800&ssl=1 4x"},"classes":[]}],"jetpack_sharing_enabled":true,"_links":{"self":[{"href":"https:\/\/www.fjardhundraland.se\/es\/wp-json\/wp\/v2\/posts\/5226","targetHints":{"allow":["GET"]}}],"collection":[{"href":"https:\/\/www.fjardhundraland.se\/es\/wp-json\/wp\/v2\/posts"}],"about":[{"href":"https:\/\/www.fjardhundraland.se\/es\/wp-json\/wp\/v2\/types\/post"}],"author":[{"embeddable":true,"href":"https:\/\/www.fjardhundraland.se\/es\/wp-json\/wp\/v2\/users\/4"}],"replies":[{"embeddable":true,"href":"https:\/\/www.fjardhundraland.se\/es\/wp-json\/wp\/v2\/comments?post=5226"}],"version-history":[{"count":1,"href":"https:\/\/www.fjardhundraland.se\/es\/wp-json\/wp\/v2\/posts\/5226\/revisions"}],"predecessor-version":[{"id":19605,"href":"https:\/\/www.fjardhundraland.se\/es\/wp-json\/wp\/v2\/posts\/5226\/revisions\/19605"}],"wp:featuredmedia":[{"embeddable":true,"href":"https:\/\/www.fjardhundraland.se\/es\/wp-json\/wp\/v2\/media\/4515"}],"wp:attachment":[{"href":"https:\/\/www.fjardhundraland.se\/es\/wp-json\/wp\/v2\/media?parent=5226"}],"wp:term":[{"taxonomy":"category","embeddable":true,"href":"https:\/\/www.fjardhundraland.se\/es\/wp-json\/wp\/v2\/categories?post=5226"},{"taxonomy":"post_tag","embeddable":true,"href":"https:\/\/www.fjardhundraland.se\/es\/wp-json\/wp\/v2\/tags?post=5226"}],"curies":[{"name":"wp","href":"https:\/\/api.w.org\/{rel}","templated":true}]}}