
{"id":4981,"date":"2018-03-28T13:07:53","date_gmt":"2018-03-28T11:07:53","guid":{"rendered":"https:\/\/www.fjardhundraland.se\/?p=4981"},"modified":"2026-02-05T13:42:59","modified_gmt":"2026-02-05T12:42:59","slug":"pask-en-fjardhundraland-2018","status":"publish","type":"post","link":"https:\/\/www.fjardhundraland.se\/es\/upplevelser\/2018\/pask-i-fjardhundraland-2018\/","title":{"rendered":"Compras de Semana Santa en Fj\u00e4rdhundraland"},"content":{"rendered":"<p><strong>Semana Santa es el comienzo de la temporada en serio en Fj\u00e4rdhundraland. He aqu\u00ed algunos de los lugares que abren este fin de semana. Disfrute del sol primaveral en el campo.<\/strong><\/p>\n<p>Haga clic en el t\u00edtulo para leer m\u00e1s sobre cada lugar.<\/p>\n<h2><a href=\"https:\/\/www.fjardhundraland.se\/es\/platos\/tienda-de-millnibble-y-muster\/\">Tienda Kvarnnibble y reuni\u00f3n<\/a><\/h2>\n<p>Mantiene abierta la tienda de la granja llena de carne, huevos, quesos y otras golosinas.<br \/>\nMi\u00e9rcoles 13-18<br \/>\nJueves Santo 11-18<br \/>\nViernes Santo 11-16<\/p>\n<p>Bienvenido a Karltomtav\u00e4gen 2, 19793 BRO<\/p>\n<h2><a href=\"https:\/\/www.fjardhundraland.se\/es\/platos\/gula-stallet-butik-kafe\/\">Tienda de ron y cafeter\u00eda Gula Stallet<\/a><\/h2>\n<p>Abierto del 12 al 17 de Pascua.<\/p>\n<h2><a href=\"https:\/\/www.fjardhundraland.se\/es\/platos\/broby-gard\/\">Broby g\u00e5rd vintage e interiorismo, cafeter\u00eda y galer\u00eda<\/a><\/h2>\n<p>Una tienda diferente. Aqu\u00ed encontrar\u00e1s lo viejo y lo nuevo para el hogar y el jard\u00edn. Gofika y bocadillos de Pascua.<br \/>\nLa galer\u00eda y el puesto ser\u00e1n visitados por participantes de \"V\u00e5rKonst\".<br \/>\nAbierto de Viernes Santo a Lunes de Pascua de 12.00 a 16.00 h.<br \/>\nGranja Tillinge Broby 2<br \/>\n74595 Enk\u00f6ping.<\/p>\n<h2><a href=\"https:\/\/www.fjardhundraland.se\/es\/platos\/bjornbo-gard-4h\/\">Granja abierta en Bj\u00f6rnbo G\u00e5rd<\/a><\/h2>\n<p>Qu\u00e9: Granja abierta con paseos en poni y mimos a los animales<br \/>\nCafeter\u00eda con gofres y caf\u00e9 con bollo<br \/>\nD\u00f3nde: H\u00e4rkeberga Bj\u00f6rnbo G\u00e5rd, 745 96 Enk\u00f6ping<br \/>\nCu\u00e1ndo: De viernes a domingo, de 10.00 a 16.00 horas<\/p>\n<h2><a href=\"https:\/\/www.fjardhundraland.se\/es\/platos\/dunderbo-velas-y-artesania\/\"><b>Semana Santa en Dunderbo<\/b><\/a><\/h2>\n<p>Artesan\u00eda local, alfombras, productos de lana, herrer\u00eda, velas artesanales, etc.<br \/>\nAbierto todos los d\u00edas de Semana Santa 10-16<\/p>\n<p>Dunderbo Fj\u00e4rdhundra, <a href=\"https:\/\/www.dunderbohantverk.se\/p\/hitta-hit.html\" target=\"_blank\" rel=\"noopener\">direcciones<\/a>.<\/p>\n<h2><a href=\"https:\/\/www.fjardhundraland.se\/es\/platos\/gyllene-brunnen-fest-och-konferens\/\">Caf\u00e9 de Pascua en el Pozo Dorado<\/a><\/h2>\n<p>Caf\u00e9 de Pascua con buffet de pasteles, exposici\u00f3n de arte y artesan\u00eda. Pastel con ensalada.<br \/>\nGyllene Brunnen Viernes 30 de marzo 12-16 y domingo 1 de abril 12-16.<\/p>\n<h2><a href=\"https:\/\/www.fjardhundraland.se\/es\/platos\/vivero-harnevi\/\">Flores de primavera en el vivero de H\u00e4rnevi<\/a><\/h2>\n<p>Conozca la primavera en un entorno de invernadero. Arreglos de Pascua, geranios \u00fanicos, regalos, accesorios de jard\u00edn. Venga a ver todas las novedades de nuestra gama.<br \/>\nBienvenido a la Guarder\u00eda H\u00e4rnevi. <a href=\"https:\/\/www.harneviplantskola.se\/\" target=\"_blank\" rel=\"noopener\">www.harneviplantskola.se<\/a> Consulte tambi\u00e9n nuestro <a href=\"https:\/\/www.facebook.com\/H%C3%A4rnevi-Plantskola-769125516515990\/\" target=\"_blank\" rel=\"noopener\">Facebook<\/a>. Abierto todos los d\u00edas de Semana Santa de 10.00 a 15.00.<\/p>\n<h2><a href=\"https:\/\/www.fjardhundraland.se\/es\/platos\/butiken-i-loth\/\">La tienda de L\u00f6th<\/a><\/h2>\n<p>Bienvenido a la tienda de L\u00f6th<br \/>\nUna peque\u00f1a y acogedora tienda de interiorismo y mercadillo en el campo, en Bred.<br \/>\nAbierto en Semana Santa:<br \/>\nViernes Santo 13-16<br \/>\nV\u00edspera de Pascua 13-16<br \/>\nDel 13 al 16 de Pascua<br \/>\nLunes de Pascua 13-16<\/p>\n<h2><a href=\"https:\/\/www.fjardhundraland.se\/es\/platos\/mels-garage\/\">Ronda de arte y coches cl\u00e1sicos en Mel's<\/a><\/h2>\n<p>Buenos bocadillos de gambas, de huevo y anchoas y otros bocadillos salados. Tambi\u00e9n tenemos caf\u00e9 y buena boller\u00eda, \u00a1y los que quieran disfrutar de un buen helado podr\u00e1n hacerlo cuando estrenemos nuestra nueva helader\u00eda! <a href=\"https:\/\/www.mels.se\/\" target=\"_blank\" rel=\"noopener\" data-saferedirecturl=\"https:\/\/www.google.com\/url?hl=sv&amp;q=https:\/\/www.mels.se&amp;source=gmail&amp;ust=1522416643060000&amp;usg=AFQjCNGqSFvOIP3SNzFLdg0e3Lo-x_D7lg\">www.mels.se<\/a>. \u00a1Una c\u00e1lida bienvenida! - Mel's Garage, \u00c5kerbygatan 4 en Enk\u00f6ping.<\/p>\n<p>Jueves Santo: 09.00-18.00<br \/>\nViernes Santo: 10.00-16.00<br \/>\nV\u00edspera de Pascua: 10.00 - 16.00<br \/>\nD\u00eda de Pascua: 10.00 - 16.00<br \/>\nLunes de Pascua: 10.00 - 16.00<\/p>\n<h2><a href=\"https:\/\/www.fjardhundraland.se\/es\/platos\/matlust-i-orsundsbro\/\">Gusto por la comida en Tuna Tr\u00e4dg\u00e5rd<\/a><\/h2>\n<p>Matlust Kaf\u00e9 con GoFika, tambi\u00e9n sin gluten, y bocadillos. Tuna Garden, At\u00fan, \u00d6rsundsbro.<\/p>\n<p>Mismo horario que Nuestro Arte: viernes - lunes 12-16.<\/p>\n<h2><a href=\"https:\/\/www.fjardhundraland.se\/es\/platos\/cafe-del-castillo-de-salnecke\/\">Caf\u00e9, Queso y Deli del Castillo de Salnecke<\/a><\/h2>\n<p>Plato de Pascua con productos locales 150kr<\/p>\n<p>Tartas, sopa, gratinado con embutidos<br \/>\nCaf\u00e9 casero como siempre<br \/>\nCompre su queso y accesorios para Semana Santa<br \/>\nOliver de <a href=\"https:\/\/www.fjardhundraland.se\/es\/platos\/bergets-gards-pasta-brod\/\">Bergets Farm pasta y pan<\/a> ofrecer\u00e1 muestras de sus pastas caseras y accesorios el Domingo de Pascua<br \/>\nAbierto de 11 a 17 todos los d\u00edas de Semana Santa.<\/p>\n<h2><a href=\"https:\/\/www.fjardhundraland.se\/es\/platos\/alsta-tradgardar\/\">Jardines de Alsta<\/a><\/h2>\n<p>Cafeter\u00eda, tienda, exposici\u00f3n: <i>La t\u00eda Green, la t\u00eda Brown y la t\u00eda Gredelin vienen de visita. <\/i>Hasta el 22 de abril.<br \/>\nAbierto de Viernes Santo a Lunes de Pascua de 11.00 a 16.00 horas<br \/>\nDe abril a septiembre De mi\u00e9rcoles a domingo De 11.00 a 16.00 h<\/p>\n<h2><a href=\"https:\/\/www.fjardhundraland.se\/es\/platos\/malhammar-galleri\/\">Galer\u00eda M\u00e5lhammar<\/a> - Exposici\u00f3n de arte en la Granja M\u00e5lhammar<\/h2>\n<p>H\u00c5KAN LINDSKOG acuarela<br \/>\nANITA S\u00d6DERSTR\u00d6M platera<\/p>\n<p>Abierto de viernes a lunes del 12 al 16 durante las vacaciones de Semana Santa.<\/p>\n<h2><a href=\"https:\/\/www.fjardhundraland.se\/es\/platos\/cafe-samt\/\">Caf\u00e9 Velvet<\/a>Enk\u00f6ping<\/h2>\n<p>Buffet (a partir de las 12:00), caf\u00e9 y a la carta en el Caf\u00e9 Samt.<br \/>\nCalle del Ayuntamiento 4, Enk\u00f6ping<br \/>\nViernes Santo 11-16<br \/>\nV\u00edspera de Pascua 11-16<\/p>\n<h2><a href=\"https:\/\/www.fjardhundraland.se\/es\/platos\/landsberga-gard\/\">Granja Landsberga<\/a><\/h2>\n<p class=\"m_-6864924083566347098MsoListParagraph\">\u00a1Huevos de Pascua de cerca! <u><\/u><u><\/u><u><\/u>Abierto todos los d\u00edas de 6.30 a 21.00.<\/p>\n<h2><a href=\"https:\/\/www.fjardhundraland.se\/es\/platos\/cafeteria-forsby-mill\/\">Caf\u00e9 Forsby Kvarn <\/a><\/h2>\n<p>Forsby Kvarn Kaf\u00e9 abre la temporada.<br \/>\nPizza los viernes y caf\u00e9 y bocadillos los s\u00e1bados y domingos.<\/p>\n<p>Vie 17 -21<br \/>\nS\u00e1b y dom 12 - 16<\/p>\n<h2><a href=\"https:\/\/www.fjardhundraland.se\/es\/platos\/granja-kromsta\/\">Granja Kromsta <\/a><\/h2>\n<p>Compras de Semana Santa:<br \/>\nJueves Santo 13-16<br \/>\nViernes Santo de 10h a 15h tendremos la parrilla encendida y asaremos nuestras propias hamburguesas y salchichas<br \/>\n(Cerrado los dem\u00e1s d\u00edas)<\/p>\n<h2><a href=\"https:\/\/www.fjardhundraland.se\/es\/platos\/vallgarns-gardsmejeri\/\">Granja lechera de Vallgarn<\/a><\/h2>\n<p>\u00a1Queso elaborado con leche de vaca! Hay queso fresco, queso para ensalada, queso para gratinar y moho azul en la nevera y tarta de queso en el congelador a la venta en la lecher\u00eda de la granja de Vallgarn, que est\u00e1 abierta todo el fin de semana de 10 a 18.<\/p>\n<h2><a href=\"https:\/\/www.fjardhundraland.se\/es\/platos\/charcuteria-franzens\/\">Embutidos Franz\u00e9n<\/a><\/h2>\n<div>\n<p>Delicias secadas al aire, embutidos crudos y carne de cerdos de granja de Linder\u00f6d<br \/>\nElaboro mis embutidos a mano, sin nitritos ni otros aditivos innecesarios, a partir de mis propios cerdos. En el frigor\u00edfico hay varios tipos de carne fresca secada al aire y el congelador est\u00e1 lleno de fant\u00e1sticas carnes y embutidos varios.<br \/>\nFranz\u00e9ns Charkuterier, Biskopskulla - R\u00f6nna 1, a la salida del \u00d6rsundsbro en direcci\u00f3n a L\u00e5ngtora<br \/>\nAbierto todos los d\u00edas de 8 a 20 h.<\/p>\n<p><a href=\"https:\/\/www.fjardhundraland.se\/wp-content\/uploads\/2018\/03\/paskliljor.jpg\"><img decoding=\"async\" data-attachment-id=\"5022\" data-permalink=\"https:\/\/www.fjardhundraland.se\/es\/upplevelser\/2018\/pask-i-fjardhundraland-2018\/attachment\/paskliljor\/\" data-orig-file=\"https:\/\/www.fjardhundraland.se\/wp-content\/uploads\/2018\/03\/paskliljor.jpg\" data-orig-size=\"1000,750\" data-comments-opened=\"0\" data-image-meta=\"{&quot;aperture&quot;:&quot;0&quot;,&quot;credit&quot;:&quot;&quot;,&quot;camera&quot;:&quot;&quot;,&quot;caption&quot;:&quot;&quot;,&quot;created_timestamp&quot;:&quot;0&quot;,&quot;copyright&quot;:&quot;&quot;,&quot;focal_length&quot;:&quot;0&quot;,&quot;iso&quot;:&quot;0&quot;,&quot;shutter_speed&quot;:&quot;0&quot;,&quot;title&quot;:&quot;&quot;,&quot;orientation&quot;:&quot;0&quot;}\" data-image-title=\"P\u00e5skliljor\" data-image-description=\"\" data-image-caption=\"\" data-large-file=\"https:\/\/www.fjardhundraland.se\/wp-content\/uploads\/2018\/03\/paskliljor.jpg\" class=\"alignnone size-full wp-image-5022\" src=\"https:\/\/www.fjardhundraland.se\/wp-content\/uploads\/2018\/03\/paskliljor.jpg\" alt=\"Narcisos\" width=\"1000\" height=\"750\" title=\"\"><\/a><\/p>\n<\/div>","protected":false},"excerpt":{"rendered":"<p>P\u00e5sk \u00e4r starten f\u00f6r s\u00e4songen p\u00e5 allvar i Fj\u00e4rdhundraland. H\u00e4r \u00e4r n\u00e5gra av de st\u00e4llen som har \u00f6ppet i helgen.\u00a0F\u00e5nga v\u00e5rsolen p\u00e5 landet! Klicka p\u00e5 rubriken f\u00f6r att l\u00e4sa mer om varje st\u00e4lle! Kvarnnibble butik och musteri H\u00e5ller \u00f6ppet g\u00e5rdsbutiken som \u00e4r fylld med k\u00f6tt, \u00e4gg, ostar och andra godsaker. Onsdag 13-18 Sk\u00e4rtorsdag 11-18 L\u00e5ngfredag [&hellip;]<\/p>\n","protected":false},"author":1,"featured_media":5007,"comment_status":"closed","ping_status":"closed","sticky":false,"template":"","format":"standard","meta":{"_acf_changed":false,"_relevanssi_hide_post":"","_relevanssi_hide_content":"","_relevanssi_pin_for_all":"","_relevanssi_pin_keywords":"","_relevanssi_unpin_keywords":"","_relevanssi_related_keywords":"","_relevanssi_related_include_ids":"","_relevanssi_related_exclude_ids":"","_relevanssi_related_no_append":"","_relevanssi_related_not_related":"","_relevanssi_related_posts":"","_relevanssi_noindex_reason":"Rank Math Uteslut fr\u00e5n Relevanssi index","_genesis_hide_title":false,"_genesis_hide_breadcrumbs":false,"_genesis_hide_singular_image":false,"_genesis_hide_footer_widgets":false,"_genesis_custom_body_class":"","_genesis_custom_post_class":"","_genesis_layout":"","_jetpack_memberships_contains_paid_content":false,"footnotes":""},"categories":[353,25,87],"tags":[352],"class_list":{"0":"post-4981","1":"post","2":"type-post","3":"status-publish","4":"format-standard","5":"has-post-thumbnail","7":"category-aldre-inlagg","8":"category-upplevelser","9":"category-utflykt","10":"tag-aldre-inlagg","11":"entry"},"acf":[],"visa":null,"geo_latitude":null,"geo_longitude":null,"jetpack_featured_media_url":"https:\/\/www.fjardhundraland.se\/wp-content\/uploads\/2018\/03\/tupp-hocc88ns-hacc88rnevi-plantskola-2017-april-15-12-00-45-_.jpg","featured_image_src":"https:\/\/www.fjardhundraland.se\/wp-content\/uploads\/2018\/03\/tupp-hocc88ns-hacc88rnevi-plantskola-2017-april-15-12-00-45-_.jpg","featured_image_src_square":"https:\/\/www.fjardhundraland.se\/wp-content\/uploads\/2018\/03\/tupp-hocc88ns-hacc88rnevi-plantskola-2017-april-15-12-00-45-_.jpg","author_info":{"display_name":"Mats Thorburn","author_link":"https:\/\/www.fjardhundraland.se\/es\/author\/matst\/"},"jetpack-related-posts":[{"id":4023,"url":"https:\/\/www.fjardhundraland.se\/es\/utflykt\/2017\/paskoppet-fjardhundraland-2017\/","url_meta":{"origin":4981,"position":0},"title":"Compras de Semana Santa en Fj\u00e4rdhundraland 2017","author":"Ylva Fontell","date":"5 abril 2017","format":false,"excerpt":"Esta Semana Santa, muchas de las joyas del Fj\u00e4rdhundraland se abren a los visitantes. Recorra sinuosos caminos rurales, encuentre paz y tranquilidad, escuche el canto de los p\u00e1jaros y saboree las delicias de Pascua. Abierto en Semana Santa: Alsta Gardens abre del Viernes Santo al Lunes de Pascua, del 11 al 16. La primera exposici\u00f3n de la primavera con tejidos de Eva Sundstr\u00f6m y cer\u00e1mica,...","rel":"","context":"En \u00abUtflykt\u00bb","block_context":{"text":"Utflykt","link":"https:\/\/www.fjardhundraland.se\/es\/utflykt\/"},"img":{"alt_text":"P\u00e5sktupp","src":"https:\/\/i0.wp.com\/www.fjardhundraland.se\/wp-content\/uploads\/2015\/04\/pasktupp-1.jpg?resize=350%2C200&ssl=1","width":350,"height":200,"srcset":"https:\/\/i0.wp.com\/www.fjardhundraland.se\/wp-content\/uploads\/2015\/04\/pasktupp-1.jpg?resize=350%2C200&ssl=1 1x, https:\/\/i0.wp.com\/www.fjardhundraland.se\/wp-content\/uploads\/2015\/04\/pasktupp-1.jpg?resize=525%2C300&ssl=1 1.5x, https:\/\/i0.wp.com\/www.fjardhundraland.se\/wp-content\/uploads\/2015\/04\/pasktupp-1.jpg?resize=700%2C400&ssl=1 2x, https:\/\/i0.wp.com\/www.fjardhundraland.se\/wp-content\/uploads\/2015\/04\/pasktupp-1.jpg?resize=1050%2C600&ssl=1 3x, https:\/\/i0.wp.com\/www.fjardhundraland.se\/wp-content\/uploads\/2015\/04\/pasktupp-1.jpg?resize=1400%2C800&ssl=1 4x"},"classes":[]},{"id":5692,"url":"https:\/\/www.fjardhundraland.se\/es\/utflykt\/2019\/paskoppet-2019\/","url_meta":{"origin":4981,"position":1},"title":"Compras de Semana Santa 2019","author":"Mats Thorburn","date":"14 abril 2019","format":false,"excerpt":"La Semana Santa es el punto de partida de muchos destinos en Fj\u00e4rdhundraland, pero tambi\u00e9n es un buen momento para la primera salida primaveral al campo. \u00a1Aqu\u00ed tienes algunos lugares estupendos para visitar durante la Semana Santa de 2019!","rel":"","context":"En \u00abUtflykt\u00bb","block_context":{"text":"Utflykt","link":"https:\/\/www.fjardhundraland.se\/es\/utflykt\/"},"img":{"alt_text":"P\u00e5skh\u00f6nor som pickar","src":"https:\/\/i0.wp.com\/www.fjardhundraland.se\/wp-content\/uploads\/2019\/04\/paskhonor2019.jpg?resize=350%2C200&ssl=1","width":350,"height":200,"srcset":"https:\/\/i0.wp.com\/www.fjardhundraland.se\/wp-content\/uploads\/2019\/04\/paskhonor2019.jpg?resize=350%2C200&ssl=1 1x, https:\/\/i0.wp.com\/www.fjardhundraland.se\/wp-content\/uploads\/2019\/04\/paskhonor2019.jpg?resize=525%2C300&ssl=1 1.5x, https:\/\/i0.wp.com\/www.fjardhundraland.se\/wp-content\/uploads\/2019\/04\/paskhonor2019.jpg?resize=700%2C400&ssl=1 2x, https:\/\/i0.wp.com\/www.fjardhundraland.se\/wp-content\/uploads\/2019\/04\/paskhonor2019.jpg?resize=1050%2C600&ssl=1 3x, https:\/\/i0.wp.com\/www.fjardhundraland.se\/wp-content\/uploads\/2019\/04\/paskhonor2019.jpg?resize=1400%2C800&ssl=1 4x"},"classes":[]},{"id":2196,"url":"https:\/\/www.fjardhundraland.se\/es\/gardsbutiker\/2014\/paskens-utflykter\/","url_meta":{"origin":4981,"position":2},"title":"Excursiones de Semana Santa","author":"Ylva Fontell","date":"9 abril 2014","format":false,"excerpt":"Es agradable tener unos d\u00edas libres, \u00a1luego toca una excursi\u00f3n al campo! En Fj\u00e4rdhundraland encontrar\u00e1s muchas cosas que hacer: comprar huevos y productos locales, contemplar obras de arte o comer y tomar un buen caf\u00e9. Tambi\u00e9n hay tiempo para visitar el centro de informaci\u00f3n tur\u00edstica de Fj\u00e4rdhundraland o el concesionario de coches m\u00e1s nost\u00e1lgico. Y mucho m\u00e1s... Bienvenido...","rel":"","context":"En \u00ab\u00c4ldre inl\u00e4gg\u00bb","block_context":{"text":"\u00c4ldre inl\u00e4gg","link":"https:\/\/www.fjardhundraland.se\/es\/aldre-inlagg\/"},"img":{"alt_text":"","src":"https:\/\/i0.wp.com\/www.fjardhundraland.se\/wp-content\/uploads\/2014\/04\/pasktupp-1.jpg?resize=350%2C200&ssl=1","width":350,"height":200,"srcset":"https:\/\/i0.wp.com\/www.fjardhundraland.se\/wp-content\/uploads\/2014\/04\/pasktupp-1.jpg?resize=350%2C200&ssl=1 1x, https:\/\/i0.wp.com\/www.fjardhundraland.se\/wp-content\/uploads\/2014\/04\/pasktupp-1.jpg?resize=525%2C300&ssl=1 1.5x, https:\/\/i0.wp.com\/www.fjardhundraland.se\/wp-content\/uploads\/2014\/04\/pasktupp-1.jpg?resize=700%2C400&ssl=1 2x, https:\/\/i0.wp.com\/www.fjardhundraland.se\/wp-content\/uploads\/2014\/04\/pasktupp-1.jpg?resize=1050%2C600&ssl=1 3x, https:\/\/i0.wp.com\/www.fjardhundraland.se\/wp-content\/uploads\/2014\/04\/pasktupp-1.jpg?resize=1400%2C800&ssl=1 4x"},"classes":[]},{"id":3098,"url":"https:\/\/www.fjardhundraland.se\/es\/utflykt\/2016\/paskoppet-i-fjardhundraland\/","url_meta":{"origin":4981,"position":3},"title":"Compras de Semana Santa en Fj\u00e4rdhundraland 2016","author":"Mats Thorburn","date":"23 marzo 2016","format":false,"excerpt":"Esta Semana Santa, muchas de las joyas del Fj\u00e4rdhundraland se abren a los visitantes a principios de primavera. Es hora de salir del invierno y hacer un viaje, por las carreteras secundarias, a la tranquilidad, la naturaleza y la comida de verdad. Abierto en Semana Santa: Alsta Tr\u00e4dg\u00e5rdar abre de viernes a lunes, del 11 al 16, con la primera exposici\u00f3n de la primavera, con orfebrer\u00eda,...","rel":"","context":"En \u00abUtflykt\u00bb","block_context":{"text":"Utflykt","link":"https:\/\/www.fjardhundraland.se\/es\/utflykt\/"},"img":{"alt_text":"","src":"https:\/\/i0.wp.com\/www.fjardhundraland.se\/wp-content\/uploads\/2016\/03\/egg.jpg?resize=350%2C200&ssl=1","width":350,"height":200,"srcset":"https:\/\/i0.wp.com\/www.fjardhundraland.se\/wp-content\/uploads\/2016\/03\/egg.jpg?resize=350%2C200&ssl=1 1x, https:\/\/i0.wp.com\/www.fjardhundraland.se\/wp-content\/uploads\/2016\/03\/egg.jpg?resize=525%2C300&ssl=1 1.5x, https:\/\/i0.wp.com\/www.fjardhundraland.se\/wp-content\/uploads\/2016\/03\/egg.jpg?resize=700%2C400&ssl=1 2x, https:\/\/i0.wp.com\/www.fjardhundraland.se\/wp-content\/uploads\/2016\/03\/egg.jpg?resize=1050%2C600&ssl=1 3x, https:\/\/i0.wp.com\/www.fjardhundraland.se\/wp-content\/uploads\/2016\/03\/egg.jpg?resize=1400%2C800&ssl=1 4x"},"classes":[]},{"id":2588,"url":"https:\/\/www.fjardhundraland.se\/es\/utflykt\/2015\/glad-pask-i-fjardhundraland\/","url_meta":{"origin":4981,"position":4},"title":"Felices Pascuas en Fj\u00e4rdhundraland","author":"Mats Thorburn","date":"1 abril 2015","format":false,"excerpt":"\u00a1La primavera est\u00e1 en el aire y queremos ir al campo! Esta Semana Santa, tienes una gran oportunidad de saborear la nueva estaci\u00f3n en Fj\u00e4rdhundraland - experiencias a peque\u00f1a escala en el campo cerca de Uppsala, V\u00e4ster\u00e5s y Estocolmo. Aqu\u00ed tienes una selecci\u00f3n: \u00a1muchas cosas buenas y bonitas para la mesa de Pascua! Incluidos los huevos. El puesto de huevos de la granja Landsberga abre todos los d\u00edas de 7 a 20...","rel":"","context":"En \u00ab\u00c4ldre inl\u00e4gg\u00bb","block_context":{"text":"\u00c4ldre inl\u00e4gg","link":"https:\/\/www.fjardhundraland.se\/es\/aldre-inlagg\/"},"img":{"alt_text":"P\u00e5sktupp","src":"https:\/\/i0.wp.com\/www.fjardhundraland.se\/wp-content\/uploads\/2015\/04\/pasktupp-1.jpg?resize=350%2C200&ssl=1","width":350,"height":200,"srcset":"https:\/\/i0.wp.com\/www.fjardhundraland.se\/wp-content\/uploads\/2015\/04\/pasktupp-1.jpg?resize=350%2C200&ssl=1 1x, https:\/\/i0.wp.com\/www.fjardhundraland.se\/wp-content\/uploads\/2015\/04\/pasktupp-1.jpg?resize=525%2C300&ssl=1 1.5x, https:\/\/i0.wp.com\/www.fjardhundraland.se\/wp-content\/uploads\/2015\/04\/pasktupp-1.jpg?resize=700%2C400&ssl=1 2x, https:\/\/i0.wp.com\/www.fjardhundraland.se\/wp-content\/uploads\/2015\/04\/pasktupp-1.jpg?resize=1050%2C600&ssl=1 3x, https:\/\/i0.wp.com\/www.fjardhundraland.se\/wp-content\/uploads\/2015\/04\/pasktupp-1.jpg?resize=1400%2C800&ssl=1 4x"},"classes":[]},{"id":858,"url":"https:\/\/www.fjardhundraland.se\/es\/gardsbutiker\/2023\/pask-i-fjardhundraland\/","url_meta":{"origin":4981,"position":5},"title":"Semana Santa en Fj\u00e4rdhundraland","author":"Mats Thorburn","date":"2 abril 2023","format":false,"excerpt":"Semana Santa significa salir. En todo el Fj\u00e4rdhundraland, las granjas, cafeter\u00edas y viveros empiezan a llenarse para la temporada de verano. D\u00e9 un paseo entre golosinas y vistas. Caf\u00e9 de Forsby Mill. D\u00eda de Pascua entre las 12 y las 16: Visita a la nueva cafeter\u00eda del molino de Forsby. El carpintero TB Lindblom muestra el edificio. Pozo dorado. D\u00edas de Pascua del viernes al lunes.","rel":"","context":"En \u00ab\u00c4ldre inl\u00e4gg\u00bb","block_context":{"text":"\u00c4ldre inl\u00e4gg","link":"https:\/\/www.fjardhundraland.se\/es\/aldre-inlagg\/"},"img":{"alt_text":"","src":"https:\/\/i0.wp.com\/www.fjardhundraland.se\/wp-content\/uploads\/2021\/04\/pask-i-fjardhundraland-tupp-och-hona.jpg?resize=350%2C200&ssl=1","width":350,"height":200,"srcset":"https:\/\/i0.wp.com\/www.fjardhundraland.se\/wp-content\/uploads\/2021\/04\/pask-i-fjardhundraland-tupp-och-hona.jpg?resize=350%2C200&ssl=1 1x, https:\/\/i0.wp.com\/www.fjardhundraland.se\/wp-content\/uploads\/2021\/04\/pask-i-fjardhundraland-tupp-och-hona.jpg?resize=525%2C300&ssl=1 1.5x, https:\/\/i0.wp.com\/www.fjardhundraland.se\/wp-content\/uploads\/2021\/04\/pask-i-fjardhundraland-tupp-och-hona.jpg?resize=700%2C400&ssl=1 2x, https:\/\/i0.wp.com\/www.fjardhundraland.se\/wp-content\/uploads\/2021\/04\/pask-i-fjardhundraland-tupp-och-hona.jpg?resize=1050%2C600&ssl=1 3x, https:\/\/i0.wp.com\/www.fjardhundraland.se\/wp-content\/uploads\/2021\/04\/pask-i-fjardhundraland-tupp-och-hona.jpg?resize=1400%2C800&ssl=1 4x"},"classes":[]}],"jetpack_sharing_enabled":true,"_links":{"self":[{"href":"https:\/\/www.fjardhundraland.se\/es\/wp-json\/wp\/v2\/posts\/4981","targetHints":{"allow":["GET"]}}],"collection":[{"href":"https:\/\/www.fjardhundraland.se\/es\/wp-json\/wp\/v2\/posts"}],"about":[{"href":"https:\/\/www.fjardhundraland.se\/es\/wp-json\/wp\/v2\/types\/post"}],"author":[{"embeddable":true,"href":"https:\/\/www.fjardhundraland.se\/es\/wp-json\/wp\/v2\/users\/1"}],"replies":[{"embeddable":true,"href":"https:\/\/www.fjardhundraland.se\/es\/wp-json\/wp\/v2\/comments?post=4981"}],"version-history":[{"count":1,"href":"https:\/\/www.fjardhundraland.se\/es\/wp-json\/wp\/v2\/posts\/4981\/revisions"}],"predecessor-version":[{"id":19608,"href":"https:\/\/www.fjardhundraland.se\/es\/wp-json\/wp\/v2\/posts\/4981\/revisions\/19608"}],"wp:featuredmedia":[{"embeddable":true,"href":"https:\/\/www.fjardhundraland.se\/es\/wp-json\/wp\/v2\/media\/5007"}],"wp:attachment":[{"href":"https:\/\/www.fjardhundraland.se\/es\/wp-json\/wp\/v2\/media?parent=4981"}],"wp:term":[{"taxonomy":"category","embeddable":true,"href":"https:\/\/www.fjardhundraland.se\/es\/wp-json\/wp\/v2\/categories?post=4981"},{"taxonomy":"post_tag","embeddable":true,"href":"https:\/\/www.fjardhundraland.se\/es\/wp-json\/wp\/v2\/tags?post=4981"}],"curies":[{"name":"wp","href":"https:\/\/api.w.org\/{rel}","templated":true}]}}