
{"id":4945,"date":"2018-03-08T18:14:46","date_gmt":"2018-03-08T17:14:46","guid":{"rendered":"http:\/\/www.fjardhundraland.se\/?p=4945"},"modified":"2026-02-05T13:42:59","modified_gmt":"2026-02-05T12:42:59","slug":"estoy-envuelto-en-mi-mila","status":"publish","type":"post","link":"https:\/\/www.fjardhundraland.se\/es\/inlagg\/2018\/jag-vantar-vid-min-mila\/","title":{"rendered":"Estoy esperando en mi mila..."},"content":{"rendered":"<p>Dan Andersson ha creado como nadie la imagen del carbonero solitario en el bosque. Antiguamente, el carb\u00f3n ard\u00eda en los bosques por todas partes, pero hoy en d\u00eda solemos estar en contacto con el carb\u00f3n en una bolsa. En Messkog, <a href=\"https:\/\/www.fjardhundraland.se\/es\/platos\/kyrkstigen-i-tarnsjo\/\">a lo largo del camino de la iglesia entre Skekarsbo y Nora<\/a>, ...se han recorrido muchos kil\u00f3metros y la carbonera est\u00e1 ah\u00ed como un recuerdo tangible. Ahora toca volver a hacer carb\u00f3n a la antigua usanza.<\/p>\n<p>El Comit\u00e9 del Camino de la Iglesia va a encender una mila y se necesitan muchas personas para ayudar. Aprende un antiguo oficio y vive la experiencia de la comunidad en torno a la mila que hay que vigilar las veinticuatro horas del d\u00eda cuando est\u00e1 encendida. \u00bfNo te parece emocionante?<\/p>\n<p>El Mil\u00e1n se levantar\u00e1 en primavera, a partir del 27-28 de abril, y se iluminar\u00e1 a finales de verano. Si est\u00e1 interesado en participar, ya puede ponerse en contacto con Inga Nordgren, tel. 070-582 63 52 o <a href=\"mailto:inordgren@telia.com\" target=\"_blank\" rel=\"noopener\">inordgren@telia.com<\/a>.<\/p>\n<p>&nbsp;<\/p>","protected":false},"excerpt":{"rendered":"<p>Dan Andersson har som ingen annan skapat bilden av den ensamme kolvaktaren ute i skogen. F\u00f6rr i tiden pyrde milor \u00f6verallt i skogarna, numera kommer vi oftast i kontakt med grillkol i p\u00e5se. I Messkog, l\u00e4ngs kyrkstigen mellan Skekarsbo och Nora, har det rests m\u00e5nga milor och kolarkojan finns d\u00e4r som ett handfast minne. Nu [&hellip;]<\/p>\n","protected":false},"author":4,"featured_media":4946,"comment_status":"closed","ping_status":"closed","sticky":false,"template":"","format":"standard","meta":{"_acf_changed":false,"_relevanssi_hide_post":"","_relevanssi_hide_content":"","_relevanssi_pin_for_all":"","_relevanssi_pin_keywords":"","_relevanssi_unpin_keywords":"","_relevanssi_related_keywords":"","_relevanssi_related_include_ids":"","_relevanssi_related_exclude_ids":"","_relevanssi_related_no_append":"","_relevanssi_related_not_related":"","_relevanssi_related_posts":"","_relevanssi_noindex_reason":"Rank Math Uteslut fr\u00e5n Relevanssi index","_genesis_hide_title":false,"_genesis_hide_breadcrumbs":false,"_genesis_hide_singular_image":false,"_genesis_hide_footer_widgets":false,"_genesis_custom_body_class":"","_genesis_custom_post_class":"","_genesis_layout":"","_jetpack_memberships_contains_paid_content":false,"footnotes":""},"categories":[353,1,51,25],"tags":[352],"class_list":{"0":"post-4945","1":"post","2":"type-post","3":"status-publish","4":"format-standard","5":"has-post-thumbnail","7":"category-aldre-inlagg","8":"category-inlagg","9":"category-natur","10":"category-upplevelser","11":"tag-aldre-inlagg","12":"entry"},"acf":[],"visa":null,"geo_latitude":null,"geo_longitude":null,"jetpack_featured_media_url":"https:\/\/www.fjardhundraland.se\/wp-content\/uploads\/2018\/03\/kolmilan-2017-1-2.jpg","featured_image_src":"https:\/\/www.fjardhundraland.se\/wp-content\/uploads\/2018\/03\/kolmilan-2017-1-2.jpg","featured_image_src_square":"https:\/\/www.fjardhundraland.se\/wp-content\/uploads\/2018\/03\/kolmilan-2017-1-2.jpg","author_info":{"display_name":"Ylva Fontell","author_link":"https:\/\/www.fjardhundraland.se\/es\/author\/ylva\/"},"jetpack-related-posts":[{"id":572,"url":"https:\/\/www.fjardhundraland.se\/es\/gardsbutiker\/2011\/lagerlofska-magasinet\/","url_meta":{"origin":4945,"position":0},"title":"Tienda de alimentaci\u00f3n y curiosidades","author":"Mats Thorburn","date":"9 agosto 2011","format":false,"excerpt":"A 3 km al norte de Enk\u00f6ping, a tiro de piedra de la autopista 70, se encuentra la tienda agr\u00edcola Lagerl\u00f6fska magasinet. Aqu\u00ed puedes comprar alimentos de producci\u00f3n local, artesan\u00eda y arte de artesanos locales.","rel":"","context":"En \u00ab\u00c4ldre inl\u00e4gg\u00bb","block_context":{"text":"\u00c4ldre inl\u00e4gg","link":"https:\/\/www.fjardhundraland.se\/es\/aldre-inlagg\/"},"img":{"alt_text":"Lagerl\u00f6fska magasinet","src":"https:\/\/i0.wp.com\/www.fjardhundraland.se\/wp-content\/uploads\/2011\/08\/2011-bilder-239-1024x768-630x472.jpg?resize=350%2C200&ssl=1","width":350,"height":200,"srcset":"https:\/\/i0.wp.com\/www.fjardhundraland.se\/wp-content\/uploads\/2011\/08\/2011-bilder-239-1024x768-630x472.jpg?resize=350%2C200&ssl=1 1x, https:\/\/i0.wp.com\/www.fjardhundraland.se\/wp-content\/uploads\/2011\/08\/2011-bilder-239-1024x768-630x472.jpg?resize=525%2C300&ssl=1 1.5x"},"classes":[]},{"id":546,"url":"https:\/\/www.fjardhundraland.se\/es\/djur\/2011\/ridlektioner-i-harmoni-med-hasten\/","url_meta":{"origin":4945,"position":1},"title":"Clases de equitaci\u00f3n en armon\u00eda con el caballo","author":"Mats Thorburn","date":"6 agosto 2011","format":false,"excerpt":"En la granja de caballos Rotbrunna podr\u00e1 desarrollar sus habilidades ecuestres mediante clases y cursos sobre el caballo taurino portugu\u00e9s Lusitano.","rel":"","context":"En \u00ab\u00c4ldre inl\u00e4gg\u00bb","block_context":{"text":"\u00c4ldre inl\u00e4gg","link":"https:\/\/www.fjardhundraland.se\/es\/aldre-inlagg\/"},"img":{"alt_text":"Delicada, Lusitano p\u00e5 Rotbrunna h\u00e4stg\u00e5rd","src":"https:\/\/i0.wp.com\/www.fjardhundraland.se\/wp-content\/uploads\/2011\/08\/delicada1-630x840.jpg?resize=350%2C200&ssl=1","width":350,"height":200,"srcset":"https:\/\/i0.wp.com\/www.fjardhundraland.se\/wp-content\/uploads\/2011\/08\/delicada1-630x840.jpg?resize=350%2C200&ssl=1 1x, https:\/\/i0.wp.com\/www.fjardhundraland.se\/wp-content\/uploads\/2011\/08\/delicada1-630x840.jpg?resize=525%2C300&ssl=1 1.5x"},"classes":[]},{"id":3905,"url":"https:\/\/www.fjardhundraland.se\/es\/turismutveckling\/2017\/augmented-export\/","url_meta":{"origin":4945,"position":2},"title":"Exportaci\u00f3n aumentada - sobre comida, naturaleza y cultura","author":"Mats Thorburn","date":"11 febrero 2017","format":false,"excerpt":"\u00bfQu\u00e9 tipo de comida quieren los visitantes cuando visitan Escandinavia? \u00bfC\u00f3mo podemos aprovechar la calidad que tenemos para encontrar visitantes que quieran una estancia personalizada a peque\u00f1a escala en Suecia? Para responder a estas preguntas, estamos llevando a cabo un proyecto sobre la comida en combinaci\u00f3n con la naturaleza...","rel":"","context":"En \u00abTurismutveckling\u00bb","block_context":{"text":"Turismutveckling","link":"https:\/\/www.fjardhundraland.se\/es\/turismutveckling\/"},"img":{"alt_text":"","src":"","width":0,"height":0},"classes":[]},{"id":4872,"url":"https:\/\/www.fjardhundraland.se\/es\/djur\/2018\/algen-olivia-fjardhundraland\/","url_meta":{"origin":4945,"position":3},"title":"Olivia el alce en Fj\u00e4rdhundraland","author":"Ylva Fontell","date":"9 febrero 2018","format":false,"excerpt":"Olivia, la alce del Parque de Alces de G\u00e5rdsj\u00f6, como ladrona de tulipanes, se ha convertido en un mega\u00e9xito que se est\u00e1 extendiendo por todo el mundo. En el Parque de los Alces de G\u00e5rdsj\u00f6 te acercas a los alces y los conoces en su entorno natural (no, no es dentro de la cocina de Leffe e Ilona, sino fuera, en el recinto). Es impactante y se convierte en...","rel":"","context":"En \u00abDjur\u00bb","block_context":{"text":"Djur","link":"https:\/\/www.fjardhundraland.se\/es\/djur\/"},"img":{"alt_text":"M\u00f6t \u00e4lgar i G\u00e5rdsj\u00f6 \u00e4lgpark","src":"https:\/\/i0.wp.com\/www.fjardhundraland.se\/wp-content\/uploads\/2018\/02\/algsafari3.jpg?resize=350%2C200&ssl=1","width":350,"height":200,"srcset":"https:\/\/i0.wp.com\/www.fjardhundraland.se\/wp-content\/uploads\/2018\/02\/algsafari3.jpg?resize=350%2C200&ssl=1 1x, https:\/\/i0.wp.com\/www.fjardhundraland.se\/wp-content\/uploads\/2018\/02\/algsafari3.jpg?resize=525%2C300&ssl=1 1.5x, https:\/\/i0.wp.com\/www.fjardhundraland.se\/wp-content\/uploads\/2018\/02\/algsafari3.jpg?resize=700%2C400&ssl=1 2x, https:\/\/i0.wp.com\/www.fjardhundraland.se\/wp-content\/uploads\/2018\/02\/algsafari3.jpg?resize=1050%2C600&ssl=1 3x, https:\/\/i0.wp.com\/www.fjardhundraland.se\/wp-content\/uploads\/2018\/02\/algsafari3.jpg?resize=1400%2C800&ssl=1 4x"},"classes":[]},{"id":19031,"url":"https:\/\/www.fjardhundraland.se\/es\/inlagg\/2025\/hostlov-i-fjardhundraland\/","url_meta":{"origin":4945,"position":4},"title":"Vacaciones de oto\u00f1o en Fj\u00e4rdhundraland","author":"Marloes","date":"27 octubre 2025","format":false,"excerpt":"Espeluznantes paseos por castillos, una escalera m\u00e1gica y magn\u00edficos paisajes. O una visita m\u00e1s tranquila a una iglesia medieval para encender una vela. Aqu\u00ed le ofrecemos una selecci\u00f3n de todas las posibilidades para unas vacaciones oto\u00f1ales llenas de aventuras para grandes y peque\u00f1os. Excursi\u00f3n con Petri Tigerkrona al castillo de Skokloster 1. Castillo de Skokloster Qu\u00e9...","rel":"","context":"En \u00abInl\u00e4gg\u00bb","block_context":{"text":"Inl\u00e4gg","link":"https:\/\/www.fjardhundraland.se\/es\/inlagg\/"},"img":{"alt_text":"","src":"https:\/\/i0.wp.com\/www.fjardhundraland.se\/wp-content\/uploads\/2025\/10\/skoklosters-slott-skolvisning-1920x1080-1.jpg?resize=350%2C200&ssl=1","width":350,"height":200,"srcset":"https:\/\/i0.wp.com\/www.fjardhundraland.se\/wp-content\/uploads\/2025\/10\/skoklosters-slott-skolvisning-1920x1080-1.jpg?resize=350%2C200&ssl=1 1x, https:\/\/i0.wp.com\/www.fjardhundraland.se\/wp-content\/uploads\/2025\/10\/skoklosters-slott-skolvisning-1920x1080-1.jpg?resize=525%2C300&ssl=1 1.5x, https:\/\/i0.wp.com\/www.fjardhundraland.se\/wp-content\/uploads\/2025\/10\/skoklosters-slott-skolvisning-1920x1080-1.jpg?resize=700%2C400&ssl=1 2x, https:\/\/i0.wp.com\/www.fjardhundraland.se\/wp-content\/uploads\/2025\/10\/skoklosters-slott-skolvisning-1920x1080-1.jpg?resize=1050%2C600&ssl=1 3x, https:\/\/i0.wp.com\/www.fjardhundraland.se\/wp-content\/uploads\/2025\/10\/skoklosters-slott-skolvisning-1920x1080-1.jpg?resize=1400%2C800&ssl=1 4x"},"classes":[]},{"id":218,"url":"https:\/\/www.fjardhundraland.se\/es\/externt\/2011\/forsmak-med-mersmak\/","url_meta":{"origin":4945,"position":5},"title":"Degustaci\u00f3n con sabor a\u00f1adido","author":"Mats Thorburn","date":"16 mayo 2011","format":false,"excerpt":"El s\u00e1bado 14 de mayo, el Fj\u00e4rdhundraland empez\u00f3 con buen pie: el tiempo acompa\u00f1\u00f3, mucha gente simp\u00e1tica se reuni\u00f3 con el Fj\u00e4rdhundraland y pudimos vivir desde el d\u00e9cimo aniversario de Ludmilla la Payasa hasta el debut de Marta &amp; Magnus. Los artesanos gastron\u00f3micos de Fj\u00e4rdhundraland nos deleitaron con degustaciones de manjares locales, pudimos...","rel":"","context":"En \u00ab\u00c4ldre inl\u00e4gg\u00bb","block_context":{"text":"\u00c4ldre inl\u00e4gg","link":"https:\/\/www.fjardhundraland.se\/es\/aldre-inlagg\/"},"img":{"alt_text":"","src":"https:\/\/a7.sphotos.ak.fbcdn.net\/hphotos-ak-snc6\/229217_10150182280099234_624654233_6892614_148079_n.jpg","width":350,"height":200},"classes":[]}],"jetpack_sharing_enabled":true,"_links":{"self":[{"href":"https:\/\/www.fjardhundraland.se\/es\/wp-json\/wp\/v2\/posts\/4945","targetHints":{"allow":["GET"]}}],"collection":[{"href":"https:\/\/www.fjardhundraland.se\/es\/wp-json\/wp\/v2\/posts"}],"about":[{"href":"https:\/\/www.fjardhundraland.se\/es\/wp-json\/wp\/v2\/types\/post"}],"author":[{"embeddable":true,"href":"https:\/\/www.fjardhundraland.se\/es\/wp-json\/wp\/v2\/users\/4"}],"replies":[{"embeddable":true,"href":"https:\/\/www.fjardhundraland.se\/es\/wp-json\/wp\/v2\/comments?post=4945"}],"version-history":[{"count":1,"href":"https:\/\/www.fjardhundraland.se\/es\/wp-json\/wp\/v2\/posts\/4945\/revisions"}],"predecessor-version":[{"id":19609,"href":"https:\/\/www.fjardhundraland.se\/es\/wp-json\/wp\/v2\/posts\/4945\/revisions\/19609"}],"wp:featuredmedia":[{"embeddable":true,"href":"https:\/\/www.fjardhundraland.se\/es\/wp-json\/wp\/v2\/media\/4946"}],"wp:attachment":[{"href":"https:\/\/www.fjardhundraland.se\/es\/wp-json\/wp\/v2\/media?parent=4945"}],"wp:term":[{"taxonomy":"category","embeddable":true,"href":"https:\/\/www.fjardhundraland.se\/es\/wp-json\/wp\/v2\/categories?post=4945"},{"taxonomy":"post_tag","embeddable":true,"href":"https:\/\/www.fjardhundraland.se\/es\/wp-json\/wp\/v2\/tags?post=4945"}],"curies":[{"name":"wp","href":"https:\/\/api.w.org\/{rel}","templated":true}]}}