
{"id":483,"date":"2011-07-19T07:12:03","date_gmt":"2011-07-19T05:12:03","guid":{"rendered":"http:\/\/www.fjardhundraland.se\/?p=483"},"modified":"2026-02-05T13:40:41","modified_gmt":"2026-02-05T12:40:41","slug":"musica-sobre-la-memoria-y-el-olvido","status":"publish","type":"post","link":"https:\/\/www.fjardhundraland.se\/es\/externt\/2011\/musik-om-minne-och-glomska\/","title":{"rendered":"Experiencias musicales en el molino de Forsby"},"content":{"rendered":"<p>Forsby Mill, a las afueras de Fj\u00e4rdhundra, acoge por sexto a\u00f1o consecutivo conciertos de primera categor\u00eda, que siempre cuentan con una gran asistencia y son una gran experiencia. Este a\u00f1o el tema es \"Memoria y olvido\".<\/p>\n<p>El primer concierto, \"La memoria\", es el 30 de julio e incluye m\u00fasica del compositor sueco-alem\u00e1n Josef Martin Kraus y de su bi\u00f3grafo Fredrik Samuel Silverstolpe. Tambi\u00e9n habr\u00e1 textos de y con Magnus Florin y teatro de C.J.L Almqvist con Turteatern.<\/p>\n<p>\u00a1Todo esto en una sola noche, al son de los r\u00e1pidos en un antiguo molino! No se lo pierda: reserve sus entradas en <a title=\"Molino de Forsby\" href=\"https:\/\/www.forsbykvarn.se\/\" target=\"_blank\" rel=\"noopener\">www.forsbykvarn.se<\/a>. La velada promete ser apasionante.<\/p>\n<p><a href=\"https:\/\/www.fjardhundraland.se\/wp-content\/uploads\/2011\/07\/forsby1.jpg\"><img decoding=\"async\" class=\"alignnone size-full wp-image-502\" title=\"Pr\u00f3ximo concierto en el molino de Forsby\" src=\"https:\/\/www.fjardhundraland.se\/wp-content\/uploads\/2011\/07\/forsby1.jpg\" alt=\"Pr\u00f3ximo concierto en el molino de Forsby\" width=\"600\" height=\"400\" \/><\/a><\/p>\n<p><a href=\"https:\/\/www.fjardhundraland.se\/wp-content\/uploads\/2011\/07\/forsby-ljus.jpg\"><img decoding=\"async\" class=\"alignnone size-full wp-image-503\" title=\"velas forsby\" src=\"https:\/\/www.fjardhundraland.se\/wp-content\/uploads\/2011\/07\/forsby-ljus.jpg\" alt=\"\" width=\"600\" height=\"815\"><\/a><\/p>","protected":false},"excerpt":{"rendered":"<p>Forsby Mill, a las afueras de Fj\u00e4rdhundra, acoge por sexto a\u00f1o consecutivo conciertos de primera categor\u00eda, que siempre cuentan con una gran asistencia y son una gran experiencia. Este a\u00f1o el tema es \"Memoria y olvido\".<\/p>","protected":false},"author":1,"featured_media":503,"comment_status":"open","ping_status":"open","sticky":false,"template":"","format":"standard","meta":{"_acf_changed":false,"_relevanssi_hide_post":"","_relevanssi_hide_content":"","_relevanssi_pin_for_all":"","_relevanssi_pin_keywords":"","_relevanssi_unpin_keywords":"","_relevanssi_related_keywords":"","_relevanssi_related_include_ids":"","_relevanssi_related_exclude_ids":"","_relevanssi_related_no_append":"","_relevanssi_related_not_related":"","_relevanssi_related_posts":"","_relevanssi_noindex_reason":"Rank Math Uteslut fr\u00e5n Relevanssi index","_genesis_hide_title":false,"_genesis_hide_breadcrumbs":false,"_genesis_hide_singular_image":false,"_genesis_hide_footer_widgets":false,"_genesis_custom_body_class":"","_genesis_custom_post_class":"","_genesis_layout":"","_jetpack_memberships_contains_paid_content":false,"footnotes":""},"categories":[353,18,45,23,50],"tags":[352,38,57,58,204],"class_list":{"0":"post-483","1":"post","2":"type-post","3":"status-publish","4":"format-standard","5":"has-post-thumbnail","7":"category-aldre-inlagg","8":"category-externt","9":"category-kultur","10":"category-musik","11":"category-teater","12":"tag-aldre-inlagg","13":"tag-forsby-kvarn","14":"tag-klassisk-musik","15":"tag-kraus","16":"tag-teater","17":"entry"},"acf":[],"visa":null,"geo_latitude":null,"geo_longitude":null,"jetpack_featured_media_url":"","featured_image_src":null,"featured_image_src_square":null,"author_info":{"display_name":"Mats Thorburn","author_link":"https:\/\/www.fjardhundraland.se\/es\/author\/matst\/"},"jetpack-related-posts":[{"id":600,"url":"https:\/\/www.fjardhundraland.se\/es\/externt\/2011\/musik-du-aldrig-mer-kommer-att-fa-hora\/","url_meta":{"origin":483,"position":0},"title":"M\u00fasica para el momento en el molino de Forsby","author":"Mats Thorburn","date":"16 agosto 2011","format":false,"excerpt":"Forsby Mill, la sala de conciertos de Forsby, a las afueras de Fj\u00e4rdhundra, le invita a su segundo concierto del a\u00f1o, el s\u00e1bado 20 de agosto. Esta noche escuchar\u00e1 m\u00fasica improvisada: \u00a1m\u00fasica tocada para no repetirse nunca m\u00e1s!","rel":"","context":"En \u00ab\u00c4ldre inl\u00e4gg\u00bb","block_context":{"text":"\u00c4ldre inl\u00e4gg","link":"https:\/\/www.fjardhundraland.se\/es\/aldre-inlagg\/"},"img":{"alt_text":"Torbj\u00f6rn Lillieqvist, Forsby kvarn","src":"https:\/\/i0.wp.com\/www.fjardhundraland.se\/wp-content\/uploads\/2011\/08\/forsby-1-630x289.jpg?resize=350%2C200&ssl=1","width":350,"height":200,"srcset":"https:\/\/i0.wp.com\/www.fjardhundraland.se\/wp-content\/uploads\/2011\/08\/forsby-1-630x289.jpg?resize=350%2C200&ssl=1 1x, https:\/\/i0.wp.com\/www.fjardhundraland.se\/wp-content\/uploads\/2011\/08\/forsby-1-630x289.jpg?resize=525%2C300&ssl=1 1.5x"},"classes":[]},{"id":1155,"url":"https:\/\/www.fjardhundraland.se\/es\/musik\/2012\/varoffer-i-sommarkvallen\/","url_meta":{"origin":483,"position":1},"title":"Sacrificios de primavera en la noche de verano","author":"Mats Thorburn","date":"7 agosto 2012","format":false,"excerpt":"El s\u00e1bado 11 de agosto llega el segundo concierto del a\u00f1o en Forsby kvarn musikscen. Una versi\u00f3n a cuatro manos de la Consagraci\u00f3n de la Primavera de Igor Stravinsky con Kristine Scholz y Mats Persson ir\u00e1 seguida de jazz con Monica Dominique y Palle Danielsson.","rel":"","context":"En \u00ab\u00c4ldre inl\u00e4gg\u00bb","block_context":{"text":"\u00c4ldre inl\u00e4gg","link":"https:\/\/www.fjardhundraland.se\/es\/aldre-inlagg\/"},"img":{"alt_text":"Forsby kvarn. Foto: Mats Thorburn.","src":"https:\/\/i0.wp.com\/www.fjardhundraland.se\/wp-content\/uploads\/2012\/08\/IMG_7095-630x403.jpg?resize=350%2C200&ssl=1","width":350,"height":200,"srcset":"https:\/\/i0.wp.com\/www.fjardhundraland.se\/wp-content\/uploads\/2012\/08\/IMG_7095-630x403.jpg?resize=350%2C200&ssl=1 1x, https:\/\/i0.wp.com\/www.fjardhundraland.se\/wp-content\/uploads\/2012\/08\/IMG_7095-630x403.jpg?resize=525%2C300&ssl=1 1.5x"},"classes":[]},{"id":2490,"url":"https:\/\/www.fjardhundraland.se\/es\/rebusrunda\/2014\/medverkande-pa-rebusrundan-2014\/","url_meta":{"origin":483,"position":2},"title":"Participantes en la Ronda Rebus 2014","author":"Mats Thorburn","date":"10 agosto 2014","format":false,"excerpt":"Jardines de Alsta - Caf\u00e9-jard\u00edn y galer\u00eda. Exposiciones en curso: acuarelista\/ilustrador de libros Maj Fagerberg cuadros de flores, artista Lars Wallin, cuadros de p\u00e1jaros. Charcuter\u00eda Franz\u00e9n - Embutidos ecol\u00f3gicos y charcuter\u00eda de primera calidad de nuestros propios cerdos de Linder\u00f6d. Gula Stallets Butik &amp; Kaf\u00e9 - Cafeter\u00eda con comida casera y ligera y tienda de granja con delicias ecol\u00f3gicas y de producci\u00f3n local. Patos, gallinas, conejos, ovejas, caballos, perros y gatos. Interior ...","rel":"","context":"En \u00ab\u00c4ldre inl\u00e4gg\u00bb","block_context":{"text":"\u00c4ldre inl\u00e4gg","link":"https:\/\/www.fjardhundraland.se\/es\/aldre-inlagg\/"},"img":{"alt_text":"","src":"","width":0,"height":0},"classes":[]},{"id":1206,"url":"https:\/\/www.fjardhundraland.se\/es\/hantverk\/2012\/oppet-hus-18-november\/","url_meta":{"origin":483,"position":3},"title":"Jornada de puertas abiertas 18 de noviembre","author":"Ylva Fontell","date":"4 noviembre 2012","format":false,"excerpt":"El domingo 18 de noviembre podr\u00e1 echar un vistazo a todo lo que ofrece Fj\u00e4rdhundraland. La asociaci\u00f3n se presentar\u00e1, muchos miembros hablar\u00e1n de sus actividades\/vender\u00e1n sus productos, podr\u00e1 comer y tomar caf\u00e9 de producci\u00f3n local y ver pel\u00edculas o teatro infantil. \u00a1Bienvenidos a una velada emocionante en la oscuridad del oto\u00f1o! La guarder\u00eda H\u00e4rnevi est\u00e1 en el lugar ...","rel":"","context":"En \u00ab\u00c4ldre inl\u00e4gg\u00bb","block_context":{"text":"\u00c4ldre inl\u00e4gg","link":"https:\/\/www.fjardhundraland.se\/es\/aldre-inlagg\/"},"img":{"alt_text":"","src":"","width":0,"height":0},"classes":[]},{"id":3293,"url":"https:\/\/www.fjardhundraland.se\/es\/press\/2016\/tre-kafeer-fran-fjardhundraland-nya-white-guide\/","url_meta":{"origin":483,"position":4},"title":"Tres caf\u00e9s Fj\u00e4rdhundraland en la nueva Gu\u00eda Blanca","author":"Mats Thorburn","date":"13 mayo 2016","format":false,"excerpt":"Ya se han dado a conocer los caf\u00e9s que formar\u00e1n parte de la edici\u00f3n de este a\u00f1o de la Gu\u00eda Blanca del Caf\u00e9. Anteriormente, nueve caf\u00e9s de Uppland han pasado por el ojo de la aguja, y este a\u00f1o se les unen nada menos que tres caf\u00e9s de Fj\u00e4rdhundraland. Son el caf\u00e9 Forsby kvarn, la panader\u00eda Kr\u00e5kvilan y la granja Resta...","rel":"","context":"En \u00abPress\u00bb","block_context":{"text":"Press","link":"https:\/\/www.fjardhundraland.se\/es\/press\/"},"img":{"alt_text":"Kr\u00e5kvilan Marianne","src":"https:\/\/i0.wp.com\/www.fjardhundraland.se\/wp-content\/uploads\/2014\/02\/Krakvilan_Marianne.jpg?resize=350%2C200&ssl=1","width":350,"height":200,"srcset":"https:\/\/i0.wp.com\/www.fjardhundraland.se\/wp-content\/uploads\/2014\/02\/Krakvilan_Marianne.jpg?resize=350%2C200&ssl=1 1x, https:\/\/i0.wp.com\/www.fjardhundraland.se\/wp-content\/uploads\/2014\/02\/Krakvilan_Marianne.jpg?resize=525%2C300&ssl=1 1.5x, https:\/\/i0.wp.com\/www.fjardhundraland.se\/wp-content\/uploads\/2014\/02\/Krakvilan_Marianne.jpg?resize=700%2C400&ssl=1 2x, https:\/\/i0.wp.com\/www.fjardhundraland.se\/wp-content\/uploads\/2014\/02\/Krakvilan_Marianne.jpg?resize=1050%2C600&ssl=1 3x, https:\/\/i0.wp.com\/www.fjardhundraland.se\/wp-content\/uploads\/2014\/02\/Krakvilan_Marianne.jpg?resize=1400%2C800&ssl=1 4x"},"classes":[]},{"id":914,"url":"https:\/\/www.fjardhundraland.se\/es\/mat\/2012\/nu-oppnar-forsby-kvarn-kafe\/","url_meta":{"origin":483,"position":5},"title":"Ya est\u00e1 abierta la cafeter\u00eda de Forsby Mill","author":"Mats Thorburn","date":"26 abril 2012","format":false,"excerpt":"El s\u00e1bado abrir\u00e1 sus puertas la esperada cafeter\u00eda de Forsby Mill. Donde antes funcionaba la locomotora del molino y el aserradero, ahora se servir\u00e1n los pasteles de Ibba. Se prometen golosinas y tambi\u00e9n algunos alimentos \u00fatiles. M\u00e1s informaci\u00f3n en el nuevo sitio web.","rel":"","context":"En \u00ab\u00c4ldre inl\u00e4gg\u00bb","block_context":{"text":"\u00c4ldre inl\u00e4gg","link":"https:\/\/www.fjardhundraland.se\/es\/aldre-inlagg\/"},"img":{"alt_text":"","src":"https:\/\/i0.wp.com\/forsbykvarn.se\/wp-content\/uploads\/2011\/08\/Forsbybageriets-gamla-monter.jpg?resize=350%2C200&ssl=1","width":350,"height":200},"classes":[]}],"jetpack_sharing_enabled":true,"_links":{"self":[{"href":"https:\/\/www.fjardhundraland.se\/es\/wp-json\/wp\/v2\/posts\/483","targetHints":{"allow":["GET"]}}],"collection":[{"href":"https:\/\/www.fjardhundraland.se\/es\/wp-json\/wp\/v2\/posts"}],"about":[{"href":"https:\/\/www.fjardhundraland.se\/es\/wp-json\/wp\/v2\/types\/post"}],"author":[{"embeddable":true,"href":"https:\/\/www.fjardhundraland.se\/es\/wp-json\/wp\/v2\/users\/1"}],"replies":[{"embeddable":true,"href":"https:\/\/www.fjardhundraland.se\/es\/wp-json\/wp\/v2\/comments?post=483"}],"version-history":[{"count":1,"href":"https:\/\/www.fjardhundraland.se\/es\/wp-json\/wp\/v2\/posts\/483\/revisions"}],"predecessor-version":[{"id":19749,"href":"https:\/\/www.fjardhundraland.se\/es\/wp-json\/wp\/v2\/posts\/483\/revisions\/19749"}],"wp:featuredmedia":[{"embeddable":true,"href":"https:\/\/www.fjardhundraland.se\/es\/wp-json\/"}],"wp:attachment":[{"href":"https:\/\/www.fjardhundraland.se\/es\/wp-json\/wp\/v2\/media?parent=483"}],"wp:term":[{"taxonomy":"category","embeddable":true,"href":"https:\/\/www.fjardhundraland.se\/es\/wp-json\/wp\/v2\/categories?post=483"},{"taxonomy":"post_tag","embeddable":true,"href":"https:\/\/www.fjardhundraland.se\/es\/wp-json\/wp\/v2\/tags?post=483"}],"curies":[{"name":"wp","href":"https:\/\/api.w.org\/{rel}","templated":true}]}}