
{"id":4687,"date":"2017-08-21T07:38:48","date_gmt":"2017-08-21T05:38:48","guid":{"rendered":"http:\/\/www.fjardhundraland.se\/?p=4687"},"modified":"2026-02-05T13:43:00","modified_gmt":"2026-02-05T12:43:00","slug":"alimentos-y-bebidas-2017","status":"publish","type":"post","link":"https:\/\/www.fjardhundraland.se\/es\/mat-manniskor\/2017\/mat-manniskor-2017\/","title":{"rendered":"Comida y gente 2017"},"content":{"rendered":"<p>Matrundan Mat &amp; m\u00e4nniskor blev en stor succ\u00e9 de tv\u00e5 f\u00f6rsta \u00e5ren, med tusentals bes\u00f6kare p\u00e5 jakt efter matupplevelser. <strong>S\u00f6ndagen 24 september 2017 kl 11\u201317<\/strong> \u00e4r det dags f\u00f6r tredje upplagan. Bes\u00f6k odlare och matm\u00e4nniskor mitt i b\u00e4sta sk\u00f6rdetiden!<\/p>\n<p>Du v\u00e4ljer bland femton olika st\u00e4llen. P\u00e5 n\u00e5gra st\u00e4llen finns flera f\u00f6retag p\u00e5 samma plats.<\/p>\n<p>P\u00e5 varje destination finns ett eller flera smakprover, sm\u00e5r\u00e4tter som lagats av egna r\u00e5varor, f\u00f6r 30 kr. Dessa finns samlade p\u00e5 <a href=\"https:\/\/www.fjardhundraland.se\/wp-content\/uploads\/2017\/08\/MMMenykartan2017v3.pdf\">menyn<\/a>. Massor av h\u00e4rlig lokalproducerad mat finns ocks\u00e5 att k\u00f6pa s\u00e5klart!<\/p>\n<p>N\u00e4r du blir hungrig s\u00e4tter du sikte p\u00e5 ett av de st\u00e4llen som har <a href=\"https:\/\/www.fjardhundraland.se\/2017\/09\/det-hander-pa-mat-manniskor\/\">lunch<\/a>\u00a0(med kniv och gaffel-symbol p\u00e5 menyn).<\/p>\n<p>\u2022 <a href=\"https:\/\/www.fjardhundraland.se\/wp-content\/uploads\/2017\/08\/MMMenykartan2017v3.pdf\">H\u00e4r finns meny och karta till \u00e5rets Mat &amp; m\u00e4nniskor!<\/a>\u00a0[pdf]<\/p>\n<p>\u2022 L\u00e4s mer om var du <a href=\"https:\/\/www.fjardhundraland.se\/2017\/09\/det-hander-pa-mat-manniskor\/\">hittar lunch och vad som erbjuds p\u00e5 de olika st\u00e4llena<\/a>.<\/p>\n<p>\u2022 S\u00f6ker du sam\u00e5kning? <a href=\"https:\/\/www.facebook.com\/groups\/124130864983598\/\" target=\"_blank\" rel=\"noopener\">G\u00e5 med i Facebook-gruppen h\u00e4r!<\/a><\/p>\n<p>\u2022 <a href=\"https:\/\/www.google.com\/maps\/d\/viewer?mid=118eaKAWvuCzmyU_cdhcvt0vee4M&amp;usp=sharing\" target=\"_blank\" rel=\"noopener\">Google-karta finns h\u00e4r.<\/a>\u00a0Eller klicka p\u00e5 fyrkanten i \u00f6vre h\u00f6gra h\u00f6rnet nedan f\u00f6r att \u00f6ppna kartan. Med den kan du navigera med hj\u00e4lp av telefonens gps. <a href=\"https:\/\/www.fjardhundraland.se\/evenemang\/rebusrundan\/navigera-med-google-maps\/\">L\u00e4s om hur du g\u00f6r h\u00e4r<\/a>.<\/p>\n<p><iframe src=\"https:\/\/www.google.com\/maps\/d\/u\/3\/embed?mid=118eaKAWvuCzmyU_cdhcvt0vee4M\" width=\"100%\" height=\"580\"><\/iframe><\/p>\n<ol>\n<li><a href=\"https:\/\/www.fjardhundraland.se\/plats\/sussis-gardsbageri\/\">Sussis G\u00e5rdsbageri<\/a><\/li>\n<li><a href=\"https:\/\/www.fjardhundraland.se\/plats\/hallonparken\/\">Hallonparken<\/a><\/li>\n<li><a href=\"https:\/\/www.fjardhundraland.se\/plats\/kromsta-lantbod\/\">Kromsta Lantbod<\/a><\/li>\n<li><a href=\"https:\/\/www.fjardhundraland.se\/plats\/franzens-charkuterier\/\">Franz\u00e9ns Charkuterier<\/a><\/li>\n<li><a href=\"https:\/\/www.fjardhundraland.se\/plats\/salnecke-slottscafe\/\">Salnecke slottscaf\u00e9 ost &amp; deli<\/a>, <a href=\"https:\/\/www.fjardhundraland.se\/plats\/bergets-gards-pasta-brod\/\">Bergets g\u00e5rds pasta &amp; br\u00f6d<\/a>, <a href=\"https:\/\/www.fjardhundraland.se\/plats\/lagerlofska-magasinet\/\">Lagerl\u00f6fska magasinet<\/a>, <a href=\"https:\/\/www.fjardhundraland.se\/plats\/aromaspecialisterna\/\">Aromaspecialisterna<\/a><\/li>\n<li><a href=\"https:\/\/www.fjardhundraland.se\/plats\/landsberga-gard\/\">Landsberga G\u00e5rd<\/a><\/li>\n<li><a href=\"https:\/\/www.fjardhundraland.se\/plats\/alsta-tradgardar\/\">Alsta tr\u00e4dg\u00e5rdar<\/a><\/li>\n<li><a href=\"https:\/\/www.fjardhundraland.se\/plats\/resta-gard\/\">Resta g\u00e5rdsbutik<\/a><\/li>\n<li><a href=\"https:\/\/Sunnansj\u00f6 g\u00e5rd\">Sunnansj\u00f6 g\u00e5rd<\/a><\/li>\n<li><a href=\"https:\/\/www.fjardhundraland.se\/plats\/pekoe-ekologiskt-te\/\">Pekoe ekologiskt te<\/a><\/li>\n<li><a href=\"https:\/\/S\u00f6rg\u00e5rden gr\u00f6nt\">S\u00f6rg\u00e5rden gr\u00f6nt<\/a><\/li>\n<li><a href=\"https:\/\/www.fjardhundraland.se\/plats\/dunderbo-ljus-och-hantverk\/\">Dunderbo Ljus och Hantverk<\/a><\/li>\n<li><a href=\"https:\/\/www.fjardhundraland.se\/plats\/glada-faret\/\">Glada F\u00e5ret<\/a>, <a href=\"https:\/\/www.fjardhundraland.se\/plats\/glada-faret\/\">\u00c4nga g\u00e5rd<\/a><\/li>\n<li><a href=\"https:\/\/www.fjardhundraland.se\/plats\/gula-stallet-butik-kafe\/\">Gula Stallet Butik &amp; Kaf\u00e9<\/a><\/li>\n<li><a href=\"https:\/\/www.fjardhundraland.se\/plats\/hast-och-gronsaksbonden\/\">H\u00e4st och gr\u00f6nsaksbonden<\/a><\/li>\n<\/ol>\n","protected":false},"excerpt":{"rendered":"<p>Matrundan Mat &amp; m\u00e4nniskor blev en stor succ\u00e9 de tv\u00e5 f\u00f6rsta \u00e5ren, med tusentals bes\u00f6kare p\u00e5 jakt efter matupplevelser. S\u00f6ndagen 24 september 2017 kl 11\u201317 \u00e4r det dags f\u00f6r tredje upplagan. Bes\u00f6k odlare och matm\u00e4nniskor mitt i b\u00e4sta sk\u00f6rdetiden! Du v\u00e4ljer bland femton olika st\u00e4llen. P\u00e5 n\u00e5gra st\u00e4llen finns flera f\u00f6retag p\u00e5 samma plats. P\u00e5 [&hellip;]<\/p>\n","protected":false},"author":1,"featured_media":4689,"comment_status":"closed","ping_status":"closed","sticky":false,"template":"","format":"standard","meta":{"_acf_changed":false,"_relevanssi_hide_post":"","_relevanssi_hide_content":"","_relevanssi_pin_for_all":"","_relevanssi_pin_keywords":"","_relevanssi_unpin_keywords":"","_relevanssi_related_keywords":"","_relevanssi_related_include_ids":"","_relevanssi_related_exclude_ids":"","_relevanssi_related_no_append":"","_relevanssi_related_not_related":"","_relevanssi_related_posts":"16405,16533,7284,5416,4671,3568","_relevanssi_noindex_reason":"Rank Math Uteslut fr\u00e5n Relevanssi index","_genesis_hide_title":false,"_genesis_hide_breadcrumbs":false,"_genesis_hide_singular_image":false,"_genesis_hide_footer_widgets":false,"_genesis_custom_body_class":"","_genesis_custom_post_class":"","_genesis_layout":"","_jetpack_memberships_contains_paid_content":false,"footnotes":""},"categories":[253,353,78,22,87],"tags":[352],"class_list":{"0":"post-4687","1":"post","2":"type-post","3":"status-publish","4":"format-standard","5":"has-post-thumbnail","7":"category-mat-manniskor","8":"category-aldre-inlagg","9":"category-marknad-2","10":"category-mat","11":"category-utflykt","12":"tag-aldre-inlagg","13":"entry"},"acf":[],"visa":null,"geo_latitude":null,"geo_longitude":null,"jetpack_featured_media_url":"https:\/\/www.fjardhundraland.se\/wp-content\/uploads\/2017\/08\/socc88rgacc8arden-grocc88nt-chili.jpg","featured_image_src":"https:\/\/www.fjardhundraland.se\/wp-content\/uploads\/2017\/08\/socc88rgacc8arden-grocc88nt-chili.jpg","featured_image_src_square":"https:\/\/www.fjardhundraland.se\/wp-content\/uploads\/2017\/08\/socc88rgacc8arden-grocc88nt-chili.jpg","author_info":{"display_name":"Mats Thorburn","author_link":"https:\/\/www.fjardhundraland.se\/es\/author\/matst\/"},"jetpack-related-posts":[{"id":3568,"url":"https:\/\/www.fjardhundraland.se\/es\/mat\/2016\/mat-manniskor-2016\/","url_meta":{"origin":4687,"position":0},"title":"Alimentos y personas 2016","author":"Mats Thorburn","date":"6 septiembre 2016","format":false,"excerpt":"El domingo 25 de septiembre de 2016, de 11:00 a 17:00, \u00a1es la hora de Food &amp; People! Recorrer\u00e1s las hermosas callejuelas del Fj\u00e4rdhundraland de lugar en lugar, comiendo y picoteando, probando la comida - y conociendo a la gente que hay detr\u00e1s. Aqu\u00ed tienes el men\u00fa y el mapa. \u00bfDif\u00edcil de encontrar? Aqu\u00ed tienes direcciones, coordenadas e indicaciones para llegar. As\u00ed se hace: Imprime...","rel":"","context":"En \u00abMat\u00bb","block_context":{"text":"Mat","link":"https:\/\/www.fjardhundraland.se\/es\/mat\/"},"img":{"alt_text":"","src":"https:\/\/i0.wp.com\/www.fjardhundraland.se\/wp-content\/uploads\/2016\/09\/mmfb.jpg?resize=350%2C200&ssl=1","width":350,"height":200,"srcset":"https:\/\/i0.wp.com\/www.fjardhundraland.se\/wp-content\/uploads\/2016\/09\/mmfb.jpg?resize=350%2C200&ssl=1 1x, https:\/\/i0.wp.com\/www.fjardhundraland.se\/wp-content\/uploads\/2016\/09\/mmfb.jpg?resize=525%2C300&ssl=1 1.5x, https:\/\/i0.wp.com\/www.fjardhundraland.se\/wp-content\/uploads\/2016\/09\/mmfb.jpg?resize=700%2C400&ssl=1 2x, https:\/\/i0.wp.com\/www.fjardhundraland.se\/wp-content\/uploads\/2016\/09\/mmfb.jpg?resize=1050%2C600&ssl=1 3x"},"classes":[]},{"id":16405,"url":"https:\/\/www.fjardhundraland.se\/es\/magasin-fjardhundraland\/2024\/maten-som-ar-vard-en-resa\/","url_meta":{"origin":4687,"position":1},"title":"Alimentos por los que merece la pena viajar","author":"Mats Thorburn","date":"31 agosto 2024","format":false,"excerpt":"Viajar y comer A finales de septiembre llega Food &amp; People, la gran fiesta de la cosecha. Habr\u00e1 muchas oportunidades para degustar Fj\u00e4rdhundraland y conocer a la gente que hay detr\u00e1s de los alimentos. Texto y foto: Ann-Helen Meyer von Bremen Volvemos a Food &amp; People 2023. Cordero...","rel":"","context":"En \u00abMagasin Fj\u00e4rdhundraland\u00bb","block_context":{"text":"Magasin Fj\u00e4rdhundraland","link":"https:\/\/www.fjardhundraland.se\/es\/magasin-fjardhundraland\/"},"img":{"alt_text":"","src":"https:\/\/i0.wp.com\/www.fjardhundraland.se\/wp-content\/uploads\/2024\/08\/matomanniskor.jpg?resize=350%2C200&ssl=1","width":350,"height":200,"srcset":"https:\/\/i0.wp.com\/www.fjardhundraland.se\/wp-content\/uploads\/2024\/08\/matomanniskor.jpg?resize=350%2C200&ssl=1 1x, https:\/\/i0.wp.com\/www.fjardhundraland.se\/wp-content\/uploads\/2024\/08\/matomanniskor.jpg?resize=525%2C300&ssl=1 1.5x, https:\/\/i0.wp.com\/www.fjardhundraland.se\/wp-content\/uploads\/2024\/08\/matomanniskor.jpg?resize=700%2C400&ssl=1 2x, https:\/\/i0.wp.com\/www.fjardhundraland.se\/wp-content\/uploads\/2024\/08\/matomanniskor.jpg?resize=1050%2C600&ssl=1 3x, https:\/\/i0.wp.com\/www.fjardhundraland.se\/wp-content\/uploads\/2024\/08\/matomanniskor.jpg?resize=1400%2C800&ssl=1 4x"},"classes":[]},{"id":3563,"url":"https:\/\/www.fjardhundraland.se\/es\/mat\/2016\/har-ar-menyn-pa-mat-manniskor-2016\/","url_meta":{"origin":4687,"position":2},"title":"Este es el men\u00fa de Food &amp; People 2016","author":"Mats Thorburn","date":"3 septiembre 2016","format":false,"excerpt":"\u00bfQu\u00e9 pasar\u00eda si se diera a los ganaderos, agricultores y panaderos la tarea de hacer algo fuera de lo com\u00fan; un peque\u00f1o plato en el que la materia prima habitual se combinara con nuevos ingredientes, el aster de un colega o simplemente un favorito personal? Eso es lo que estamos probando aqu\u00ed. \u00a1Pruebe el Fj\u00e4rdhundraland en Food &amp; People! Bienvenido el 25 de septiembre. Aqu\u00ed tiene...","rel":"","context":"En \u00abMat\u00bb","block_context":{"text":"Mat","link":"https:\/\/www.fjardhundraland.se\/es\/mat\/"},"img":{"alt_text":"","src":"https:\/\/i0.wp.com\/www.fjardhundraland.se\/wp-content\/uploads\/2016\/09\/mmkartan.jpg?resize=350%2C200&ssl=1","width":350,"height":200,"srcset":"https:\/\/i0.wp.com\/www.fjardhundraland.se\/wp-content\/uploads\/2016\/09\/mmkartan.jpg?resize=350%2C200&ssl=1 1x, https:\/\/i0.wp.com\/www.fjardhundraland.se\/wp-content\/uploads\/2016\/09\/mmkartan.jpg?resize=525%2C300&ssl=1 1.5x, https:\/\/i0.wp.com\/www.fjardhundraland.se\/wp-content\/uploads\/2016\/09\/mmkartan.jpg?resize=700%2C400&ssl=1 2x, https:\/\/i0.wp.com\/www.fjardhundraland.se\/wp-content\/uploads\/2016\/09\/mmkartan.jpg?resize=1050%2C600&ssl=1 3x, https:\/\/i0.wp.com\/www.fjardhundraland.se\/wp-content\/uploads\/2016\/09\/mmkartan.jpg?resize=1400%2C800&ssl=1 4x"},"classes":[]},{"id":2919,"url":"https:\/\/www.fjardhundraland.se\/es\/mat\/2015\/mat-manniskor-uppsala\/","url_meta":{"origin":4687,"position":3},"title":"Alimentaci\u00f3n y personas Uppsala","author":"Mats Thorburn","date":"21 septiembre 2015","format":false,"excerpt":"\u00bfNo estar\u00eda bien que hubiera una zona centralizada a una distancia razonable de Uppsala donde pudi\u00e9ramos visitar a los granjeros en las granjas, al lechero en la central lechera y conocer tanto al carnicero como al cerdo? Pues s\u00ed. \u00a1Bienvenidos a Food &amp; People, una ruta gastron\u00f3mica en Fj\u00e4rdhundraland el domingo 27 de septiembre! Si eres de Uppsala, empieza...","rel":"","context":"En \u00ab\u00c4ldre inl\u00e4gg\u00bb","block_context":{"text":"\u00c4ldre inl\u00e4gg","link":"https:\/\/www.fjardhundraland.se\/es\/aldre-inlagg\/"},"img":{"alt_text":"","src":"https:\/\/i0.wp.com\/www.fjardhundraland.se\/wp-content\/uploads\/2015\/09\/cropped-MoM-header-webb2.jpg?resize=350%2C200&ssl=1","width":350,"height":200,"srcset":"https:\/\/i0.wp.com\/www.fjardhundraland.se\/wp-content\/uploads\/2015\/09\/cropped-MoM-header-webb2.jpg?resize=350%2C200&ssl=1 1x, https:\/\/i0.wp.com\/www.fjardhundraland.se\/wp-content\/uploads\/2015\/09\/cropped-MoM-header-webb2.jpg?resize=525%2C300&ssl=1 1.5x, https:\/\/i0.wp.com\/www.fjardhundraland.se\/wp-content\/uploads\/2015\/09\/cropped-MoM-header-webb2.jpg?resize=700%2C400&ssl=1 2x"},"classes":[]},{"id":2922,"url":"https:\/\/www.fjardhundraland.se\/es\/mat\/2015\/mat-manniskor-vasteras\/","url_meta":{"origin":4687,"position":4},"title":"Comida y gente V\u00e4ster\u00e5s","author":"Mats Thorburn","date":"21 septiembre 2015","format":false,"excerpt":"\u00bfNo estar\u00eda bien que hubiera una zona centralizada a una distancia razonable de V\u00e4ster\u00e5s donde pudi\u00e9ramos visitar a los granjeros en las granjas, al lechero en la central lechera y conocer tanto al carnicero como al cerdo? Pues s\u00ed. Bienvenido a Food &amp; People, una ruta gastron\u00f3mica en Fj\u00e4rdhundraland el domingo 27 de septiembre. Se le ofrecer\u00e1 un men\u00fa con productos locales...","rel":"","context":"En \u00ab\u00c4ldre inl\u00e4gg\u00bb","block_context":{"text":"\u00c4ldre inl\u00e4gg","link":"https:\/\/www.fjardhundraland.se\/es\/aldre-inlagg\/"},"img":{"alt_text":"","src":"https:\/\/i0.wp.com\/www.fjardhundraland.se\/wp-content\/uploads\/2015\/09\/cropped-MoM-header-webb2.jpg?resize=350%2C200&ssl=1","width":350,"height":200,"srcset":"https:\/\/i0.wp.com\/www.fjardhundraland.se\/wp-content\/uploads\/2015\/09\/cropped-MoM-header-webb2.jpg?resize=350%2C200&ssl=1 1x, https:\/\/i0.wp.com\/www.fjardhundraland.se\/wp-content\/uploads\/2015\/09\/cropped-MoM-header-webb2.jpg?resize=525%2C300&ssl=1 1.5x, https:\/\/i0.wp.com\/www.fjardhundraland.se\/wp-content\/uploads\/2015\/09\/cropped-MoM-header-webb2.jpg?resize=700%2C400&ssl=1 2x"},"classes":[]},{"id":5416,"url":"https:\/\/www.fjardhundraland.se\/es\/mat-manniskor\/2018\/mat-manniskor-mathantverk-och-matupplevelser-pa-sondag\/","url_meta":{"origin":4687,"position":5},"title":"Comida y gente: artesan\u00eda alimentaria y experiencias gastron\u00f3micas","author":"Mats Thorburn","date":"18 septiembre 2018","format":false,"excerpt":"Food &amp; People es la gira gastron\u00f3mica de Fj\u00e4rdhundraland, en la que reunimos a nuestros artesanos de la alimentaci\u00f3n para pasar un d\u00eda de comida. Se va de un lugar a otro, se degusta, se compra y se tiene la oportunidad de ver c\u00f3mo se producen los alimentos. El domingo 23 de septiembre de 11 a 17 es la hora. M\u00e1s informaci\u00f3n en matomanniskor.se.","rel":"","context":"En \u00abMat &amp; m\u00e4nniskor\u00bb","block_context":{"text":"Mat &amp; m\u00e4nniskor","link":"https:\/\/www.fjardhundraland.se\/es\/mat-manniskor\/"},"img":{"alt_text":"Mat och ma\u0308nniskor bild med tomater och \u00e4gg i \u00e4ggkartong","src":"https:\/\/i0.wp.com\/www.fjardhundraland.se\/wp-content\/uploads\/2018\/08\/mat-och-macc88nniskor-header-2.jpg?resize=350%2C200&ssl=1","width":350,"height":200,"srcset":"https:\/\/i0.wp.com\/www.fjardhundraland.se\/wp-content\/uploads\/2018\/08\/mat-och-macc88nniskor-header-2.jpg?resize=350%2C200&ssl=1 1x, https:\/\/i0.wp.com\/www.fjardhundraland.se\/wp-content\/uploads\/2018\/08\/mat-och-macc88nniskor-header-2.jpg?resize=525%2C300&ssl=1 1.5x, https:\/\/i0.wp.com\/www.fjardhundraland.se\/wp-content\/uploads\/2018\/08\/mat-och-macc88nniskor-header-2.jpg?resize=700%2C400&ssl=1 2x, https:\/\/i0.wp.com\/www.fjardhundraland.se\/wp-content\/uploads\/2018\/08\/mat-och-macc88nniskor-header-2.jpg?resize=1050%2C600&ssl=1 3x, https:\/\/i0.wp.com\/www.fjardhundraland.se\/wp-content\/uploads\/2018\/08\/mat-och-macc88nniskor-header-2.jpg?resize=1400%2C800&ssl=1 4x"},"classes":[]}],"jetpack_sharing_enabled":true,"_links":{"self":[{"href":"https:\/\/www.fjardhundraland.se\/es\/wp-json\/wp\/v2\/posts\/4687","targetHints":{"allow":["GET"]}}],"collection":[{"href":"https:\/\/www.fjardhundraland.se\/es\/wp-json\/wp\/v2\/posts"}],"about":[{"href":"https:\/\/www.fjardhundraland.se\/es\/wp-json\/wp\/v2\/types\/post"}],"author":[{"embeddable":true,"href":"https:\/\/www.fjardhundraland.se\/es\/wp-json\/wp\/v2\/users\/1"}],"replies":[{"embeddable":true,"href":"https:\/\/www.fjardhundraland.se\/es\/wp-json\/wp\/v2\/comments?post=4687"}],"version-history":[{"count":1,"href":"https:\/\/www.fjardhundraland.se\/es\/wp-json\/wp\/v2\/posts\/4687\/revisions"}],"predecessor-version":[{"id":19616,"href":"https:\/\/www.fjardhundraland.se\/es\/wp-json\/wp\/v2\/posts\/4687\/revisions\/19616"}],"wp:featuredmedia":[{"embeddable":true,"href":"https:\/\/www.fjardhundraland.se\/es\/wp-json\/wp\/v2\/media\/4689"}],"wp:attachment":[{"href":"https:\/\/www.fjardhundraland.se\/es\/wp-json\/wp\/v2\/media?parent=4687"}],"wp:term":[{"taxonomy":"category","embeddable":true,"href":"https:\/\/www.fjardhundraland.se\/es\/wp-json\/wp\/v2\/categories?post=4687"},{"taxonomy":"post_tag","embeddable":true,"href":"https:\/\/www.fjardhundraland.se\/es\/wp-json\/wp\/v2\/tags?post=4687"}],"curies":[{"name":"wp","href":"https:\/\/api.w.org\/{rel}","templated":true}]}}