
{"id":4395,"date":"2017-07-09T09:46:18","date_gmt":"2017-07-09T07:46:18","guid":{"rendered":"http:\/\/www.fjardhundraland.se\/?p=4395"},"modified":"2026-02-05T13:43:00","modified_gmt":"2026-02-05T12:43:00","slug":"opina-sobre-tuva-tappa","status":"publish","type":"post","link":"https:\/\/www.fjardhundraland.se\/es\/tuva-tappa\/2017\/tyck-till-om-tuva-tappa\/","title":{"rendered":"\u00a1Opina sobre Tuva y T\u00e4ppa!"},"content":{"rendered":"<p>\u00a1Gracias a todos los amantes de la jardiner\u00eda que vinieron a Tuva &amp; T\u00e4ppa! \u00bfQu\u00e9 os ha parecido? Ay\u00fadanos a mejorar a\u00fan m\u00e1s el Tuva &amp; t\u00e4ppa del a\u00f1o que viene respondiendo a algunas preguntas.<br \/>\nGracias.<\/p>\n<p><a href=\"https:\/\/goo.gl\/forms\/XAKowF3BFLIg4gyA2\" target=\"_blank\" rel=\"nofollow noopener\">Haga clic aqu\u00ed para abrir la encuesta.<\/a><\/p>","protected":false},"excerpt":{"rendered":"<p>\u00a1Gracias a todos los amantes de la jardiner\u00eda que vinieron a Tuva &amp; T\u00e4ppa! \u00bfQu\u00e9 os ha parecido? Ay\u00fadanos a que la pr\u00f3xima edici\u00f3n de Tuva &amp; t\u00e4ppa sea a\u00fan mejor respondiendo a algunas preguntas. Muchas gracias. Haz clic aqu\u00ed para abrir la encuesta.<\/p>","protected":false},"author":1,"featured_media":4396,"comment_status":"closed","ping_status":"closed","sticky":false,"template":"","format":"standard","meta":{"_acf_changed":false,"_relevanssi_hide_post":"","_relevanssi_hide_content":"","_relevanssi_pin_for_all":"","_relevanssi_pin_keywords":"","_relevanssi_unpin_keywords":"","_relevanssi_related_keywords":"","_relevanssi_related_include_ids":"","_relevanssi_related_exclude_ids":"","_relevanssi_related_no_append":"","_relevanssi_related_not_related":"","_relevanssi_related_posts":"","_relevanssi_noindex_reason":"Rank Math Uteslut fr\u00e5n Relevanssi index","_genesis_hide_title":false,"_genesis_hide_breadcrumbs":false,"_genesis_hide_singular_image":false,"_genesis_hide_footer_widgets":false,"_genesis_custom_body_class":"","_genesis_custom_post_class":"","_genesis_layout":"","_jetpack_memberships_contains_paid_content":false,"footnotes":""},"categories":[250,353],"tags":[352,251],"class_list":{"0":"post-4395","1":"post","2":"type-post","3":"status-publish","4":"format-standard","5":"has-post-thumbnail","7":"category-tuva-tappa","8":"category-aldre-inlagg","9":"tag-aldre-inlagg","10":"tag-tradgard","11":"entry"},"acf":[],"visa":null,"geo_latitude":null,"geo_longitude":null,"jetpack_featured_media_url":"https:\/\/www.fjardhundraland.se\/wp-content\/uploads\/2017\/07\/tuva-tacc88ppa-resta-gacc8ard.jpg","featured_image_src":"https:\/\/www.fjardhundraland.se\/wp-content\/uploads\/2017\/07\/tuva-tacc88ppa-resta-gacc8ard.jpg","featured_image_src_square":"https:\/\/www.fjardhundraland.se\/wp-content\/uploads\/2017\/07\/tuva-tacc88ppa-resta-gacc8ard.jpg","author_info":{"display_name":"Mats Thorburn","author_link":"https:\/\/www.fjardhundraland.se\/es\/author\/matst\/"},"jetpack-related-posts":[{"id":5318,"url":"https:\/\/www.fjardhundraland.se\/es\/tuva-tappa\/2018\/tuva-tappa-tradgardsrunda-2018\/","url_meta":{"origin":4395,"position":0},"title":"Tuva y T\u00e4ppa 2018","author":"Mats Thorburn","date":"15 julio 2018","format":false,"excerpt":"Tuva &amp; T\u00e4ppa - Visita a los jardines de Fj\u00e4rdhundraland Visite los jardines y plantaciones expuestos el s\u00e1bado 28 de julio de 11.00 a 17.00 h. Hable de jardiner\u00eda y cultivo con los entusiastas y cultivadores profesionales. Obtenga inspiraci\u00f3n y consejos sobre lo que puede hacer en casa en su propio huerto. Participantes Lisa Frisk Melberg H\u00e4rnevi Rotbrunna 12 75696 Enk\u00f6ping Pia Hansson H\u00e4rnevi Rotbrunna...","rel":"","context":"En \u00abTuva &amp; T\u00e4ppa\u00bb","block_context":{"text":"Tuva &amp; T\u00e4ppa","link":"https:\/\/www.fjardhundraland.se\/es\/tuva-tappa\/"},"img":{"alt_text":"Tuva & T\u00e4ppa - bild p\u00e5 blommor i rabatt","src":"https:\/\/i0.wp.com\/www.fjardhundraland.se\/wp-content\/uploads\/2018\/07\/tuva-tappa.jpg?resize=350%2C200&ssl=1","width":350,"height":200,"srcset":"https:\/\/i0.wp.com\/www.fjardhundraland.se\/wp-content\/uploads\/2018\/07\/tuva-tappa.jpg?resize=350%2C200&ssl=1 1x, https:\/\/i0.wp.com\/www.fjardhundraland.se\/wp-content\/uploads\/2018\/07\/tuva-tappa.jpg?resize=525%2C300&ssl=1 1.5x, https:\/\/i0.wp.com\/www.fjardhundraland.se\/wp-content\/uploads\/2018\/07\/tuva-tappa.jpg?resize=700%2C400&ssl=1 2x, https:\/\/i0.wp.com\/www.fjardhundraland.se\/wp-content\/uploads\/2018\/07\/tuva-tappa.jpg?resize=1050%2C600&ssl=1 3x, https:\/\/i0.wp.com\/www.fjardhundraland.se\/wp-content\/uploads\/2018\/07\/tuva-tappa.jpg?resize=1400%2C800&ssl=1 4x"},"classes":[]},{"id":5762,"url":"https:\/\/www.fjardhundraland.se\/es\/tuva-tappa\/2019\/tuva-tappa-2019\/","url_meta":{"origin":4395,"position":1},"title":"Tuva y el edred\u00f3n 2019","author":"Mats Thorburn","date":"4 junio 2019","format":false,"excerpt":"\u00a1Es tiempo de verde! Lo celebramos con un recorrido veraniego por jardines y viveros privados que est\u00e1n abiertos y ofrecen experiencias y conocimientos. Podr\u00e1 visitar estos lugares el s\u00e1bado 29 de junio de 11 a 17. (Aqu\u00ed tiene un mapa imprimible.) Participantes Lundellska Galleriet Simtuna Karleby 8 74971 Fj\u00e4rdhundra Vernissage con KreaLera, gres relacionado con el jard\u00edn...","rel":"","context":"En \u00abTuva &amp; T\u00e4ppa\u00bb","block_context":{"text":"Tuva &amp; T\u00e4ppa","link":"https:\/\/www.fjardhundraland.se\/es\/tuva-tappa\/"},"img":{"alt_text":"Bild p\u00e5 blomsterrabatt under tr\u00e4dg\u00e5rdsrundan Tuva & T\u00e4ppa","src":"https:\/\/i0.wp.com\/www.fjardhundraland.se\/wp-content\/uploads\/2019\/06\/tuva-tacc88ppa-tracc88dgacc8ardsrunda.jpg?resize=350%2C200&ssl=1","width":350,"height":200,"srcset":"https:\/\/i0.wp.com\/www.fjardhundraland.se\/wp-content\/uploads\/2019\/06\/tuva-tacc88ppa-tracc88dgacc8ardsrunda.jpg?resize=350%2C200&ssl=1 1x, https:\/\/i0.wp.com\/www.fjardhundraland.se\/wp-content\/uploads\/2019\/06\/tuva-tacc88ppa-tracc88dgacc8ardsrunda.jpg?resize=525%2C300&ssl=1 1.5x, https:\/\/i0.wp.com\/www.fjardhundraland.se\/wp-content\/uploads\/2019\/06\/tuva-tacc88ppa-tracc88dgacc8ardsrunda.jpg?resize=700%2C400&ssl=1 2x, https:\/\/i0.wp.com\/www.fjardhundraland.se\/wp-content\/uploads\/2019\/06\/tuva-tacc88ppa-tracc88dgacc8ardsrunda.jpg?resize=1050%2C600&ssl=1 3x, https:\/\/i0.wp.com\/www.fjardhundraland.se\/wp-content\/uploads\/2019\/06\/tuva-tacc88ppa-tracc88dgacc8ardsrunda.jpg?resize=1400%2C800&ssl=1 4x"},"classes":[]},{"id":16006,"url":"https:\/\/www.fjardhundraland.se\/es\/inlagg\/2024\/tuva-tappa-2024\/","url_meta":{"origin":4395,"position":2},"title":"Tuva y T\u00e4ppa: visita a los jardines","author":"Carl-Erik Ekblom","date":"18 junio 2024","format":false,"excerpt":"","rel":"","context":"En \u00abInl\u00e4gg\u00bb","block_context":{"text":"Inl\u00e4gg","link":"https:\/\/www.fjardhundraland.se\/es\/inlagg\/"},"img":{"alt_text":"","src":"https:\/\/i0.wp.com\/www.fjardhundraland.se\/wp-content\/uploads\/2024\/06\/midsommarskrud.jpg?resize=350%2C200&ssl=1","width":350,"height":200,"srcset":"https:\/\/i0.wp.com\/www.fjardhundraland.se\/wp-content\/uploads\/2024\/06\/midsommarskrud.jpg?resize=350%2C200&ssl=1 1x, https:\/\/i0.wp.com\/www.fjardhundraland.se\/wp-content\/uploads\/2024\/06\/midsommarskrud.jpg?resize=525%2C300&ssl=1 1.5x, https:\/\/i0.wp.com\/www.fjardhundraland.se\/wp-content\/uploads\/2024\/06\/midsommarskrud.jpg?resize=700%2C400&ssl=1 2x, https:\/\/i0.wp.com\/www.fjardhundraland.se\/wp-content\/uploads\/2024\/06\/midsommarskrud.jpg?resize=1050%2C600&ssl=1 3x, https:\/\/i0.wp.com\/www.fjardhundraland.se\/wp-content\/uploads\/2024\/06\/midsommarskrud.jpg?resize=1400%2C800&ssl=1 4x"},"classes":[]},{"id":9741,"url":"https:\/\/www.fjardhundraland.se\/es\/inlagg\/2022\/fjardhundraland-2022\/","url_meta":{"origin":4395,"position":3},"title":"Fj\u00e4rdhundraland 2022","author":"Mats Thorburn","date":"10 febrero 2022","format":false,"excerpt":"\u00a1Bienvenidos a 2022! Esperamos un gran a\u00f1o, esperemos que con menos impacto de la pandemia, pero todav\u00eda grandes experiencias en el campo cerca de la gran ciudad. Aqu\u00ed est\u00e1n algunas de las cosas que est\u00e1n sucediendo durante el a\u00f1o: Consejos actuales se a\u00f1aden continuamente a la p\u00e1gina Fj\u00e4rdhundraland now.The exposici\u00f3n fotogr\u00e1fica L\u00f6vskugga con los retratos internacionalmente aclamados de John Alinder...","rel":"","context":"En \u00ab\u00c4ldre inl\u00e4gg\u00bb","block_context":{"text":"\u00c4ldre inl\u00e4gg","link":"https:\/\/www.fjardhundraland.se\/es\/aldre-inlagg\/"},"img":{"alt_text":"","src":"https:\/\/i0.wp.com\/www.fjardhundraland.se\/wp-content\/uploads\/2022\/02\/vag-raps-fjardhundraland.jpeg?resize=350%2C200&ssl=1","width":350,"height":200,"srcset":"https:\/\/i0.wp.com\/www.fjardhundraland.se\/wp-content\/uploads\/2022\/02\/vag-raps-fjardhundraland.jpeg?resize=350%2C200&ssl=1 1x, https:\/\/i0.wp.com\/www.fjardhundraland.se\/wp-content\/uploads\/2022\/02\/vag-raps-fjardhundraland.jpeg?resize=525%2C300&ssl=1 1.5x, https:\/\/i0.wp.com\/www.fjardhundraland.se\/wp-content\/uploads\/2022\/02\/vag-raps-fjardhundraland.jpeg?resize=700%2C400&ssl=1 2x, https:\/\/i0.wp.com\/www.fjardhundraland.se\/wp-content\/uploads\/2022\/02\/vag-raps-fjardhundraland.jpeg?resize=1050%2C600&ssl=1 3x, https:\/\/i0.wp.com\/www.fjardhundraland.se\/wp-content\/uploads\/2022\/02\/vag-raps-fjardhundraland.jpeg?resize=1400%2C800&ssl=1 4x"},"classes":[]},{"id":8656,"url":"https:\/\/www.fjardhundraland.se\/es\/tradgard\/2021\/tuva-tappa-2021\/","url_meta":{"origin":4395,"position":4},"title":"Tuva y t\u00e4ppa 2021","author":"Carl-Erik Ekblom","date":"26 mayo 2021","format":false,"excerpt":"Bienvenido a Tuva &amp; T\u00e4ppa 2021 Domingo 4 de julio a las 11-17 Tuva &amp; T\u00e4ppa es un recorrido por jardines en el campo entre Estocolmo, Uppsala, V\u00e4ster\u00e5s, Sala y Enk\u00f6ping. 16 participantes - viveros, cultivadores y jardines privados - participan en la edici\u00f3n de este a\u00f1o de Tuva &amp; T\u00e4ppa.  En los viveros y cultivadores obtendr\u00e1 tanto inspiraci\u00f3n como la oportunidad de...","rel":"","context":"En \u00ab\u00c4ldre inl\u00e4gg\u00bb","block_context":{"text":"\u00c4ldre inl\u00e4gg","link":"https:\/\/www.fjardhundraland.se\/es\/aldre-inlagg\/"},"img":{"alt_text":"Tuva & t\u00e4ppa","src":"https:\/\/i0.wp.com\/www.fjardhundraland.se\/wp-content\/uploads\/2021\/05\/tuva.jpg?resize=350%2C200&ssl=1","width":350,"height":200,"srcset":"https:\/\/i0.wp.com\/www.fjardhundraland.se\/wp-content\/uploads\/2021\/05\/tuva.jpg?resize=350%2C200&ssl=1 1x, https:\/\/i0.wp.com\/www.fjardhundraland.se\/wp-content\/uploads\/2021\/05\/tuva.jpg?resize=525%2C300&ssl=1 1.5x, https:\/\/i0.wp.com\/www.fjardhundraland.se\/wp-content\/uploads\/2021\/05\/tuva.jpg?resize=700%2C400&ssl=1 2x, https:\/\/i0.wp.com\/www.fjardhundraland.se\/wp-content\/uploads\/2021\/05\/tuva.jpg?resize=1050%2C600&ssl=1 3x, https:\/\/i0.wp.com\/www.fjardhundraland.se\/wp-content\/uploads\/2021\/05\/tuva.jpg?resize=1400%2C800&ssl=1 4x"},"classes":[]},{"id":10896,"url":"https:\/\/www.fjardhundraland.se\/es\/tradgard\/2022\/tuva-tappa-2022\/","url_meta":{"origin":4395,"position":5},"title":"Tuva y T\u00e4ppa 2022","author":"Carl-Erik Ekblom","date":"1 julio 2022","format":false,"excerpt":"Bienvenido a Tuva &amp; T\u00e4ppa 2022 Domingo 31 de julio a las 11-17 Tuva &amp; T\u00e4ppa es un recorrido por jardines en el campo entre Estocolmo, Uppsala, V\u00e4ster\u00e5s, Sala y Enk\u00f6ping. En la edici\u00f3n de este a\u00f1o de Tuva &amp; T\u00e4ppa participan 14 entidades: viveros, cultivadores y jardines privados.  En los viveros y cultivadores se obtiene tanto inspiraci\u00f3n como la oportunidad de...","rel":"","context":"En \u00abTr\u00e4dg\u00e5rd\u00bb","block_context":{"text":"Tr\u00e4dg\u00e5rd","link":"https:\/\/www.fjardhundraland.se\/es\/tradgard\/"},"img":{"alt_text":"Tuva & Ta\u0308ppa 2022","src":"https:\/\/i0.wp.com\/www.fjardhundraland.se\/wp-content\/uploads\/2022\/07\/tuva-tappa-2022.jpg?resize=350%2C200&ssl=1","width":350,"height":200,"srcset":"https:\/\/i0.wp.com\/www.fjardhundraland.se\/wp-content\/uploads\/2022\/07\/tuva-tappa-2022.jpg?resize=350%2C200&ssl=1 1x, https:\/\/i0.wp.com\/www.fjardhundraland.se\/wp-content\/uploads\/2022\/07\/tuva-tappa-2022.jpg?resize=525%2C300&ssl=1 1.5x, https:\/\/i0.wp.com\/www.fjardhundraland.se\/wp-content\/uploads\/2022\/07\/tuva-tappa-2022.jpg?resize=700%2C400&ssl=1 2x, https:\/\/i0.wp.com\/www.fjardhundraland.se\/wp-content\/uploads\/2022\/07\/tuva-tappa-2022.jpg?resize=1050%2C600&ssl=1 3x, https:\/\/i0.wp.com\/www.fjardhundraland.se\/wp-content\/uploads\/2022\/07\/tuva-tappa-2022.jpg?resize=1400%2C800&ssl=1 4x"},"classes":[]}],"jetpack_sharing_enabled":true,"_links":{"self":[{"href":"https:\/\/www.fjardhundraland.se\/es\/wp-json\/wp\/v2\/posts\/4395","targetHints":{"allow":["GET"]}}],"collection":[{"href":"https:\/\/www.fjardhundraland.se\/es\/wp-json\/wp\/v2\/posts"}],"about":[{"href":"https:\/\/www.fjardhundraland.se\/es\/wp-json\/wp\/v2\/types\/post"}],"author":[{"embeddable":true,"href":"https:\/\/www.fjardhundraland.se\/es\/wp-json\/wp\/v2\/users\/1"}],"replies":[{"embeddable":true,"href":"https:\/\/www.fjardhundraland.se\/es\/wp-json\/wp\/v2\/comments?post=4395"}],"version-history":[{"count":1,"href":"https:\/\/www.fjardhundraland.se\/es\/wp-json\/wp\/v2\/posts\/4395\/revisions"}],"predecessor-version":[{"id":19622,"href":"https:\/\/www.fjardhundraland.se\/es\/wp-json\/wp\/v2\/posts\/4395\/revisions\/19622"}],"wp:featuredmedia":[{"embeddable":true,"href":"https:\/\/www.fjardhundraland.se\/es\/wp-json\/wp\/v2\/media\/4396"}],"wp:attachment":[{"href":"https:\/\/www.fjardhundraland.se\/es\/wp-json\/wp\/v2\/media?parent=4395"}],"wp:term":[{"taxonomy":"category","embeddable":true,"href":"https:\/\/www.fjardhundraland.se\/es\/wp-json\/wp\/v2\/categories?post=4395"},{"taxonomy":"post_tag","embeddable":true,"href":"https:\/\/www.fjardhundraland.se\/es\/wp-json\/wp\/v2\/tags?post=4395"}],"curies":[{"name":"wp","href":"https:\/\/api.w.org\/{rel}","templated":true}]}}