
{"id":4235,"date":"2017-05-24T08:02:47","date_gmt":"2017-05-24T06:02:47","guid":{"rendered":"http:\/\/www.fjardhundraland.se\/?p=4235"},"modified":"2026-02-05T13:43:01","modified_gmt":"2026-02-05T12:43:01","slug":"ak-pa-rallyloppis-1-y-2-de-julio","status":"publish","type":"post","link":"https:\/\/www.fjardhundraland.se\/es\/utflykt\/2017\/ak-pa-rallyloppis-1-och-2-juli\/","title":{"rendered":"\u00a1Acude al Rallyloppis los d\u00edas 1 y 2 de julio!"},"content":{"rendered":"<p>\u00a1Ha llegado el momento! El fin de semana del 1 y 2 de julio se celebra el Rallyloppis: \u00a1una ronda de 80 vendedores en 14 localidades de la zona!<\/p>\n<p><strong>Var<\/strong>: <a href=\"https:\/\/bit.ly\/loppiskarta\" target=\"_blank\" rel=\"noopener\">ver el mapa<\/a>.<br \/>\n<strong>En<\/strong>: 1 y 2 de julio de 2017 de 11:00 a 16:00 horas.<\/p>\n<h2>Participantes<\/h2>\n<p><a href=\"https:\/\/www.fjardhundraland.se\/es\/platos\/butiken-i-loth\/\">La tienda de L\u00f6th<\/a>\u00a0- Siete vendedores + The Shop en el mercadillo propio de L\u00f6th. \u00a1Caf\u00e9 disponible!<br \/>\n<a href=\"https:\/\/www.fjardhundraland.se\/es\/platos\/altunagarden\/\">Ayuntamiento de Altuna<\/a>\u00a0- 12 expositores con todo lo que hay entre el cielo y la tierra. Refrescos a la venta.<br \/>\n<a href=\"https:\/\/www.fjardhundraland.se\/es\/platos\/axels-hus\/\">Axels Hus &amp; bod<\/a>\u00a0- 4 vendedores con cosas antiguas que van desde baratijas a muebles. Restaurang justo al lado.<br \/>\n<a href=\"https:\/\/www.fjardhundraland.se\/es\/platos\/krakvilan-bageri\/\">Voluntad del cuervo<\/a>\u00a0- Cafeter\u00eda galardonada con el premio White Guide, con caf\u00e9, pasteles y bocadillos. Mercadillo en el Lodge con 4 vendedores.<br \/>\n<a href=\"https:\/\/www.fjardhundraland.se\/es\/platos\/asgarden-uniki-d-sign\/\">Se\u00f1al Uniki D<\/a>\u00a0- Mezcla de cosas viejas y nuevas de 4-5 vendedores. Fika sueco: \u00a1caf\u00e9, zumo, bizcocho con nata y bizcocho!<br \/>\n<a href=\"https:\/\/www.fjardhundraland.se\/es\/platos\/jardin-de-osterunda\/\">Granja \u00d6sterunda<\/a>\u00a0- 11 vendedores de mercadillo y un servicio sencillo con caf\u00e9 y otras bebidas, bollos, pasteles y bocadillos.<br \/>\n<a href=\"https:\/\/www.fjardhundraland.se\/es\/platos\/galeria-lundellska\/\">Galer\u00eda Lundellska<\/a>\u00a0- 8 vendedores. Exposici\u00f3n \u201dAnimales desconocidos\u201d, acuarelas y cer\u00e1mica. La cafeter\u00eda sirve bocadillos y caf\u00e9.<br \/>\n<a href=\"https:\/\/www.fjardhundraland.se\/es\/platos\/gula-stallet-butik-kafe\/\">Tienda y cafeter\u00eda Gula Stallet<\/a>\u00a0- 5 vendedores + cafeter\u00eda y comida. Se alquila una habitaci\u00f3n doble.<br \/>\n<a href=\"https:\/\/www.fjardhundraland.se\/es\/platos\/harsbacks-bed-breakfast\/\">KajsaKarins Comercio diverso<\/a>\u00a0- Mercadillo en el molino y en la colina del granero. Venta de aut\u00e9ntico Upplandskubb. \u00a1Bienvenido al pueblo de H\u00e5rsb\u00e4ck!<br \/>\n<a href=\"https:\/\/www.fjardhundraland.se\/es\/platos\/dunderbo-velas-y-artesania\/\">Dunderbo Luz y Artesan\u00eda<\/a>\u00a0- Una docena de expositores con productos variados, algunos infantiles. Caf\u00e9 con pan casero y salchichas est\u00e1n disponibles en Dunderbo.<br \/>\n<a href=\"https:\/\/www.fjardhundraland.se\/es\/platos\/atun-tradgard\/\">Jard\u00edn de at\u00fan<\/a><br \/>\n<a href=\"https:\/\/www.bygdegardarna.se\/safsta\/\" target=\"_blank\" rel=\"noopener\">Ayuntamiento de S\u00e4fsta<\/a>\u00a0- 9 expositores, algunos de los cuales \u201dhacen cola\u201d y ofrecen refrescos. Buen aparcamiento y aseos.<br \/>\n<a href=\"https:\/\/www.fjardhundraland.se\/es\/platos\/vivero-harnevi\/\">Guarder\u00eda H\u00e4rnevi<\/a><br \/>\n<a href=\"https:\/\/www.fjardhundraland.se\/es\/platos\/chica-perezosa\/\">Chica perezosa<\/a>\u00a0- La tienda vintage de Margareta Backstr\u00f6m \u00d6berg est\u00e1 especializada en ropa, telas, muebles y porcelana de alta calidad de todo el siglo XX dise\u00f1ado.<\/p>\n<p><a href=\"https:\/\/goo.gl\/maps\/buDoZbCTbvx\" target=\"_blank\" rel=\"noopener\">Abre el mapa en Google Maps.<\/a><br \/>\nPulse en el cuadrado de la esquina superior derecha del mapa para abrirlo en la aplicaci\u00f3n de su tel\u00e9fono.<\/p>\n<p><iframe src=\"https:\/\/www.google.com\/maps\/d\/u\/3\/embed?mid=1YlSpLpXE-YiuC-N4p0ovW9prdjw\" width=\"100%\" height=\"600\"><\/iframe><\/p>","protected":false},"excerpt":{"rendered":"<p>Nu \u00e4r det dags! Helgen\u00a01 och 2 juli \u00e4r det Rallyloppis \u2013 en runda med 80 s\u00e4ljare p\u00e5 14 st\u00e4llen d\u00e4r! Var: se kartan. N\u00e4r: 1 och 2 juli 2017 kl 11\u201316. Medverkande Butiken i L\u00f6th\u00a0\u2013\u00a0Sju s\u00e4ljare + Butiken i L\u00f6ths egen loppis. Fika finns! Altuna Bygdeg\u00e5rd\u00a0\u2013\u00a012 utst\u00e4llare med\u00a0allt mellan himmel och jord. Fika finns [&hellip;]<\/p>\n","protected":false},"author":1,"featured_media":4353,"comment_status":"closed","ping_status":"closed","sticky":false,"template":"","format":"standard","meta":{"_acf_changed":false,"_relevanssi_hide_post":"","_relevanssi_hide_content":"","_relevanssi_pin_for_all":"","_relevanssi_pin_keywords":"","_relevanssi_unpin_keywords":"","_relevanssi_related_keywords":"","_relevanssi_related_include_ids":"","_relevanssi_related_exclude_ids":"","_relevanssi_related_no_append":"","_relevanssi_related_not_related":"","_relevanssi_related_posts":"","_relevanssi_noindex_reason":"Rank Math Uteslut fr\u00e5n Relevanssi index","_genesis_hide_title":false,"_genesis_hide_breadcrumbs":false,"_genesis_hide_singular_image":false,"_genesis_hide_footer_widgets":false,"_genesis_custom_body_class":"","_genesis_custom_post_class":"","_genesis_layout":"","_jetpack_memberships_contains_paid_content":false,"footnotes":""},"categories":[87,353],"tags":[352,248,243],"class_list":{"0":"post-4235","1":"post","2":"type-post","3":"status-publish","4":"format-standard","5":"has-post-thumbnail","7":"category-utflykt","8":"category-aldre-inlagg","9":"tag-aldre-inlagg","10":"tag-loppis","11":"tag-rallyloppis","12":"entry"},"acf":[],"visa":null,"geo_latitude":null,"geo_longitude":null,"jetpack_featured_media_url":"https:\/\/www.fjardhundraland.se\/wp-content\/uploads\/2017\/05\/raps-vag-rallyloppis.jpg","featured_image_src":"https:\/\/www.fjardhundraland.se\/wp-content\/uploads\/2017\/05\/raps-vag-rallyloppis.jpg","featured_image_src_square":"https:\/\/www.fjardhundraland.se\/wp-content\/uploads\/2017\/05\/raps-vag-rallyloppis.jpg","author_info":{"display_name":"Mats Thorburn","author_link":"https:\/\/www.fjardhundraland.se\/es\/author\/matst\/"},"jetpack-related-posts":[{"id":4111,"url":"https:\/\/www.fjardhundraland.se\/es\/loppis\/2017\/var-med-och-salj-pa-rallyloppis\/","url_meta":{"origin":4235,"position":0},"title":"\u00danete a la venta en el mercadillo del Rally","author":"Mats Thorburn","date":"28 abril 2017","format":false,"excerpt":"1-2 de julio habr\u00e1 un Rallyloppis en Fj\u00e4rdhundraland. Los visitantes viajar\u00e1n entre 15 magn\u00edficos lugares: \u00a1habr\u00e1 mucha gente! \u00bfQuieres vender tus cosas en el Rallyloppis? Estos son los lugares que puedes alquilar. \u00a1Reserva hoy mismo mientras haya sitio! La tienda de L\u00f6th - Sara...","rel":"","context":"En \u00abLoppis\u00bb","block_context":{"text":"Loppis","link":"https:\/\/www.fjardhundraland.se\/es\/loppis\/"},"img":{"alt_text":"","src":"","width":0,"height":0},"classes":[]},{"id":5270,"url":"https:\/\/www.fjardhundraland.se\/es\/loppis\/2018\/rallyloppis-2018\/","url_meta":{"origin":4235,"position":1},"title":"Rallyloppis 2018 no organizado por Fj\u00e4rdhundraland","author":"Mats Thorburn","date":"4 julio 2018","format":false,"excerpt":"Este a\u00f1o, Fj\u00e4rdhundraland no participa en la organizaci\u00f3n de Rallyloppis en Fj\u00e4rdhundrabygden. En su lugar, organizamos Loppisrundan en mayo. Pero los d\u00edas 7 y 8 de julio, la asociaci\u00f3n Fj\u00e4rd100% te invita al Rallyloppis, con, entre otros, nuestros miembros Lundellska Galleriet, Altunag\u00e5rden, H\u00e5rsb\u00e4cks Bed &amp; Breakfast (Kajsa Karins Diversehandel) y H\u00e4rnevi Plantskola. Para m\u00e1s informaci\u00f3n, p\u00f3ngase en contacto con Tina Bergman,...","rel":"","context":"En \u00abLoppis\u00bb","block_context":{"text":"Loppis","link":"https:\/\/www.fjardhundraland.se\/es\/loppis\/"},"img":{"alt_text":"Annons f\u00f6r Rallyloppis","src":"https:\/\/i0.wp.com\/www.fjardhundraland.se\/wp-content\/uploads\/2018\/07\/rallyloppis.jpg?resize=350%2C200&ssl=1","width":350,"height":200,"srcset":"https:\/\/i0.wp.com\/www.fjardhundraland.se\/wp-content\/uploads\/2018\/07\/rallyloppis.jpg?resize=350%2C200&ssl=1 1x, https:\/\/i0.wp.com\/www.fjardhundraland.se\/wp-content\/uploads\/2018\/07\/rallyloppis.jpg?resize=525%2C300&ssl=1 1.5x, https:\/\/i0.wp.com\/www.fjardhundraland.se\/wp-content\/uploads\/2018\/07\/rallyloppis.jpg?resize=700%2C400&ssl=1 2x, https:\/\/i0.wp.com\/www.fjardhundraland.se\/wp-content\/uploads\/2018\/07\/rallyloppis.jpg?resize=1050%2C600&ssl=1 3x, https:\/\/i0.wp.com\/www.fjardhundraland.se\/wp-content\/uploads\/2018\/07\/rallyloppis.jpg?resize=1400%2C800&ssl=1 4x"},"classes":[]},{"id":5809,"url":"https:\/\/www.fjardhundraland.se\/es\/rallyloppis\/2019\/loppisrundan-2019\/","url_meta":{"origin":4235,"position":2},"title":"La ronda del mercadillo en 2021","author":"Mats Thorburn","date":"24 junio 2019","format":false,"excerpt":"Los d\u00edas 6 y 7 de julio habr\u00e1 un mercadillo en Fj\u00e4rdhundraland. M\u00e1s informaci\u00f3n aqu\u00ed.","rel":"","context":"En \u00abRallyloppis\u00bb","block_context":{"text":"Rallyloppis","link":"https:\/\/www.fjardhundraland.se\/es\/rallyloppis\/"},"img":{"alt_text":"","src":"https:\/\/i0.wp.com\/www.fjardhundraland.se\/wp-content\/uploads\/2019\/06\/cropped-loppisrundan.jpg?resize=350%2C200&ssl=1","width":350,"height":200,"srcset":"https:\/\/i0.wp.com\/www.fjardhundraland.se\/wp-content\/uploads\/2019\/06\/cropped-loppisrundan.jpg?resize=350%2C200&ssl=1 1x, https:\/\/i0.wp.com\/www.fjardhundraland.se\/wp-content\/uploads\/2019\/06\/cropped-loppisrundan.jpg?resize=525%2C300&ssl=1 1.5x, https:\/\/i0.wp.com\/www.fjardhundraland.se\/wp-content\/uploads\/2019\/06\/cropped-loppisrundan.jpg?resize=700%2C400&ssl=1 2x, https:\/\/i0.wp.com\/www.fjardhundraland.se\/wp-content\/uploads\/2019\/06\/cropped-loppisrundan.jpg?resize=1050%2C600&ssl=1 3x, https:\/\/i0.wp.com\/www.fjardhundraland.se\/wp-content\/uploads\/2019\/06\/cropped-loppisrundan.jpg?resize=1400%2C800&ssl=1 4x"},"classes":[]},{"id":4379,"url":"https:\/\/www.fjardhundraland.se\/es\/rallyloppis\/2017\/tack-hjalpen-loppisvanner\/","url_meta":{"origin":4235,"position":3},"title":"\u00a1Gracias por la ayuda amigos del mercadillo!","author":"Mats Thorburn","date":"3 julio 2017","format":false,"excerpt":"El sol brill\u00f3 este fin de semana. El Rallyloppis fue un gran \u00e9xito con miles de visitantes de toda Suecia central. Pero, \u00bfqu\u00e9 te ha parecido a ti que nos has visitado este fin de semana? Puedes ayudarnos a mejorar la edici\u00f3n del a\u00f1o que viene respondiendo a algunas preguntas. Gracias por venir - y gracias...","rel":"","context":"En \u00abRallyloppis\u00bb","block_context":{"text":"Rallyloppis","link":"https:\/\/www.fjardhundraland.se\/es\/rallyloppis\/"},"img":{"alt_text":"Bord p\u00e5 rallyloppis","src":"https:\/\/i0.wp.com\/www.fjardhundraland.se\/wp-content\/uploads\/2017\/07\/rallyloppis-bord.jpg?resize=350%2C200&ssl=1","width":350,"height":200,"srcset":"https:\/\/i0.wp.com\/www.fjardhundraland.se\/wp-content\/uploads\/2017\/07\/rallyloppis-bord.jpg?resize=350%2C200&ssl=1 1x, https:\/\/i0.wp.com\/www.fjardhundraland.se\/wp-content\/uploads\/2017\/07\/rallyloppis-bord.jpg?resize=525%2C300&ssl=1 1.5x, https:\/\/i0.wp.com\/www.fjardhundraland.se\/wp-content\/uploads\/2017\/07\/rallyloppis-bord.jpg?resize=700%2C400&ssl=1 2x, https:\/\/i0.wp.com\/www.fjardhundraland.se\/wp-content\/uploads\/2017\/07\/rallyloppis-bord.jpg?resize=1050%2C600&ssl=1 3x, https:\/\/i0.wp.com\/www.fjardhundraland.se\/wp-content\/uploads\/2017\/07\/rallyloppis-bord.jpg?resize=1400%2C800&ssl=1 4x"},"classes":[]},{"id":982,"url":"https:\/\/www.fjardhundraland.se\/es\/externt\/2012\/gemytlig-gardsloppis-i-gastre-2-juni\/","url_meta":{"origin":4235,"position":4},"title":"Rastro acogedor en G\u00e4stre el 2 de junio","author":"Mats Thorburn","date":"30 mayo 2012","format":false,"excerpt":"El s\u00e1bado 2 de junio, de 10.00 a 17.00, hay un mercadillo en G\u00e4stre. Muchos vendedores de todo tipo de cosas, incluidos geranios, plantas de verano y l\u00e1mparas de queroseno. Tambi\u00e9n habr\u00e1 un caf\u00e9-jard\u00edn. \u00a0","rel":"","context":"En \u00ab\u00c4ldre inl\u00e4gg\u00bb","block_context":{"text":"\u00c4ldre inl\u00e4gg","link":"https:\/\/www.fjardhundraland.se\/es\/aldre-inlagg\/"},"img":{"alt_text":"Loppis i G\u00e4stre","src":"https:\/\/i0.wp.com\/www.fjardhundraland.se\/wp-content\/uploads\/2012\/05\/P6130067-1024x766.jpg?resize=350%2C200&ssl=1","width":350,"height":200,"srcset":"https:\/\/i0.wp.com\/www.fjardhundraland.se\/wp-content\/uploads\/2012\/05\/P6130067-1024x766.jpg?resize=350%2C200&ssl=1 1x, https:\/\/i0.wp.com\/www.fjardhundraland.se\/wp-content\/uploads\/2012\/05\/P6130067-1024x766.jpg?resize=525%2C300&ssl=1 1.5x"},"classes":[]},{"id":4259,"url":"https:\/\/www.fjardhundraland.se\/es\/rebusrunda\/2017\/medverkande-rebusrundan-2017\/","url_meta":{"origin":4235,"position":5},"title":"Participantes en la Ronda Rebus 2017","author":"Ylva Fontell","date":"5 junio 2017","format":false,"excerpt":"Este a\u00f1o podr\u00e1 visitar nada menos que 40 organizaciones diferentes en la Gira Rebus. Aqu\u00ed tiene la lista completa. Haga clic en los enlaces para obtener m\u00e1s informaci\u00f3n sobre cada lugar. Alsta tr\u00e4dg\u00e5rdar - Caf\u00e9 jard\u00edn, galer\u00eda y jard\u00edn inspirador. Comida y caf\u00e9 de nuestra propia cocina. Exposiciones divertidas e imaginativas. Altuna bygdeg\u00e5rdsf\u00f6rening - Catering con caf\u00e9...","rel":"","context":"En \u00abRebusrunda\u00bb","block_context":{"text":"Rebusrunda","link":"https:\/\/www.fjardhundraland.se\/es\/rebusrunda\/"},"img":{"alt_text":"Startkort Rebusrundan","src":"https:\/\/i0.wp.com\/www.fjardhundraland.se\/wp-content\/uploads\/2017\/07\/startkort.jpg?resize=350%2C200&ssl=1","width":350,"height":200,"srcset":"https:\/\/i0.wp.com\/www.fjardhundraland.se\/wp-content\/uploads\/2017\/07\/startkort.jpg?resize=350%2C200&ssl=1 1x, https:\/\/i0.wp.com\/www.fjardhundraland.se\/wp-content\/uploads\/2017\/07\/startkort.jpg?resize=525%2C300&ssl=1 1.5x, https:\/\/i0.wp.com\/www.fjardhundraland.se\/wp-content\/uploads\/2017\/07\/startkort.jpg?resize=700%2C400&ssl=1 2x, https:\/\/i0.wp.com\/www.fjardhundraland.se\/wp-content\/uploads\/2017\/07\/startkort.jpg?resize=1050%2C600&ssl=1 3x, https:\/\/i0.wp.com\/www.fjardhundraland.se\/wp-content\/uploads\/2017\/07\/startkort.jpg?resize=1400%2C800&ssl=1 4x"},"classes":[]}],"jetpack_sharing_enabled":true,"_links":{"self":[{"href":"https:\/\/www.fjardhundraland.se\/es\/wp-json\/wp\/v2\/posts\/4235","targetHints":{"allow":["GET"]}}],"collection":[{"href":"https:\/\/www.fjardhundraland.se\/es\/wp-json\/wp\/v2\/posts"}],"about":[{"href":"https:\/\/www.fjardhundraland.se\/es\/wp-json\/wp\/v2\/types\/post"}],"author":[{"embeddable":true,"href":"https:\/\/www.fjardhundraland.se\/es\/wp-json\/wp\/v2\/users\/1"}],"replies":[{"embeddable":true,"href":"https:\/\/www.fjardhundraland.se\/es\/wp-json\/wp\/v2\/comments?post=4235"}],"version-history":[{"count":1,"href":"https:\/\/www.fjardhundraland.se\/es\/wp-json\/wp\/v2\/posts\/4235\/revisions"}],"predecessor-version":[{"id":19625,"href":"https:\/\/www.fjardhundraland.se\/es\/wp-json\/wp\/v2\/posts\/4235\/revisions\/19625"}],"wp:featuredmedia":[{"embeddable":true,"href":"https:\/\/www.fjardhundraland.se\/es\/wp-json\/wp\/v2\/media\/4353"}],"wp:attachment":[{"href":"https:\/\/www.fjardhundraland.se\/es\/wp-json\/wp\/v2\/media?parent=4235"}],"wp:term":[{"taxonomy":"category","embeddable":true,"href":"https:\/\/www.fjardhundraland.se\/es\/wp-json\/wp\/v2\/categories?post=4235"},{"taxonomy":"post_tag","embeddable":true,"href":"https:\/\/www.fjardhundraland.se\/es\/wp-json\/wp\/v2\/tags?post=4235"}],"curies":[{"name":"wp","href":"https:\/\/api.w.org\/{rel}","templated":true}]}}