
{"id":419,"date":"2011-07-08T19:23:05","date_gmt":"2011-07-08T17:23:05","guid":{"rendered":"http:\/\/www.fjardhundraland.se\/?p=419"},"modified":"2026-02-05T13:40:41","modified_gmt":"2026-02-05T12:40:41","slug":"arte-y-arte-tradicional-en-kokkola","status":"publish","type":"post","link":"https:\/\/www.fjardhundraland.se\/es\/externt\/2011\/konst-och-tradgardskonst-i-karleby\/","title":{"rendered":"Arte y jardiner\u00eda en Kokkola"},"content":{"rendered":"<p>Una excursi\u00f3n en un fin de semana de verano. \u00bfAd\u00f3nde va? - A <a title=\"Galer\u00eda Lundellska\" href=\"https:\/\/www.fjardhundraland.se\/es\/platos\/lundellska-galleriet-2\/\" target=\"_blank\">Galer\u00eda Lundellska<\/a> puedes combinar el caf\u00e9 con el arte y, de paso, inspirarte para tu jard\u00edn. Lundellska galleriet est\u00e1 dirigida por la artista Gunnilla Lundell y se encuentra en Kokkola, justo al norte de Fj\u00e4rdhundra por la carretera 70 entre Enk\u00f6ping y Sala. Coge un mapa y sigue por la Fj\u00e4rdhundraland despu\u00e9s de tu visita.<\/p>\n<p><a href=\"https:\/\/www.fjardhundraland.se\/wp-content\/uploads\/2011\/07\/lundellska1.jpg\"><img decoding=\"async\" class=\"alignnone size-full wp-image-436\" title=\"Galer\u00eda Lundellska\" alt=\"\" src=\"https:\/\/www.fjardhundraland.se\/wp-content\/uploads\/2011\/07\/lundellska1.jpg\" width=\"600\" height=\"450\"><\/a><\/p>\n<p>&nbsp;<\/p>","protected":false},"excerpt":{"rendered":"<p>Sommarutflykt en sommarhelg. Vart ska du \u00e5ka? \u2013 P\u00e5 Lundellska galleriet kan du kombinera kaffe med konst \u2013 och f\u00e5 inspiration till tr\u00e4dg\u00e5rden p\u00e5 k\u00f6pet. Lundellska galleriet drivs av konstn\u00e4ren Gunnilla Lundell och ligger i Karleby, strax norr om Fj\u00e4rdhundra l\u00e4ngs v\u00e4g 70 mellan Enk\u00f6ping och Sala. Passa p\u00e5 att h\u00e4mta en karta och \u00e5k [&hellip;]<\/p>\n","protected":false},"author":1,"featured_media":0,"comment_status":"open","ping_status":"open","sticky":false,"template":"","format":"standard","meta":{"_acf_changed":false,"_relevanssi_hide_post":"","_relevanssi_hide_content":"","_relevanssi_pin_for_all":"","_relevanssi_pin_keywords":"","_relevanssi_unpin_keywords":"","_relevanssi_related_keywords":"","_relevanssi_related_include_ids":"","_relevanssi_related_exclude_ids":"","_relevanssi_related_no_append":"","_relevanssi_related_not_related":"","_relevanssi_related_posts":"","_relevanssi_noindex_reason":"Rank Math Uteslut fr\u00e5n Relevanssi index","_genesis_hide_title":false,"_genesis_hide_breadcrumbs":false,"_genesis_hide_singular_image":false,"_genesis_hide_footer_widgets":false,"_genesis_custom_body_class":"","_genesis_custom_post_class":"","_genesis_layout":"","_jetpack_memberships_contains_paid_content":false,"footnotes":""},"categories":[353,18,21,45,24],"tags":[352,46],"class_list":{"0":"post-419","1":"post","2":"type-post","3":"status-publish","4":"format-standard","6":"category-aldre-inlagg","7":"category-externt","8":"category-konst","9":"category-kultur","10":"category-tradgard","11":"tag-aldre-inlagg","12":"tag-lundellska-galleriet","13":"entry"},"acf":[],"visa":null,"geo_latitude":null,"geo_longitude":null,"jetpack_featured_media_url":"","featured_image_src":null,"featured_image_src_square":null,"author_info":{"display_name":"Mats Thorburn","author_link":"https:\/\/www.fjardhundraland.se\/es\/author\/matst\/"},"jetpack-related-posts":[{"id":1485,"url":"https:\/\/www.fjardhundraland.se\/es\/externt\/2013\/adventstider-hos-lundellska-galleriet\/","url_meta":{"origin":419,"position":0},"title":"Adviento en la Galer\u00eda Lundellska","author":"Ylva Fontell","date":"22 noviembre 2013","format":false,"excerpt":"La Galer\u00eda Lundellska de Kokkola abre el primer y el segundo fin de semana de Adviento e invita a hacer compras navide\u00f1as en un ambiente tranquilo y armonioso. Encontrar\u00e1s obras de arte y cer\u00e1mica de Gunilla Lundell, y los artesanos alimentarios locales ofrecen mermelada, queso, pan, mostaza y confitura. \u00a1Bienvenido a la tienda! Abierto los s\u00e1bados y domingos de 12 a 17 (30\/11-1\/12 y 7-8\/12) La galer\u00eda Lundelska...","rel":"","context":"En \u00ab\u00c4ldre inl\u00e4gg\u00bb","block_context":{"text":"\u00c4ldre inl\u00e4gg","link":"https:\/\/www.fjardhundraland.se\/es\/aldre-inlagg\/"},"img":{"alt_text":"ljusstake Gunilla Lundell","src":"https:\/\/i0.wp.com\/www.fjardhundraland.se\/wp-content\/uploads\/2013\/11\/hand_ljusstake-300x225.jpg?resize=350%2C200&ssl=1","width":350,"height":200},"classes":[]},{"id":5318,"url":"https:\/\/www.fjardhundraland.se\/es\/tuva-tappa\/2018\/tuva-tappa-tradgardsrunda-2018\/","url_meta":{"origin":419,"position":1},"title":"Tuva y T\u00e4ppa 2018","author":"Mats Thorburn","date":"15 julio 2018","format":false,"excerpt":"Tuva &amp; T\u00e4ppa - Visita a los jardines de Fj\u00e4rdhundraland Visite los jardines y plantaciones expuestos el s\u00e1bado 28 de julio de 11.00 a 17.00 h. Hable de jardiner\u00eda y cultivo con los entusiastas y cultivadores profesionales. Obtenga inspiraci\u00f3n y consejos sobre lo que puede hacer en casa en su propio huerto. Participantes Lisa Frisk Melberg H\u00e4rnevi Rotbrunna 12 75696 Enk\u00f6ping Pia Hansson H\u00e4rnevi Rotbrunna...","rel":"","context":"En \u00abTuva &amp; T\u00e4ppa\u00bb","block_context":{"text":"Tuva &amp; T\u00e4ppa","link":"https:\/\/www.fjardhundraland.se\/es\/tuva-tappa\/"},"img":{"alt_text":"Tuva & T\u00e4ppa - bild p\u00e5 blommor i rabatt","src":"https:\/\/i0.wp.com\/www.fjardhundraland.se\/wp-content\/uploads\/2018\/07\/tuva-tappa.jpg?resize=350%2C200&ssl=1","width":350,"height":200,"srcset":"https:\/\/i0.wp.com\/www.fjardhundraland.se\/wp-content\/uploads\/2018\/07\/tuva-tappa.jpg?resize=350%2C200&ssl=1 1x, https:\/\/i0.wp.com\/www.fjardhundraland.se\/wp-content\/uploads\/2018\/07\/tuva-tappa.jpg?resize=525%2C300&ssl=1 1.5x, https:\/\/i0.wp.com\/www.fjardhundraland.se\/wp-content\/uploads\/2018\/07\/tuva-tappa.jpg?resize=700%2C400&ssl=1 2x, https:\/\/i0.wp.com\/www.fjardhundraland.se\/wp-content\/uploads\/2018\/07\/tuva-tappa.jpg?resize=1050%2C600&ssl=1 3x, https:\/\/i0.wp.com\/www.fjardhundraland.se\/wp-content\/uploads\/2018\/07\/tuva-tappa.jpg?resize=1400%2C800&ssl=1 4x"},"classes":[]},{"id":1444,"url":"https:\/\/www.fjardhundraland.se\/es\/externt\/2013\/fjardhundralands-hostglod\/","url_meta":{"origin":419,"position":2},"title":"Fj\u00e4rdhundralands resplandor oto\u00f1al","author":"Ylva Fontell","date":"30 septiembre 2013","format":false,"excerpt":"El domingo 13 de octubre te invitamos a una colorida cabalgata oto\u00f1al en la Galer\u00eda Lundellska de Simtuna. Podr\u00e1s comprar productos locales, recibir consejos de salud y un masaje en el invernadero, asistir a una exposici\u00f3n de setas con la asesora Eva Allestedt o recibir consejos sobre las mejores variedades de manzana. Habr\u00e1 m\u00fasica y la experta en jardiner\u00eda Lena M\u00e5nsson hablar\u00e1 sobre bulbos. Tome ...","rel":"","context":"En \u00ab\u00c4ldre inl\u00e4gg\u00bb","block_context":{"text":"\u00c4ldre inl\u00e4gg","link":"https:\/\/www.fjardhundraland.se\/es\/aldre-inlagg\/"},"img":{"alt_text":"","src":"","width":0,"height":0},"classes":[]},{"id":2490,"url":"https:\/\/www.fjardhundraland.se\/es\/rebusrunda\/2014\/medverkande-pa-rebusrundan-2014\/","url_meta":{"origin":419,"position":3},"title":"Participantes en la Ronda Rebus 2014","author":"Mats Thorburn","date":"10 agosto 2014","format":false,"excerpt":"Jardines de Alsta - Caf\u00e9-jard\u00edn y galer\u00eda. Exposiciones en curso: acuarelista\/ilustrador de libros Maj Fagerberg cuadros de flores, artista Lars Wallin, cuadros de p\u00e1jaros. Charcuter\u00eda Franz\u00e9n - Embutidos ecol\u00f3gicos y charcuter\u00eda de primera calidad de nuestros propios cerdos de Linder\u00f6d. Gula Stallets Butik &amp; Kaf\u00e9 - Cafeter\u00eda con comida casera y ligera y tienda de granja con delicias ecol\u00f3gicas y de producci\u00f3n local. Patos, gallinas, conejos, ovejas, caballos, perros y gatos. Interior ...","rel":"","context":"En \u00ab\u00c4ldre inl\u00e4gg\u00bb","block_context":{"text":"\u00c4ldre inl\u00e4gg","link":"https:\/\/www.fjardhundraland.se\/es\/aldre-inlagg\/"},"img":{"alt_text":"","src":"","width":0,"height":0},"classes":[]},{"id":858,"url":"https:\/\/www.fjardhundraland.se\/es\/gardsbutiker\/2023\/pask-i-fjardhundraland\/","url_meta":{"origin":419,"position":4},"title":"Semana Santa en Fj\u00e4rdhundraland","author":"Mats Thorburn","date":"2 abril 2023","format":false,"excerpt":"Semana Santa significa salir. En todo el Fj\u00e4rdhundraland, las granjas, cafeter\u00edas y viveros empiezan a llenarse para la temporada de verano. D\u00e9 un paseo entre golosinas y vistas. Caf\u00e9 de Forsby Mill. D\u00eda de Pascua entre las 12 y las 16: Visita a la nueva cafeter\u00eda del molino de Forsby. El carpintero TB Lindblom muestra el edificio. Pozo dorado. D\u00edas de Pascua del viernes al lunes.","rel":"","context":"En \u00ab\u00c4ldre inl\u00e4gg\u00bb","block_context":{"text":"\u00c4ldre inl\u00e4gg","link":"https:\/\/www.fjardhundraland.se\/es\/aldre-inlagg\/"},"img":{"alt_text":"","src":"https:\/\/i0.wp.com\/www.fjardhundraland.se\/wp-content\/uploads\/2021\/04\/pask-i-fjardhundraland-tupp-och-hona.jpg?resize=350%2C200&ssl=1","width":350,"height":200,"srcset":"https:\/\/i0.wp.com\/www.fjardhundraland.se\/wp-content\/uploads\/2021\/04\/pask-i-fjardhundraland-tupp-och-hona.jpg?resize=350%2C200&ssl=1 1x, https:\/\/i0.wp.com\/www.fjardhundraland.se\/wp-content\/uploads\/2021\/04\/pask-i-fjardhundraland-tupp-och-hona.jpg?resize=525%2C300&ssl=1 1.5x, https:\/\/i0.wp.com\/www.fjardhundraland.se\/wp-content\/uploads\/2021\/04\/pask-i-fjardhundraland-tupp-och-hona.jpg?resize=700%2C400&ssl=1 2x, https:\/\/i0.wp.com\/www.fjardhundraland.se\/wp-content\/uploads\/2021\/04\/pask-i-fjardhundraland-tupp-och-hona.jpg?resize=1050%2C600&ssl=1 3x, https:\/\/i0.wp.com\/www.fjardhundraland.se\/wp-content\/uploads\/2021\/04\/pask-i-fjardhundraland-tupp-och-hona.jpg?resize=1400%2C800&ssl=1 4x"},"classes":[]},{"id":1259,"url":"https:\/\/www.fjardhundraland.se\/es\/hantverk\/2013\/paskgott-och-paskoppet\/","url_meta":{"origin":419,"position":5},"title":"Dulces de Pascua y jornadas de puertas abiertas","author":"Mats Thorburn","date":"30 marzo 2013","format":false,"excerpt":"Algunos lugares en Fj\u00e4rdhundraland para visitar esta Semana Santa: Gyllene brunnen Dunderbo ljus och hantverk Forsby kvarn kaf\u00e9 Lundellska galleriet Farmor Elsas g\u00e5rdsbageri Kr\u00e5kvilan bageri DOMTA-grisen H\u00e4rnevi plantskola \u00a0","rel":"","context":"En \u00ab\u00c4ldre inl\u00e4gg\u00bb","block_context":{"text":"\u00c4ldre inl\u00e4gg","link":"https:\/\/www.fjardhundraland.se\/es\/aldre-inlagg\/"},"img":{"alt_text":"","src":"","width":0,"height":0},"classes":[]}],"jetpack_sharing_enabled":true,"_links":{"self":[{"href":"https:\/\/www.fjardhundraland.se\/es\/wp-json\/wp\/v2\/posts\/419","targetHints":{"allow":["GET"]}}],"collection":[{"href":"https:\/\/www.fjardhundraland.se\/es\/wp-json\/wp\/v2\/posts"}],"about":[{"href":"https:\/\/www.fjardhundraland.se\/es\/wp-json\/wp\/v2\/types\/post"}],"author":[{"embeddable":true,"href":"https:\/\/www.fjardhundraland.se\/es\/wp-json\/wp\/v2\/users\/1"}],"replies":[{"embeddable":true,"href":"https:\/\/www.fjardhundraland.se\/es\/wp-json\/wp\/v2\/comments?post=419"}],"version-history":[{"count":1,"href":"https:\/\/www.fjardhundraland.se\/es\/wp-json\/wp\/v2\/posts\/419\/revisions"}],"predecessor-version":[{"id":19752,"href":"https:\/\/www.fjardhundraland.se\/es\/wp-json\/wp\/v2\/posts\/419\/revisions\/19752"}],"wp:attachment":[{"href":"https:\/\/www.fjardhundraland.se\/es\/wp-json\/wp\/v2\/media?parent=419"}],"wp:term":[{"taxonomy":"category","embeddable":true,"href":"https:\/\/www.fjardhundraland.se\/es\/wp-json\/wp\/v2\/categories?post=419"},{"taxonomy":"post_tag","embeddable":true,"href":"https:\/\/www.fjardhundraland.se\/es\/wp-json\/wp\/v2\/tags?post=419"}],"curies":[{"name":"wp","href":"https:\/\/api.w.org\/{rel}","templated":true}]}}